{"id":71933,"date":"2026-01-12T09:27:59","date_gmt":"2026-01-12T07:27:59","guid":{"rendered":"https:\/\/lesvolcansnews.net\/?p=71933"},"modified":"2026-01-12T09:27:59","modified_gmt":"2026-01-12T07:27:59","slug":"mifor-cette-initiative-miniere-portee-par-louis-watum-pour-transformer-le-modele-extractif-et-industriel-de-la-rdc","status":"publish","type":"post","link":"https:\/\/lesvolcansnews.net\/?p=71933","title":{"rendered":"MIFOR : cette initiative mini\u00e8re port\u00e9e par Louis Watum pour transformer le mod\u00e8le extractif et industriel de la RDC"},"content":{"rendered":"<p><strong>La R\u00e9publique D\u00e9mocratique du Congo est \u00e0 l\u2019aube d\u2019un basculement \u00e9conomique majeur. Devant le Conseil, le Ministre des Mines, Louis WATUM KABAMBA, a d\u00e9voil\u00e9 le projet Mines de Fer de la Grande Orientale (MIFOR), une initiative structurante appel\u00e9e \u00e0 transformer en profondeur le mod\u00e8le extractif et industriel du pays.<\/strong><\/p>\n<p>Avec des ressources en minerai de fer estim\u00e9es entre 15 et 20 milliards de tonnes, affichant une teneur moyenne sup\u00e9rieure \u00e0 60 %, la RDC se hisse parmi les principaux d\u00e9tenteurs mondiaux de r\u00e9serves ferrif\u00e8res encore largement inexploit\u00e9es. Une richesse strat\u00e9gique que le projet MIFOR ambitionne de convertir en puissance \u00e9conomique durable.<\/p>\n<p>Port\u00e9 par le Ministre des Mines, MIFOR d\u00e9passe le cadre classique de l\u2019exploitation mini\u00e8re. Il s\u2019agit d\u2019un projet d\u2019architecture \u00e9conomique nationale, con\u00e7u pour transformer une ressource min\u00e9rale strat\u00e9gique en infrastructures souveraines, en revenus durables, puis en stabilit\u00e9 macro\u00e9conomique et en d\u00e9veloppement territorial \u00e9quilibr\u00e9. La mine y devient un instrument financier au service de la construction d\u2019actifs structurants de long terme.<\/p>\n<p>La premi\u00e8re phase du projet pr\u00e9voit une capacit\u00e9 de production de 50 millions de tonnes par an, extensible jusqu\u2019\u00e0 300 millions de tonnes, des volumes comparables aux plus grands bassins ferrif\u00e8res internationaux. Cette mont\u00e9e en puissance s\u2019accompagne de la mise en place d\u2019unit\u00e9s de transformation industrielle et d\u2019un corridor logistique multimodal int\u00e9grant rail lourd, transport fluvial sur le fleuve Congo et acc\u00e8s strat\u00e9gique au port en eaux profondes de Banana, ouvrant de nouvelles perspectives \u00e0 l\u2019\u00e9conomie nationale.<\/p>\n<p>Sur le plan financier, les chiffres annonc\u00e9s confirment l\u2019ampleur du projet : 28,9 milliards USD d\u2019investissement initial, plus de 679 milliards USD de chiffre d\u2019affaires cumul\u00e9 sur 25 ans, et un cash-flow net d\u00e9passant 308 milliards USD. Des projections qui traduisent la solidit\u00e9 \u00e9conomique et la r\u00e9silience de MIFOR, m\u00eame dans des sc\u00e9narios de march\u00e9 prudents.<\/p>\n<p>Pour l\u2019\u00c9tat congolais, les retomb\u00e9es attendues sont consid\u00e9rables et diversifi\u00e9es. Apr\u00e8s plus d\u2019un si\u00e8cle d\u2019exploitation mini\u00e8re domin\u00e9e par le cuivre et le cobalt, MIFOR marque une inflexion strat\u00e9gique majeure, ouvrant la voie \u00e0 une diversification mini\u00e8re et \u00e0 une industrialisation progressive du pays.<br \/>\nL\u2019int\u00e9r\u00eat manifeste d\u2019investisseurs institutionnels internationaux renforce la cr\u00e9dibilit\u00e9 du projet et son potentiel de bancabilit\u00e9, tout en respectant pleinement les pr\u00e9rogatives souveraines de la RDC, aucune d\u00e9cision d\u2019engagement juridique n\u2019ayant \u00e9t\u00e9 prise \u00e0 ce stade.<\/p>\n<p>Afin d\u2019assurer une gouvernance rigoureuse et une coordination efficace, le Ministre des Mines, Louis WATUM KABAMBA, a obtenu la mise en place d\u2019une Commission interminist\u00e9rielle \u00e9largie, charg\u00e9e du pilotage strat\u00e9gique et de la structuration progressive du projet.<\/p>\n<p>Avec MIFOR, la RDC ne se limite plus \u00e0 exporter des minerais bruts : elle affirme une ambition industrielle, une vision souveraine et une volont\u00e9 claire de transformer ses ressources naturelles en moteur de d\u00e9veloppement durable et de puissance \u00e9conomique \u00e0 long terme.<\/p>\n<p><strong>R\u00e9daction<\/strong><\/p>\n","protected":false},"excerpt":{"rendered":"<p>La R\u00e9publique D\u00e9mocratique du Congo est \u00e0 l\u2019aube d\u2019un basculement \u00e9conomique majeur. Devant le Conseil, le Ministre des Mines, Louis WATUM KABAMBA, a d\u00e9voil\u00e9 le projet Mines de Fer de<\/p>\n","protected":false},"author":14,"featured_media":71935,"comment_status":"open","ping_status":"open","sticky":false,"template":"","format":"standard","meta":{"footnotes":""},"categories":[1,63],"tags":[],"class_list":["post-71933","post","type-post","status-publish","format-standard","has-post-thumbnail","hentry","category-actualite","category-mines"],"yoast_head":"<!-- This site is optimized with the Yoast SEO plugin v27.5 - https:\/\/yoast.com\/product\/yoast-seo-wordpress\/ -->\n<title>MIFOR : cette initiative mini\u00e8re port\u00e9e par Louis Watum pour transformer le mod\u00e8le extractif et industriel de la RDC - LES VOLCANS NEWS<\/title>\n<meta name=\"robots\" content=\"index, follow, max-snippet:-1, max-image-preview:large, max-video-preview:-1\" \/>\n<link rel=\"canonical\" href=\"https:\/\/lesvolcansnews.net\/?p=71933\" \/>\n<meta property=\"og:locale\" content=\"fr_FR\" \/>\n<meta property=\"og:type\" content=\"article\" \/>\n<meta property=\"og:title\" content=\"MIFOR : cette initiative mini\u00e8re port\u00e9e par Louis Watum pour transformer le mod\u00e8le extractif et industriel de la RDC - LES VOLCANS NEWS\" \/>\n<meta property=\"og:description\" content=\"La R\u00e9publique D\u00e9mocratique du Congo est \u00e0 l\u2019aube d\u2019un basculement \u00e9conomique majeur. Devant le Conseil, le Ministre des Mines, Louis WATUM KABAMBA, a d\u00e9voil\u00e9 le projet Mines de Fer de\" \/>\n<meta property=\"og:url\" content=\"https:\/\/lesvolcansnews.net\/?p=71933\" \/>\n<meta property=\"og:site_name\" content=\"LES VOLCANS NEWS\" \/>\n<meta property=\"article:published_time\" content=\"2026-01-12T07:27:59+00:00\" \/>\n<meta property=\"og:image\" content=\"https:\/\/lesvolcansnews.net\/wp-content\/uploads\/2026\/01\/IMG-20260112-WA0056-scaled.jpg\" \/>\n\t<meta property=\"og:image:width\" content=\"1832\" \/>\n\t<meta property=\"og:image:height\" content=\"2560\" \/>\n\t<meta property=\"og:image:type\" content=\"image\/jpeg\" \/>\n<meta name=\"author\" content=\"R\u00e9daction - Les Volcans News\" \/>\n<meta name=\"twitter:card\" content=\"summary_large_image\" \/>\n<meta name=\"twitter:label1\" content=\"\u00c9crit par\" \/>\n\t<meta name=\"twitter:data1\" content=\"R\u00e9daction - Les Volcans News\" \/>\n\t<meta name=\"twitter:label2\" content=\"Dur\u00e9e de lecture estim\u00e9e\" \/>\n\t<meta name=\"twitter:data2\" content=\"3 minutes\" \/>\n<script type=\"application\/ld+json\" class=\"yoast-schema-graph\">{\"@context\":\"https:\\\/\\\/schema.org\",\"@graph\":[{\"@type\":\"Article\",\"@id\":\"https:\\\/\\\/lesvolcansnews.net\\\/?p=71933#article\",\"isPartOf\":{\"@id\":\"https:\\\/\\\/lesvolcansnews.net\\\/?p=71933\"},\"author\":{\"name\":\"R\u00e9daction - Les Volcans News\",\"@id\":\"https:\\\/\\\/lesvolcansnews.net\\\/#\\\/schema\\\/person\\\/82c8bed2e77879ecf6cca63441f57354\"},\"headline\":\"MIFOR : cette initiative mini\u00e8re port\u00e9e par Louis Watum pour transformer le mod\u00e8le extractif et industriel de la RDC\",\"datePublished\":\"2026-01-12T07:27:59+00:00\",\"mainEntityOfPage\":{\"@id\":\"https:\\\/\\\/lesvolcansnews.net\\\/?p=71933\"},\"wordCount\":527,\"commentCount\":0,\"image\":{\"@id\":\"https:\\\/\\\/lesvolcansnews.net\\\/?p=71933#primaryimage\"},\"thumbnailUrl\":\"https:\\\/\\\/lesvolcansnews.net\\\/wp-content\\\/uploads\\\/2026\\\/01\\\/IMG-20260112-WA0056-scaled.jpg\",\"articleSection\":[\"ACTUALIT\u00c9\",\"MINES\"],\"inLanguage\":\"fr-FR\",\"potentialAction\":[{\"@type\":\"CommentAction\",\"name\":\"Comment\",\"target\":[\"https:\\\/\\\/lesvolcansnews.net\\\/?p=71933#respond\"]}]},{\"@type\":\"WebPage\",\"@id\":\"https:\\\/\\\/lesvolcansnews.net\\\/?p=71933\",\"url\":\"https:\\\/\\\/lesvolcansnews.net\\\/?p=71933\",\"name\":\"MIFOR : cette initiative mini\u00e8re port\u00e9e par Louis Watum pour transformer le mod\u00e8le extractif et industriel de la RDC - LES VOLCANS NEWS\",\"isPartOf\":{\"@id\":\"https:\\\/\\\/lesvolcansnews.net\\\/#website\"},\"primaryImageOfPage\":{\"@id\":\"https:\\\/\\\/lesvolcansnews.net\\\/?p=71933#primaryimage\"},\"image\":{\"@id\":\"https:\\\/\\\/lesvolcansnews.net\\\/?p=71933#primaryimage\"},\"thumbnailUrl\":\"https:\\\/\\\/lesvolcansnews.net\\\/wp-content\\\/uploads\\\/2026\\\/01\\\/IMG-20260112-WA0056-scaled.jpg\",\"datePublished\":\"2026-01-12T07:27:59+00:00\",\"author\":{\"@id\":\"https:\\\/\\\/lesvolcansnews.net\\\/#\\\/schema\\\/person\\\/82c8bed2e77879ecf6cca63441f57354\"},\"breadcrumb\":{\"@id\":\"https:\\\/\\\/lesvolcansnews.net\\\/?p=71933#breadcrumb\"},\"inLanguage\":\"fr-FR\",\"potentialAction\":[{\"@type\":\"ReadAction\",\"target\":[\"https:\\\/\\\/lesvolcansnews.net\\\/?p=71933\"]}]},{\"@type\":\"ImageObject\",\"inLanguage\":\"fr-FR\",\"@id\":\"https:\\\/\\\/lesvolcansnews.net\\\/?p=71933#primaryimage\",\"url\":\"https:\\\/\\\/lesvolcansnews.net\\\/wp-content\\\/uploads\\\/2026\\\/01\\\/IMG-20260112-WA0056-scaled.jpg\",\"contentUrl\":\"https:\\\/\\\/lesvolcansnews.net\\\/wp-content\\\/uploads\\\/2026\\\/01\\\/IMG-20260112-WA0056-scaled.jpg\",\"width\":1832,\"height\":2560},{\"@type\":\"BreadcrumbList\",\"@id\":\"https:\\\/\\\/lesvolcansnews.net\\\/?p=71933#breadcrumb\",\"itemListElement\":[{\"@type\":\"ListItem\",\"position\":1,\"name\":\"Accueil\",\"item\":\"https:\\\/\\\/lesvolcansnews.net\\\/\"},{\"@type\":\"ListItem\",\"position\":2,\"name\":\"MIFOR : cette initiative mini\u00e8re port\u00e9e par Louis Watum pour transformer le mod\u00e8le extractif et industriel de la RDC\"}]},{\"@type\":\"WebSite\",\"@id\":\"https:\\\/\\\/lesvolcansnews.net\\\/#website\",\"url\":\"https:\\\/\\\/lesvolcansnews.net\\\/\",\"name\":\"LES VOLCANS NEWS\",\"description\":\"L&#039;INFORMATION C&#039;EST NOUS\",\"potentialAction\":[{\"@type\":\"SearchAction\",\"target\":{\"@type\":\"EntryPoint\",\"urlTemplate\":\"https:\\\/\\\/lesvolcansnews.net\\\/?s={search_term_string}\"},\"query-input\":{\"@type\":\"PropertyValueSpecification\",\"valueRequired\":true,\"valueName\":\"search_term_string\"}}],\"inLanguage\":\"fr-FR\"},{\"@type\":\"Person\",\"@id\":\"https:\\\/\\\/lesvolcansnews.net\\\/#\\\/schema\\\/person\\\/82c8bed2e77879ecf6cca63441f57354\",\"name\":\"R\u00e9daction - Les Volcans News\",\"image\":{\"@type\":\"ImageObject\",\"inLanguage\":\"fr-FR\",\"@id\":\"https:\\\/\\\/secure.gravatar.com\\\/avatar\\\/8408942dd851e8a9c09f3d382a661bc05d2b3cd9002139bc1795b9528cdc6c80?s=96&d=mm&r=g\",\"url\":\"https:\\\/\\\/secure.gravatar.com\\\/avatar\\\/8408942dd851e8a9c09f3d382a661bc05d2b3cd9002139bc1795b9528cdc6c80?s=96&d=mm&r=g\",\"contentUrl\":\"https:\\\/\\\/secure.gravatar.com\\\/avatar\\\/8408942dd851e8a9c09f3d382a661bc05d2b3cd9002139bc1795b9528cdc6c80?s=96&d=mm&r=g\",\"caption\":\"R\u00e9daction - Les Volcans News\"},\"url\":\"https:\\\/\\\/lesvolcansnews.net\\\/?author=14\"}]}<\/script>\n<!-- \/ Yoast SEO plugin. -->","yoast_head_json":{"title":"MIFOR : cette initiative mini\u00e8re port\u00e9e par Louis Watum pour transformer le mod\u00e8le extractif et industriel de la RDC - LES VOLCANS NEWS","robots":{"index":"index","follow":"follow","max-snippet":"max-snippet:-1","max-image-preview":"max-image-preview:large","max-video-preview":"max-video-preview:-1"},"canonical":"https:\/\/lesvolcansnews.net\/?p=71933","og_locale":"fr_FR","og_type":"article","og_title":"MIFOR : cette initiative mini\u00e8re port\u00e9e par Louis Watum pour transformer le mod\u00e8le extractif et industriel de la RDC - LES VOLCANS NEWS","og_description":"La R\u00e9publique D\u00e9mocratique du Congo est \u00e0 l\u2019aube d\u2019un basculement \u00e9conomique majeur. Devant le Conseil, le Ministre des Mines, Louis WATUM KABAMBA, a d\u00e9voil\u00e9 le projet Mines de Fer de","og_url":"https:\/\/lesvolcansnews.net\/?p=71933","og_site_name":"LES VOLCANS NEWS","article_published_time":"2026-01-12T07:27:59+00:00","og_image":[{"width":1832,"height":2560,"url":"https:\/\/lesvolcansnews.net\/wp-content\/uploads\/2026\/01\/IMG-20260112-WA0056-scaled.jpg","type":"image\/jpeg"}],"author":"R\u00e9daction - Les Volcans News","twitter_card":"summary_large_image","twitter_misc":{"\u00c9crit par":"R\u00e9daction - Les Volcans News","Dur\u00e9e de lecture estim\u00e9e":"3 minutes"},"schema":{"@context":"https:\/\/schema.org","@graph":[{"@type":"Article","@id":"https:\/\/lesvolcansnews.net\/?p=71933#article","isPartOf":{"@id":"https:\/\/lesvolcansnews.net\/?p=71933"},"author":{"name":"R\u00e9daction - Les Volcans News","@id":"https:\/\/lesvolcansnews.net\/#\/schema\/person\/82c8bed2e77879ecf6cca63441f57354"},"headline":"MIFOR : cette initiative mini\u00e8re port\u00e9e par Louis Watum pour transformer le mod\u00e8le extractif et industriel de la RDC","datePublished":"2026-01-12T07:27:59+00:00","mainEntityOfPage":{"@id":"https:\/\/lesvolcansnews.net\/?p=71933"},"wordCount":527,"commentCount":0,"image":{"@id":"https:\/\/lesvolcansnews.net\/?p=71933#primaryimage"},"thumbnailUrl":"https:\/\/lesvolcansnews.net\/wp-content\/uploads\/2026\/01\/IMG-20260112-WA0056-scaled.jpg","articleSection":["ACTUALIT\u00c9","MINES"],"inLanguage":"fr-FR","potentialAction":[{"@type":"CommentAction","name":"Comment","target":["https:\/\/lesvolcansnews.net\/?p=71933#respond"]}]},{"@type":"WebPage","@id":"https:\/\/lesvolcansnews.net\/?p=71933","url":"https:\/\/lesvolcansnews.net\/?p=71933","name":"MIFOR : cette initiative mini\u00e8re port\u00e9e par Louis Watum pour transformer le mod\u00e8le extractif et industriel de la RDC - LES VOLCANS NEWS","isPartOf":{"@id":"https:\/\/lesvolcansnews.net\/#website"},"primaryImageOfPage":{"@id":"https:\/\/lesvolcansnews.net\/?p=71933#primaryimage"},"image":{"@id":"https:\/\/lesvolcansnews.net\/?p=71933#primaryimage"},"thumbnailUrl":"https:\/\/lesvolcansnews.net\/wp-content\/uploads\/2026\/01\/IMG-20260112-WA0056-scaled.jpg","datePublished":"2026-01-12T07:27:59+00:00","author":{"@id":"https:\/\/lesvolcansnews.net\/#\/schema\/person\/82c8bed2e77879ecf6cca63441f57354"},"breadcrumb":{"@id":"https:\/\/lesvolcansnews.net\/?p=71933#breadcrumb"},"inLanguage":"fr-FR","potentialAction":[{"@type":"ReadAction","target":["https:\/\/lesvolcansnews.net\/?p=71933"]}]},{"@type":"ImageObject","inLanguage":"fr-FR","@id":"https:\/\/lesvolcansnews.net\/?p=71933#primaryimage","url":"https:\/\/lesvolcansnews.net\/wp-content\/uploads\/2026\/01\/IMG-20260112-WA0056-scaled.jpg","contentUrl":"https:\/\/lesvolcansnews.net\/wp-content\/uploads\/2026\/01\/IMG-20260112-WA0056-scaled.jpg","width":1832,"height":2560},{"@type":"BreadcrumbList","@id":"https:\/\/lesvolcansnews.net\/?p=71933#breadcrumb","itemListElement":[{"@type":"ListItem","position":1,"name":"Accueil","item":"https:\/\/lesvolcansnews.net\/"},{"@type":"ListItem","position":2,"name":"MIFOR : cette initiative mini\u00e8re port\u00e9e par Louis Watum pour transformer le mod\u00e8le extractif et industriel de la RDC"}]},{"@type":"WebSite","@id":"https:\/\/lesvolcansnews.net\/#website","url":"https:\/\/lesvolcansnews.net\/","name":"LES VOLCANS NEWS","description":"L&#039;INFORMATION C&#039;EST NOUS","potentialAction":[{"@type":"SearchAction","target":{"@type":"EntryPoint","urlTemplate":"https:\/\/lesvolcansnews.net\/?s={search_term_string}"},"query-input":{"@type":"PropertyValueSpecification","valueRequired":true,"valueName":"search_term_string"}}],"inLanguage":"fr-FR"},{"@type":"Person","@id":"https:\/\/lesvolcansnews.net\/#\/schema\/person\/82c8bed2e77879ecf6cca63441f57354","name":"R\u00e9daction - Les Volcans News","image":{"@type":"ImageObject","inLanguage":"fr-FR","@id":"https:\/\/secure.gravatar.com\/avatar\/8408942dd851e8a9c09f3d382a661bc05d2b3cd9002139bc1795b9528cdc6c80?s=96&d=mm&r=g","url":"https:\/\/secure.gravatar.com\/avatar\/8408942dd851e8a9c09f3d382a661bc05d2b3cd9002139bc1795b9528cdc6c80?s=96&d=mm&r=g","contentUrl":"https:\/\/secure.gravatar.com\/avatar\/8408942dd851e8a9c09f3d382a661bc05d2b3cd9002139bc1795b9528cdc6c80?s=96&d=mm&r=g","caption":"R\u00e9daction - Les Volcans News"},"url":"https:\/\/lesvolcansnews.net\/?author=14"}]}},"_links":{"self":[{"href":"https:\/\/lesvolcansnews.net\/index.php?rest_route=\/wp\/v2\/posts\/71933","targetHints":{"allow":["GET"]}}],"collection":[{"href":"https:\/\/lesvolcansnews.net\/index.php?rest_route=\/wp\/v2\/posts"}],"about":[{"href":"https:\/\/lesvolcansnews.net\/index.php?rest_route=\/wp\/v2\/types\/post"}],"author":[{"embeddable":true,"href":"https:\/\/lesvolcansnews.net\/index.php?rest_route=\/wp\/v2\/users\/14"}],"replies":[{"embeddable":true,"href":"https:\/\/lesvolcansnews.net\/index.php?rest_route=%2Fwp%2Fv2%2Fcomments&post=71933"}],"version-history":[{"count":1,"href":"https:\/\/lesvolcansnews.net\/index.php?rest_route=\/wp\/v2\/posts\/71933\/revisions"}],"predecessor-version":[{"id":71934,"href":"https:\/\/lesvolcansnews.net\/index.php?rest_route=\/wp\/v2\/posts\/71933\/revisions\/71934"}],"wp:featuredmedia":[{"embeddable":true,"href":"https:\/\/lesvolcansnews.net\/index.php?rest_route=\/wp\/v2\/media\/71935"}],"wp:attachment":[{"href":"https:\/\/lesvolcansnews.net\/index.php?rest_route=%2Fwp%2Fv2%2Fmedia&parent=71933"}],"wp:term":[{"taxonomy":"category","embeddable":true,"href":"https:\/\/lesvolcansnews.net\/index.php?rest_route=%2Fwp%2Fv2%2Fcategories&post=71933"},{"taxonomy":"post_tag","embeddable":true,"href":"https:\/\/lesvolcansnews.net\/index.php?rest_route=%2Fwp%2Fv2%2Ftags&post=71933"}],"curies":[{"name":"wp","href":"https:\/\/api.w.org\/{rel}","templated":true}]}}