{"id":71872,"date":"2026-01-08T08:50:45","date_gmt":"2026-01-08T06:50:45","guid":{"rendered":"https:\/\/lesvolcansnews.net\/2026\/01\/08\/can-2025-la-rdc-accueille-son-equipe-a-kinshasa-apres-une-performance-remarquable-au-maroc\/"},"modified":"2026-01-08T08:50:45","modified_gmt":"2026-01-08T06:50:45","slug":"can-2025-la-rdc-accueille-son-equipe-a-kinshasa-apres-une-performance-remarquable-au-maroc","status":"publish","type":"post","link":"https:\/\/lesvolcansnews.net\/?p=71872","title":{"rendered":"CAN 2025 : la RDC accueille son \u00e9quipe \u00e0 Kinshasa apr\u00e8s une performance remarquable au Maroc"},"content":{"rendered":"\n<p><\/p>\n\n\n\n<p><strong>Le ministre des Sports et Loisirs de la R\u00e9publique D\u00e9mocratique du Congo (RDC), Didier Budimbu, a annonc\u00e9, lors d\u2019une rencontre avec les supporters des L\u00e9opards, que la premi\u00e8re d\u00e9l\u00e9gation de l\u2019\u00e9quipe nationale congolaise arrivera \u00e0 Kinshasa ce jeudi 13h00, en provenance du Maroc. La deuxi\u00e8me d\u00e9l\u00e9gation est attendue le vendredi, tandis que la troisi\u00e8me et derni\u00e8re groupe arrivera samedi.<\/strong><\/p>\n\n\n\n<p>\u00ab La premi\u00e8re d\u00e9l\u00e9gation de la R\u00e9publique D\u00e9mocratique du Congo (RDC) arrive \u00e0 Kinshasa, \u00e0 partir de jeudi \u00e0 13 h. La deuxi\u00e8me, vendredi, la troisi\u00e8me et la derni\u00e8re samedi \u00bb, a d\u00e9clar\u00e9 Didier Budimbu, ministre des sports et loisirs de la RDC.<\/p>\n\n\n\n<p>Cette annonce fait suite \u00e0 la fin de la Coupe d&#8217;Afrique des Nations (CAN) 2025, disput\u00e9e au Maroc, o\u00f9 les L\u00e9opards de la RDC ont suscit\u00e9 l\u2019admiration, non seulement par leur performance sportive mais \u00e9galement par la discipline exemplaire des supporters congolais.<\/p>\n\n\n\n<p>Lors de cet \u00e9change, le ministre Budimbu a salu\u00e9 l\u2019attitude exemplaire des supporters, en particulier ceux qui ont fait le d\u00e9placement au Maroc. \u00ab Je tiens \u00e0 f\u00e9liciter chaleureusement tous les supporters pr\u00e9sents au Maroc pour la discipline et le bon comportement dont ils ont fait preuve depuis le d\u00e9but de cette CAN \u00bb, a-t-il ajout\u00e9.<\/p>\n\n\n\n<p>En signe de reconnaissance pour l\u2019implication d\u2019un supporter particuli\u00e8rement embl\u00e9matique, Didier Budimbu a fait don d&#8217;une voiture \u00e0 Michel Kuka, surnomm\u00e9 <em>Lumumba<\/em>, un fan qui incarne le souvenir du d\u00e9funt Patrice Emery Lumumba, ancien Premier ministre de la RDC. Michel Kuka est reconnu pour son r\u00f4le marquant et son influence durant la comp\u00e9tition.<\/p>\n\n\n\n<p>\u00ab Cette voiture est un petit geste pour r\u00e9compenser l\u2019impact que Michel Kuka a eu lors de la CAN marocaine. Il incarne l&#8217;esprit patriotique et la passion que nous avons pour notre pays \u00bb, a soulign\u00e9 le ministre des Sports.<\/p>\n\n\n\n<p>Les supporters des L\u00e9opards sont impatients de retrouver leurs h\u00e9ros, apr\u00e8s des semaines de comp\u00e9titions intenses qui ont captiv\u00e9 l\u2019attention du continent. Le retour de l\u2019\u00e9quipe nationale dans la capitale congolaise est un \u00e9v\u00e9nement attendu avec beaucoup d&#8217;enthousiasme et d\u2019optimisme pour l\u2019avenir du football congolais.<\/p>\n\n\n\n<p>La RDC, bien que n\u2019ayant pas remport\u00e9 le titre, a marqu\u00e9 les esprits gr\u00e2ce \u00e0 sa combativit\u00e9 et l\u2019ardeur de ses joueurs, dont l\u2019engagement \u00e0 d\u00e9fendre les couleurs nationales a \u00e9t\u00e9 salu\u00e9 par tous.<\/p>\n\n\n\n<p>La r\u00e9daction <\/p>\n","protected":false},"excerpt":{"rendered":"<p>Le ministre des Sports et Loisirs de la R\u00e9publique D\u00e9mocratique du Congo (RDC), Didier Budimbu, a annonc\u00e9, lors d\u2019une rencontre avec les supporters des L\u00e9opards, que la premi\u00e8re d\u00e9l\u00e9gation de<\/p>\n","protected":false},"author":14,"featured_media":71871,"comment_status":"open","ping_status":"open","sticky":false,"template":"","format":"standard","meta":{"footnotes":""},"categories":[11],"tags":[],"class_list":["post-71872","post","type-post","status-publish","format-standard","has-post-thumbnail","hentry","category-sports"],"yoast_head":"<!-- This site is optimized with the Yoast SEO plugin v27.3 - https:\/\/yoast.com\/product\/yoast-seo-wordpress\/ -->\n<title>CAN 2025 : la RDC accueille son \u00e9quipe \u00e0 Kinshasa apr\u00e8s une performance remarquable au Maroc - LES VOLCANS NEWS<\/title>\n<meta name=\"robots\" content=\"index, follow, max-snippet:-1, max-image-preview:large, max-video-preview:-1\" \/>\n<link rel=\"canonical\" href=\"https:\/\/lesvolcansnews.net\/?p=71872\" \/>\n<meta property=\"og:locale\" content=\"fr_FR\" \/>\n<meta property=\"og:type\" content=\"article\" \/>\n<meta property=\"og:title\" content=\"CAN 2025 : la RDC accueille son \u00e9quipe \u00e0 Kinshasa apr\u00e8s une performance remarquable au Maroc - LES VOLCANS NEWS\" \/>\n<meta property=\"og:description\" content=\"Le ministre des Sports et Loisirs de la R\u00e9publique D\u00e9mocratique du Congo (RDC), Didier Budimbu, a annonc\u00e9, lors d\u2019une rencontre avec les supporters des L\u00e9opards, que la premi\u00e8re d\u00e9l\u00e9gation de\" \/>\n<meta property=\"og:url\" content=\"https:\/\/lesvolcansnews.net\/?p=71872\" \/>\n<meta property=\"og:site_name\" content=\"LES VOLCANS NEWS\" \/>\n<meta property=\"article:published_time\" content=\"2026-01-08T06:50:45+00:00\" \/>\n<meta property=\"og:image\" content=\"https:\/\/lesvolcansnews.net\/wp-content\/uploads\/2026\/01\/image_editor_output_image-1695655237-1767855003933.jpg\" \/>\n\t<meta property=\"og:image:width\" content=\"620\" \/>\n\t<meta property=\"og:image:height\" content=\"438\" \/>\n\t<meta property=\"og:image:type\" content=\"image\/jpeg\" \/>\n<meta name=\"author\" content=\"R\u00e9daction - Les Volcans News\" \/>\n<meta name=\"twitter:card\" content=\"summary_large_image\" \/>\n<meta name=\"twitter:label1\" content=\"\u00c9crit par\" \/>\n\t<meta name=\"twitter:data1\" content=\"R\u00e9daction - Les Volcans News\" \/>\n\t<meta name=\"twitter:label2\" content=\"Dur\u00e9e de lecture estim\u00e9e\" \/>\n\t<meta name=\"twitter:data2\" content=\"2 minutes\" \/>\n<script type=\"application\/ld+json\" class=\"yoast-schema-graph\">{\"@context\":\"https:\\\/\\\/schema.org\",\"@graph\":[{\"@type\":\"Article\",\"@id\":\"https:\\\/\\\/lesvolcansnews.net\\\/?p=71872#article\",\"isPartOf\":{\"@id\":\"https:\\\/\\\/lesvolcansnews.net\\\/?p=71872\"},\"author\":{\"name\":\"R\u00e9daction - Les Volcans News\",\"@id\":\"https:\\\/\\\/lesvolcansnews.net\\\/#\\\/schema\\\/person\\\/82c8bed2e77879ecf6cca63441f57354\"},\"headline\":\"CAN 2025 : la RDC accueille son \u00e9quipe \u00e0 Kinshasa apr\u00e8s une performance remarquable au Maroc\",\"datePublished\":\"2026-01-08T06:50:45+00:00\",\"mainEntityOfPage\":{\"@id\":\"https:\\\/\\\/lesvolcansnews.net\\\/?p=71872\"},\"wordCount\":429,\"commentCount\":0,\"image\":{\"@id\":\"https:\\\/\\\/lesvolcansnews.net\\\/?p=71872#primaryimage\"},\"thumbnailUrl\":\"https:\\\/\\\/lesvolcansnews.net\\\/wp-content\\\/uploads\\\/2026\\\/01\\\/image_editor_output_image-1695655237-1767855003933.jpg\",\"articleSection\":[\"SPORTS\"],\"inLanguage\":\"fr-FR\",\"potentialAction\":[{\"@type\":\"CommentAction\",\"name\":\"Comment\",\"target\":[\"https:\\\/\\\/lesvolcansnews.net\\\/?p=71872#respond\"]}]},{\"@type\":\"WebPage\",\"@id\":\"https:\\\/\\\/lesvolcansnews.net\\\/?p=71872\",\"url\":\"https:\\\/\\\/lesvolcansnews.net\\\/?p=71872\",\"name\":\"CAN 2025 : la RDC accueille son \u00e9quipe \u00e0 Kinshasa apr\u00e8s une performance remarquable au Maroc - LES VOLCANS NEWS\",\"isPartOf\":{\"@id\":\"https:\\\/\\\/lesvolcansnews.net\\\/#website\"},\"primaryImageOfPage\":{\"@id\":\"https:\\\/\\\/lesvolcansnews.net\\\/?p=71872#primaryimage\"},\"image\":{\"@id\":\"https:\\\/\\\/lesvolcansnews.net\\\/?p=71872#primaryimage\"},\"thumbnailUrl\":\"https:\\\/\\\/lesvolcansnews.net\\\/wp-content\\\/uploads\\\/2026\\\/01\\\/image_editor_output_image-1695655237-1767855003933.jpg\",\"datePublished\":\"2026-01-08T06:50:45+00:00\",\"author\":{\"@id\":\"https:\\\/\\\/lesvolcansnews.net\\\/#\\\/schema\\\/person\\\/82c8bed2e77879ecf6cca63441f57354\"},\"breadcrumb\":{\"@id\":\"https:\\\/\\\/lesvolcansnews.net\\\/?p=71872#breadcrumb\"},\"inLanguage\":\"fr-FR\",\"potentialAction\":[{\"@type\":\"ReadAction\",\"target\":[\"https:\\\/\\\/lesvolcansnews.net\\\/?p=71872\"]}]},{\"@type\":\"ImageObject\",\"inLanguage\":\"fr-FR\",\"@id\":\"https:\\\/\\\/lesvolcansnews.net\\\/?p=71872#primaryimage\",\"url\":\"https:\\\/\\\/lesvolcansnews.net\\\/wp-content\\\/uploads\\\/2026\\\/01\\\/image_editor_output_image-1695655237-1767855003933.jpg\",\"contentUrl\":\"https:\\\/\\\/lesvolcansnews.net\\\/wp-content\\\/uploads\\\/2026\\\/01\\\/image_editor_output_image-1695655237-1767855003933.jpg\",\"width\":620,\"height\":438},{\"@type\":\"BreadcrumbList\",\"@id\":\"https:\\\/\\\/lesvolcansnews.net\\\/?p=71872#breadcrumb\",\"itemListElement\":[{\"@type\":\"ListItem\",\"position\":1,\"name\":\"Accueil\",\"item\":\"https:\\\/\\\/lesvolcansnews.net\\\/\"},{\"@type\":\"ListItem\",\"position\":2,\"name\":\"CAN 2025 : la RDC accueille son \u00e9quipe \u00e0 Kinshasa apr\u00e8s une performance remarquable au Maroc\"}]},{\"@type\":\"WebSite\",\"@id\":\"https:\\\/\\\/lesvolcansnews.net\\\/#website\",\"url\":\"https:\\\/\\\/lesvolcansnews.net\\\/\",\"name\":\"LES VOLCANS NEWS\",\"description\":\"L&#039;INFORMATION C&#039;EST NOUS\",\"potentialAction\":[{\"@type\":\"SearchAction\",\"target\":{\"@type\":\"EntryPoint\",\"urlTemplate\":\"https:\\\/\\\/lesvolcansnews.net\\\/?s={search_term_string}\"},\"query-input\":{\"@type\":\"PropertyValueSpecification\",\"valueRequired\":true,\"valueName\":\"search_term_string\"}}],\"inLanguage\":\"fr-FR\"},{\"@type\":\"Person\",\"@id\":\"https:\\\/\\\/lesvolcansnews.net\\\/#\\\/schema\\\/person\\\/82c8bed2e77879ecf6cca63441f57354\",\"name\":\"R\u00e9daction - Les Volcans News\",\"image\":{\"@type\":\"ImageObject\",\"inLanguage\":\"fr-FR\",\"@id\":\"https:\\\/\\\/secure.gravatar.com\\\/avatar\\\/8408942dd851e8a9c09f3d382a661bc05d2b3cd9002139bc1795b9528cdc6c80?s=96&d=mm&r=g\",\"url\":\"https:\\\/\\\/secure.gravatar.com\\\/avatar\\\/8408942dd851e8a9c09f3d382a661bc05d2b3cd9002139bc1795b9528cdc6c80?s=96&d=mm&r=g\",\"contentUrl\":\"https:\\\/\\\/secure.gravatar.com\\\/avatar\\\/8408942dd851e8a9c09f3d382a661bc05d2b3cd9002139bc1795b9528cdc6c80?s=96&d=mm&r=g\",\"caption\":\"R\u00e9daction - Les Volcans News\"},\"url\":\"https:\\\/\\\/lesvolcansnews.net\\\/?author=14\"}]}<\/script>\n<!-- \/ Yoast SEO plugin. -->","yoast_head_json":{"title":"CAN 2025 : la RDC accueille son \u00e9quipe \u00e0 Kinshasa apr\u00e8s une performance remarquable au Maroc - LES VOLCANS NEWS","robots":{"index":"index","follow":"follow","max-snippet":"max-snippet:-1","max-image-preview":"max-image-preview:large","max-video-preview":"max-video-preview:-1"},"canonical":"https:\/\/lesvolcansnews.net\/?p=71872","og_locale":"fr_FR","og_type":"article","og_title":"CAN 2025 : la RDC accueille son \u00e9quipe \u00e0 Kinshasa apr\u00e8s une performance remarquable au Maroc - LES VOLCANS NEWS","og_description":"Le ministre des Sports et Loisirs de la R\u00e9publique D\u00e9mocratique du Congo (RDC), Didier Budimbu, a annonc\u00e9, lors d\u2019une rencontre avec les supporters des L\u00e9opards, que la premi\u00e8re d\u00e9l\u00e9gation de","og_url":"https:\/\/lesvolcansnews.net\/?p=71872","og_site_name":"LES VOLCANS NEWS","article_published_time":"2026-01-08T06:50:45+00:00","og_image":[{"width":620,"height":438,"url":"https:\/\/lesvolcansnews.net\/wp-content\/uploads\/2026\/01\/image_editor_output_image-1695655237-1767855003933.jpg","type":"image\/jpeg"}],"author":"R\u00e9daction - Les Volcans News","twitter_card":"summary_large_image","twitter_misc":{"\u00c9crit par":"R\u00e9daction - Les Volcans News","Dur\u00e9e de lecture estim\u00e9e":"2 minutes"},"schema":{"@context":"https:\/\/schema.org","@graph":[{"@type":"Article","@id":"https:\/\/lesvolcansnews.net\/?p=71872#article","isPartOf":{"@id":"https:\/\/lesvolcansnews.net\/?p=71872"},"author":{"name":"R\u00e9daction - Les Volcans News","@id":"https:\/\/lesvolcansnews.net\/#\/schema\/person\/82c8bed2e77879ecf6cca63441f57354"},"headline":"CAN 2025 : la RDC accueille son \u00e9quipe \u00e0 Kinshasa apr\u00e8s une performance remarquable au Maroc","datePublished":"2026-01-08T06:50:45+00:00","mainEntityOfPage":{"@id":"https:\/\/lesvolcansnews.net\/?p=71872"},"wordCount":429,"commentCount":0,"image":{"@id":"https:\/\/lesvolcansnews.net\/?p=71872#primaryimage"},"thumbnailUrl":"https:\/\/lesvolcansnews.net\/wp-content\/uploads\/2026\/01\/image_editor_output_image-1695655237-1767855003933.jpg","articleSection":["SPORTS"],"inLanguage":"fr-FR","potentialAction":[{"@type":"CommentAction","name":"Comment","target":["https:\/\/lesvolcansnews.net\/?p=71872#respond"]}]},{"@type":"WebPage","@id":"https:\/\/lesvolcansnews.net\/?p=71872","url":"https:\/\/lesvolcansnews.net\/?p=71872","name":"CAN 2025 : la RDC accueille son \u00e9quipe \u00e0 Kinshasa apr\u00e8s une performance remarquable au Maroc - LES VOLCANS NEWS","isPartOf":{"@id":"https:\/\/lesvolcansnews.net\/#website"},"primaryImageOfPage":{"@id":"https:\/\/lesvolcansnews.net\/?p=71872#primaryimage"},"image":{"@id":"https:\/\/lesvolcansnews.net\/?p=71872#primaryimage"},"thumbnailUrl":"https:\/\/lesvolcansnews.net\/wp-content\/uploads\/2026\/01\/image_editor_output_image-1695655237-1767855003933.jpg","datePublished":"2026-01-08T06:50:45+00:00","author":{"@id":"https:\/\/lesvolcansnews.net\/#\/schema\/person\/82c8bed2e77879ecf6cca63441f57354"},"breadcrumb":{"@id":"https:\/\/lesvolcansnews.net\/?p=71872#breadcrumb"},"inLanguage":"fr-FR","potentialAction":[{"@type":"ReadAction","target":["https:\/\/lesvolcansnews.net\/?p=71872"]}]},{"@type":"ImageObject","inLanguage":"fr-FR","@id":"https:\/\/lesvolcansnews.net\/?p=71872#primaryimage","url":"https:\/\/lesvolcansnews.net\/wp-content\/uploads\/2026\/01\/image_editor_output_image-1695655237-1767855003933.jpg","contentUrl":"https:\/\/lesvolcansnews.net\/wp-content\/uploads\/2026\/01\/image_editor_output_image-1695655237-1767855003933.jpg","width":620,"height":438},{"@type":"BreadcrumbList","@id":"https:\/\/lesvolcansnews.net\/?p=71872#breadcrumb","itemListElement":[{"@type":"ListItem","position":1,"name":"Accueil","item":"https:\/\/lesvolcansnews.net\/"},{"@type":"ListItem","position":2,"name":"CAN 2025 : la RDC accueille son \u00e9quipe \u00e0 Kinshasa apr\u00e8s une performance remarquable au Maroc"}]},{"@type":"WebSite","@id":"https:\/\/lesvolcansnews.net\/#website","url":"https:\/\/lesvolcansnews.net\/","name":"LES VOLCANS NEWS","description":"L&#039;INFORMATION C&#039;EST NOUS","potentialAction":[{"@type":"SearchAction","target":{"@type":"EntryPoint","urlTemplate":"https:\/\/lesvolcansnews.net\/?s={search_term_string}"},"query-input":{"@type":"PropertyValueSpecification","valueRequired":true,"valueName":"search_term_string"}}],"inLanguage":"fr-FR"},{"@type":"Person","@id":"https:\/\/lesvolcansnews.net\/#\/schema\/person\/82c8bed2e77879ecf6cca63441f57354","name":"R\u00e9daction - Les Volcans News","image":{"@type":"ImageObject","inLanguage":"fr-FR","@id":"https:\/\/secure.gravatar.com\/avatar\/8408942dd851e8a9c09f3d382a661bc05d2b3cd9002139bc1795b9528cdc6c80?s=96&d=mm&r=g","url":"https:\/\/secure.gravatar.com\/avatar\/8408942dd851e8a9c09f3d382a661bc05d2b3cd9002139bc1795b9528cdc6c80?s=96&d=mm&r=g","contentUrl":"https:\/\/secure.gravatar.com\/avatar\/8408942dd851e8a9c09f3d382a661bc05d2b3cd9002139bc1795b9528cdc6c80?s=96&d=mm&r=g","caption":"R\u00e9daction - Les Volcans News"},"url":"https:\/\/lesvolcansnews.net\/?author=14"}]}},"_links":{"self":[{"href":"https:\/\/lesvolcansnews.net\/index.php?rest_route=\/wp\/v2\/posts\/71872","targetHints":{"allow":["GET"]}}],"collection":[{"href":"https:\/\/lesvolcansnews.net\/index.php?rest_route=\/wp\/v2\/posts"}],"about":[{"href":"https:\/\/lesvolcansnews.net\/index.php?rest_route=\/wp\/v2\/types\/post"}],"author":[{"embeddable":true,"href":"https:\/\/lesvolcansnews.net\/index.php?rest_route=\/wp\/v2\/users\/14"}],"replies":[{"embeddable":true,"href":"https:\/\/lesvolcansnews.net\/index.php?rest_route=%2Fwp%2Fv2%2Fcomments&post=71872"}],"version-history":[{"count":0,"href":"https:\/\/lesvolcansnews.net\/index.php?rest_route=\/wp\/v2\/posts\/71872\/revisions"}],"wp:featuredmedia":[{"embeddable":true,"href":"https:\/\/lesvolcansnews.net\/index.php?rest_route=\/wp\/v2\/media\/71871"}],"wp:attachment":[{"href":"https:\/\/lesvolcansnews.net\/index.php?rest_route=%2Fwp%2Fv2%2Fmedia&parent=71872"}],"wp:term":[{"taxonomy":"category","embeddable":true,"href":"https:\/\/lesvolcansnews.net\/index.php?rest_route=%2Fwp%2Fv2%2Fcategories&post=71872"},{"taxonomy":"post_tag","embeddable":true,"href":"https:\/\/lesvolcansnews.net\/index.php?rest_route=%2Fwp%2Fv2%2Ftags&post=71872"}],"curies":[{"name":"wp","href":"https:\/\/api.w.org\/{rel}","templated":true}]}}