{"id":71843,"date":"2026-01-06T10:32:42","date_gmt":"2026-01-06T08:32:42","guid":{"rendered":"https:\/\/lesvolcansnews.net\/2026\/01\/06\/le-6-janvier-jean-paul-waitswalo-reaffirme-son-engagement-pour-la-paix-et-les-enfants-orphelins-de-guerre\/"},"modified":"2026-01-06T10:32:42","modified_gmt":"2026-01-06T08:32:42","slug":"le-6-janvier-jean-paul-waitswalo-reaffirme-son-engagement-pour-la-paix-et-les-enfants-orphelins-de-guerre","status":"publish","type":"post","link":"https:\/\/lesvolcansnews.net\/?p=71843","title":{"rendered":"Le 6 janvier, Jean-Paul Waitswalo r\u00e9affirme son engagement pour la paix et les enfants orphelins de guerre"},"content":{"rendered":"\n<p><\/p>\n\n\n\n<p><strong>\u00c0 l&#8217;occasion de son anniversaire, ce 6 janvier, Jean-Paul Waitswalo, notable et philanthrope du Nord-Kivu, a marqu\u00e9 la Journ\u00e9e internationale des enfants orphelins de guerre en r\u00e9affirmant son soutien aux victimes des conflits dans l&#8217;Est de la R\u00e9publique D\u00e9mocratique du Congo (RDC). <\/strong><\/p>\n\n\n\n<p>Cette journ\u00e9e, qui co\u00efncide avec sa naissance, est pour lui l&#8217;occasion de rappeler son engagement pour un avenir meilleur, en particulier pour les enfants durement affect\u00e9s par les violences dans la r\u00e9gion.<\/p>\n\n\n\n<p> Jean-Paul Waitswalo a exprim\u00e9 sa solidarit\u00e9 envers les enfants orphelins de guerre, notamment ceux du Nord-Kivu, une province frapp\u00e9e depuis des ann\u00e9es par des conflits arm\u00e9s. <\/p>\n\n\n\n<p>&#8220;Le 06 janvier, date de mon anniversaire, co\u00efncide avec la Journ\u00e9e internationale des enfants orphelins de guerre. Cette co\u00efncidence rev\u00eat pour moi une port\u00e9e profond\u00e9ment symbolique&#8221;, a-t-il d\u00e9clar\u00e9.<\/p>\n\n\n\n<p>Loin des discours th\u00e9oriques, le philanthrope a assur\u00e9 que ces enfants ne sont ni &#8220;oubli\u00e9s ni seuls&#8221;, soulignant leur place l\u00e9gitime dans la soci\u00e9t\u00e9 et leur droit \u00e0 un avenir. <\/p>\n\n\n\n<p>&#8220;Ils ont un avenir \u00e0 construire, et nous devons tout mettre en \u0153uvre pour leur offrir cette possibilit\u00e9&#8221;, a-t-il ajout\u00e9, r\u00e9affirmant son engagement &#8220;sinc\u00e8re&#8221; en faveur de leur bien-\u00eatre et de leur avenir.<\/p>\n\n\n\n<p>Jean-Paul Waitswalo ne se contente toutefois pas de simples paroles de soutien. Conscient des d\u00e9fis qui restent \u00e0 relever, il a r\u00e9affirm\u00e9 sa foi en un retour durable de la paix dans la r\u00e9gion.<\/p>\n\n\n\n<p> &#8220;Ma conviction demeure ferme : la paix est possible et elle reviendra&#8221;, a-t-il insist\u00e9. <\/p>\n\n\n\n<p>Un message d&#8217;espoir, en d\u00e9pit des nombreuses difficult\u00e9s que traverse le Nord-Kivu, o\u00f9 les violences li\u00e9es aux groupes arm\u00e9s continuent de faire des ravages.<\/p>\n\n\n\n<p>Le notable a \u00e9galement soulign\u00e9 l&#8217;importance de maintenir un engagement constant pour la protection et la dignit\u00e9 des enfants touch\u00e9s par les conflits. <\/p>\n\n\n\n<p>&#8220;Il est essentiel de garantir \u00e0 ces enfants non seulement la s\u00e9curit\u00e9, mais aussi l&#8217;espoir d&#8217;un avenir meilleur&#8221;, a-t-il conclu.<\/p>\n\n\n\n<p>Avec son travail philanthropique et son engagement constant, Jean-Paul Waitswalo continue de lutte pour la paix et la reconstruction dans l&#8217;Est de la RDC, offrant ainsi un soutien indispensable aux enfants orphelins de guerre et aux communaut\u00e9s touch\u00e9es par les conflits.<\/p>\n\n\n\n<h3 class=\"wp-block-heading\">La r\u00e9daction <\/h3>\n","protected":false},"excerpt":{"rendered":"<p>\u00c0 l&#8217;occasion de son anniversaire, ce 6 janvier, Jean-Paul Waitswalo, notable et philanthrope du Nord-Kivu, a marqu\u00e9 la Journ\u00e9e internationale des enfants orphelins de guerre en r\u00e9affirmant son soutien aux<\/p>\n","protected":false},"author":14,"featured_media":71842,"comment_status":"open","ping_status":"open","sticky":false,"template":"","format":"standard","meta":{"footnotes":""},"categories":[9],"tags":[],"class_list":["post-71843","post","type-post","status-publish","format-standard","has-post-thumbnail","hentry","category-societe"],"yoast_head":"<!-- This site is optimized with the Yoast SEO plugin v27.3 - https:\/\/yoast.com\/product\/yoast-seo-wordpress\/ -->\n<title>Le 6 janvier, Jean-Paul Waitswalo r\u00e9affirme son engagement pour la paix et les enfants orphelins de guerre - LES VOLCANS NEWS<\/title>\n<meta name=\"robots\" content=\"index, follow, max-snippet:-1, max-image-preview:large, max-video-preview:-1\" \/>\n<link rel=\"canonical\" href=\"https:\/\/lesvolcansnews.net\/?p=71843\" \/>\n<meta property=\"og:locale\" content=\"fr_FR\" \/>\n<meta property=\"og:type\" content=\"article\" \/>\n<meta property=\"og:title\" content=\"Le 6 janvier, Jean-Paul Waitswalo r\u00e9affirme son engagement pour la paix et les enfants orphelins de guerre - LES VOLCANS NEWS\" \/>\n<meta property=\"og:description\" content=\"\u00c0 l&#8217;occasion de son anniversaire, ce 6 janvier, Jean-Paul Waitswalo, notable et philanthrope du Nord-Kivu, a marqu\u00e9 la Journ\u00e9e internationale des enfants orphelins de guerre en r\u00e9affirmant son soutien aux\" \/>\n<meta property=\"og:url\" content=\"https:\/\/lesvolcansnews.net\/?p=71843\" \/>\n<meta property=\"og:site_name\" content=\"LES VOLCANS NEWS\" \/>\n<meta property=\"article:published_time\" content=\"2026-01-06T08:32:42+00:00\" \/>\n<meta property=\"og:image\" content=\"https:\/\/lesvolcansnews.net\/wp-content\/uploads\/2026\/01\/IMG-20260106-WA0205-1024x768-1.jpg\" \/>\n\t<meta property=\"og:image:width\" content=\"1024\" \/>\n\t<meta property=\"og:image:height\" content=\"768\" \/>\n\t<meta property=\"og:image:type\" content=\"image\/jpeg\" \/>\n<meta name=\"author\" content=\"R\u00e9daction - Les Volcans News\" \/>\n<meta name=\"twitter:card\" content=\"summary_large_image\" \/>\n<meta name=\"twitter:label1\" content=\"\u00c9crit par\" \/>\n\t<meta name=\"twitter:data1\" content=\"R\u00e9daction - Les Volcans News\" \/>\n\t<meta name=\"twitter:label2\" content=\"Dur\u00e9e de lecture estim\u00e9e\" \/>\n\t<meta name=\"twitter:data2\" content=\"2 minutes\" \/>\n<script type=\"application\/ld+json\" class=\"yoast-schema-graph\">{\"@context\":\"https:\\\/\\\/schema.org\",\"@graph\":[{\"@type\":\"Article\",\"@id\":\"https:\\\/\\\/lesvolcansnews.net\\\/?p=71843#article\",\"isPartOf\":{\"@id\":\"https:\\\/\\\/lesvolcansnews.net\\\/?p=71843\"},\"author\":{\"name\":\"R\u00e9daction - Les Volcans News\",\"@id\":\"https:\\\/\\\/lesvolcansnews.net\\\/#\\\/schema\\\/person\\\/82c8bed2e77879ecf6cca63441f57354\"},\"headline\":\"Le 6 janvier, Jean-Paul Waitswalo r\u00e9affirme son engagement pour la paix et les enfants orphelins de guerre\",\"datePublished\":\"2026-01-06T08:32:42+00:00\",\"mainEntityOfPage\":{\"@id\":\"https:\\\/\\\/lesvolcansnews.net\\\/?p=71843\"},\"wordCount\":403,\"commentCount\":0,\"image\":{\"@id\":\"https:\\\/\\\/lesvolcansnews.net\\\/?p=71843#primaryimage\"},\"thumbnailUrl\":\"https:\\\/\\\/lesvolcansnews.net\\\/wp-content\\\/uploads\\\/2026\\\/01\\\/IMG-20260106-WA0205-1024x768-1.jpg\",\"articleSection\":[\"SOCIET\u00c9\"],\"inLanguage\":\"fr-FR\",\"potentialAction\":[{\"@type\":\"CommentAction\",\"name\":\"Comment\",\"target\":[\"https:\\\/\\\/lesvolcansnews.net\\\/?p=71843#respond\"]}]},{\"@type\":\"WebPage\",\"@id\":\"https:\\\/\\\/lesvolcansnews.net\\\/?p=71843\",\"url\":\"https:\\\/\\\/lesvolcansnews.net\\\/?p=71843\",\"name\":\"Le 6 janvier, Jean-Paul Waitswalo r\u00e9affirme son engagement pour la paix et les enfants orphelins de guerre - LES VOLCANS NEWS\",\"isPartOf\":{\"@id\":\"https:\\\/\\\/lesvolcansnews.net\\\/#website\"},\"primaryImageOfPage\":{\"@id\":\"https:\\\/\\\/lesvolcansnews.net\\\/?p=71843#primaryimage\"},\"image\":{\"@id\":\"https:\\\/\\\/lesvolcansnews.net\\\/?p=71843#primaryimage\"},\"thumbnailUrl\":\"https:\\\/\\\/lesvolcansnews.net\\\/wp-content\\\/uploads\\\/2026\\\/01\\\/IMG-20260106-WA0205-1024x768-1.jpg\",\"datePublished\":\"2026-01-06T08:32:42+00:00\",\"author\":{\"@id\":\"https:\\\/\\\/lesvolcansnews.net\\\/#\\\/schema\\\/person\\\/82c8bed2e77879ecf6cca63441f57354\"},\"breadcrumb\":{\"@id\":\"https:\\\/\\\/lesvolcansnews.net\\\/?p=71843#breadcrumb\"},\"inLanguage\":\"fr-FR\",\"potentialAction\":[{\"@type\":\"ReadAction\",\"target\":[\"https:\\\/\\\/lesvolcansnews.net\\\/?p=71843\"]}]},{\"@type\":\"ImageObject\",\"inLanguage\":\"fr-FR\",\"@id\":\"https:\\\/\\\/lesvolcansnews.net\\\/?p=71843#primaryimage\",\"url\":\"https:\\\/\\\/lesvolcansnews.net\\\/wp-content\\\/uploads\\\/2026\\\/01\\\/IMG-20260106-WA0205-1024x768-1.jpg\",\"contentUrl\":\"https:\\\/\\\/lesvolcansnews.net\\\/wp-content\\\/uploads\\\/2026\\\/01\\\/IMG-20260106-WA0205-1024x768-1.jpg\",\"width\":1024,\"height\":768},{\"@type\":\"BreadcrumbList\",\"@id\":\"https:\\\/\\\/lesvolcansnews.net\\\/?p=71843#breadcrumb\",\"itemListElement\":[{\"@type\":\"ListItem\",\"position\":1,\"name\":\"Accueil\",\"item\":\"https:\\\/\\\/lesvolcansnews.net\\\/\"},{\"@type\":\"ListItem\",\"position\":2,\"name\":\"Le 6 janvier, Jean-Paul Waitswalo r\u00e9affirme son engagement pour la paix et les enfants orphelins de guerre\"}]},{\"@type\":\"WebSite\",\"@id\":\"https:\\\/\\\/lesvolcansnews.net\\\/#website\",\"url\":\"https:\\\/\\\/lesvolcansnews.net\\\/\",\"name\":\"LES VOLCANS NEWS\",\"description\":\"L&#039;INFORMATION C&#039;EST NOUS\",\"potentialAction\":[{\"@type\":\"SearchAction\",\"target\":{\"@type\":\"EntryPoint\",\"urlTemplate\":\"https:\\\/\\\/lesvolcansnews.net\\\/?s={search_term_string}\"},\"query-input\":{\"@type\":\"PropertyValueSpecification\",\"valueRequired\":true,\"valueName\":\"search_term_string\"}}],\"inLanguage\":\"fr-FR\"},{\"@type\":\"Person\",\"@id\":\"https:\\\/\\\/lesvolcansnews.net\\\/#\\\/schema\\\/person\\\/82c8bed2e77879ecf6cca63441f57354\",\"name\":\"R\u00e9daction - Les Volcans News\",\"image\":{\"@type\":\"ImageObject\",\"inLanguage\":\"fr-FR\",\"@id\":\"https:\\\/\\\/secure.gravatar.com\\\/avatar\\\/8408942dd851e8a9c09f3d382a661bc05d2b3cd9002139bc1795b9528cdc6c80?s=96&d=mm&r=g\",\"url\":\"https:\\\/\\\/secure.gravatar.com\\\/avatar\\\/8408942dd851e8a9c09f3d382a661bc05d2b3cd9002139bc1795b9528cdc6c80?s=96&d=mm&r=g\",\"contentUrl\":\"https:\\\/\\\/secure.gravatar.com\\\/avatar\\\/8408942dd851e8a9c09f3d382a661bc05d2b3cd9002139bc1795b9528cdc6c80?s=96&d=mm&r=g\",\"caption\":\"R\u00e9daction - Les Volcans News\"},\"url\":\"https:\\\/\\\/lesvolcansnews.net\\\/?author=14\"}]}<\/script>\n<!-- \/ Yoast SEO plugin. -->","yoast_head_json":{"title":"Le 6 janvier, Jean-Paul Waitswalo r\u00e9affirme son engagement pour la paix et les enfants orphelins de guerre - LES VOLCANS NEWS","robots":{"index":"index","follow":"follow","max-snippet":"max-snippet:-1","max-image-preview":"max-image-preview:large","max-video-preview":"max-video-preview:-1"},"canonical":"https:\/\/lesvolcansnews.net\/?p=71843","og_locale":"fr_FR","og_type":"article","og_title":"Le 6 janvier, Jean-Paul Waitswalo r\u00e9affirme son engagement pour la paix et les enfants orphelins de guerre - LES VOLCANS NEWS","og_description":"\u00c0 l&#8217;occasion de son anniversaire, ce 6 janvier, Jean-Paul Waitswalo, notable et philanthrope du Nord-Kivu, a marqu\u00e9 la Journ\u00e9e internationale des enfants orphelins de guerre en r\u00e9affirmant son soutien aux","og_url":"https:\/\/lesvolcansnews.net\/?p=71843","og_site_name":"LES VOLCANS NEWS","article_published_time":"2026-01-06T08:32:42+00:00","og_image":[{"width":1024,"height":768,"url":"https:\/\/lesvolcansnews.net\/wp-content\/uploads\/2026\/01\/IMG-20260106-WA0205-1024x768-1.jpg","type":"image\/jpeg"}],"author":"R\u00e9daction - Les Volcans News","twitter_card":"summary_large_image","twitter_misc":{"\u00c9crit par":"R\u00e9daction - Les Volcans News","Dur\u00e9e de lecture estim\u00e9e":"2 minutes"},"schema":{"@context":"https:\/\/schema.org","@graph":[{"@type":"Article","@id":"https:\/\/lesvolcansnews.net\/?p=71843#article","isPartOf":{"@id":"https:\/\/lesvolcansnews.net\/?p=71843"},"author":{"name":"R\u00e9daction - Les Volcans News","@id":"https:\/\/lesvolcansnews.net\/#\/schema\/person\/82c8bed2e77879ecf6cca63441f57354"},"headline":"Le 6 janvier, Jean-Paul Waitswalo r\u00e9affirme son engagement pour la paix et les enfants orphelins de guerre","datePublished":"2026-01-06T08:32:42+00:00","mainEntityOfPage":{"@id":"https:\/\/lesvolcansnews.net\/?p=71843"},"wordCount":403,"commentCount":0,"image":{"@id":"https:\/\/lesvolcansnews.net\/?p=71843#primaryimage"},"thumbnailUrl":"https:\/\/lesvolcansnews.net\/wp-content\/uploads\/2026\/01\/IMG-20260106-WA0205-1024x768-1.jpg","articleSection":["SOCIET\u00c9"],"inLanguage":"fr-FR","potentialAction":[{"@type":"CommentAction","name":"Comment","target":["https:\/\/lesvolcansnews.net\/?p=71843#respond"]}]},{"@type":"WebPage","@id":"https:\/\/lesvolcansnews.net\/?p=71843","url":"https:\/\/lesvolcansnews.net\/?p=71843","name":"Le 6 janvier, Jean-Paul Waitswalo r\u00e9affirme son engagement pour la paix et les enfants orphelins de guerre - LES VOLCANS NEWS","isPartOf":{"@id":"https:\/\/lesvolcansnews.net\/#website"},"primaryImageOfPage":{"@id":"https:\/\/lesvolcansnews.net\/?p=71843#primaryimage"},"image":{"@id":"https:\/\/lesvolcansnews.net\/?p=71843#primaryimage"},"thumbnailUrl":"https:\/\/lesvolcansnews.net\/wp-content\/uploads\/2026\/01\/IMG-20260106-WA0205-1024x768-1.jpg","datePublished":"2026-01-06T08:32:42+00:00","author":{"@id":"https:\/\/lesvolcansnews.net\/#\/schema\/person\/82c8bed2e77879ecf6cca63441f57354"},"breadcrumb":{"@id":"https:\/\/lesvolcansnews.net\/?p=71843#breadcrumb"},"inLanguage":"fr-FR","potentialAction":[{"@type":"ReadAction","target":["https:\/\/lesvolcansnews.net\/?p=71843"]}]},{"@type":"ImageObject","inLanguage":"fr-FR","@id":"https:\/\/lesvolcansnews.net\/?p=71843#primaryimage","url":"https:\/\/lesvolcansnews.net\/wp-content\/uploads\/2026\/01\/IMG-20260106-WA0205-1024x768-1.jpg","contentUrl":"https:\/\/lesvolcansnews.net\/wp-content\/uploads\/2026\/01\/IMG-20260106-WA0205-1024x768-1.jpg","width":1024,"height":768},{"@type":"BreadcrumbList","@id":"https:\/\/lesvolcansnews.net\/?p=71843#breadcrumb","itemListElement":[{"@type":"ListItem","position":1,"name":"Accueil","item":"https:\/\/lesvolcansnews.net\/"},{"@type":"ListItem","position":2,"name":"Le 6 janvier, Jean-Paul Waitswalo r\u00e9affirme son engagement pour la paix et les enfants orphelins de guerre"}]},{"@type":"WebSite","@id":"https:\/\/lesvolcansnews.net\/#website","url":"https:\/\/lesvolcansnews.net\/","name":"LES VOLCANS NEWS","description":"L&#039;INFORMATION C&#039;EST NOUS","potentialAction":[{"@type":"SearchAction","target":{"@type":"EntryPoint","urlTemplate":"https:\/\/lesvolcansnews.net\/?s={search_term_string}"},"query-input":{"@type":"PropertyValueSpecification","valueRequired":true,"valueName":"search_term_string"}}],"inLanguage":"fr-FR"},{"@type":"Person","@id":"https:\/\/lesvolcansnews.net\/#\/schema\/person\/82c8bed2e77879ecf6cca63441f57354","name":"R\u00e9daction - Les Volcans News","image":{"@type":"ImageObject","inLanguage":"fr-FR","@id":"https:\/\/secure.gravatar.com\/avatar\/8408942dd851e8a9c09f3d382a661bc05d2b3cd9002139bc1795b9528cdc6c80?s=96&d=mm&r=g","url":"https:\/\/secure.gravatar.com\/avatar\/8408942dd851e8a9c09f3d382a661bc05d2b3cd9002139bc1795b9528cdc6c80?s=96&d=mm&r=g","contentUrl":"https:\/\/secure.gravatar.com\/avatar\/8408942dd851e8a9c09f3d382a661bc05d2b3cd9002139bc1795b9528cdc6c80?s=96&d=mm&r=g","caption":"R\u00e9daction - Les Volcans News"},"url":"https:\/\/lesvolcansnews.net\/?author=14"}]}},"_links":{"self":[{"href":"https:\/\/lesvolcansnews.net\/index.php?rest_route=\/wp\/v2\/posts\/71843","targetHints":{"allow":["GET"]}}],"collection":[{"href":"https:\/\/lesvolcansnews.net\/index.php?rest_route=\/wp\/v2\/posts"}],"about":[{"href":"https:\/\/lesvolcansnews.net\/index.php?rest_route=\/wp\/v2\/types\/post"}],"author":[{"embeddable":true,"href":"https:\/\/lesvolcansnews.net\/index.php?rest_route=\/wp\/v2\/users\/14"}],"replies":[{"embeddable":true,"href":"https:\/\/lesvolcansnews.net\/index.php?rest_route=%2Fwp%2Fv2%2Fcomments&post=71843"}],"version-history":[{"count":0,"href":"https:\/\/lesvolcansnews.net\/index.php?rest_route=\/wp\/v2\/posts\/71843\/revisions"}],"wp:featuredmedia":[{"embeddable":true,"href":"https:\/\/lesvolcansnews.net\/index.php?rest_route=\/wp\/v2\/media\/71842"}],"wp:attachment":[{"href":"https:\/\/lesvolcansnews.net\/index.php?rest_route=%2Fwp%2Fv2%2Fmedia&parent=71843"}],"wp:term":[{"taxonomy":"category","embeddable":true,"href":"https:\/\/lesvolcansnews.net\/index.php?rest_route=%2Fwp%2Fv2%2Fcategories&post=71843"},{"taxonomy":"post_tag","embeddable":true,"href":"https:\/\/lesvolcansnews.net\/index.php?rest_route=%2Fwp%2Fv2%2Ftags&post=71843"}],"curies":[{"name":"wp","href":"https:\/\/api.w.org\/{rel}","templated":true}]}}