{"id":71775,"date":"2026-01-03T12:42:46","date_gmt":"2026-01-03T10:42:46","guid":{"rendered":"https:\/\/lesvolcansnews.net\/2026\/01\/03\/rdc-les-fardc-presentent-7-militaires-et-8-civils-etrangers-captures-sur-le-front\/"},"modified":"2026-01-03T12:42:46","modified_gmt":"2026-01-03T10:42:46","slug":"rdc-les-fardc-presentent-7-militaires-et-8-civils-etrangers-captures-sur-le-front","status":"publish","type":"post","link":"https:\/\/lesvolcansnews.net\/?p=71775","title":{"rendered":"RDC : les FARDC pr\u00e9sentent 7 militaires et 8 civils \u00e9trangers captur\u00e9s sur le front"},"content":{"rendered":"\n<p><\/p>\n\n\n\n<p><strong>L&#8217;arm\u00e9e congolaise a pr\u00e9sent\u00e9, ce samedi 3 janvier \u00e0 Kinshasa, sept militaires rwandais et huit civils \u00e9trangers captur\u00e9s lors des r\u00e9centes op\u00e9rations militaires dans les provinces du Nord-Kivu et du Sud-Kivu. Parmi les captifs figurent un major et un capitaine de l&#8217;arm\u00e9e rwandaise.<\/strong><\/p>\n\n\n\n<p>Le lieutenant-colonel Mak Hazukay, porte-parole adjoint des Forces arm\u00e9es de la R\u00e9publique d\u00e9mocratique du Congo (FARDC), a affirm\u00e9 que &#8220;l\u2019arm\u00e9e rwandaise maintient encore ses militaires sur le territoire congolais&#8221;.<\/p>\n\n\n\n<p>Sur la plateforme X (anciennement Twitter), les FARDC ont qualifi\u00e9 cette capture de &#8220;preuve irr\u00e9futable&#8221; de l\u2019implication directe des forces \u00e9trang\u00e8res dans le conflit, soulignant que les individus captur\u00e9s t\u00e9moignent du soutien ext\u00e9rieur aux groupes arm\u00e9s actifs en RDC.<\/p>\n\n\n\n<p>&#8220;La pr\u00e9sence de ces captur\u00e9s confirme que la guerre impos\u00e9e \u00e0 la RDC n\u2019est pas un simple conflit interne, mais une agression ext\u00e9rieure en violation du droit international&#8221;, ont ajout\u00e9 les FARDC. Les autorit\u00e9s congolaises ont r\u00e9affirm\u00e9 leur engagement \u00e0 d\u00e9fendre l\u2019int\u00e9grit\u00e9 territoriale du pays.<\/p>\n\n\n\n<p>Les tensions entre le Rwanda et la RDC demeurent \u00e9lev\u00e9es, les deux pays s&#8217;accusant mutuellement de soutenir des groupes arm\u00e9s dans l\u2019est du pays. Les Nations Unies et d\u2019autres organisations internationales appellent \u00e0 la d\u00e9sescalade, mais la situation reste instable.<\/p>\n\n\n\n<p>Cette pr\u00e9sentation est la premi\u00e8re de l\u2019ann\u00e9e, apr\u00e8s la suspension du porte-parole Sylvain Ekenge, et marque l&#8217;entr\u00e9e en fonction d&#8217;un nouveau porte-parole int\u00e9rimaire.<\/p>\n\n\n\n<p>La r\u00e9daction <\/p>\n","protected":false},"excerpt":{"rendered":"<p>L&#8217;arm\u00e9e congolaise a pr\u00e9sent\u00e9, ce samedi 3 janvier \u00e0 Kinshasa, sept militaires rwandais et huit civils \u00e9trangers captur\u00e9s lors des r\u00e9centes op\u00e9rations militaires dans les provinces du Nord-Kivu et du<\/p>\n","protected":false},"author":14,"featured_media":71774,"comment_status":"open","ping_status":"open","sticky":false,"template":"","format":"standard","meta":{"footnotes":""},"categories":[1],"tags":[],"class_list":["post-71775","post","type-post","status-publish","format-standard","has-post-thumbnail","hentry","category-actualite"],"yoast_head":"<!-- This site is optimized with the Yoast SEO plugin v27.3 - https:\/\/yoast.com\/product\/yoast-seo-wordpress\/ -->\n<title>RDC : les FARDC pr\u00e9sentent 7 militaires et 8 civils \u00e9trangers captur\u00e9s sur le front - LES VOLCANS NEWS<\/title>\n<meta name=\"robots\" content=\"index, follow, max-snippet:-1, max-image-preview:large, max-video-preview:-1\" \/>\n<link rel=\"canonical\" href=\"https:\/\/lesvolcansnews.net\/?p=71775\" \/>\n<meta property=\"og:locale\" content=\"fr_FR\" \/>\n<meta property=\"og:type\" content=\"article\" \/>\n<meta property=\"og:title\" content=\"RDC : les FARDC pr\u00e9sentent 7 militaires et 8 civils \u00e9trangers captur\u00e9s sur le front - LES VOLCANS NEWS\" \/>\n<meta property=\"og:description\" content=\"L&#8217;arm\u00e9e congolaise a pr\u00e9sent\u00e9, ce samedi 3 janvier \u00e0 Kinshasa, sept militaires rwandais et huit civils \u00e9trangers captur\u00e9s lors des r\u00e9centes op\u00e9rations militaires dans les provinces du Nord-Kivu et du\" \/>\n<meta property=\"og:url\" content=\"https:\/\/lesvolcansnews.net\/?p=71775\" \/>\n<meta property=\"og:site_name\" content=\"LES VOLCANS NEWS\" \/>\n<meta property=\"article:published_time\" content=\"2026-01-03T10:42:46+00:00\" \/>\n<meta property=\"og:image\" content=\"https:\/\/lesvolcansnews.net\/wp-content\/uploads\/2026\/01\/20260103_104351.jpg\" \/>\n\t<meta property=\"og:image:width\" content=\"760\" \/>\n\t<meta property=\"og:image:height\" content=\"342\" \/>\n\t<meta property=\"og:image:type\" content=\"image\/jpeg\" \/>\n<meta name=\"author\" content=\"R\u00e9daction - Les Volcans News\" \/>\n<meta name=\"twitter:card\" content=\"summary_large_image\" \/>\n<meta name=\"twitter:label1\" content=\"\u00c9crit par\" \/>\n\t<meta name=\"twitter:data1\" content=\"R\u00e9daction - Les Volcans News\" \/>\n\t<meta name=\"twitter:label2\" content=\"Dur\u00e9e de lecture estim\u00e9e\" \/>\n\t<meta name=\"twitter:data2\" content=\"1 minute\" \/>\n<script type=\"application\/ld+json\" class=\"yoast-schema-graph\">{\"@context\":\"https:\\\/\\\/schema.org\",\"@graph\":[{\"@type\":\"Article\",\"@id\":\"https:\\\/\\\/lesvolcansnews.net\\\/?p=71775#article\",\"isPartOf\":{\"@id\":\"https:\\\/\\\/lesvolcansnews.net\\\/?p=71775\"},\"author\":{\"name\":\"R\u00e9daction - Les Volcans News\",\"@id\":\"https:\\\/\\\/lesvolcansnews.net\\\/#\\\/schema\\\/person\\\/82c8bed2e77879ecf6cca63441f57354\"},\"headline\":\"RDC : les FARDC pr\u00e9sentent 7 militaires et 8 civils \u00e9trangers captur\u00e9s sur le front\",\"datePublished\":\"2026-01-03T10:42:46+00:00\",\"mainEntityOfPage\":{\"@id\":\"https:\\\/\\\/lesvolcansnews.net\\\/?p=71775\"},\"wordCount\":276,\"commentCount\":0,\"image\":{\"@id\":\"https:\\\/\\\/lesvolcansnews.net\\\/?p=71775#primaryimage\"},\"thumbnailUrl\":\"https:\\\/\\\/lesvolcansnews.net\\\/wp-content\\\/uploads\\\/2026\\\/01\\\/20260103_104351.jpg\",\"articleSection\":[\"ACTUALIT\u00c9\"],\"inLanguage\":\"fr-FR\",\"potentialAction\":[{\"@type\":\"CommentAction\",\"name\":\"Comment\",\"target\":[\"https:\\\/\\\/lesvolcansnews.net\\\/?p=71775#respond\"]}]},{\"@type\":\"WebPage\",\"@id\":\"https:\\\/\\\/lesvolcansnews.net\\\/?p=71775\",\"url\":\"https:\\\/\\\/lesvolcansnews.net\\\/?p=71775\",\"name\":\"RDC : les FARDC pr\u00e9sentent 7 militaires et 8 civils \u00e9trangers captur\u00e9s sur le front - LES VOLCANS NEWS\",\"isPartOf\":{\"@id\":\"https:\\\/\\\/lesvolcansnews.net\\\/#website\"},\"primaryImageOfPage\":{\"@id\":\"https:\\\/\\\/lesvolcansnews.net\\\/?p=71775#primaryimage\"},\"image\":{\"@id\":\"https:\\\/\\\/lesvolcansnews.net\\\/?p=71775#primaryimage\"},\"thumbnailUrl\":\"https:\\\/\\\/lesvolcansnews.net\\\/wp-content\\\/uploads\\\/2026\\\/01\\\/20260103_104351.jpg\",\"datePublished\":\"2026-01-03T10:42:46+00:00\",\"author\":{\"@id\":\"https:\\\/\\\/lesvolcansnews.net\\\/#\\\/schema\\\/person\\\/82c8bed2e77879ecf6cca63441f57354\"},\"breadcrumb\":{\"@id\":\"https:\\\/\\\/lesvolcansnews.net\\\/?p=71775#breadcrumb\"},\"inLanguage\":\"fr-FR\",\"potentialAction\":[{\"@type\":\"ReadAction\",\"target\":[\"https:\\\/\\\/lesvolcansnews.net\\\/?p=71775\"]}]},{\"@type\":\"ImageObject\",\"inLanguage\":\"fr-FR\",\"@id\":\"https:\\\/\\\/lesvolcansnews.net\\\/?p=71775#primaryimage\",\"url\":\"https:\\\/\\\/lesvolcansnews.net\\\/wp-content\\\/uploads\\\/2026\\\/01\\\/20260103_104351.jpg\",\"contentUrl\":\"https:\\\/\\\/lesvolcansnews.net\\\/wp-content\\\/uploads\\\/2026\\\/01\\\/20260103_104351.jpg\",\"width\":760,\"height\":342},{\"@type\":\"BreadcrumbList\",\"@id\":\"https:\\\/\\\/lesvolcansnews.net\\\/?p=71775#breadcrumb\",\"itemListElement\":[{\"@type\":\"ListItem\",\"position\":1,\"name\":\"Accueil\",\"item\":\"https:\\\/\\\/lesvolcansnews.net\\\/\"},{\"@type\":\"ListItem\",\"position\":2,\"name\":\"RDC : les FARDC pr\u00e9sentent 7 militaires et 8 civils \u00e9trangers captur\u00e9s sur le front\"}]},{\"@type\":\"WebSite\",\"@id\":\"https:\\\/\\\/lesvolcansnews.net\\\/#website\",\"url\":\"https:\\\/\\\/lesvolcansnews.net\\\/\",\"name\":\"LES VOLCANS NEWS\",\"description\":\"L&#039;INFORMATION C&#039;EST NOUS\",\"potentialAction\":[{\"@type\":\"SearchAction\",\"target\":{\"@type\":\"EntryPoint\",\"urlTemplate\":\"https:\\\/\\\/lesvolcansnews.net\\\/?s={search_term_string}\"},\"query-input\":{\"@type\":\"PropertyValueSpecification\",\"valueRequired\":true,\"valueName\":\"search_term_string\"}}],\"inLanguage\":\"fr-FR\"},{\"@type\":\"Person\",\"@id\":\"https:\\\/\\\/lesvolcansnews.net\\\/#\\\/schema\\\/person\\\/82c8bed2e77879ecf6cca63441f57354\",\"name\":\"R\u00e9daction - Les Volcans News\",\"image\":{\"@type\":\"ImageObject\",\"inLanguage\":\"fr-FR\",\"@id\":\"https:\\\/\\\/secure.gravatar.com\\\/avatar\\\/8408942dd851e8a9c09f3d382a661bc05d2b3cd9002139bc1795b9528cdc6c80?s=96&d=mm&r=g\",\"url\":\"https:\\\/\\\/secure.gravatar.com\\\/avatar\\\/8408942dd851e8a9c09f3d382a661bc05d2b3cd9002139bc1795b9528cdc6c80?s=96&d=mm&r=g\",\"contentUrl\":\"https:\\\/\\\/secure.gravatar.com\\\/avatar\\\/8408942dd851e8a9c09f3d382a661bc05d2b3cd9002139bc1795b9528cdc6c80?s=96&d=mm&r=g\",\"caption\":\"R\u00e9daction - Les Volcans News\"},\"url\":\"https:\\\/\\\/lesvolcansnews.net\\\/?author=14\"}]}<\/script>\n<!-- \/ Yoast SEO plugin. -->","yoast_head_json":{"title":"RDC : les FARDC pr\u00e9sentent 7 militaires et 8 civils \u00e9trangers captur\u00e9s sur le front - LES VOLCANS NEWS","robots":{"index":"index","follow":"follow","max-snippet":"max-snippet:-1","max-image-preview":"max-image-preview:large","max-video-preview":"max-video-preview:-1"},"canonical":"https:\/\/lesvolcansnews.net\/?p=71775","og_locale":"fr_FR","og_type":"article","og_title":"RDC : les FARDC pr\u00e9sentent 7 militaires et 8 civils \u00e9trangers captur\u00e9s sur le front - LES VOLCANS NEWS","og_description":"L&#8217;arm\u00e9e congolaise a pr\u00e9sent\u00e9, ce samedi 3 janvier \u00e0 Kinshasa, sept militaires rwandais et huit civils \u00e9trangers captur\u00e9s lors des r\u00e9centes op\u00e9rations militaires dans les provinces du Nord-Kivu et du","og_url":"https:\/\/lesvolcansnews.net\/?p=71775","og_site_name":"LES VOLCANS NEWS","article_published_time":"2026-01-03T10:42:46+00:00","og_image":[{"width":760,"height":342,"url":"https:\/\/lesvolcansnews.net\/wp-content\/uploads\/2026\/01\/20260103_104351.jpg","type":"image\/jpeg"}],"author":"R\u00e9daction - Les Volcans News","twitter_card":"summary_large_image","twitter_misc":{"\u00c9crit par":"R\u00e9daction - Les Volcans News","Dur\u00e9e de lecture estim\u00e9e":"1 minute"},"schema":{"@context":"https:\/\/schema.org","@graph":[{"@type":"Article","@id":"https:\/\/lesvolcansnews.net\/?p=71775#article","isPartOf":{"@id":"https:\/\/lesvolcansnews.net\/?p=71775"},"author":{"name":"R\u00e9daction - Les Volcans News","@id":"https:\/\/lesvolcansnews.net\/#\/schema\/person\/82c8bed2e77879ecf6cca63441f57354"},"headline":"RDC : les FARDC pr\u00e9sentent 7 militaires et 8 civils \u00e9trangers captur\u00e9s sur le front","datePublished":"2026-01-03T10:42:46+00:00","mainEntityOfPage":{"@id":"https:\/\/lesvolcansnews.net\/?p=71775"},"wordCount":276,"commentCount":0,"image":{"@id":"https:\/\/lesvolcansnews.net\/?p=71775#primaryimage"},"thumbnailUrl":"https:\/\/lesvolcansnews.net\/wp-content\/uploads\/2026\/01\/20260103_104351.jpg","articleSection":["ACTUALIT\u00c9"],"inLanguage":"fr-FR","potentialAction":[{"@type":"CommentAction","name":"Comment","target":["https:\/\/lesvolcansnews.net\/?p=71775#respond"]}]},{"@type":"WebPage","@id":"https:\/\/lesvolcansnews.net\/?p=71775","url":"https:\/\/lesvolcansnews.net\/?p=71775","name":"RDC : les FARDC pr\u00e9sentent 7 militaires et 8 civils \u00e9trangers captur\u00e9s sur le front - LES VOLCANS NEWS","isPartOf":{"@id":"https:\/\/lesvolcansnews.net\/#website"},"primaryImageOfPage":{"@id":"https:\/\/lesvolcansnews.net\/?p=71775#primaryimage"},"image":{"@id":"https:\/\/lesvolcansnews.net\/?p=71775#primaryimage"},"thumbnailUrl":"https:\/\/lesvolcansnews.net\/wp-content\/uploads\/2026\/01\/20260103_104351.jpg","datePublished":"2026-01-03T10:42:46+00:00","author":{"@id":"https:\/\/lesvolcansnews.net\/#\/schema\/person\/82c8bed2e77879ecf6cca63441f57354"},"breadcrumb":{"@id":"https:\/\/lesvolcansnews.net\/?p=71775#breadcrumb"},"inLanguage":"fr-FR","potentialAction":[{"@type":"ReadAction","target":["https:\/\/lesvolcansnews.net\/?p=71775"]}]},{"@type":"ImageObject","inLanguage":"fr-FR","@id":"https:\/\/lesvolcansnews.net\/?p=71775#primaryimage","url":"https:\/\/lesvolcansnews.net\/wp-content\/uploads\/2026\/01\/20260103_104351.jpg","contentUrl":"https:\/\/lesvolcansnews.net\/wp-content\/uploads\/2026\/01\/20260103_104351.jpg","width":760,"height":342},{"@type":"BreadcrumbList","@id":"https:\/\/lesvolcansnews.net\/?p=71775#breadcrumb","itemListElement":[{"@type":"ListItem","position":1,"name":"Accueil","item":"https:\/\/lesvolcansnews.net\/"},{"@type":"ListItem","position":2,"name":"RDC : les FARDC pr\u00e9sentent 7 militaires et 8 civils \u00e9trangers captur\u00e9s sur le front"}]},{"@type":"WebSite","@id":"https:\/\/lesvolcansnews.net\/#website","url":"https:\/\/lesvolcansnews.net\/","name":"LES VOLCANS NEWS","description":"L&#039;INFORMATION C&#039;EST NOUS","potentialAction":[{"@type":"SearchAction","target":{"@type":"EntryPoint","urlTemplate":"https:\/\/lesvolcansnews.net\/?s={search_term_string}"},"query-input":{"@type":"PropertyValueSpecification","valueRequired":true,"valueName":"search_term_string"}}],"inLanguage":"fr-FR"},{"@type":"Person","@id":"https:\/\/lesvolcansnews.net\/#\/schema\/person\/82c8bed2e77879ecf6cca63441f57354","name":"R\u00e9daction - Les Volcans News","image":{"@type":"ImageObject","inLanguage":"fr-FR","@id":"https:\/\/secure.gravatar.com\/avatar\/8408942dd851e8a9c09f3d382a661bc05d2b3cd9002139bc1795b9528cdc6c80?s=96&d=mm&r=g","url":"https:\/\/secure.gravatar.com\/avatar\/8408942dd851e8a9c09f3d382a661bc05d2b3cd9002139bc1795b9528cdc6c80?s=96&d=mm&r=g","contentUrl":"https:\/\/secure.gravatar.com\/avatar\/8408942dd851e8a9c09f3d382a661bc05d2b3cd9002139bc1795b9528cdc6c80?s=96&d=mm&r=g","caption":"R\u00e9daction - Les Volcans News"},"url":"https:\/\/lesvolcansnews.net\/?author=14"}]}},"_links":{"self":[{"href":"https:\/\/lesvolcansnews.net\/index.php?rest_route=\/wp\/v2\/posts\/71775","targetHints":{"allow":["GET"]}}],"collection":[{"href":"https:\/\/lesvolcansnews.net\/index.php?rest_route=\/wp\/v2\/posts"}],"about":[{"href":"https:\/\/lesvolcansnews.net\/index.php?rest_route=\/wp\/v2\/types\/post"}],"author":[{"embeddable":true,"href":"https:\/\/lesvolcansnews.net\/index.php?rest_route=\/wp\/v2\/users\/14"}],"replies":[{"embeddable":true,"href":"https:\/\/lesvolcansnews.net\/index.php?rest_route=%2Fwp%2Fv2%2Fcomments&post=71775"}],"version-history":[{"count":0,"href":"https:\/\/lesvolcansnews.net\/index.php?rest_route=\/wp\/v2\/posts\/71775\/revisions"}],"wp:featuredmedia":[{"embeddable":true,"href":"https:\/\/lesvolcansnews.net\/index.php?rest_route=\/wp\/v2\/media\/71774"}],"wp:attachment":[{"href":"https:\/\/lesvolcansnews.net\/index.php?rest_route=%2Fwp%2Fv2%2Fmedia&parent=71775"}],"wp:term":[{"taxonomy":"category","embeddable":true,"href":"https:\/\/lesvolcansnews.net\/index.php?rest_route=%2Fwp%2Fv2%2Fcategories&post=71775"},{"taxonomy":"post_tag","embeddable":true,"href":"https:\/\/lesvolcansnews.net\/index.php?rest_route=%2Fwp%2Fv2%2Ftags&post=71775"}],"curies":[{"name":"wp","href":"https:\/\/api.w.org\/{rel}","templated":true}]}}