{"id":71763,"date":"2026-01-02T18:32:30","date_gmt":"2026-01-02T16:32:30","guid":{"rendered":"https:\/\/lesvolcansnews.net\/2026\/01\/02\/rdc-en-2026-guy-kabombo-priorise-la-reconquete-des-territoires-occupes-par-lafc-m23\/"},"modified":"2026-01-02T18:32:30","modified_gmt":"2026-01-02T16:32:30","slug":"rdc-en-2026-guy-kabombo-priorise-la-reconquete-des-territoires-occupes-par-lafc-m23","status":"publish","type":"post","link":"https:\/\/lesvolcansnews.net\/?p=71763","title":{"rendered":"RDC : En 2026, Guy Kabombo priorise la reconqu\u00eate des territoires occup\u00e9s par l&#8217;AFC\/M23"},"content":{"rendered":"\n<p><\/p>\n\n\n\n<p><strong>Pour l\u2019ann\u00e9e 2026, le vice-Premier ministre et ministre de la D\u00e9fense nationale place en priorit\u00e9 la restauration de l\u2019autorit\u00e9 de l\u2019\u00c9tat sur l\u2019ensemble du territoire national et la reconqu\u00eate des zones actuellement sous occupation.<\/strong><\/p>\n\n\n\n<p>Guy Kabombo Muadiamvita a exprim\u00e9 ce v\u0153u dans un message adress\u00e9 \u00e0 Radio Okapi le 1er janvier. Il a soulign\u00e9 la d\u00e9termination des Forces arm\u00e9es de la R\u00e9publique d\u00e9mocratique du Congo (FARDC) \u00e0 d\u00e9fendre la souverainet\u00e9 nationale et \u00e0 prot\u00e9ger les citoyens sur toute l\u2019\u00e9tendue du pays.<\/p>\n\n\n\n<p>Le vice-Premier ministre a \u00e9galement rendu hommage aux militaires tomb\u00e9s sur le champ d\u2019honneur et encourag\u00e9 les FARDC pour leur engagement ind\u00e9fectible sous le drapeau national.<\/p>\n\n\n\n<p>\u00ab Les t\u00e9n\u00e8bres ne r\u00e9gneront pas toujours \u00bb, a-t-il affirm\u00e9, rappelant que 2026 s\u2019annonce comme une ann\u00e9e porteuse d\u2019espoir et de renouveau pour la nation.<\/p>\n\n\n\n<p>Guy Kabombo Muadiamvita r\u00e9affirme son attachement \u00e0 la paix, \u00e0 la s\u00e9curit\u00e9 et au d\u00e9veloppement, tout en appelant les Congolais \u00e0 la solidarit\u00e9, au courage et \u00e0 la confiance en l\u2019avenir.<\/p>\n\n\n\n<p>Un jour auparavant, soit le 31 d\u00e9cembre, le vice-Premier ministre en charge de la D\u00e9fense nationale avait effectu\u00e9 un suivi r\u00e9gulier des capacit\u00e9s op\u00e9rationnelles des FARDC, avec un accent particulier sur les infrastructures militaires, \u00e0 Kalemie, dans la province du Tanganyika.<\/p>\n\n\n\n<p>Au cours de son s\u00e9jour, Guy Kabombo Muadiamvita a dirig\u00e9 une s\u00e9ance de travail strat\u00e9gique \u00e0 huis clos au quartier g\u00e9n\u00e9ral du 22\u1d49 Groupement de la Force navale. Cette rencontre, organis\u00e9e en pr\u00e9sence du chef d\u2019\u00c9tat-major g\u00e9n\u00e9ral adjoint charg\u00e9 des op\u00e9rations et des renseignements, a permis de passer en revue les enjeux s\u00e9curitaires et les d\u00e9fis op\u00e9rationnels propres \u00e0 cette unit\u00e9.<\/p>\n\n\n\n<p>La visite s\u2019est poursuivie par une inspection des installations logistiques et techniques, notamment les structures de maintenance et d\u2019appui op\u00e9rationnel.<\/p>\n\n\n\n<p>A travers cette d\u00e9marche, Guy Kabombo Muadiamvita a voulu appr\u00e9cier les conditions de travail des militaires et identifier les besoins prioritaires en vue du renforcement des moyens de d\u00e9fense dans cette partie du pays.<\/p>\n\n\n\n<p>R\u00e9daction<\/p>\n\n\n\n<p><\/p>\n","protected":false},"excerpt":{"rendered":"<p>Pour l\u2019ann\u00e9e 2026, le vice-Premier ministre et ministre de la D\u00e9fense nationale place en priorit\u00e9 la restauration de l\u2019autorit\u00e9 de l\u2019\u00c9tat sur l\u2019ensemble du territoire national et la reconqu\u00eate des<\/p>\n","protected":false},"author":14,"featured_media":71762,"comment_status":"open","ping_status":"open","sticky":false,"template":"","format":"standard","meta":{"footnotes":""},"categories":[1],"tags":[],"class_list":["post-71763","post","type-post","status-publish","format-standard","has-post-thumbnail","hentry","category-actualite"],"yoast_head":"<!-- This site is optimized with the Yoast SEO plugin v27.3 - https:\/\/yoast.com\/product\/yoast-seo-wordpress\/ -->\n<title>RDC : En 2026, Guy Kabombo priorise la reconqu\u00eate des territoires occup\u00e9s par l&#039;AFC\/M23 - LES VOLCANS NEWS<\/title>\n<meta name=\"robots\" content=\"index, follow, max-snippet:-1, max-image-preview:large, max-video-preview:-1\" \/>\n<link rel=\"canonical\" href=\"https:\/\/lesvolcansnews.net\/?p=71763\" \/>\n<meta property=\"og:locale\" content=\"fr_FR\" \/>\n<meta property=\"og:type\" content=\"article\" \/>\n<meta property=\"og:title\" content=\"RDC : En 2026, Guy Kabombo priorise la reconqu\u00eate des territoires occup\u00e9s par l&#039;AFC\/M23 - LES VOLCANS NEWS\" \/>\n<meta property=\"og:description\" content=\"Pour l\u2019ann\u00e9e 2026, le vice-Premier ministre et ministre de la D\u00e9fense nationale place en priorit\u00e9 la restauration de l\u2019autorit\u00e9 de l\u2019\u00c9tat sur l\u2019ensemble du territoire national et la reconqu\u00eate des\" \/>\n<meta property=\"og:url\" content=\"https:\/\/lesvolcansnews.net\/?p=71763\" \/>\n<meta property=\"og:site_name\" content=\"LES VOLCANS NEWS\" \/>\n<meta property=\"article:published_time\" content=\"2026-01-02T16:32:30+00:00\" \/>\n<meta property=\"og:image\" content=\"https:\/\/lesvolcansnews.net\/wp-content\/uploads\/2026\/01\/20260102_172927.jpg\" \/>\n\t<meta property=\"og:image:width\" content=\"1024\" \/>\n\t<meta property=\"og:image:height\" content=\"810\" \/>\n\t<meta property=\"og:image:type\" content=\"image\/jpeg\" \/>\n<meta name=\"author\" content=\"R\u00e9daction - Les Volcans News\" \/>\n<meta name=\"twitter:card\" content=\"summary_large_image\" \/>\n<meta name=\"twitter:label1\" content=\"\u00c9crit par\" \/>\n\t<meta name=\"twitter:data1\" content=\"R\u00e9daction - Les Volcans News\" \/>\n\t<meta name=\"twitter:label2\" content=\"Dur\u00e9e de lecture estim\u00e9e\" \/>\n\t<meta name=\"twitter:data2\" content=\"2 minutes\" \/>\n<script type=\"application\/ld+json\" class=\"yoast-schema-graph\">{\"@context\":\"https:\\\/\\\/schema.org\",\"@graph\":[{\"@type\":\"Article\",\"@id\":\"https:\\\/\\\/lesvolcansnews.net\\\/?p=71763#article\",\"isPartOf\":{\"@id\":\"https:\\\/\\\/lesvolcansnews.net\\\/?p=71763\"},\"author\":{\"name\":\"R\u00e9daction - Les Volcans News\",\"@id\":\"https:\\\/\\\/lesvolcansnews.net\\\/#\\\/schema\\\/person\\\/82c8bed2e77879ecf6cca63441f57354\"},\"headline\":\"RDC : En 2026, Guy Kabombo priorise la reconqu\u00eate des territoires occup\u00e9s par l&#8217;AFC\\\/M23\",\"datePublished\":\"2026-01-02T16:32:30+00:00\",\"mainEntityOfPage\":{\"@id\":\"https:\\\/\\\/lesvolcansnews.net\\\/?p=71763\"},\"wordCount\":374,\"commentCount\":0,\"image\":{\"@id\":\"https:\\\/\\\/lesvolcansnews.net\\\/?p=71763#primaryimage\"},\"thumbnailUrl\":\"https:\\\/\\\/lesvolcansnews.net\\\/wp-content\\\/uploads\\\/2026\\\/01\\\/20260102_172927.jpg\",\"articleSection\":[\"ACTUALIT\u00c9\"],\"inLanguage\":\"fr-FR\",\"potentialAction\":[{\"@type\":\"CommentAction\",\"name\":\"Comment\",\"target\":[\"https:\\\/\\\/lesvolcansnews.net\\\/?p=71763#respond\"]}]},{\"@type\":\"WebPage\",\"@id\":\"https:\\\/\\\/lesvolcansnews.net\\\/?p=71763\",\"url\":\"https:\\\/\\\/lesvolcansnews.net\\\/?p=71763\",\"name\":\"RDC : En 2026, Guy Kabombo priorise la reconqu\u00eate des territoires occup\u00e9s par l'AFC\\\/M23 - LES VOLCANS NEWS\",\"isPartOf\":{\"@id\":\"https:\\\/\\\/lesvolcansnews.net\\\/#website\"},\"primaryImageOfPage\":{\"@id\":\"https:\\\/\\\/lesvolcansnews.net\\\/?p=71763#primaryimage\"},\"image\":{\"@id\":\"https:\\\/\\\/lesvolcansnews.net\\\/?p=71763#primaryimage\"},\"thumbnailUrl\":\"https:\\\/\\\/lesvolcansnews.net\\\/wp-content\\\/uploads\\\/2026\\\/01\\\/20260102_172927.jpg\",\"datePublished\":\"2026-01-02T16:32:30+00:00\",\"author\":{\"@id\":\"https:\\\/\\\/lesvolcansnews.net\\\/#\\\/schema\\\/person\\\/82c8bed2e77879ecf6cca63441f57354\"},\"breadcrumb\":{\"@id\":\"https:\\\/\\\/lesvolcansnews.net\\\/?p=71763#breadcrumb\"},\"inLanguage\":\"fr-FR\",\"potentialAction\":[{\"@type\":\"ReadAction\",\"target\":[\"https:\\\/\\\/lesvolcansnews.net\\\/?p=71763\"]}]},{\"@type\":\"ImageObject\",\"inLanguage\":\"fr-FR\",\"@id\":\"https:\\\/\\\/lesvolcansnews.net\\\/?p=71763#primaryimage\",\"url\":\"https:\\\/\\\/lesvolcansnews.net\\\/wp-content\\\/uploads\\\/2026\\\/01\\\/20260102_172927.jpg\",\"contentUrl\":\"https:\\\/\\\/lesvolcansnews.net\\\/wp-content\\\/uploads\\\/2026\\\/01\\\/20260102_172927.jpg\",\"width\":1024,\"height\":810},{\"@type\":\"BreadcrumbList\",\"@id\":\"https:\\\/\\\/lesvolcansnews.net\\\/?p=71763#breadcrumb\",\"itemListElement\":[{\"@type\":\"ListItem\",\"position\":1,\"name\":\"Accueil\",\"item\":\"https:\\\/\\\/lesvolcansnews.net\\\/\"},{\"@type\":\"ListItem\",\"position\":2,\"name\":\"RDC : En 2026, Guy Kabombo priorise la reconqu\u00eate des territoires occup\u00e9s par l&#8217;AFC\\\/M23\"}]},{\"@type\":\"WebSite\",\"@id\":\"https:\\\/\\\/lesvolcansnews.net\\\/#website\",\"url\":\"https:\\\/\\\/lesvolcansnews.net\\\/\",\"name\":\"LES VOLCANS NEWS\",\"description\":\"L&#039;INFORMATION C&#039;EST NOUS\",\"potentialAction\":[{\"@type\":\"SearchAction\",\"target\":{\"@type\":\"EntryPoint\",\"urlTemplate\":\"https:\\\/\\\/lesvolcansnews.net\\\/?s={search_term_string}\"},\"query-input\":{\"@type\":\"PropertyValueSpecification\",\"valueRequired\":true,\"valueName\":\"search_term_string\"}}],\"inLanguage\":\"fr-FR\"},{\"@type\":\"Person\",\"@id\":\"https:\\\/\\\/lesvolcansnews.net\\\/#\\\/schema\\\/person\\\/82c8bed2e77879ecf6cca63441f57354\",\"name\":\"R\u00e9daction - Les Volcans News\",\"image\":{\"@type\":\"ImageObject\",\"inLanguage\":\"fr-FR\",\"@id\":\"https:\\\/\\\/secure.gravatar.com\\\/avatar\\\/8408942dd851e8a9c09f3d382a661bc05d2b3cd9002139bc1795b9528cdc6c80?s=96&d=mm&r=g\",\"url\":\"https:\\\/\\\/secure.gravatar.com\\\/avatar\\\/8408942dd851e8a9c09f3d382a661bc05d2b3cd9002139bc1795b9528cdc6c80?s=96&d=mm&r=g\",\"contentUrl\":\"https:\\\/\\\/secure.gravatar.com\\\/avatar\\\/8408942dd851e8a9c09f3d382a661bc05d2b3cd9002139bc1795b9528cdc6c80?s=96&d=mm&r=g\",\"caption\":\"R\u00e9daction - Les Volcans News\"},\"url\":\"https:\\\/\\\/lesvolcansnews.net\\\/?author=14\"}]}<\/script>\n<!-- \/ Yoast SEO plugin. -->","yoast_head_json":{"title":"RDC : En 2026, Guy Kabombo priorise la reconqu\u00eate des territoires occup\u00e9s par l'AFC\/M23 - LES VOLCANS NEWS","robots":{"index":"index","follow":"follow","max-snippet":"max-snippet:-1","max-image-preview":"max-image-preview:large","max-video-preview":"max-video-preview:-1"},"canonical":"https:\/\/lesvolcansnews.net\/?p=71763","og_locale":"fr_FR","og_type":"article","og_title":"RDC : En 2026, Guy Kabombo priorise la reconqu\u00eate des territoires occup\u00e9s par l'AFC\/M23 - LES VOLCANS NEWS","og_description":"Pour l\u2019ann\u00e9e 2026, le vice-Premier ministre et ministre de la D\u00e9fense nationale place en priorit\u00e9 la restauration de l\u2019autorit\u00e9 de l\u2019\u00c9tat sur l\u2019ensemble du territoire national et la reconqu\u00eate des","og_url":"https:\/\/lesvolcansnews.net\/?p=71763","og_site_name":"LES VOLCANS NEWS","article_published_time":"2026-01-02T16:32:30+00:00","og_image":[{"width":1024,"height":810,"url":"https:\/\/lesvolcansnews.net\/wp-content\/uploads\/2026\/01\/20260102_172927.jpg","type":"image\/jpeg"}],"author":"R\u00e9daction - Les Volcans News","twitter_card":"summary_large_image","twitter_misc":{"\u00c9crit par":"R\u00e9daction - Les Volcans News","Dur\u00e9e de lecture estim\u00e9e":"2 minutes"},"schema":{"@context":"https:\/\/schema.org","@graph":[{"@type":"Article","@id":"https:\/\/lesvolcansnews.net\/?p=71763#article","isPartOf":{"@id":"https:\/\/lesvolcansnews.net\/?p=71763"},"author":{"name":"R\u00e9daction - Les Volcans News","@id":"https:\/\/lesvolcansnews.net\/#\/schema\/person\/82c8bed2e77879ecf6cca63441f57354"},"headline":"RDC : En 2026, Guy Kabombo priorise la reconqu\u00eate des territoires occup\u00e9s par l&#8217;AFC\/M23","datePublished":"2026-01-02T16:32:30+00:00","mainEntityOfPage":{"@id":"https:\/\/lesvolcansnews.net\/?p=71763"},"wordCount":374,"commentCount":0,"image":{"@id":"https:\/\/lesvolcansnews.net\/?p=71763#primaryimage"},"thumbnailUrl":"https:\/\/lesvolcansnews.net\/wp-content\/uploads\/2026\/01\/20260102_172927.jpg","articleSection":["ACTUALIT\u00c9"],"inLanguage":"fr-FR","potentialAction":[{"@type":"CommentAction","name":"Comment","target":["https:\/\/lesvolcansnews.net\/?p=71763#respond"]}]},{"@type":"WebPage","@id":"https:\/\/lesvolcansnews.net\/?p=71763","url":"https:\/\/lesvolcansnews.net\/?p=71763","name":"RDC : En 2026, Guy Kabombo priorise la reconqu\u00eate des territoires occup\u00e9s par l'AFC\/M23 - LES VOLCANS NEWS","isPartOf":{"@id":"https:\/\/lesvolcansnews.net\/#website"},"primaryImageOfPage":{"@id":"https:\/\/lesvolcansnews.net\/?p=71763#primaryimage"},"image":{"@id":"https:\/\/lesvolcansnews.net\/?p=71763#primaryimage"},"thumbnailUrl":"https:\/\/lesvolcansnews.net\/wp-content\/uploads\/2026\/01\/20260102_172927.jpg","datePublished":"2026-01-02T16:32:30+00:00","author":{"@id":"https:\/\/lesvolcansnews.net\/#\/schema\/person\/82c8bed2e77879ecf6cca63441f57354"},"breadcrumb":{"@id":"https:\/\/lesvolcansnews.net\/?p=71763#breadcrumb"},"inLanguage":"fr-FR","potentialAction":[{"@type":"ReadAction","target":["https:\/\/lesvolcansnews.net\/?p=71763"]}]},{"@type":"ImageObject","inLanguage":"fr-FR","@id":"https:\/\/lesvolcansnews.net\/?p=71763#primaryimage","url":"https:\/\/lesvolcansnews.net\/wp-content\/uploads\/2026\/01\/20260102_172927.jpg","contentUrl":"https:\/\/lesvolcansnews.net\/wp-content\/uploads\/2026\/01\/20260102_172927.jpg","width":1024,"height":810},{"@type":"BreadcrumbList","@id":"https:\/\/lesvolcansnews.net\/?p=71763#breadcrumb","itemListElement":[{"@type":"ListItem","position":1,"name":"Accueil","item":"https:\/\/lesvolcansnews.net\/"},{"@type":"ListItem","position":2,"name":"RDC : En 2026, Guy Kabombo priorise la reconqu\u00eate des territoires occup\u00e9s par l&#8217;AFC\/M23"}]},{"@type":"WebSite","@id":"https:\/\/lesvolcansnews.net\/#website","url":"https:\/\/lesvolcansnews.net\/","name":"LES VOLCANS NEWS","description":"L&#039;INFORMATION C&#039;EST NOUS","potentialAction":[{"@type":"SearchAction","target":{"@type":"EntryPoint","urlTemplate":"https:\/\/lesvolcansnews.net\/?s={search_term_string}"},"query-input":{"@type":"PropertyValueSpecification","valueRequired":true,"valueName":"search_term_string"}}],"inLanguage":"fr-FR"},{"@type":"Person","@id":"https:\/\/lesvolcansnews.net\/#\/schema\/person\/82c8bed2e77879ecf6cca63441f57354","name":"R\u00e9daction - Les Volcans News","image":{"@type":"ImageObject","inLanguage":"fr-FR","@id":"https:\/\/secure.gravatar.com\/avatar\/8408942dd851e8a9c09f3d382a661bc05d2b3cd9002139bc1795b9528cdc6c80?s=96&d=mm&r=g","url":"https:\/\/secure.gravatar.com\/avatar\/8408942dd851e8a9c09f3d382a661bc05d2b3cd9002139bc1795b9528cdc6c80?s=96&d=mm&r=g","contentUrl":"https:\/\/secure.gravatar.com\/avatar\/8408942dd851e8a9c09f3d382a661bc05d2b3cd9002139bc1795b9528cdc6c80?s=96&d=mm&r=g","caption":"R\u00e9daction - Les Volcans News"},"url":"https:\/\/lesvolcansnews.net\/?author=14"}]}},"_links":{"self":[{"href":"https:\/\/lesvolcansnews.net\/index.php?rest_route=\/wp\/v2\/posts\/71763","targetHints":{"allow":["GET"]}}],"collection":[{"href":"https:\/\/lesvolcansnews.net\/index.php?rest_route=\/wp\/v2\/posts"}],"about":[{"href":"https:\/\/lesvolcansnews.net\/index.php?rest_route=\/wp\/v2\/types\/post"}],"author":[{"embeddable":true,"href":"https:\/\/lesvolcansnews.net\/index.php?rest_route=\/wp\/v2\/users\/14"}],"replies":[{"embeddable":true,"href":"https:\/\/lesvolcansnews.net\/index.php?rest_route=%2Fwp%2Fv2%2Fcomments&post=71763"}],"version-history":[{"count":0,"href":"https:\/\/lesvolcansnews.net\/index.php?rest_route=\/wp\/v2\/posts\/71763\/revisions"}],"wp:featuredmedia":[{"embeddable":true,"href":"https:\/\/lesvolcansnews.net\/index.php?rest_route=\/wp\/v2\/media\/71762"}],"wp:attachment":[{"href":"https:\/\/lesvolcansnews.net\/index.php?rest_route=%2Fwp%2Fv2%2Fmedia&parent=71763"}],"wp:term":[{"taxonomy":"category","embeddable":true,"href":"https:\/\/lesvolcansnews.net\/index.php?rest_route=%2Fwp%2Fv2%2Fcategories&post=71763"},{"taxonomy":"post_tag","embeddable":true,"href":"https:\/\/lesvolcansnews.net\/index.php?rest_route=%2Fwp%2Fv2%2Ftags&post=71763"}],"curies":[{"name":"wp","href":"https:\/\/api.w.org\/{rel}","templated":true}]}}