{"id":71754,"date":"2026-01-02T14:17:22","date_gmt":"2026-01-02T12:17:22","guid":{"rendered":"https:\/\/lesvolcansnews.net\/2026\/01\/02\/masisi-de-combats-entre-lafc-m23-et-les-wazalendo\/"},"modified":"2026-01-02T14:53:56","modified_gmt":"2026-01-02T12:53:56","slug":"masisi-de-combats-entre-lafc-m23-et-les-wazalendo","status":"publish","type":"post","link":"https:\/\/lesvolcansnews.net\/?p=71754","title":{"rendered":"Masisi : de combats entre l\u2019AFC\/M23 et les Wazalendo"},"content":{"rendered":"\n<p><\/p>\n\n\n\n<p><strong>Des affrontements ont repris vendredi 2 janvier dans le territoire de Masisi, en province du Nord-Kivu, opposant les \u00e9l\u00e9ments de l\u2019AFC\/M23 aux Wazalendo.<\/strong><\/p>\n\n\n\n<p>D\u2019apr\u00e8s ces sources, des tirs d\u2019armes lourdes et l\u00e9g\u00e8res ont \u00e9t\u00e9 entendus depuis la matin\u00e9e \u00e0 Kasenyi, dans le secteur de Katoyi. L\u2019intensit\u00e9 des combats a provoqu\u00e9 la panique parmi les habitants, dont plusieurs ont fui les zones affect\u00e9es.<\/p>\n\n\n\n<p>Des morts, bless\u00e9s et des maisons touch\u00e9es sont signal\u00e9s. Un tir a atteint le b\u00e2timent du bureau du terroir de Masisi.<\/p>\n\n\n\n<p>La reprise des hostilit\u00e9s intervient une semaine apr\u00e8s une offensive men\u00e9e par les Wazalendo, appuy\u00e9s par les forces arm\u00e9es congolaises, qui avaient repris le contr\u00f4le de la cit\u00e9 de Katoyi, chef-lieu du secteur portant le m\u00eame nom, \u00e0 l\u2019issue de brefs combats.<\/p>\n\n\n\n<p>Ces combats avaient entra\u00een\u00e9 un d\u00e9placement massif de la population civile vers d\u2019autres localit\u00e9s jug\u00e9es plus s\u00fbres.<\/p>\n\n\n\n<p>La situation s\u00e9curitaire reste volatile dans cette partie du Nord-Kivu, une province r\u00e9guli\u00e8rement secou\u00e9e par des affrontements entre groupes arm\u00e9s, malgr\u00e9 les appels r\u00e9p\u00e9t\u00e9s des autorit\u00e9s et de la communaut\u00e9 internationale \u00e0 la d\u00e9sescalade et \u00e0 la protection des civils.<\/p>\n\n\n\n<p>Le M23\/AFC a \u00e9t\u00e9 appel\u00e9 par la communaut\u00e9 internationale \u00e0 se retirer des zones qu&#8217;il occupe.<\/p>\n\n\n\n<p>La r\u00e9daction<\/p>\n","protected":false},"excerpt":{"rendered":"<p>Des affrontements ont repris vendredi 2 janvier dans le territoire de Masisi, en province du Nord-Kivu, opposant les \u00e9l\u00e9ments de l\u2019AFC\/M23 aux Wazalendo. D\u2019apr\u00e8s ces sources, des tirs d\u2019armes lourdes<\/p>\n","protected":false},"author":14,"featured_media":71753,"comment_status":"open","ping_status":"open","sticky":false,"template":"","format":"standard","meta":{"footnotes":""},"categories":[32],"tags":[],"class_list":["post-71754","post","type-post","status-publish","format-standard","has-post-thumbnail","hentry","category-securite"],"yoast_head":"<!-- This site is optimized with the Yoast SEO plugin v27.3 - https:\/\/yoast.com\/product\/yoast-seo-wordpress\/ -->\n<title>Masisi : de combats entre l\u2019AFC\/M23 et les Wazalendo - LES VOLCANS NEWS<\/title>\n<meta name=\"robots\" content=\"index, follow, max-snippet:-1, max-image-preview:large, max-video-preview:-1\" \/>\n<link rel=\"canonical\" href=\"https:\/\/lesvolcansnews.net\/?p=71754\" \/>\n<meta property=\"og:locale\" content=\"fr_FR\" \/>\n<meta property=\"og:type\" content=\"article\" \/>\n<meta property=\"og:title\" content=\"Masisi : de combats entre l\u2019AFC\/M23 et les Wazalendo - LES VOLCANS NEWS\" \/>\n<meta property=\"og:description\" content=\"Des affrontements ont repris vendredi 2 janvier dans le territoire de Masisi, en province du Nord-Kivu, opposant les \u00e9l\u00e9ments de l\u2019AFC\/M23 aux Wazalendo. D\u2019apr\u00e8s ces sources, des tirs d\u2019armes lourdes\" \/>\n<meta property=\"og:url\" content=\"https:\/\/lesvolcansnews.net\/?p=71754\" \/>\n<meta property=\"og:site_name\" content=\"LES VOLCANS NEWS\" \/>\n<meta property=\"article:published_time\" content=\"2026-01-02T12:17:22+00:00\" \/>\n<meta property=\"article:modified_time\" content=\"2026-01-02T12:53:56+00:00\" \/>\n<meta property=\"og:image\" content=\"https:\/\/lesvolcansnews.net\/wp-content\/uploads\/2026\/01\/20251225_170545-scaled.jpg\" \/>\n\t<meta property=\"og:image:width\" content=\"2560\" \/>\n\t<meta property=\"og:image:height\" content=\"1556\" \/>\n\t<meta property=\"og:image:type\" content=\"image\/jpeg\" \/>\n<meta name=\"author\" content=\"R\u00e9daction - Les Volcans News\" \/>\n<meta name=\"twitter:card\" content=\"summary_large_image\" \/>\n<meta name=\"twitter:label1\" content=\"\u00c9crit par\" \/>\n\t<meta name=\"twitter:data1\" content=\"R\u00e9daction - Les Volcans News\" \/>\n\t<meta name=\"twitter:label2\" content=\"Dur\u00e9e de lecture estim\u00e9e\" \/>\n\t<meta name=\"twitter:data2\" content=\"1 minute\" \/>\n<script type=\"application\/ld+json\" class=\"yoast-schema-graph\">{\"@context\":\"https:\\\/\\\/schema.org\",\"@graph\":[{\"@type\":\"Article\",\"@id\":\"https:\\\/\\\/lesvolcansnews.net\\\/?p=71754#article\",\"isPartOf\":{\"@id\":\"https:\\\/\\\/lesvolcansnews.net\\\/?p=71754\"},\"author\":{\"name\":\"R\u00e9daction - Les Volcans News\",\"@id\":\"https:\\\/\\\/lesvolcansnews.net\\\/#\\\/schema\\\/person\\\/82c8bed2e77879ecf6cca63441f57354\"},\"headline\":\"Masisi : de combats entre l\u2019AFC\\\/M23 et les Wazalendo\",\"datePublished\":\"2026-01-02T12:17:22+00:00\",\"dateModified\":\"2026-01-02T12:53:56+00:00\",\"mainEntityOfPage\":{\"@id\":\"https:\\\/\\\/lesvolcansnews.net\\\/?p=71754\"},\"wordCount\":246,\"commentCount\":0,\"image\":{\"@id\":\"https:\\\/\\\/lesvolcansnews.net\\\/?p=71754#primaryimage\"},\"thumbnailUrl\":\"https:\\\/\\\/lesvolcansnews.net\\\/wp-content\\\/uploads\\\/2026\\\/01\\\/20251225_170545-scaled.jpg\",\"articleSection\":[\"S\u00c9CURIT\u00c9\"],\"inLanguage\":\"fr-FR\",\"potentialAction\":[{\"@type\":\"CommentAction\",\"name\":\"Comment\",\"target\":[\"https:\\\/\\\/lesvolcansnews.net\\\/?p=71754#respond\"]}]},{\"@type\":\"WebPage\",\"@id\":\"https:\\\/\\\/lesvolcansnews.net\\\/?p=71754\",\"url\":\"https:\\\/\\\/lesvolcansnews.net\\\/?p=71754\",\"name\":\"Masisi : de combats entre l\u2019AFC\\\/M23 et les Wazalendo - LES VOLCANS NEWS\",\"isPartOf\":{\"@id\":\"https:\\\/\\\/lesvolcansnews.net\\\/#website\"},\"primaryImageOfPage\":{\"@id\":\"https:\\\/\\\/lesvolcansnews.net\\\/?p=71754#primaryimage\"},\"image\":{\"@id\":\"https:\\\/\\\/lesvolcansnews.net\\\/?p=71754#primaryimage\"},\"thumbnailUrl\":\"https:\\\/\\\/lesvolcansnews.net\\\/wp-content\\\/uploads\\\/2026\\\/01\\\/20251225_170545-scaled.jpg\",\"datePublished\":\"2026-01-02T12:17:22+00:00\",\"dateModified\":\"2026-01-02T12:53:56+00:00\",\"author\":{\"@id\":\"https:\\\/\\\/lesvolcansnews.net\\\/#\\\/schema\\\/person\\\/82c8bed2e77879ecf6cca63441f57354\"},\"breadcrumb\":{\"@id\":\"https:\\\/\\\/lesvolcansnews.net\\\/?p=71754#breadcrumb\"},\"inLanguage\":\"fr-FR\",\"potentialAction\":[{\"@type\":\"ReadAction\",\"target\":[\"https:\\\/\\\/lesvolcansnews.net\\\/?p=71754\"]}]},{\"@type\":\"ImageObject\",\"inLanguage\":\"fr-FR\",\"@id\":\"https:\\\/\\\/lesvolcansnews.net\\\/?p=71754#primaryimage\",\"url\":\"https:\\\/\\\/lesvolcansnews.net\\\/wp-content\\\/uploads\\\/2026\\\/01\\\/20251225_170545-scaled.jpg\",\"contentUrl\":\"https:\\\/\\\/lesvolcansnews.net\\\/wp-content\\\/uploads\\\/2026\\\/01\\\/20251225_170545-scaled.jpg\",\"width\":2560,\"height\":1556},{\"@type\":\"BreadcrumbList\",\"@id\":\"https:\\\/\\\/lesvolcansnews.net\\\/?p=71754#breadcrumb\",\"itemListElement\":[{\"@type\":\"ListItem\",\"position\":1,\"name\":\"Accueil\",\"item\":\"https:\\\/\\\/lesvolcansnews.net\\\/\"},{\"@type\":\"ListItem\",\"position\":2,\"name\":\"Masisi : de combats entre l\u2019AFC\\\/M23 et les Wazalendo\"}]},{\"@type\":\"WebSite\",\"@id\":\"https:\\\/\\\/lesvolcansnews.net\\\/#website\",\"url\":\"https:\\\/\\\/lesvolcansnews.net\\\/\",\"name\":\"LES VOLCANS NEWS\",\"description\":\"L&#039;INFORMATION C&#039;EST NOUS\",\"potentialAction\":[{\"@type\":\"SearchAction\",\"target\":{\"@type\":\"EntryPoint\",\"urlTemplate\":\"https:\\\/\\\/lesvolcansnews.net\\\/?s={search_term_string}\"},\"query-input\":{\"@type\":\"PropertyValueSpecification\",\"valueRequired\":true,\"valueName\":\"search_term_string\"}}],\"inLanguage\":\"fr-FR\"},{\"@type\":\"Person\",\"@id\":\"https:\\\/\\\/lesvolcansnews.net\\\/#\\\/schema\\\/person\\\/82c8bed2e77879ecf6cca63441f57354\",\"name\":\"R\u00e9daction - Les Volcans News\",\"image\":{\"@type\":\"ImageObject\",\"inLanguage\":\"fr-FR\",\"@id\":\"https:\\\/\\\/secure.gravatar.com\\\/avatar\\\/8408942dd851e8a9c09f3d382a661bc05d2b3cd9002139bc1795b9528cdc6c80?s=96&d=mm&r=g\",\"url\":\"https:\\\/\\\/secure.gravatar.com\\\/avatar\\\/8408942dd851e8a9c09f3d382a661bc05d2b3cd9002139bc1795b9528cdc6c80?s=96&d=mm&r=g\",\"contentUrl\":\"https:\\\/\\\/secure.gravatar.com\\\/avatar\\\/8408942dd851e8a9c09f3d382a661bc05d2b3cd9002139bc1795b9528cdc6c80?s=96&d=mm&r=g\",\"caption\":\"R\u00e9daction - Les Volcans News\"},\"url\":\"https:\\\/\\\/lesvolcansnews.net\\\/?author=14\"}]}<\/script>\n<!-- \/ Yoast SEO plugin. -->","yoast_head_json":{"title":"Masisi : de combats entre l\u2019AFC\/M23 et les Wazalendo - LES VOLCANS NEWS","robots":{"index":"index","follow":"follow","max-snippet":"max-snippet:-1","max-image-preview":"max-image-preview:large","max-video-preview":"max-video-preview:-1"},"canonical":"https:\/\/lesvolcansnews.net\/?p=71754","og_locale":"fr_FR","og_type":"article","og_title":"Masisi : de combats entre l\u2019AFC\/M23 et les Wazalendo - LES VOLCANS NEWS","og_description":"Des affrontements ont repris vendredi 2 janvier dans le territoire de Masisi, en province du Nord-Kivu, opposant les \u00e9l\u00e9ments de l\u2019AFC\/M23 aux Wazalendo. D\u2019apr\u00e8s ces sources, des tirs d\u2019armes lourdes","og_url":"https:\/\/lesvolcansnews.net\/?p=71754","og_site_name":"LES VOLCANS NEWS","article_published_time":"2026-01-02T12:17:22+00:00","article_modified_time":"2026-01-02T12:53:56+00:00","og_image":[{"width":2560,"height":1556,"url":"https:\/\/lesvolcansnews.net\/wp-content\/uploads\/2026\/01\/20251225_170545-scaled.jpg","type":"image\/jpeg"}],"author":"R\u00e9daction - Les Volcans News","twitter_card":"summary_large_image","twitter_misc":{"\u00c9crit par":"R\u00e9daction - Les Volcans News","Dur\u00e9e de lecture estim\u00e9e":"1 minute"},"schema":{"@context":"https:\/\/schema.org","@graph":[{"@type":"Article","@id":"https:\/\/lesvolcansnews.net\/?p=71754#article","isPartOf":{"@id":"https:\/\/lesvolcansnews.net\/?p=71754"},"author":{"name":"R\u00e9daction - Les Volcans News","@id":"https:\/\/lesvolcansnews.net\/#\/schema\/person\/82c8bed2e77879ecf6cca63441f57354"},"headline":"Masisi : de combats entre l\u2019AFC\/M23 et les Wazalendo","datePublished":"2026-01-02T12:17:22+00:00","dateModified":"2026-01-02T12:53:56+00:00","mainEntityOfPage":{"@id":"https:\/\/lesvolcansnews.net\/?p=71754"},"wordCount":246,"commentCount":0,"image":{"@id":"https:\/\/lesvolcansnews.net\/?p=71754#primaryimage"},"thumbnailUrl":"https:\/\/lesvolcansnews.net\/wp-content\/uploads\/2026\/01\/20251225_170545-scaled.jpg","articleSection":["S\u00c9CURIT\u00c9"],"inLanguage":"fr-FR","potentialAction":[{"@type":"CommentAction","name":"Comment","target":["https:\/\/lesvolcansnews.net\/?p=71754#respond"]}]},{"@type":"WebPage","@id":"https:\/\/lesvolcansnews.net\/?p=71754","url":"https:\/\/lesvolcansnews.net\/?p=71754","name":"Masisi : de combats entre l\u2019AFC\/M23 et les Wazalendo - LES VOLCANS NEWS","isPartOf":{"@id":"https:\/\/lesvolcansnews.net\/#website"},"primaryImageOfPage":{"@id":"https:\/\/lesvolcansnews.net\/?p=71754#primaryimage"},"image":{"@id":"https:\/\/lesvolcansnews.net\/?p=71754#primaryimage"},"thumbnailUrl":"https:\/\/lesvolcansnews.net\/wp-content\/uploads\/2026\/01\/20251225_170545-scaled.jpg","datePublished":"2026-01-02T12:17:22+00:00","dateModified":"2026-01-02T12:53:56+00:00","author":{"@id":"https:\/\/lesvolcansnews.net\/#\/schema\/person\/82c8bed2e77879ecf6cca63441f57354"},"breadcrumb":{"@id":"https:\/\/lesvolcansnews.net\/?p=71754#breadcrumb"},"inLanguage":"fr-FR","potentialAction":[{"@type":"ReadAction","target":["https:\/\/lesvolcansnews.net\/?p=71754"]}]},{"@type":"ImageObject","inLanguage":"fr-FR","@id":"https:\/\/lesvolcansnews.net\/?p=71754#primaryimage","url":"https:\/\/lesvolcansnews.net\/wp-content\/uploads\/2026\/01\/20251225_170545-scaled.jpg","contentUrl":"https:\/\/lesvolcansnews.net\/wp-content\/uploads\/2026\/01\/20251225_170545-scaled.jpg","width":2560,"height":1556},{"@type":"BreadcrumbList","@id":"https:\/\/lesvolcansnews.net\/?p=71754#breadcrumb","itemListElement":[{"@type":"ListItem","position":1,"name":"Accueil","item":"https:\/\/lesvolcansnews.net\/"},{"@type":"ListItem","position":2,"name":"Masisi : de combats entre l\u2019AFC\/M23 et les Wazalendo"}]},{"@type":"WebSite","@id":"https:\/\/lesvolcansnews.net\/#website","url":"https:\/\/lesvolcansnews.net\/","name":"LES VOLCANS NEWS","description":"L&#039;INFORMATION C&#039;EST NOUS","potentialAction":[{"@type":"SearchAction","target":{"@type":"EntryPoint","urlTemplate":"https:\/\/lesvolcansnews.net\/?s={search_term_string}"},"query-input":{"@type":"PropertyValueSpecification","valueRequired":true,"valueName":"search_term_string"}}],"inLanguage":"fr-FR"},{"@type":"Person","@id":"https:\/\/lesvolcansnews.net\/#\/schema\/person\/82c8bed2e77879ecf6cca63441f57354","name":"R\u00e9daction - Les Volcans News","image":{"@type":"ImageObject","inLanguage":"fr-FR","@id":"https:\/\/secure.gravatar.com\/avatar\/8408942dd851e8a9c09f3d382a661bc05d2b3cd9002139bc1795b9528cdc6c80?s=96&d=mm&r=g","url":"https:\/\/secure.gravatar.com\/avatar\/8408942dd851e8a9c09f3d382a661bc05d2b3cd9002139bc1795b9528cdc6c80?s=96&d=mm&r=g","contentUrl":"https:\/\/secure.gravatar.com\/avatar\/8408942dd851e8a9c09f3d382a661bc05d2b3cd9002139bc1795b9528cdc6c80?s=96&d=mm&r=g","caption":"R\u00e9daction - Les Volcans News"},"url":"https:\/\/lesvolcansnews.net\/?author=14"}]}},"_links":{"self":[{"href":"https:\/\/lesvolcansnews.net\/index.php?rest_route=\/wp\/v2\/posts\/71754","targetHints":{"allow":["GET"]}}],"collection":[{"href":"https:\/\/lesvolcansnews.net\/index.php?rest_route=\/wp\/v2\/posts"}],"about":[{"href":"https:\/\/lesvolcansnews.net\/index.php?rest_route=\/wp\/v2\/types\/post"}],"author":[{"embeddable":true,"href":"https:\/\/lesvolcansnews.net\/index.php?rest_route=\/wp\/v2\/users\/14"}],"replies":[{"embeddable":true,"href":"https:\/\/lesvolcansnews.net\/index.php?rest_route=%2Fwp%2Fv2%2Fcomments&post=71754"}],"version-history":[{"count":2,"href":"https:\/\/lesvolcansnews.net\/index.php?rest_route=\/wp\/v2\/posts\/71754\/revisions"}],"predecessor-version":[{"id":71759,"href":"https:\/\/lesvolcansnews.net\/index.php?rest_route=\/wp\/v2\/posts\/71754\/revisions\/71759"}],"wp:featuredmedia":[{"embeddable":true,"href":"https:\/\/lesvolcansnews.net\/index.php?rest_route=\/wp\/v2\/media\/71753"}],"wp:attachment":[{"href":"https:\/\/lesvolcansnews.net\/index.php?rest_route=%2Fwp%2Fv2%2Fmedia&parent=71754"}],"wp:term":[{"taxonomy":"category","embeddable":true,"href":"https:\/\/lesvolcansnews.net\/index.php?rest_route=%2Fwp%2Fv2%2Fcategories&post=71754"},{"taxonomy":"post_tag","embeddable":true,"href":"https:\/\/lesvolcansnews.net\/index.php?rest_route=%2Fwp%2Fv2%2Ftags&post=71754"}],"curies":[{"name":"wp","href":"https:\/\/api.w.org\/{rel}","templated":true}]}}