{"id":71743,"date":"2026-01-01T18:25:57","date_gmt":"2026-01-01T16:25:57","guid":{"rendered":"https:\/\/lesvolcansnews.net\/2026\/01\/01\/sud-kivu-un-pieton-grievement-blesse-sur-la-rn2-a-miti\/"},"modified":"2026-01-01T19:08:49","modified_gmt":"2026-01-01T17:08:49","slug":"sud-kivu-un-pieton-grievement-blesse-sur-la-rn2-a-miti","status":"publish","type":"post","link":"https:\/\/lesvolcansnews.net\/?p=71743","title":{"rendered":"Sud-Kivu : un pi\u00e9ton gri\u00e8vement bless\u00e9 sur la RN2 \u00e0 Miti"},"content":{"rendered":"\n<p><\/p>\n\n\n\n<p><strong>Un nouveau cas d\u2019ins\u00e9curit\u00e9 routi\u00e8re a \u00e9t\u00e9 enregistr\u00e9 ce jeudi 1er janvier 2026 \u00e0 Miti-Centre, dans le territoire de Kabare, au Sud-Kivu. Un homme d\u2019environ soixante ans a \u00e9t\u00e9 gri\u00e8vement bless\u00e9 apr\u00e8s avoir \u00e9t\u00e9 heurt\u00e9 par un v\u00e9hicule de marque Vanette sur la Route nationale num\u00e9ro 2 (RN2), aux environs de midi, plongeant la population locale dans l\u2019\u00e9moi.<\/strong><\/p>\n\n\n\n<p>D\u2019apr\u00e8s les t\u00e9moignages recueillis sur place, l\u2019accident s\u2019est produit \u00e0 la suite d\u2019une man\u0153uvre jug\u00e9e imprudente du conducteur, qui tentait de r\u00e9cup\u00e9rer des passagers se trouvant derri\u00e8re son v\u00e9hicule. Cette man\u0153uvre, effectu\u00e9e en pleine agglom\u00e9ration et sur un axe \u00e0 forte fr\u00e9quentation, aurait surpris la victime qui se trouvait \u00e0 proximit\u00e9 de la chauss\u00e9e, ne lui laissant aucune chance d\u2019\u00e9viter l\u2019impact.<\/p>\n\n\n\n<p>Sous la violence du choc, le sexag\u00e9naire a \u00e9t\u00e9 gri\u00e8vement bless\u00e9. Il a \u00e9t\u00e9 \u00e9vacu\u00e9 en urgence vers l\u2019H\u00f4pital G\u00e9n\u00e9ral de R\u00e9f\u00e9rence de Miti\/Murhesa par des passants et des secours improvis\u00e9s, avant d\u2019\u00eatre pris en charge par le personnel soignant. Des sources m\u00e9dicales indiquent que son \u00e9tat de sant\u00e9 reste critique, n\u00e9cessitant une surveillance \u00e9troite.<\/p>\n\n\n\n<p>Cet accident relance une fois de plus le d\u00e9bat sur le non-respect du code de la route \u00e0 Miti-Centre, o\u00f9 les pi\u00e9tons, les motards et les vendeurs ambulants cohabitent difficilement avec les v\u00e9hicules de transport en commun. La RN2, axe strat\u00e9gique reliant plusieurs entit\u00e9s du territoire de Kabare, est souvent le th\u00e9\u00e2tre de comportements \u00e0 risque, notamment des arr\u00eats intempestifs, des demi-tours brusques et des exc\u00e8s de vitesse.<\/p>\n\n\n\n<p>Interrog\u00e9s apr\u00e8s le drame, plusieurs habitants d\u00e9noncent l\u2019indiscipline de certains chauffeurs, qui privil\u00e9gient la recherche de clients au d\u00e9triment de la s\u00e9curit\u00e9 des usagers de la route. \u00ab Les v\u00e9hicules s\u2019arr\u00eatent n\u2019importe o\u00f9, sans signalisation, et les pi\u00e9tons paient le prix fort \u00bb, d\u00e9plore un notable local.<\/p>\n\n\n\n<p>En cette p\u00e9riode de festivit\u00e9s de fin d\u2019ann\u00e9e, marqu\u00e9e par une forte affluence sur les routes, la population appelle \u00e0 une prise de conscience collective. Les chauffeurs, les motards et les conducteurs de transports en commun sont invit\u00e9s \u00e0 faire preuve de responsabilit\u00e9, de patience et de respect des r\u00e8gles de circulation afin d\u2019\u00e9viter d\u2019autres drames.<\/p>\n\n\n\n<p>Par ailleurs, des voix s\u2019\u00e9l\u00e8vent pour demander aux autorit\u00e9s comp\u00e9tentes de renforcer les mesures de r\u00e9gulation du trafic, notamment par la pr\u00e9sence accrue de la police de circulation routi\u00e8re, la sensibilisation des conducteurs et l\u2019am\u00e9nagement des zones \u00e0 forte concentration humaine.<\/p>\n\n\n\n<p>La population de Miti exhorte \u00e9galement les pi\u00e9tons \u00e0 redoubler de prudence lors de leurs d\u00e9placements, rappelant que la s\u00e9curit\u00e9 routi\u00e8re est une responsabilit\u00e9 partag\u00e9e. En attendant, l\u2019\u00e9tat de sant\u00e9 de la victime reste au centre des pr\u00e9occupations, tandis que cet accident vient s\u2019ajouter \u00e0 une longue liste de drames \u00e9vitables sur les routes du Sud-Kivu.<\/p>\n\n\n\n<p><em>Yseult Lwango<\/em><\/p>\n","protected":false},"excerpt":{"rendered":"<p>Un nouveau cas d\u2019ins\u00e9curit\u00e9 routi\u00e8re a \u00e9t\u00e9 enregistr\u00e9 ce jeudi 1er janvier 2026 \u00e0 Miti-Centre, dans le territoire de Kabare, au Sud-Kivu. Un homme d\u2019environ soixante ans a \u00e9t\u00e9 gri\u00e8vement<\/p>\n","protected":false},"author":14,"featured_media":71744,"comment_status":"open","ping_status":"open","sticky":false,"template":"","format":"standard","meta":{"footnotes":""},"categories":[49],"tags":[],"class_list":["post-71743","post","type-post","status-publish","format-standard","has-post-thumbnail","hentry","category-genre"],"yoast_head":"<!-- This site is optimized with the Yoast SEO plugin v27.3 - https:\/\/yoast.com\/product\/yoast-seo-wordpress\/ -->\n<title>Sud-Kivu : un pi\u00e9ton gri\u00e8vement bless\u00e9 sur la RN2 \u00e0 Miti - LES VOLCANS NEWS<\/title>\n<meta name=\"robots\" content=\"index, follow, max-snippet:-1, max-image-preview:large, max-video-preview:-1\" \/>\n<link rel=\"canonical\" href=\"https:\/\/lesvolcansnews.net\/?p=71743\" \/>\n<meta property=\"og:locale\" content=\"fr_FR\" \/>\n<meta property=\"og:type\" content=\"article\" \/>\n<meta property=\"og:title\" content=\"Sud-Kivu : un pi\u00e9ton gri\u00e8vement bless\u00e9 sur la RN2 \u00e0 Miti - LES VOLCANS NEWS\" \/>\n<meta property=\"og:description\" content=\"Un nouveau cas d\u2019ins\u00e9curit\u00e9 routi\u00e8re a \u00e9t\u00e9 enregistr\u00e9 ce jeudi 1er janvier 2026 \u00e0 Miti-Centre, dans le territoire de Kabare, au Sud-Kivu. Un homme d\u2019environ soixante ans a \u00e9t\u00e9 gri\u00e8vement\" \/>\n<meta property=\"og:url\" content=\"https:\/\/lesvolcansnews.net\/?p=71743\" \/>\n<meta property=\"og:site_name\" content=\"LES VOLCANS NEWS\" \/>\n<meta property=\"article:published_time\" content=\"2026-01-01T16:25:57+00:00\" \/>\n<meta property=\"article:modified_time\" content=\"2026-01-01T17:08:49+00:00\" \/>\n<meta property=\"og:image\" content=\"https:\/\/lesvolcansnews.net\/wp-content\/uploads\/2026\/01\/IMG-20260101-WA0236.jpg\" \/>\n\t<meta property=\"og:image:width\" content=\"662\" \/>\n\t<meta property=\"og:image:height\" content=\"379\" \/>\n\t<meta property=\"og:image:type\" content=\"image\/jpeg\" \/>\n<meta name=\"author\" content=\"R\u00e9daction - Les Volcans News\" \/>\n<meta name=\"twitter:card\" content=\"summary_large_image\" \/>\n<meta name=\"twitter:label1\" content=\"\u00c9crit par\" \/>\n\t<meta name=\"twitter:data1\" content=\"R\u00e9daction - Les Volcans News\" \/>\n\t<meta name=\"twitter:label2\" content=\"Dur\u00e9e de lecture estim\u00e9e\" \/>\n\t<meta name=\"twitter:data2\" content=\"3 minutes\" \/>\n<script type=\"application\/ld+json\" class=\"yoast-schema-graph\">{\"@context\":\"https:\\\/\\\/schema.org\",\"@graph\":[{\"@type\":\"Article\",\"@id\":\"https:\\\/\\\/lesvolcansnews.net\\\/?p=71743#article\",\"isPartOf\":{\"@id\":\"https:\\\/\\\/lesvolcansnews.net\\\/?p=71743\"},\"author\":{\"name\":\"R\u00e9daction - Les Volcans News\",\"@id\":\"https:\\\/\\\/lesvolcansnews.net\\\/#\\\/schema\\\/person\\\/82c8bed2e77879ecf6cca63441f57354\"},\"headline\":\"Sud-Kivu : un pi\u00e9ton gri\u00e8vement bless\u00e9 sur la RN2 \u00e0 Miti\",\"datePublished\":\"2026-01-01T16:25:57+00:00\",\"dateModified\":\"2026-01-01T17:08:49+00:00\",\"mainEntityOfPage\":{\"@id\":\"https:\\\/\\\/lesvolcansnews.net\\\/?p=71743\"},\"wordCount\":528,\"commentCount\":0,\"image\":{\"@id\":\"https:\\\/\\\/lesvolcansnews.net\\\/?p=71743#primaryimage\"},\"thumbnailUrl\":\"https:\\\/\\\/lesvolcansnews.net\\\/wp-content\\\/uploads\\\/2026\\\/01\\\/IMG-20260101-WA0236.jpg\",\"articleSection\":[\"GENRE\"],\"inLanguage\":\"fr-FR\",\"potentialAction\":[{\"@type\":\"CommentAction\",\"name\":\"Comment\",\"target\":[\"https:\\\/\\\/lesvolcansnews.net\\\/?p=71743#respond\"]}]},{\"@type\":\"WebPage\",\"@id\":\"https:\\\/\\\/lesvolcansnews.net\\\/?p=71743\",\"url\":\"https:\\\/\\\/lesvolcansnews.net\\\/?p=71743\",\"name\":\"Sud-Kivu : un pi\u00e9ton gri\u00e8vement bless\u00e9 sur la RN2 \u00e0 Miti - LES VOLCANS NEWS\",\"isPartOf\":{\"@id\":\"https:\\\/\\\/lesvolcansnews.net\\\/#website\"},\"primaryImageOfPage\":{\"@id\":\"https:\\\/\\\/lesvolcansnews.net\\\/?p=71743#primaryimage\"},\"image\":{\"@id\":\"https:\\\/\\\/lesvolcansnews.net\\\/?p=71743#primaryimage\"},\"thumbnailUrl\":\"https:\\\/\\\/lesvolcansnews.net\\\/wp-content\\\/uploads\\\/2026\\\/01\\\/IMG-20260101-WA0236.jpg\",\"datePublished\":\"2026-01-01T16:25:57+00:00\",\"dateModified\":\"2026-01-01T17:08:49+00:00\",\"author\":{\"@id\":\"https:\\\/\\\/lesvolcansnews.net\\\/#\\\/schema\\\/person\\\/82c8bed2e77879ecf6cca63441f57354\"},\"breadcrumb\":{\"@id\":\"https:\\\/\\\/lesvolcansnews.net\\\/?p=71743#breadcrumb\"},\"inLanguage\":\"fr-FR\",\"potentialAction\":[{\"@type\":\"ReadAction\",\"target\":[\"https:\\\/\\\/lesvolcansnews.net\\\/?p=71743\"]}]},{\"@type\":\"ImageObject\",\"inLanguage\":\"fr-FR\",\"@id\":\"https:\\\/\\\/lesvolcansnews.net\\\/?p=71743#primaryimage\",\"url\":\"https:\\\/\\\/lesvolcansnews.net\\\/wp-content\\\/uploads\\\/2026\\\/01\\\/IMG-20260101-WA0236.jpg\",\"contentUrl\":\"https:\\\/\\\/lesvolcansnews.net\\\/wp-content\\\/uploads\\\/2026\\\/01\\\/IMG-20260101-WA0236.jpg\",\"width\":662,\"height\":379},{\"@type\":\"BreadcrumbList\",\"@id\":\"https:\\\/\\\/lesvolcansnews.net\\\/?p=71743#breadcrumb\",\"itemListElement\":[{\"@type\":\"ListItem\",\"position\":1,\"name\":\"Accueil\",\"item\":\"https:\\\/\\\/lesvolcansnews.net\\\/\"},{\"@type\":\"ListItem\",\"position\":2,\"name\":\"Sud-Kivu : un pi\u00e9ton gri\u00e8vement bless\u00e9 sur la RN2 \u00e0 Miti\"}]},{\"@type\":\"WebSite\",\"@id\":\"https:\\\/\\\/lesvolcansnews.net\\\/#website\",\"url\":\"https:\\\/\\\/lesvolcansnews.net\\\/\",\"name\":\"LES VOLCANS NEWS\",\"description\":\"L&#039;INFORMATION C&#039;EST NOUS\",\"potentialAction\":[{\"@type\":\"SearchAction\",\"target\":{\"@type\":\"EntryPoint\",\"urlTemplate\":\"https:\\\/\\\/lesvolcansnews.net\\\/?s={search_term_string}\"},\"query-input\":{\"@type\":\"PropertyValueSpecification\",\"valueRequired\":true,\"valueName\":\"search_term_string\"}}],\"inLanguage\":\"fr-FR\"},{\"@type\":\"Person\",\"@id\":\"https:\\\/\\\/lesvolcansnews.net\\\/#\\\/schema\\\/person\\\/82c8bed2e77879ecf6cca63441f57354\",\"name\":\"R\u00e9daction - Les Volcans News\",\"image\":{\"@type\":\"ImageObject\",\"inLanguage\":\"fr-FR\",\"@id\":\"https:\\\/\\\/secure.gravatar.com\\\/avatar\\\/8408942dd851e8a9c09f3d382a661bc05d2b3cd9002139bc1795b9528cdc6c80?s=96&d=mm&r=g\",\"url\":\"https:\\\/\\\/secure.gravatar.com\\\/avatar\\\/8408942dd851e8a9c09f3d382a661bc05d2b3cd9002139bc1795b9528cdc6c80?s=96&d=mm&r=g\",\"contentUrl\":\"https:\\\/\\\/secure.gravatar.com\\\/avatar\\\/8408942dd851e8a9c09f3d382a661bc05d2b3cd9002139bc1795b9528cdc6c80?s=96&d=mm&r=g\",\"caption\":\"R\u00e9daction - Les Volcans News\"},\"url\":\"https:\\\/\\\/lesvolcansnews.net\\\/?author=14\"}]}<\/script>\n<!-- \/ Yoast SEO plugin. -->","yoast_head_json":{"title":"Sud-Kivu : un pi\u00e9ton gri\u00e8vement bless\u00e9 sur la RN2 \u00e0 Miti - LES VOLCANS NEWS","robots":{"index":"index","follow":"follow","max-snippet":"max-snippet:-1","max-image-preview":"max-image-preview:large","max-video-preview":"max-video-preview:-1"},"canonical":"https:\/\/lesvolcansnews.net\/?p=71743","og_locale":"fr_FR","og_type":"article","og_title":"Sud-Kivu : un pi\u00e9ton gri\u00e8vement bless\u00e9 sur la RN2 \u00e0 Miti - LES VOLCANS NEWS","og_description":"Un nouveau cas d\u2019ins\u00e9curit\u00e9 routi\u00e8re a \u00e9t\u00e9 enregistr\u00e9 ce jeudi 1er janvier 2026 \u00e0 Miti-Centre, dans le territoire de Kabare, au Sud-Kivu. Un homme d\u2019environ soixante ans a \u00e9t\u00e9 gri\u00e8vement","og_url":"https:\/\/lesvolcansnews.net\/?p=71743","og_site_name":"LES VOLCANS NEWS","article_published_time":"2026-01-01T16:25:57+00:00","article_modified_time":"2026-01-01T17:08:49+00:00","og_image":[{"width":662,"height":379,"url":"https:\/\/lesvolcansnews.net\/wp-content\/uploads\/2026\/01\/IMG-20260101-WA0236.jpg","type":"image\/jpeg"}],"author":"R\u00e9daction - Les Volcans News","twitter_card":"summary_large_image","twitter_misc":{"\u00c9crit par":"R\u00e9daction - Les Volcans News","Dur\u00e9e de lecture estim\u00e9e":"3 minutes"},"schema":{"@context":"https:\/\/schema.org","@graph":[{"@type":"Article","@id":"https:\/\/lesvolcansnews.net\/?p=71743#article","isPartOf":{"@id":"https:\/\/lesvolcansnews.net\/?p=71743"},"author":{"name":"R\u00e9daction - Les Volcans News","@id":"https:\/\/lesvolcansnews.net\/#\/schema\/person\/82c8bed2e77879ecf6cca63441f57354"},"headline":"Sud-Kivu : un pi\u00e9ton gri\u00e8vement bless\u00e9 sur la RN2 \u00e0 Miti","datePublished":"2026-01-01T16:25:57+00:00","dateModified":"2026-01-01T17:08:49+00:00","mainEntityOfPage":{"@id":"https:\/\/lesvolcansnews.net\/?p=71743"},"wordCount":528,"commentCount":0,"image":{"@id":"https:\/\/lesvolcansnews.net\/?p=71743#primaryimage"},"thumbnailUrl":"https:\/\/lesvolcansnews.net\/wp-content\/uploads\/2026\/01\/IMG-20260101-WA0236.jpg","articleSection":["GENRE"],"inLanguage":"fr-FR","potentialAction":[{"@type":"CommentAction","name":"Comment","target":["https:\/\/lesvolcansnews.net\/?p=71743#respond"]}]},{"@type":"WebPage","@id":"https:\/\/lesvolcansnews.net\/?p=71743","url":"https:\/\/lesvolcansnews.net\/?p=71743","name":"Sud-Kivu : un pi\u00e9ton gri\u00e8vement bless\u00e9 sur la RN2 \u00e0 Miti - LES VOLCANS NEWS","isPartOf":{"@id":"https:\/\/lesvolcansnews.net\/#website"},"primaryImageOfPage":{"@id":"https:\/\/lesvolcansnews.net\/?p=71743#primaryimage"},"image":{"@id":"https:\/\/lesvolcansnews.net\/?p=71743#primaryimage"},"thumbnailUrl":"https:\/\/lesvolcansnews.net\/wp-content\/uploads\/2026\/01\/IMG-20260101-WA0236.jpg","datePublished":"2026-01-01T16:25:57+00:00","dateModified":"2026-01-01T17:08:49+00:00","author":{"@id":"https:\/\/lesvolcansnews.net\/#\/schema\/person\/82c8bed2e77879ecf6cca63441f57354"},"breadcrumb":{"@id":"https:\/\/lesvolcansnews.net\/?p=71743#breadcrumb"},"inLanguage":"fr-FR","potentialAction":[{"@type":"ReadAction","target":["https:\/\/lesvolcansnews.net\/?p=71743"]}]},{"@type":"ImageObject","inLanguage":"fr-FR","@id":"https:\/\/lesvolcansnews.net\/?p=71743#primaryimage","url":"https:\/\/lesvolcansnews.net\/wp-content\/uploads\/2026\/01\/IMG-20260101-WA0236.jpg","contentUrl":"https:\/\/lesvolcansnews.net\/wp-content\/uploads\/2026\/01\/IMG-20260101-WA0236.jpg","width":662,"height":379},{"@type":"BreadcrumbList","@id":"https:\/\/lesvolcansnews.net\/?p=71743#breadcrumb","itemListElement":[{"@type":"ListItem","position":1,"name":"Accueil","item":"https:\/\/lesvolcansnews.net\/"},{"@type":"ListItem","position":2,"name":"Sud-Kivu : un pi\u00e9ton gri\u00e8vement bless\u00e9 sur la RN2 \u00e0 Miti"}]},{"@type":"WebSite","@id":"https:\/\/lesvolcansnews.net\/#website","url":"https:\/\/lesvolcansnews.net\/","name":"LES VOLCANS NEWS","description":"L&#039;INFORMATION C&#039;EST NOUS","potentialAction":[{"@type":"SearchAction","target":{"@type":"EntryPoint","urlTemplate":"https:\/\/lesvolcansnews.net\/?s={search_term_string}"},"query-input":{"@type":"PropertyValueSpecification","valueRequired":true,"valueName":"search_term_string"}}],"inLanguage":"fr-FR"},{"@type":"Person","@id":"https:\/\/lesvolcansnews.net\/#\/schema\/person\/82c8bed2e77879ecf6cca63441f57354","name":"R\u00e9daction - Les Volcans News","image":{"@type":"ImageObject","inLanguage":"fr-FR","@id":"https:\/\/secure.gravatar.com\/avatar\/8408942dd851e8a9c09f3d382a661bc05d2b3cd9002139bc1795b9528cdc6c80?s=96&d=mm&r=g","url":"https:\/\/secure.gravatar.com\/avatar\/8408942dd851e8a9c09f3d382a661bc05d2b3cd9002139bc1795b9528cdc6c80?s=96&d=mm&r=g","contentUrl":"https:\/\/secure.gravatar.com\/avatar\/8408942dd851e8a9c09f3d382a661bc05d2b3cd9002139bc1795b9528cdc6c80?s=96&d=mm&r=g","caption":"R\u00e9daction - Les Volcans News"},"url":"https:\/\/lesvolcansnews.net\/?author=14"}]}},"_links":{"self":[{"href":"https:\/\/lesvolcansnews.net\/index.php?rest_route=\/wp\/v2\/posts\/71743","targetHints":{"allow":["GET"]}}],"collection":[{"href":"https:\/\/lesvolcansnews.net\/index.php?rest_route=\/wp\/v2\/posts"}],"about":[{"href":"https:\/\/lesvolcansnews.net\/index.php?rest_route=\/wp\/v2\/types\/post"}],"author":[{"embeddable":true,"href":"https:\/\/lesvolcansnews.net\/index.php?rest_route=\/wp\/v2\/users\/14"}],"replies":[{"embeddable":true,"href":"https:\/\/lesvolcansnews.net\/index.php?rest_route=%2Fwp%2Fv2%2Fcomments&post=71743"}],"version-history":[{"count":1,"href":"https:\/\/lesvolcansnews.net\/index.php?rest_route=\/wp\/v2\/posts\/71743\/revisions"}],"predecessor-version":[{"id":71745,"href":"https:\/\/lesvolcansnews.net\/index.php?rest_route=\/wp\/v2\/posts\/71743\/revisions\/71745"}],"wp:featuredmedia":[{"embeddable":true,"href":"https:\/\/lesvolcansnews.net\/index.php?rest_route=\/wp\/v2\/media\/71744"}],"wp:attachment":[{"href":"https:\/\/lesvolcansnews.net\/index.php?rest_route=%2Fwp%2Fv2%2Fmedia&parent=71743"}],"wp:term":[{"taxonomy":"category","embeddable":true,"href":"https:\/\/lesvolcansnews.net\/index.php?rest_route=%2Fwp%2Fv2%2Fcategories&post=71743"},{"taxonomy":"post_tag","embeddable":true,"href":"https:\/\/lesvolcansnews.net\/index.php?rest_route=%2Fwp%2Fv2%2Ftags&post=71743"}],"curies":[{"name":"wp","href":"https:\/\/api.w.org\/{rel}","templated":true}]}}