{"id":71693,"date":"2025-12-30T07:14:38","date_gmt":"2025-12-30T05:14:38","guid":{"rendered":"https:\/\/lesvolcansnews.net\/?p=71693"},"modified":"2025-12-30T07:14:38","modified_gmt":"2025-12-30T05:14:38","slug":"sud-kivu-la-snel-denonce-une-vague-de-vandalisme-contre-ses-installations-electriques-a-kavumu","status":"publish","type":"post","link":"https:\/\/lesvolcansnews.net\/?p=71693","title":{"rendered":"Sud-Kivu : la SNEL d\u00e9nonce une vague de vandalisme contre ses installations \u00e9lectriques \u00e0 Kavumu"},"content":{"rendered":"<p><strong>La Soci\u00e9t\u00e9 nationale d\u2019\u00e9lectricit\u00e9 (SNEL), \u00e0 travers sa Direction provinciale du Sud-Kivu, tire la sonnette d\u2019alarme face \u00e0 la recrudescence pr\u00e9occupante des actes de vandalisme visant ses infrastructures \u00e9lectriques dans la cit\u00e9 de Kavumu, en territoire de Kabare.<\/strong><\/p>\n<p>D\u2019apr\u00e8s les informations communiqu\u00e9es par la SNEL, plus de 3 100 m\u00e8tres de c\u00e2bles de moyenne tension ont \u00e9t\u00e9 d\u00e9rob\u00e9s entre le 18 et le 27 d\u00e9cembre 2025 sur la ligne \u00e9lectrique d\u00e9nomm\u00e9e feeder Kavumu. Ces actes de sabotage compromettent gravement les efforts engag\u00e9s pour am\u00e9liorer la fourniture d\u2019\u00e9lectricit\u00e9 dans cette zone du Sud-Kivu.<\/p>\n<p>Les c\u00e2bles vol\u00e9s, essentiellement en cuivre, sont de sections 50 mm\u00b2, 35 mm\u00b2, 25 mm\u00b2 et 16 mm\u00b2. Les cas de vol ont \u00e9t\u00e9 recens\u00e9s dans plusieurs localit\u00e9s, notamment 1 500 m\u00e8tres au village Bukanga \u00e0 Kavumu, 900 m\u00e8tres \u00e0 Kasheni dans le groupement de Bugorhe, 400 m\u00e8tres \u00e0 Cirheja, ainsi que 300 m\u00e8tres derri\u00e8re le Tribunal de grande instance de Kavumu, \u00e0 proximit\u00e9 de la cabine SNEL de Kavumu-centre.<\/p>\n<p>La SNEL souligne que ces actes de vandalisme exposent gravement la population \u00e0 des risques d\u2019\u00e9lectrocution. \u00c0 Kabare, plusieurs cas mortels ont d\u00e9j\u00e0 \u00e9t\u00e9 enregistr\u00e9s ces derniers mois, suite \u00e0 des c\u00e2bles \u00e9lectriques laiss\u00e9s \u00e0 d\u00e9couvert apr\u00e8s les vols.<\/p>\n<p>Gr\u00e2ce \u00e0 la collaboration entre les services de s\u00e9curit\u00e9, les agents de la SNEL Kavumu, les chefs de groupements de Miti et de Bugorhe, ainsi que la population locale, trois pr\u00e9sum\u00e9s auteurs ont \u00e9t\u00e9 interpell\u00e9s. Selon la SNEL, deux receleurs ont reconnu avoir achet\u00e9 les c\u00e2bles vol\u00e9s, tandis qu\u2019un journalier de la SNEL a \u00e9galement \u00e9t\u00e9 arr\u00eat\u00e9 apr\u00e8s des \u00e9changes t\u00e9l\u00e9phoniques suspects \u00e9tablissant son implication pr\u00e9sum\u00e9e dans ces actes de sabotage.<\/p>\n<p>Les personnes interpell\u00e9es sont actuellement d\u00e9tenues et mises \u00e0 la disposition de la justice, dans l\u2019attente de la conclusion des enqu\u00eates en cours.<\/p>\n<p>Face \u00e0 cette situation, la Direction provinciale de la SNEL du Sud-Kivu, en appui avec les chefs de groupements et la population locale, appelle les autorit\u00e9s comp\u00e9tentes \u00e0 renforcer la s\u00e9curit\u00e9 des infrastructures \u00e9lectriques et \u00e0 appliquer des sanctions exemplaires contre les auteurs de ces actes, afin de garantir la stabilit\u00e9 du r\u00e9seau \u00e9lectrique et la s\u00e9curit\u00e9 des usagers.<\/p>\n<p><strong>Yseult Lwango<\/strong><\/p>\n","protected":false},"excerpt":{"rendered":"<p>La Soci\u00e9t\u00e9 nationale d\u2019\u00e9lectricit\u00e9 (SNEL), \u00e0 travers sa Direction provinciale du Sud-Kivu, tire la sonnette d\u2019alarme face \u00e0 la recrudescence pr\u00e9occupante des actes de vandalisme visant ses infrastructures \u00e9lectriques dans<\/p>\n","protected":false},"author":14,"featured_media":71694,"comment_status":"open","ping_status":"open","sticky":false,"template":"","format":"standard","meta":{"footnotes":""},"categories":[32],"tags":[],"class_list":["post-71693","post","type-post","status-publish","format-standard","has-post-thumbnail","hentry","category-securite"],"yoast_head":"<!-- This site is optimized with the Yoast SEO plugin v27.5 - https:\/\/yoast.com\/product\/yoast-seo-wordpress\/ -->\n<title>Sud-Kivu : la SNEL d\u00e9nonce une vague de vandalisme contre ses installations \u00e9lectriques \u00e0 Kavumu - LES VOLCANS NEWS<\/title>\n<meta name=\"robots\" content=\"index, follow, max-snippet:-1, max-image-preview:large, max-video-preview:-1\" \/>\n<link rel=\"canonical\" href=\"https:\/\/lesvolcansnews.net\/?p=71693\" \/>\n<meta property=\"og:locale\" content=\"fr_FR\" \/>\n<meta property=\"og:type\" content=\"article\" \/>\n<meta property=\"og:title\" content=\"Sud-Kivu : la SNEL d\u00e9nonce une vague de vandalisme contre ses installations \u00e9lectriques \u00e0 Kavumu - LES VOLCANS NEWS\" \/>\n<meta property=\"og:description\" content=\"La Soci\u00e9t\u00e9 nationale d\u2019\u00e9lectricit\u00e9 (SNEL), \u00e0 travers sa Direction provinciale du Sud-Kivu, tire la sonnette d\u2019alarme face \u00e0 la recrudescence pr\u00e9occupante des actes de vandalisme visant ses infrastructures \u00e9lectriques dans\" \/>\n<meta property=\"og:url\" content=\"https:\/\/lesvolcansnews.net\/?p=71693\" \/>\n<meta property=\"og:site_name\" content=\"LES VOLCANS NEWS\" \/>\n<meta property=\"article:published_time\" content=\"2025-12-30T05:14:38+00:00\" \/>\n<meta property=\"og:image\" content=\"https:\/\/lesvolcansnews.net\/wp-content\/uploads\/2025\/12\/IMG-20251230-WA0008.jpg\" \/>\n\t<meta property=\"og:image:width\" content=\"568\" \/>\n\t<meta property=\"og:image:height\" content=\"470\" \/>\n\t<meta property=\"og:image:type\" content=\"image\/jpeg\" \/>\n<meta name=\"author\" content=\"R\u00e9daction - Les Volcans News\" \/>\n<meta name=\"twitter:card\" content=\"summary_large_image\" \/>\n<meta name=\"twitter:label1\" content=\"\u00c9crit par\" \/>\n\t<meta name=\"twitter:data1\" content=\"R\u00e9daction - Les Volcans News\" \/>\n\t<meta name=\"twitter:label2\" content=\"Dur\u00e9e de lecture estim\u00e9e\" \/>\n\t<meta name=\"twitter:data2\" content=\"2 minutes\" \/>\n<script type=\"application\/ld+json\" class=\"yoast-schema-graph\">{\"@context\":\"https:\\\/\\\/schema.org\",\"@graph\":[{\"@type\":\"Article\",\"@id\":\"https:\\\/\\\/lesvolcansnews.net\\\/?p=71693#article\",\"isPartOf\":{\"@id\":\"https:\\\/\\\/lesvolcansnews.net\\\/?p=71693\"},\"author\":{\"name\":\"R\u00e9daction - Les Volcans News\",\"@id\":\"https:\\\/\\\/lesvolcansnews.net\\\/#\\\/schema\\\/person\\\/82c8bed2e77879ecf6cca63441f57354\"},\"headline\":\"Sud-Kivu : la SNEL d\u00e9nonce une vague de vandalisme contre ses installations \u00e9lectriques \u00e0 Kavumu\",\"datePublished\":\"2025-12-30T05:14:38+00:00\",\"mainEntityOfPage\":{\"@id\":\"https:\\\/\\\/lesvolcansnews.net\\\/?p=71693\"},\"wordCount\":397,\"commentCount\":0,\"image\":{\"@id\":\"https:\\\/\\\/lesvolcansnews.net\\\/?p=71693#primaryimage\"},\"thumbnailUrl\":\"https:\\\/\\\/lesvolcansnews.net\\\/wp-content\\\/uploads\\\/2025\\\/12\\\/IMG-20251230-WA0008.jpg\",\"articleSection\":[\"S\u00c9CURIT\u00c9\"],\"inLanguage\":\"fr-FR\",\"potentialAction\":[{\"@type\":\"CommentAction\",\"name\":\"Comment\",\"target\":[\"https:\\\/\\\/lesvolcansnews.net\\\/?p=71693#respond\"]}]},{\"@type\":\"WebPage\",\"@id\":\"https:\\\/\\\/lesvolcansnews.net\\\/?p=71693\",\"url\":\"https:\\\/\\\/lesvolcansnews.net\\\/?p=71693\",\"name\":\"Sud-Kivu : la SNEL d\u00e9nonce une vague de vandalisme contre ses installations \u00e9lectriques \u00e0 Kavumu - LES VOLCANS NEWS\",\"isPartOf\":{\"@id\":\"https:\\\/\\\/lesvolcansnews.net\\\/#website\"},\"primaryImageOfPage\":{\"@id\":\"https:\\\/\\\/lesvolcansnews.net\\\/?p=71693#primaryimage\"},\"image\":{\"@id\":\"https:\\\/\\\/lesvolcansnews.net\\\/?p=71693#primaryimage\"},\"thumbnailUrl\":\"https:\\\/\\\/lesvolcansnews.net\\\/wp-content\\\/uploads\\\/2025\\\/12\\\/IMG-20251230-WA0008.jpg\",\"datePublished\":\"2025-12-30T05:14:38+00:00\",\"author\":{\"@id\":\"https:\\\/\\\/lesvolcansnews.net\\\/#\\\/schema\\\/person\\\/82c8bed2e77879ecf6cca63441f57354\"},\"breadcrumb\":{\"@id\":\"https:\\\/\\\/lesvolcansnews.net\\\/?p=71693#breadcrumb\"},\"inLanguage\":\"fr-FR\",\"potentialAction\":[{\"@type\":\"ReadAction\",\"target\":[\"https:\\\/\\\/lesvolcansnews.net\\\/?p=71693\"]}]},{\"@type\":\"ImageObject\",\"inLanguage\":\"fr-FR\",\"@id\":\"https:\\\/\\\/lesvolcansnews.net\\\/?p=71693#primaryimage\",\"url\":\"https:\\\/\\\/lesvolcansnews.net\\\/wp-content\\\/uploads\\\/2025\\\/12\\\/IMG-20251230-WA0008.jpg\",\"contentUrl\":\"https:\\\/\\\/lesvolcansnews.net\\\/wp-content\\\/uploads\\\/2025\\\/12\\\/IMG-20251230-WA0008.jpg\",\"width\":568,\"height\":470},{\"@type\":\"BreadcrumbList\",\"@id\":\"https:\\\/\\\/lesvolcansnews.net\\\/?p=71693#breadcrumb\",\"itemListElement\":[{\"@type\":\"ListItem\",\"position\":1,\"name\":\"Accueil\",\"item\":\"https:\\\/\\\/lesvolcansnews.net\\\/\"},{\"@type\":\"ListItem\",\"position\":2,\"name\":\"Sud-Kivu : la SNEL d\u00e9nonce une vague de vandalisme contre ses installations \u00e9lectriques \u00e0 Kavumu\"}]},{\"@type\":\"WebSite\",\"@id\":\"https:\\\/\\\/lesvolcansnews.net\\\/#website\",\"url\":\"https:\\\/\\\/lesvolcansnews.net\\\/\",\"name\":\"LES VOLCANS NEWS\",\"description\":\"L&#039;INFORMATION C&#039;EST NOUS\",\"potentialAction\":[{\"@type\":\"SearchAction\",\"target\":{\"@type\":\"EntryPoint\",\"urlTemplate\":\"https:\\\/\\\/lesvolcansnews.net\\\/?s={search_term_string}\"},\"query-input\":{\"@type\":\"PropertyValueSpecification\",\"valueRequired\":true,\"valueName\":\"search_term_string\"}}],\"inLanguage\":\"fr-FR\"},{\"@type\":\"Person\",\"@id\":\"https:\\\/\\\/lesvolcansnews.net\\\/#\\\/schema\\\/person\\\/82c8bed2e77879ecf6cca63441f57354\",\"name\":\"R\u00e9daction - Les Volcans News\",\"image\":{\"@type\":\"ImageObject\",\"inLanguage\":\"fr-FR\",\"@id\":\"https:\\\/\\\/secure.gravatar.com\\\/avatar\\\/8408942dd851e8a9c09f3d382a661bc05d2b3cd9002139bc1795b9528cdc6c80?s=96&d=mm&r=g\",\"url\":\"https:\\\/\\\/secure.gravatar.com\\\/avatar\\\/8408942dd851e8a9c09f3d382a661bc05d2b3cd9002139bc1795b9528cdc6c80?s=96&d=mm&r=g\",\"contentUrl\":\"https:\\\/\\\/secure.gravatar.com\\\/avatar\\\/8408942dd851e8a9c09f3d382a661bc05d2b3cd9002139bc1795b9528cdc6c80?s=96&d=mm&r=g\",\"caption\":\"R\u00e9daction - Les Volcans News\"},\"url\":\"https:\\\/\\\/lesvolcansnews.net\\\/?author=14\"}]}<\/script>\n<!-- \/ Yoast SEO plugin. -->","yoast_head_json":{"title":"Sud-Kivu : la SNEL d\u00e9nonce une vague de vandalisme contre ses installations \u00e9lectriques \u00e0 Kavumu - LES VOLCANS NEWS","robots":{"index":"index","follow":"follow","max-snippet":"max-snippet:-1","max-image-preview":"max-image-preview:large","max-video-preview":"max-video-preview:-1"},"canonical":"https:\/\/lesvolcansnews.net\/?p=71693","og_locale":"fr_FR","og_type":"article","og_title":"Sud-Kivu : la SNEL d\u00e9nonce une vague de vandalisme contre ses installations \u00e9lectriques \u00e0 Kavumu - LES VOLCANS NEWS","og_description":"La Soci\u00e9t\u00e9 nationale d\u2019\u00e9lectricit\u00e9 (SNEL), \u00e0 travers sa Direction provinciale du Sud-Kivu, tire la sonnette d\u2019alarme face \u00e0 la recrudescence pr\u00e9occupante des actes de vandalisme visant ses infrastructures \u00e9lectriques dans","og_url":"https:\/\/lesvolcansnews.net\/?p=71693","og_site_name":"LES VOLCANS NEWS","article_published_time":"2025-12-30T05:14:38+00:00","og_image":[{"width":568,"height":470,"url":"https:\/\/lesvolcansnews.net\/wp-content\/uploads\/2025\/12\/IMG-20251230-WA0008.jpg","type":"image\/jpeg"}],"author":"R\u00e9daction - Les Volcans News","twitter_card":"summary_large_image","twitter_misc":{"\u00c9crit par":"R\u00e9daction - Les Volcans News","Dur\u00e9e de lecture estim\u00e9e":"2 minutes"},"schema":{"@context":"https:\/\/schema.org","@graph":[{"@type":"Article","@id":"https:\/\/lesvolcansnews.net\/?p=71693#article","isPartOf":{"@id":"https:\/\/lesvolcansnews.net\/?p=71693"},"author":{"name":"R\u00e9daction - Les Volcans News","@id":"https:\/\/lesvolcansnews.net\/#\/schema\/person\/82c8bed2e77879ecf6cca63441f57354"},"headline":"Sud-Kivu : la SNEL d\u00e9nonce une vague de vandalisme contre ses installations \u00e9lectriques \u00e0 Kavumu","datePublished":"2025-12-30T05:14:38+00:00","mainEntityOfPage":{"@id":"https:\/\/lesvolcansnews.net\/?p=71693"},"wordCount":397,"commentCount":0,"image":{"@id":"https:\/\/lesvolcansnews.net\/?p=71693#primaryimage"},"thumbnailUrl":"https:\/\/lesvolcansnews.net\/wp-content\/uploads\/2025\/12\/IMG-20251230-WA0008.jpg","articleSection":["S\u00c9CURIT\u00c9"],"inLanguage":"fr-FR","potentialAction":[{"@type":"CommentAction","name":"Comment","target":["https:\/\/lesvolcansnews.net\/?p=71693#respond"]}]},{"@type":"WebPage","@id":"https:\/\/lesvolcansnews.net\/?p=71693","url":"https:\/\/lesvolcansnews.net\/?p=71693","name":"Sud-Kivu : la SNEL d\u00e9nonce une vague de vandalisme contre ses installations \u00e9lectriques \u00e0 Kavumu - LES VOLCANS NEWS","isPartOf":{"@id":"https:\/\/lesvolcansnews.net\/#website"},"primaryImageOfPage":{"@id":"https:\/\/lesvolcansnews.net\/?p=71693#primaryimage"},"image":{"@id":"https:\/\/lesvolcansnews.net\/?p=71693#primaryimage"},"thumbnailUrl":"https:\/\/lesvolcansnews.net\/wp-content\/uploads\/2025\/12\/IMG-20251230-WA0008.jpg","datePublished":"2025-12-30T05:14:38+00:00","author":{"@id":"https:\/\/lesvolcansnews.net\/#\/schema\/person\/82c8bed2e77879ecf6cca63441f57354"},"breadcrumb":{"@id":"https:\/\/lesvolcansnews.net\/?p=71693#breadcrumb"},"inLanguage":"fr-FR","potentialAction":[{"@type":"ReadAction","target":["https:\/\/lesvolcansnews.net\/?p=71693"]}]},{"@type":"ImageObject","inLanguage":"fr-FR","@id":"https:\/\/lesvolcansnews.net\/?p=71693#primaryimage","url":"https:\/\/lesvolcansnews.net\/wp-content\/uploads\/2025\/12\/IMG-20251230-WA0008.jpg","contentUrl":"https:\/\/lesvolcansnews.net\/wp-content\/uploads\/2025\/12\/IMG-20251230-WA0008.jpg","width":568,"height":470},{"@type":"BreadcrumbList","@id":"https:\/\/lesvolcansnews.net\/?p=71693#breadcrumb","itemListElement":[{"@type":"ListItem","position":1,"name":"Accueil","item":"https:\/\/lesvolcansnews.net\/"},{"@type":"ListItem","position":2,"name":"Sud-Kivu : la SNEL d\u00e9nonce une vague de vandalisme contre ses installations \u00e9lectriques \u00e0 Kavumu"}]},{"@type":"WebSite","@id":"https:\/\/lesvolcansnews.net\/#website","url":"https:\/\/lesvolcansnews.net\/","name":"LES VOLCANS NEWS","description":"L&#039;INFORMATION C&#039;EST NOUS","potentialAction":[{"@type":"SearchAction","target":{"@type":"EntryPoint","urlTemplate":"https:\/\/lesvolcansnews.net\/?s={search_term_string}"},"query-input":{"@type":"PropertyValueSpecification","valueRequired":true,"valueName":"search_term_string"}}],"inLanguage":"fr-FR"},{"@type":"Person","@id":"https:\/\/lesvolcansnews.net\/#\/schema\/person\/82c8bed2e77879ecf6cca63441f57354","name":"R\u00e9daction - Les Volcans News","image":{"@type":"ImageObject","inLanguage":"fr-FR","@id":"https:\/\/secure.gravatar.com\/avatar\/8408942dd851e8a9c09f3d382a661bc05d2b3cd9002139bc1795b9528cdc6c80?s=96&d=mm&r=g","url":"https:\/\/secure.gravatar.com\/avatar\/8408942dd851e8a9c09f3d382a661bc05d2b3cd9002139bc1795b9528cdc6c80?s=96&d=mm&r=g","contentUrl":"https:\/\/secure.gravatar.com\/avatar\/8408942dd851e8a9c09f3d382a661bc05d2b3cd9002139bc1795b9528cdc6c80?s=96&d=mm&r=g","caption":"R\u00e9daction - Les Volcans News"},"url":"https:\/\/lesvolcansnews.net\/?author=14"}]}},"_links":{"self":[{"href":"https:\/\/lesvolcansnews.net\/index.php?rest_route=\/wp\/v2\/posts\/71693","targetHints":{"allow":["GET"]}}],"collection":[{"href":"https:\/\/lesvolcansnews.net\/index.php?rest_route=\/wp\/v2\/posts"}],"about":[{"href":"https:\/\/lesvolcansnews.net\/index.php?rest_route=\/wp\/v2\/types\/post"}],"author":[{"embeddable":true,"href":"https:\/\/lesvolcansnews.net\/index.php?rest_route=\/wp\/v2\/users\/14"}],"replies":[{"embeddable":true,"href":"https:\/\/lesvolcansnews.net\/index.php?rest_route=%2Fwp%2Fv2%2Fcomments&post=71693"}],"version-history":[{"count":1,"href":"https:\/\/lesvolcansnews.net\/index.php?rest_route=\/wp\/v2\/posts\/71693\/revisions"}],"predecessor-version":[{"id":71695,"href":"https:\/\/lesvolcansnews.net\/index.php?rest_route=\/wp\/v2\/posts\/71693\/revisions\/71695"}],"wp:featuredmedia":[{"embeddable":true,"href":"https:\/\/lesvolcansnews.net\/index.php?rest_route=\/wp\/v2\/media\/71694"}],"wp:attachment":[{"href":"https:\/\/lesvolcansnews.net\/index.php?rest_route=%2Fwp%2Fv2%2Fmedia&parent=71693"}],"wp:term":[{"taxonomy":"category","embeddable":true,"href":"https:\/\/lesvolcansnews.net\/index.php?rest_route=%2Fwp%2Fv2%2Fcategories&post=71693"},{"taxonomy":"post_tag","embeddable":true,"href":"https:\/\/lesvolcansnews.net\/index.php?rest_route=%2Fwp%2Fv2%2Ftags&post=71693"}],"curies":[{"name":"wp","href":"https:\/\/api.w.org\/{rel}","templated":true}]}}