{"id":71677,"date":"2025-12-29T16:35:52","date_gmt":"2025-12-29T14:35:52","guid":{"rendered":"https:\/\/lesvolcansnews.net\/?p=71677"},"modified":"2025-12-29T16:35:52","modified_gmt":"2025-12-29T14:35:52","slug":"est-de-la-rdc-la-lucha-inquiete-de-la-poursuite-des-combats","status":"publish","type":"post","link":"https:\/\/lesvolcansnews.net\/?p=71677","title":{"rendered":"Est de la RDC : la Lucha Inqui\u00e8te de la poursuite des combats"},"content":{"rendered":"<p><strong>Le mouvement citoyen Lutte pour le Changement se montre inqui\u00e8te de la poursuite des affrontements sur diff\u00e9rentes lignes de front malgr\u00e9 les appels \u00e0 la cessation des hostilit\u00e9s issue des accords de DOHA et de Washington. <\/strong><\/p>\n<p>Ce mouvement citoyen regrette que les populations civiles continuent d&#8217;en payer les pots cass\u00e9s alors que les d\u00e9marches de pacification de l&#8217;Est sont en cours.  Dans une interview accord\u00e9e \u00e0 les volcans news.net ce lundi 29 d\u00e9cembre 2025,  l&#8217;un de ses communicateurs, appellent les responsables de deux parties aux conflits de respecter et faire respecter leurs engagements en faveur de la paix. <\/p>\n<p>&#8220;Nous interpellons les autorit\u00e9s congolaises, tout de m\u00eame les responsables de l&#8217;AFC M23, \u00e0 tout faire pour respecter et faire respecter les engagements qui sont conclus  \u00e7a et l\u00e0 pour que, d\u00e9sormais la paix soit r\u00e9tablie&#8221; d\u00e9clare Moise Hangi<\/p>\n<p><strong>Le mouvement soutient aussi le dialogue<\/strong> <\/p>\n<p>Par ailleurs, la Lucha appui l&#8217;id\u00e9e du dialogue pour mettre fin un terme \u00e0 cette guerre qui, selon lui, a d\u00e9j\u00e0 fait beaucoup de victimes. Il estime que le dialogue national et inclusif demeure la voie de sortie \u00e0 la crise de l&#8217;Est<\/p>\n<p>&#8220;Nous estimons qu&#8217;il est possible d&#8217;accorder le privil\u00e8ge aux initiatives relatives au dialogue national tel que propos\u00e9s par certains compatriotes pour tenter de juguler cette crise qui a fait beaucoup de morts et de d\u00e9g\u00e2ts. Bien \u00e9videmment, il est possible d&#8217;\u00e9couter le son de cloche de tout le monde pour tenter de solutionner le probl\u00e8me et esp\u00e9rer \u00e0 une issue&#8221; ajoute ce communicateur <\/p>\n<p>Il faut dire que cette sortie m\u00e9diatique de la Lucha intervient alors que sur le terrain, les combats se poursuivent entre les \u00e9l\u00e9ments de L&#8217;AFC M23 et les FARDC.  Ce dimanche 28 d\u00e9cembre, les FARDC ont indiqu\u00e9 avoir intensifi\u00e9 leurs patrouilles diurnes \u00e0 Makobola et tenteraient de reprendre la ville d&#8217;Uvira tomb\u00e9e entre les mains du M23 il y&#8217;a 13 jours. De son c\u00f4t\u00e9, l&#8217;AFC M23 continue de d\u00e9noncer des bombardements a\u00e9riens sur ses positions provenant des FARDC et annonc\u00e9 qu&#8217;il prendra &#8220;ses menaces&#8221; au s\u00e9rieux. <\/p>\n<p>Devant ce ping pong, plusieurs observateurs avertis pensent que ce conflit s\u00e9curitaire est loin de dire son dernier mot et en appellent \u00e0 la d\u00e9sescalade totale et urgente pour le bien \u00eatre de la population. <\/p>\n<p>La r\u00e9daction<\/p>\n","protected":false},"excerpt":{"rendered":"<p>Le mouvement citoyen Lutte pour le Changement se montre inqui\u00e8te de la poursuite des affrontements sur diff\u00e9rentes lignes de front malgr\u00e9 les appels \u00e0 la cessation des hostilit\u00e9s issue des<\/p>\n","protected":false},"author":14,"featured_media":71679,"comment_status":"open","ping_status":"open","sticky":false,"template":"","format":"standard","meta":{"footnotes":""},"categories":[1,32],"tags":[],"class_list":["post-71677","post","type-post","status-publish","format-standard","has-post-thumbnail","hentry","category-actualite","category-securite"],"yoast_head":"<!-- This site is optimized with the Yoast SEO plugin v27.5 - https:\/\/yoast.com\/product\/yoast-seo-wordpress\/ -->\n<title>Est de la RDC : la Lucha Inqui\u00e8te de la poursuite des combats - LES VOLCANS NEWS<\/title>\n<meta name=\"robots\" content=\"index, follow, max-snippet:-1, max-image-preview:large, max-video-preview:-1\" \/>\n<link rel=\"canonical\" href=\"https:\/\/lesvolcansnews.net\/?p=71677\" \/>\n<meta property=\"og:locale\" content=\"fr_FR\" \/>\n<meta property=\"og:type\" content=\"article\" \/>\n<meta property=\"og:title\" content=\"Est de la RDC : la Lucha Inqui\u00e8te de la poursuite des combats - LES VOLCANS NEWS\" \/>\n<meta property=\"og:description\" content=\"Le mouvement citoyen Lutte pour le Changement se montre inqui\u00e8te de la poursuite des affrontements sur diff\u00e9rentes lignes de front malgr\u00e9 les appels \u00e0 la cessation des hostilit\u00e9s issue des\" \/>\n<meta property=\"og:url\" content=\"https:\/\/lesvolcansnews.net\/?p=71677\" \/>\n<meta property=\"og:site_name\" content=\"LES VOLCANS NEWS\" \/>\n<meta property=\"article:published_time\" content=\"2025-12-29T14:35:52+00:00\" \/>\n<meta property=\"og:image\" content=\"https:\/\/lesvolcansnews.net\/wp-content\/uploads\/2025\/12\/IMG-20251229-WA0118.jpg\" \/>\n\t<meta property=\"og:image:width\" content=\"794\" \/>\n\t<meta property=\"og:image:height\" content=\"386\" \/>\n\t<meta property=\"og:image:type\" content=\"image\/jpeg\" \/>\n<meta name=\"author\" content=\"R\u00e9daction - Les Volcans News\" \/>\n<meta name=\"twitter:card\" content=\"summary_large_image\" \/>\n<meta name=\"twitter:label1\" content=\"\u00c9crit par\" \/>\n\t<meta name=\"twitter:data1\" content=\"R\u00e9daction - Les Volcans News\" \/>\n\t<meta name=\"twitter:label2\" content=\"Dur\u00e9e de lecture estim\u00e9e\" \/>\n\t<meta name=\"twitter:data2\" content=\"2 minutes\" \/>\n<script type=\"application\/ld+json\" class=\"yoast-schema-graph\">{\"@context\":\"https:\\\/\\\/schema.org\",\"@graph\":[{\"@type\":\"Article\",\"@id\":\"https:\\\/\\\/lesvolcansnews.net\\\/?p=71677#article\",\"isPartOf\":{\"@id\":\"https:\\\/\\\/lesvolcansnews.net\\\/?p=71677\"},\"author\":{\"name\":\"R\u00e9daction - Les Volcans News\",\"@id\":\"https:\\\/\\\/lesvolcansnews.net\\\/#\\\/schema\\\/person\\\/82c8bed2e77879ecf6cca63441f57354\"},\"headline\":\"Est de la RDC : la Lucha Inqui\u00e8te de la poursuite des combats\",\"datePublished\":\"2025-12-29T14:35:52+00:00\",\"mainEntityOfPage\":{\"@id\":\"https:\\\/\\\/lesvolcansnews.net\\\/?p=71677\"},\"wordCount\":419,\"commentCount\":0,\"image\":{\"@id\":\"https:\\\/\\\/lesvolcansnews.net\\\/?p=71677#primaryimage\"},\"thumbnailUrl\":\"https:\\\/\\\/lesvolcansnews.net\\\/wp-content\\\/uploads\\\/2025\\\/12\\\/IMG-20251229-WA0118.jpg\",\"articleSection\":[\"ACTUALIT\u00c9\",\"S\u00c9CURIT\u00c9\"],\"inLanguage\":\"fr-FR\",\"potentialAction\":[{\"@type\":\"CommentAction\",\"name\":\"Comment\",\"target\":[\"https:\\\/\\\/lesvolcansnews.net\\\/?p=71677#respond\"]}]},{\"@type\":\"WebPage\",\"@id\":\"https:\\\/\\\/lesvolcansnews.net\\\/?p=71677\",\"url\":\"https:\\\/\\\/lesvolcansnews.net\\\/?p=71677\",\"name\":\"Est de la RDC : la Lucha Inqui\u00e8te de la poursuite des combats - LES VOLCANS NEWS\",\"isPartOf\":{\"@id\":\"https:\\\/\\\/lesvolcansnews.net\\\/#website\"},\"primaryImageOfPage\":{\"@id\":\"https:\\\/\\\/lesvolcansnews.net\\\/?p=71677#primaryimage\"},\"image\":{\"@id\":\"https:\\\/\\\/lesvolcansnews.net\\\/?p=71677#primaryimage\"},\"thumbnailUrl\":\"https:\\\/\\\/lesvolcansnews.net\\\/wp-content\\\/uploads\\\/2025\\\/12\\\/IMG-20251229-WA0118.jpg\",\"datePublished\":\"2025-12-29T14:35:52+00:00\",\"author\":{\"@id\":\"https:\\\/\\\/lesvolcansnews.net\\\/#\\\/schema\\\/person\\\/82c8bed2e77879ecf6cca63441f57354\"},\"breadcrumb\":{\"@id\":\"https:\\\/\\\/lesvolcansnews.net\\\/?p=71677#breadcrumb\"},\"inLanguage\":\"fr-FR\",\"potentialAction\":[{\"@type\":\"ReadAction\",\"target\":[\"https:\\\/\\\/lesvolcansnews.net\\\/?p=71677\"]}]},{\"@type\":\"ImageObject\",\"inLanguage\":\"fr-FR\",\"@id\":\"https:\\\/\\\/lesvolcansnews.net\\\/?p=71677#primaryimage\",\"url\":\"https:\\\/\\\/lesvolcansnews.net\\\/wp-content\\\/uploads\\\/2025\\\/12\\\/IMG-20251229-WA0118.jpg\",\"contentUrl\":\"https:\\\/\\\/lesvolcansnews.net\\\/wp-content\\\/uploads\\\/2025\\\/12\\\/IMG-20251229-WA0118.jpg\",\"width\":794,\"height\":386},{\"@type\":\"BreadcrumbList\",\"@id\":\"https:\\\/\\\/lesvolcansnews.net\\\/?p=71677#breadcrumb\",\"itemListElement\":[{\"@type\":\"ListItem\",\"position\":1,\"name\":\"Accueil\",\"item\":\"https:\\\/\\\/lesvolcansnews.net\\\/\"},{\"@type\":\"ListItem\",\"position\":2,\"name\":\"Est de la RDC : la Lucha Inqui\u00e8te de la poursuite des combats\"}]},{\"@type\":\"WebSite\",\"@id\":\"https:\\\/\\\/lesvolcansnews.net\\\/#website\",\"url\":\"https:\\\/\\\/lesvolcansnews.net\\\/\",\"name\":\"LES VOLCANS NEWS\",\"description\":\"L&#039;INFORMATION C&#039;EST NOUS\",\"potentialAction\":[{\"@type\":\"SearchAction\",\"target\":{\"@type\":\"EntryPoint\",\"urlTemplate\":\"https:\\\/\\\/lesvolcansnews.net\\\/?s={search_term_string}\"},\"query-input\":{\"@type\":\"PropertyValueSpecification\",\"valueRequired\":true,\"valueName\":\"search_term_string\"}}],\"inLanguage\":\"fr-FR\"},{\"@type\":\"Person\",\"@id\":\"https:\\\/\\\/lesvolcansnews.net\\\/#\\\/schema\\\/person\\\/82c8bed2e77879ecf6cca63441f57354\",\"name\":\"R\u00e9daction - Les Volcans News\",\"image\":{\"@type\":\"ImageObject\",\"inLanguage\":\"fr-FR\",\"@id\":\"https:\\\/\\\/secure.gravatar.com\\\/avatar\\\/8408942dd851e8a9c09f3d382a661bc05d2b3cd9002139bc1795b9528cdc6c80?s=96&d=mm&r=g\",\"url\":\"https:\\\/\\\/secure.gravatar.com\\\/avatar\\\/8408942dd851e8a9c09f3d382a661bc05d2b3cd9002139bc1795b9528cdc6c80?s=96&d=mm&r=g\",\"contentUrl\":\"https:\\\/\\\/secure.gravatar.com\\\/avatar\\\/8408942dd851e8a9c09f3d382a661bc05d2b3cd9002139bc1795b9528cdc6c80?s=96&d=mm&r=g\",\"caption\":\"R\u00e9daction - Les Volcans News\"},\"url\":\"https:\\\/\\\/lesvolcansnews.net\\\/?author=14\"}]}<\/script>\n<!-- \/ Yoast SEO plugin. -->","yoast_head_json":{"title":"Est de la RDC : la Lucha Inqui\u00e8te de la poursuite des combats - LES VOLCANS NEWS","robots":{"index":"index","follow":"follow","max-snippet":"max-snippet:-1","max-image-preview":"max-image-preview:large","max-video-preview":"max-video-preview:-1"},"canonical":"https:\/\/lesvolcansnews.net\/?p=71677","og_locale":"fr_FR","og_type":"article","og_title":"Est de la RDC : la Lucha Inqui\u00e8te de la poursuite des combats - LES VOLCANS NEWS","og_description":"Le mouvement citoyen Lutte pour le Changement se montre inqui\u00e8te de la poursuite des affrontements sur diff\u00e9rentes lignes de front malgr\u00e9 les appels \u00e0 la cessation des hostilit\u00e9s issue des","og_url":"https:\/\/lesvolcansnews.net\/?p=71677","og_site_name":"LES VOLCANS NEWS","article_published_time":"2025-12-29T14:35:52+00:00","og_image":[{"width":794,"height":386,"url":"https:\/\/lesvolcansnews.net\/wp-content\/uploads\/2025\/12\/IMG-20251229-WA0118.jpg","type":"image\/jpeg"}],"author":"R\u00e9daction - Les Volcans News","twitter_card":"summary_large_image","twitter_misc":{"\u00c9crit par":"R\u00e9daction - Les Volcans News","Dur\u00e9e de lecture estim\u00e9e":"2 minutes"},"schema":{"@context":"https:\/\/schema.org","@graph":[{"@type":"Article","@id":"https:\/\/lesvolcansnews.net\/?p=71677#article","isPartOf":{"@id":"https:\/\/lesvolcansnews.net\/?p=71677"},"author":{"name":"R\u00e9daction - Les Volcans News","@id":"https:\/\/lesvolcansnews.net\/#\/schema\/person\/82c8bed2e77879ecf6cca63441f57354"},"headline":"Est de la RDC : la Lucha Inqui\u00e8te de la poursuite des combats","datePublished":"2025-12-29T14:35:52+00:00","mainEntityOfPage":{"@id":"https:\/\/lesvolcansnews.net\/?p=71677"},"wordCount":419,"commentCount":0,"image":{"@id":"https:\/\/lesvolcansnews.net\/?p=71677#primaryimage"},"thumbnailUrl":"https:\/\/lesvolcansnews.net\/wp-content\/uploads\/2025\/12\/IMG-20251229-WA0118.jpg","articleSection":["ACTUALIT\u00c9","S\u00c9CURIT\u00c9"],"inLanguage":"fr-FR","potentialAction":[{"@type":"CommentAction","name":"Comment","target":["https:\/\/lesvolcansnews.net\/?p=71677#respond"]}]},{"@type":"WebPage","@id":"https:\/\/lesvolcansnews.net\/?p=71677","url":"https:\/\/lesvolcansnews.net\/?p=71677","name":"Est de la RDC : la Lucha Inqui\u00e8te de la poursuite des combats - LES VOLCANS NEWS","isPartOf":{"@id":"https:\/\/lesvolcansnews.net\/#website"},"primaryImageOfPage":{"@id":"https:\/\/lesvolcansnews.net\/?p=71677#primaryimage"},"image":{"@id":"https:\/\/lesvolcansnews.net\/?p=71677#primaryimage"},"thumbnailUrl":"https:\/\/lesvolcansnews.net\/wp-content\/uploads\/2025\/12\/IMG-20251229-WA0118.jpg","datePublished":"2025-12-29T14:35:52+00:00","author":{"@id":"https:\/\/lesvolcansnews.net\/#\/schema\/person\/82c8bed2e77879ecf6cca63441f57354"},"breadcrumb":{"@id":"https:\/\/lesvolcansnews.net\/?p=71677#breadcrumb"},"inLanguage":"fr-FR","potentialAction":[{"@type":"ReadAction","target":["https:\/\/lesvolcansnews.net\/?p=71677"]}]},{"@type":"ImageObject","inLanguage":"fr-FR","@id":"https:\/\/lesvolcansnews.net\/?p=71677#primaryimage","url":"https:\/\/lesvolcansnews.net\/wp-content\/uploads\/2025\/12\/IMG-20251229-WA0118.jpg","contentUrl":"https:\/\/lesvolcansnews.net\/wp-content\/uploads\/2025\/12\/IMG-20251229-WA0118.jpg","width":794,"height":386},{"@type":"BreadcrumbList","@id":"https:\/\/lesvolcansnews.net\/?p=71677#breadcrumb","itemListElement":[{"@type":"ListItem","position":1,"name":"Accueil","item":"https:\/\/lesvolcansnews.net\/"},{"@type":"ListItem","position":2,"name":"Est de la RDC : la Lucha Inqui\u00e8te de la poursuite des combats"}]},{"@type":"WebSite","@id":"https:\/\/lesvolcansnews.net\/#website","url":"https:\/\/lesvolcansnews.net\/","name":"LES VOLCANS NEWS","description":"L&#039;INFORMATION C&#039;EST NOUS","potentialAction":[{"@type":"SearchAction","target":{"@type":"EntryPoint","urlTemplate":"https:\/\/lesvolcansnews.net\/?s={search_term_string}"},"query-input":{"@type":"PropertyValueSpecification","valueRequired":true,"valueName":"search_term_string"}}],"inLanguage":"fr-FR"},{"@type":"Person","@id":"https:\/\/lesvolcansnews.net\/#\/schema\/person\/82c8bed2e77879ecf6cca63441f57354","name":"R\u00e9daction - Les Volcans News","image":{"@type":"ImageObject","inLanguage":"fr-FR","@id":"https:\/\/secure.gravatar.com\/avatar\/8408942dd851e8a9c09f3d382a661bc05d2b3cd9002139bc1795b9528cdc6c80?s=96&d=mm&r=g","url":"https:\/\/secure.gravatar.com\/avatar\/8408942dd851e8a9c09f3d382a661bc05d2b3cd9002139bc1795b9528cdc6c80?s=96&d=mm&r=g","contentUrl":"https:\/\/secure.gravatar.com\/avatar\/8408942dd851e8a9c09f3d382a661bc05d2b3cd9002139bc1795b9528cdc6c80?s=96&d=mm&r=g","caption":"R\u00e9daction - Les Volcans News"},"url":"https:\/\/lesvolcansnews.net\/?author=14"}]}},"_links":{"self":[{"href":"https:\/\/lesvolcansnews.net\/index.php?rest_route=\/wp\/v2\/posts\/71677","targetHints":{"allow":["GET"]}}],"collection":[{"href":"https:\/\/lesvolcansnews.net\/index.php?rest_route=\/wp\/v2\/posts"}],"about":[{"href":"https:\/\/lesvolcansnews.net\/index.php?rest_route=\/wp\/v2\/types\/post"}],"author":[{"embeddable":true,"href":"https:\/\/lesvolcansnews.net\/index.php?rest_route=\/wp\/v2\/users\/14"}],"replies":[{"embeddable":true,"href":"https:\/\/lesvolcansnews.net\/index.php?rest_route=%2Fwp%2Fv2%2Fcomments&post=71677"}],"version-history":[{"count":1,"href":"https:\/\/lesvolcansnews.net\/index.php?rest_route=\/wp\/v2\/posts\/71677\/revisions"}],"predecessor-version":[{"id":71678,"href":"https:\/\/lesvolcansnews.net\/index.php?rest_route=\/wp\/v2\/posts\/71677\/revisions\/71678"}],"wp:featuredmedia":[{"embeddable":true,"href":"https:\/\/lesvolcansnews.net\/index.php?rest_route=\/wp\/v2\/media\/71679"}],"wp:attachment":[{"href":"https:\/\/lesvolcansnews.net\/index.php?rest_route=%2Fwp%2Fv2%2Fmedia&parent=71677"}],"wp:term":[{"taxonomy":"category","embeddable":true,"href":"https:\/\/lesvolcansnews.net\/index.php?rest_route=%2Fwp%2Fv2%2Fcategories&post=71677"},{"taxonomy":"post_tag","embeddable":true,"href":"https:\/\/lesvolcansnews.net\/index.php?rest_route=%2Fwp%2Fv2%2Ftags&post=71677"}],"curies":[{"name":"wp","href":"https:\/\/api.w.org\/{rel}","templated":true}]}}