{"id":71674,"date":"2025-12-29T16:34:21","date_gmt":"2025-12-29T14:34:21","guid":{"rendered":"https:\/\/lesvolcansnews.net\/?p=71674"},"modified":"2025-12-29T16:34:21","modified_gmt":"2025-12-29T14:34:21","slug":"la-presse-iturienne-en-deuil-deces-du-journaliste-thierry-banga-lole","status":"publish","type":"post","link":"https:\/\/lesvolcansnews.net\/?p=71674","title":{"rendered":"La presse iturienne en deuil : d\u00e9c\u00e8s du journaliste Thierry Banga Lole"},"content":{"rendered":"<p><strong>La presse de la province de l\u2019Ituri est en deuil. Le journaliste Thierry Banga Lole est d\u00e9c\u00e9d\u00e9 des suites de graves blessures cons\u00e9cutives \u00e0 une agression arm\u00e9e dont il a \u00e9t\u00e9 victime la nuit du dimanche 28 \u00e0 ce lundi 29 d\u00e9cembre 2025. Il a rendu l\u2019\u00e2me apr\u00e8s avoir lutt\u00e9 contre la mort, plongeant le monde m\u00e9diatique et la soci\u00e9t\u00e9 civile dans une profonde consternation.<\/strong><\/p>\n<p>Selon des sources concordantes, le journaliste avait \u00e9t\u00e9 violemment attaqu\u00e9 par des hommes arm\u00e9s dans des circonstances encore floues. Gri\u00e8vement bless\u00e9, il avait \u00e9t\u00e9 admis dans une structure sanitaire pour des soins intensifs, mais son \u00e9tat de sant\u00e9 s\u2019est rapidement d\u00e9t\u00e9rior\u00e9 jusqu\u2019\u00e0 son d\u00e9c\u00e8s.<\/p>\n<p>La disparition de Thierry Banga Lole constitue un coup dur pour la libert\u00e9 de la presse en Ituri, une province d\u00e9j\u00e0 marqu\u00e9e par l\u2019ins\u00e9curit\u00e9 persistante. Connu pour son engagement professionnel et son attachement \u00e0 l\u2019information de proximit\u00e9, le d\u00e9funt laisse derri\u00e8re lui une famille endeuill\u00e9e, des confr\u00e8res inconsolables et une communaut\u00e9 priv\u00e9e d\u2019une voix essentielle.<\/p>\n<p>Des organisations de journalistes, des acteurs de la soci\u00e9t\u00e9 civile ainsi que plusieurs m\u00e9dias locaux ont exprim\u00e9 leur indignation et exigent l\u2019ouverture d\u2019une enqu\u00eate s\u00e9rieuse et ind\u00e9pendante afin d\u2019identifier les auteurs de cette agression mortelle et de les traduire en justice.<\/p>\n<p>Cet \u00e9ni\u00e8me drame relance le d\u00e9bat sur la protection des journalistes en zones de conflit et l\u2019impunit\u00e9 dont jouissent les auteurs de violences contre les professionnels des m\u00e9dias en R\u00e9publique d\u00e9mocratique du Congo.<\/p>\n<p>En cette douloureuse circonstance, la r\u00e9daction de LES VOLCANS NEWS pr\u00e9sente ses condol\u00e9ances les plus attrist\u00e9es \u00e0 la famille biologique du disparu, \u00e0 ses coll\u00e8gues ainsi qu\u2019\u00e0 toute la presse iturienne.<\/p>\n","protected":false},"excerpt":{"rendered":"<p>La presse de la province de l\u2019Ituri est en deuil. Le journaliste Thierry Banga Lole est d\u00e9c\u00e9d\u00e9 des suites de graves blessures cons\u00e9cutives \u00e0 une agression arm\u00e9e dont il a<\/p>\n","protected":false},"author":14,"featured_media":71676,"comment_status":"open","ping_status":"open","sticky":false,"template":"","format":"standard","meta":{"footnotes":""},"categories":[1,54],"tags":[],"class_list":["post-71674","post","type-post","status-publish","format-standard","has-post-thumbnail","hentry","category-actualite","category-medias"],"yoast_head":"<!-- This site is optimized with the Yoast SEO plugin v27.5 - https:\/\/yoast.com\/product\/yoast-seo-wordpress\/ -->\n<title>La presse iturienne en deuil : d\u00e9c\u00e8s du journaliste Thierry Banga Lole - LES VOLCANS NEWS<\/title>\n<meta name=\"robots\" content=\"index, follow, max-snippet:-1, max-image-preview:large, max-video-preview:-1\" \/>\n<link rel=\"canonical\" href=\"https:\/\/lesvolcansnews.net\/?p=71674\" \/>\n<meta property=\"og:locale\" content=\"fr_FR\" \/>\n<meta property=\"og:type\" content=\"article\" \/>\n<meta property=\"og:title\" content=\"La presse iturienne en deuil : d\u00e9c\u00e8s du journaliste Thierry Banga Lole - LES VOLCANS NEWS\" \/>\n<meta property=\"og:description\" content=\"La presse de la province de l\u2019Ituri est en deuil. Le journaliste Thierry Banga Lole est d\u00e9c\u00e9d\u00e9 des suites de graves blessures cons\u00e9cutives \u00e0 une agression arm\u00e9e dont il a\" \/>\n<meta property=\"og:url\" content=\"https:\/\/lesvolcansnews.net\/?p=71674\" \/>\n<meta property=\"og:site_name\" content=\"LES VOLCANS NEWS\" \/>\n<meta property=\"article:published_time\" content=\"2025-12-29T14:34:21+00:00\" \/>\n<meta property=\"og:image\" content=\"https:\/\/lesvolcansnews.net\/wp-content\/uploads\/2025\/12\/IMG-20251229-WA0119.jpg\" \/>\n\t<meta property=\"og:image:width\" content=\"996\" \/>\n\t<meta property=\"og:image:height\" content=\"664\" \/>\n\t<meta property=\"og:image:type\" content=\"image\/jpeg\" \/>\n<meta name=\"author\" content=\"R\u00e9daction - Les Volcans News\" \/>\n<meta name=\"twitter:card\" content=\"summary_large_image\" \/>\n<meta name=\"twitter:label1\" content=\"\u00c9crit par\" \/>\n\t<meta name=\"twitter:data1\" content=\"R\u00e9daction - Les Volcans News\" \/>\n\t<meta name=\"twitter:label2\" content=\"Dur\u00e9e de lecture estim\u00e9e\" \/>\n\t<meta name=\"twitter:data2\" content=\"2 minutes\" \/>\n<script type=\"application\/ld+json\" class=\"yoast-schema-graph\">{\"@context\":\"https:\\\/\\\/schema.org\",\"@graph\":[{\"@type\":\"Article\",\"@id\":\"https:\\\/\\\/lesvolcansnews.net\\\/?p=71674#article\",\"isPartOf\":{\"@id\":\"https:\\\/\\\/lesvolcansnews.net\\\/?p=71674\"},\"author\":{\"name\":\"R\u00e9daction - Les Volcans News\",\"@id\":\"https:\\\/\\\/lesvolcansnews.net\\\/#\\\/schema\\\/person\\\/82c8bed2e77879ecf6cca63441f57354\"},\"headline\":\"La presse iturienne en deuil : d\u00e9c\u00e8s du journaliste Thierry Banga Lole\",\"datePublished\":\"2025-12-29T14:34:21+00:00\",\"mainEntityOfPage\":{\"@id\":\"https:\\\/\\\/lesvolcansnews.net\\\/?p=71674\"},\"wordCount\":321,\"commentCount\":0,\"image\":{\"@id\":\"https:\\\/\\\/lesvolcansnews.net\\\/?p=71674#primaryimage\"},\"thumbnailUrl\":\"https:\\\/\\\/lesvolcansnews.net\\\/wp-content\\\/uploads\\\/2025\\\/12\\\/IMG-20251229-WA0119.jpg\",\"articleSection\":[\"ACTUALIT\u00c9\",\"M\u00c9DIAS\"],\"inLanguage\":\"fr-FR\",\"potentialAction\":[{\"@type\":\"CommentAction\",\"name\":\"Comment\",\"target\":[\"https:\\\/\\\/lesvolcansnews.net\\\/?p=71674#respond\"]}]},{\"@type\":\"WebPage\",\"@id\":\"https:\\\/\\\/lesvolcansnews.net\\\/?p=71674\",\"url\":\"https:\\\/\\\/lesvolcansnews.net\\\/?p=71674\",\"name\":\"La presse iturienne en deuil : d\u00e9c\u00e8s du journaliste Thierry Banga Lole - LES VOLCANS NEWS\",\"isPartOf\":{\"@id\":\"https:\\\/\\\/lesvolcansnews.net\\\/#website\"},\"primaryImageOfPage\":{\"@id\":\"https:\\\/\\\/lesvolcansnews.net\\\/?p=71674#primaryimage\"},\"image\":{\"@id\":\"https:\\\/\\\/lesvolcansnews.net\\\/?p=71674#primaryimage\"},\"thumbnailUrl\":\"https:\\\/\\\/lesvolcansnews.net\\\/wp-content\\\/uploads\\\/2025\\\/12\\\/IMG-20251229-WA0119.jpg\",\"datePublished\":\"2025-12-29T14:34:21+00:00\",\"author\":{\"@id\":\"https:\\\/\\\/lesvolcansnews.net\\\/#\\\/schema\\\/person\\\/82c8bed2e77879ecf6cca63441f57354\"},\"breadcrumb\":{\"@id\":\"https:\\\/\\\/lesvolcansnews.net\\\/?p=71674#breadcrumb\"},\"inLanguage\":\"fr-FR\",\"potentialAction\":[{\"@type\":\"ReadAction\",\"target\":[\"https:\\\/\\\/lesvolcansnews.net\\\/?p=71674\"]}]},{\"@type\":\"ImageObject\",\"inLanguage\":\"fr-FR\",\"@id\":\"https:\\\/\\\/lesvolcansnews.net\\\/?p=71674#primaryimage\",\"url\":\"https:\\\/\\\/lesvolcansnews.net\\\/wp-content\\\/uploads\\\/2025\\\/12\\\/IMG-20251229-WA0119.jpg\",\"contentUrl\":\"https:\\\/\\\/lesvolcansnews.net\\\/wp-content\\\/uploads\\\/2025\\\/12\\\/IMG-20251229-WA0119.jpg\",\"width\":996,\"height\":664},{\"@type\":\"BreadcrumbList\",\"@id\":\"https:\\\/\\\/lesvolcansnews.net\\\/?p=71674#breadcrumb\",\"itemListElement\":[{\"@type\":\"ListItem\",\"position\":1,\"name\":\"Accueil\",\"item\":\"https:\\\/\\\/lesvolcansnews.net\\\/\"},{\"@type\":\"ListItem\",\"position\":2,\"name\":\"La presse iturienne en deuil : d\u00e9c\u00e8s du journaliste Thierry Banga Lole\"}]},{\"@type\":\"WebSite\",\"@id\":\"https:\\\/\\\/lesvolcansnews.net\\\/#website\",\"url\":\"https:\\\/\\\/lesvolcansnews.net\\\/\",\"name\":\"LES VOLCANS NEWS\",\"description\":\"L&#039;INFORMATION C&#039;EST NOUS\",\"potentialAction\":[{\"@type\":\"SearchAction\",\"target\":{\"@type\":\"EntryPoint\",\"urlTemplate\":\"https:\\\/\\\/lesvolcansnews.net\\\/?s={search_term_string}\"},\"query-input\":{\"@type\":\"PropertyValueSpecification\",\"valueRequired\":true,\"valueName\":\"search_term_string\"}}],\"inLanguage\":\"fr-FR\"},{\"@type\":\"Person\",\"@id\":\"https:\\\/\\\/lesvolcansnews.net\\\/#\\\/schema\\\/person\\\/82c8bed2e77879ecf6cca63441f57354\",\"name\":\"R\u00e9daction - Les Volcans News\",\"image\":{\"@type\":\"ImageObject\",\"inLanguage\":\"fr-FR\",\"@id\":\"https:\\\/\\\/secure.gravatar.com\\\/avatar\\\/8408942dd851e8a9c09f3d382a661bc05d2b3cd9002139bc1795b9528cdc6c80?s=96&d=mm&r=g\",\"url\":\"https:\\\/\\\/secure.gravatar.com\\\/avatar\\\/8408942dd851e8a9c09f3d382a661bc05d2b3cd9002139bc1795b9528cdc6c80?s=96&d=mm&r=g\",\"contentUrl\":\"https:\\\/\\\/secure.gravatar.com\\\/avatar\\\/8408942dd851e8a9c09f3d382a661bc05d2b3cd9002139bc1795b9528cdc6c80?s=96&d=mm&r=g\",\"caption\":\"R\u00e9daction - Les Volcans News\"},\"url\":\"https:\\\/\\\/lesvolcansnews.net\\\/?author=14\"}]}<\/script>\n<!-- \/ Yoast SEO plugin. -->","yoast_head_json":{"title":"La presse iturienne en deuil : d\u00e9c\u00e8s du journaliste Thierry Banga Lole - LES VOLCANS NEWS","robots":{"index":"index","follow":"follow","max-snippet":"max-snippet:-1","max-image-preview":"max-image-preview:large","max-video-preview":"max-video-preview:-1"},"canonical":"https:\/\/lesvolcansnews.net\/?p=71674","og_locale":"fr_FR","og_type":"article","og_title":"La presse iturienne en deuil : d\u00e9c\u00e8s du journaliste Thierry Banga Lole - LES VOLCANS NEWS","og_description":"La presse de la province de l\u2019Ituri est en deuil. Le journaliste Thierry Banga Lole est d\u00e9c\u00e9d\u00e9 des suites de graves blessures cons\u00e9cutives \u00e0 une agression arm\u00e9e dont il a","og_url":"https:\/\/lesvolcansnews.net\/?p=71674","og_site_name":"LES VOLCANS NEWS","article_published_time":"2025-12-29T14:34:21+00:00","og_image":[{"width":996,"height":664,"url":"https:\/\/lesvolcansnews.net\/wp-content\/uploads\/2025\/12\/IMG-20251229-WA0119.jpg","type":"image\/jpeg"}],"author":"R\u00e9daction - Les Volcans News","twitter_card":"summary_large_image","twitter_misc":{"\u00c9crit par":"R\u00e9daction - Les Volcans News","Dur\u00e9e de lecture estim\u00e9e":"2 minutes"},"schema":{"@context":"https:\/\/schema.org","@graph":[{"@type":"Article","@id":"https:\/\/lesvolcansnews.net\/?p=71674#article","isPartOf":{"@id":"https:\/\/lesvolcansnews.net\/?p=71674"},"author":{"name":"R\u00e9daction - Les Volcans News","@id":"https:\/\/lesvolcansnews.net\/#\/schema\/person\/82c8bed2e77879ecf6cca63441f57354"},"headline":"La presse iturienne en deuil : d\u00e9c\u00e8s du journaliste Thierry Banga Lole","datePublished":"2025-12-29T14:34:21+00:00","mainEntityOfPage":{"@id":"https:\/\/lesvolcansnews.net\/?p=71674"},"wordCount":321,"commentCount":0,"image":{"@id":"https:\/\/lesvolcansnews.net\/?p=71674#primaryimage"},"thumbnailUrl":"https:\/\/lesvolcansnews.net\/wp-content\/uploads\/2025\/12\/IMG-20251229-WA0119.jpg","articleSection":["ACTUALIT\u00c9","M\u00c9DIAS"],"inLanguage":"fr-FR","potentialAction":[{"@type":"CommentAction","name":"Comment","target":["https:\/\/lesvolcansnews.net\/?p=71674#respond"]}]},{"@type":"WebPage","@id":"https:\/\/lesvolcansnews.net\/?p=71674","url":"https:\/\/lesvolcansnews.net\/?p=71674","name":"La presse iturienne en deuil : d\u00e9c\u00e8s du journaliste Thierry Banga Lole - LES VOLCANS NEWS","isPartOf":{"@id":"https:\/\/lesvolcansnews.net\/#website"},"primaryImageOfPage":{"@id":"https:\/\/lesvolcansnews.net\/?p=71674#primaryimage"},"image":{"@id":"https:\/\/lesvolcansnews.net\/?p=71674#primaryimage"},"thumbnailUrl":"https:\/\/lesvolcansnews.net\/wp-content\/uploads\/2025\/12\/IMG-20251229-WA0119.jpg","datePublished":"2025-12-29T14:34:21+00:00","author":{"@id":"https:\/\/lesvolcansnews.net\/#\/schema\/person\/82c8bed2e77879ecf6cca63441f57354"},"breadcrumb":{"@id":"https:\/\/lesvolcansnews.net\/?p=71674#breadcrumb"},"inLanguage":"fr-FR","potentialAction":[{"@type":"ReadAction","target":["https:\/\/lesvolcansnews.net\/?p=71674"]}]},{"@type":"ImageObject","inLanguage":"fr-FR","@id":"https:\/\/lesvolcansnews.net\/?p=71674#primaryimage","url":"https:\/\/lesvolcansnews.net\/wp-content\/uploads\/2025\/12\/IMG-20251229-WA0119.jpg","contentUrl":"https:\/\/lesvolcansnews.net\/wp-content\/uploads\/2025\/12\/IMG-20251229-WA0119.jpg","width":996,"height":664},{"@type":"BreadcrumbList","@id":"https:\/\/lesvolcansnews.net\/?p=71674#breadcrumb","itemListElement":[{"@type":"ListItem","position":1,"name":"Accueil","item":"https:\/\/lesvolcansnews.net\/"},{"@type":"ListItem","position":2,"name":"La presse iturienne en deuil : d\u00e9c\u00e8s du journaliste Thierry Banga Lole"}]},{"@type":"WebSite","@id":"https:\/\/lesvolcansnews.net\/#website","url":"https:\/\/lesvolcansnews.net\/","name":"LES VOLCANS NEWS","description":"L&#039;INFORMATION C&#039;EST NOUS","potentialAction":[{"@type":"SearchAction","target":{"@type":"EntryPoint","urlTemplate":"https:\/\/lesvolcansnews.net\/?s={search_term_string}"},"query-input":{"@type":"PropertyValueSpecification","valueRequired":true,"valueName":"search_term_string"}}],"inLanguage":"fr-FR"},{"@type":"Person","@id":"https:\/\/lesvolcansnews.net\/#\/schema\/person\/82c8bed2e77879ecf6cca63441f57354","name":"R\u00e9daction - Les Volcans News","image":{"@type":"ImageObject","inLanguage":"fr-FR","@id":"https:\/\/secure.gravatar.com\/avatar\/8408942dd851e8a9c09f3d382a661bc05d2b3cd9002139bc1795b9528cdc6c80?s=96&d=mm&r=g","url":"https:\/\/secure.gravatar.com\/avatar\/8408942dd851e8a9c09f3d382a661bc05d2b3cd9002139bc1795b9528cdc6c80?s=96&d=mm&r=g","contentUrl":"https:\/\/secure.gravatar.com\/avatar\/8408942dd851e8a9c09f3d382a661bc05d2b3cd9002139bc1795b9528cdc6c80?s=96&d=mm&r=g","caption":"R\u00e9daction - Les Volcans News"},"url":"https:\/\/lesvolcansnews.net\/?author=14"}]}},"_links":{"self":[{"href":"https:\/\/lesvolcansnews.net\/index.php?rest_route=\/wp\/v2\/posts\/71674","targetHints":{"allow":["GET"]}}],"collection":[{"href":"https:\/\/lesvolcansnews.net\/index.php?rest_route=\/wp\/v2\/posts"}],"about":[{"href":"https:\/\/lesvolcansnews.net\/index.php?rest_route=\/wp\/v2\/types\/post"}],"author":[{"embeddable":true,"href":"https:\/\/lesvolcansnews.net\/index.php?rest_route=\/wp\/v2\/users\/14"}],"replies":[{"embeddable":true,"href":"https:\/\/lesvolcansnews.net\/index.php?rest_route=%2Fwp%2Fv2%2Fcomments&post=71674"}],"version-history":[{"count":1,"href":"https:\/\/lesvolcansnews.net\/index.php?rest_route=\/wp\/v2\/posts\/71674\/revisions"}],"predecessor-version":[{"id":71675,"href":"https:\/\/lesvolcansnews.net\/index.php?rest_route=\/wp\/v2\/posts\/71674\/revisions\/71675"}],"wp:featuredmedia":[{"embeddable":true,"href":"https:\/\/lesvolcansnews.net\/index.php?rest_route=\/wp\/v2\/media\/71676"}],"wp:attachment":[{"href":"https:\/\/lesvolcansnews.net\/index.php?rest_route=%2Fwp%2Fv2%2Fmedia&parent=71674"}],"wp:term":[{"taxonomy":"category","embeddable":true,"href":"https:\/\/lesvolcansnews.net\/index.php?rest_route=%2Fwp%2Fv2%2Fcategories&post=71674"},{"taxonomy":"post_tag","embeddable":true,"href":"https:\/\/lesvolcansnews.net\/index.php?rest_route=%2Fwp%2Fv2%2Ftags&post=71674"}],"curies":[{"name":"wp","href":"https:\/\/api.w.org\/{rel}","templated":true}]}}