{"id":71671,"date":"2025-12-29T16:32:57","date_gmt":"2025-12-29T14:32:57","guid":{"rendered":"https:\/\/lesvolcansnews.net\/?p=71671"},"modified":"2025-12-29T16:32:57","modified_gmt":"2025-12-29T14:32:57","slug":"sud-kivu-inquietude-apres-la-disparition-du-journaliste-honneur-david-safari-a-bukavu","status":"publish","type":"post","link":"https:\/\/lesvolcansnews.net\/?p=71671","title":{"rendered":"Sud-Kivu : inqui\u00e9tude apr\u00e8s la disparition du journaliste Honneur-David Safari \u00e0 Bukavu"},"content":{"rendered":"<p><strong>La disparition du journaliste Honneur-David Safari, r\u00e9dacteur en chef du groupe de presse ind\u00e9pendant La Prunelle RDC, continue de susciter une vive inqui\u00e9tude au sein de la communaut\u00e9 journalistique et des organisations de d\u00e9fense des droits humains au Sud-Kivu.<\/strong><\/p>\n<p>Port\u00e9 disparu depuis le dimanche 28 d\u00e9cembre 2025 aux environs de 18h30, dans la ville de Bukavu, le journaliste n\u2019a plus donn\u00e9 signe de vie apr\u00e8s avoir inform\u00e9 son \u00e9pouse, par message, qu\u2019il se trouvait \u00e0 moto et qu\u2019il avait le sentiment d\u2019\u00eatre suivi. <\/p>\n<p>Depuis lors, malgr\u00e9 les recherches engag\u00e9es par sa famille, ses coll\u00e8gues et ses proches, aucun contact n\u2019a pu \u00eatre \u00e9tabli.<br \/>\nDans un communiqu\u00e9 rendu public, La Prunelle RDC asbl a exprim\u00e9 sa profonde inqui\u00e9tude et a appel\u00e9 les autorit\u00e9s comp\u00e9tentes \u00e0 s\u2019impliquer de toute urgence afin de retrouver Honneur-David Safari sain et sauf et de garantir sa s\u00e9curit\u00e9.<\/p>\n<p>De son c\u00f4t\u00e9, la Solidarit\u00e9 des Journalistes pour les Droits Humains (SJDH) a vivement d\u00e9plor\u00e9 la persistance des atteintes visant les d\u00e9fenseurs des droits humains et les professionnels des m\u00e9dias en R\u00e9publique d\u00e9mocratique du Congo. <\/p>\n<p>L\u2019organisation estime que cette disparition s\u2019inscrit dans un contexte plus large marqu\u00e9 par des menaces, intimidations, arrestations arbitraires et disparitions temporaires, dont sont r\u00e9guli\u00e8rement victimes ceux qui \u0153uvrent pour la promotion des droits humains et la libert\u00e9 d\u2019expression.<\/p>\n<p>La SJDH rappelle que les journalistes et les d\u00e9fenseurs des droits humains jouent un r\u00f4le essentiel dans la d\u00e9mocratie, en informant la population et en d\u00e9non\u00e7ant les abus. Elle appelle les autorit\u00e9s \u00e0 assumer pleinement leurs responsabilit\u00e9s en garantissant la protection de ces acteurs et en mettant fin \u00e0 l\u2019impunit\u00e9 dont b\u00e9n\u00e9ficient les auteurs de violations.<\/p>\n<p>Cette nouvelle alerte relance le d\u00e9bat sur la s\u00e9curit\u00e9 des journalistes dans l\u2019Est de la RDC, une r\u00e9gion o\u00f9 l\u2019exercice du m\u00e9tier reste particuli\u00e8rement expos\u00e9, dans un climat s\u00e9curitaire fragile et marqu\u00e9 par des tensions r\u00e9currentes.<\/p>\n<p>Face \u00e0 cette situation, les organisations professionnelles et de d\u00e9fense des droits humains r\u00e9affirment que le journalisme n\u2019est pas un crime, et appellent \u00e0 un engagement concret de l\u2019\u00c9tat pour assurer la libert\u00e9 de la presse et la protection de ceux qui la font vivre.<\/p>\n<p>Jackson Maliyabwana<\/p>\n","protected":false},"excerpt":{"rendered":"<p>La disparition du journaliste Honneur-David Safari, r\u00e9dacteur en chef du groupe de presse ind\u00e9pendant La Prunelle RDC, continue de susciter une vive inqui\u00e9tude au sein de la communaut\u00e9 journalistique et<\/p>\n","protected":false},"author":14,"featured_media":71673,"comment_status":"open","ping_status":"open","sticky":false,"template":"","format":"standard","meta":{"footnotes":""},"categories":[1,54],"tags":[],"class_list":["post-71671","post","type-post","status-publish","format-standard","has-post-thumbnail","hentry","category-actualite","category-medias"],"yoast_head":"<!-- This site is optimized with the Yoast SEO plugin v27.3 - https:\/\/yoast.com\/product\/yoast-seo-wordpress\/ -->\n<title>Sud-Kivu : inqui\u00e9tude apr\u00e8s la disparition du journaliste Honneur-David Safari \u00e0 Bukavu - LES VOLCANS NEWS<\/title>\n<meta name=\"robots\" content=\"index, follow, max-snippet:-1, max-image-preview:large, max-video-preview:-1\" \/>\n<link rel=\"canonical\" href=\"https:\/\/lesvolcansnews.net\/?p=71671\" \/>\n<meta property=\"og:locale\" content=\"fr_FR\" \/>\n<meta property=\"og:type\" content=\"article\" \/>\n<meta property=\"og:title\" content=\"Sud-Kivu : inqui\u00e9tude apr\u00e8s la disparition du journaliste Honneur-David Safari \u00e0 Bukavu - LES VOLCANS NEWS\" \/>\n<meta property=\"og:description\" content=\"La disparition du journaliste Honneur-David Safari, r\u00e9dacteur en chef du groupe de presse ind\u00e9pendant La Prunelle RDC, continue de susciter une vive inqui\u00e9tude au sein de la communaut\u00e9 journalistique et\" \/>\n<meta property=\"og:url\" content=\"https:\/\/lesvolcansnews.net\/?p=71671\" \/>\n<meta property=\"og:site_name\" content=\"LES VOLCANS NEWS\" \/>\n<meta property=\"article:published_time\" content=\"2025-12-29T14:32:57+00:00\" \/>\n<meta property=\"og:image\" content=\"https:\/\/lesvolcansnews.net\/wp-content\/uploads\/2025\/12\/IMG-20251229-WA0120.jpg\" \/>\n\t<meta property=\"og:image:width\" content=\"1008\" \/>\n\t<meta property=\"og:image:height\" content=\"756\" \/>\n\t<meta property=\"og:image:type\" content=\"image\/jpeg\" \/>\n<meta name=\"author\" content=\"R\u00e9daction - Les Volcans News\" \/>\n<meta name=\"twitter:card\" content=\"summary_large_image\" \/>\n<meta name=\"twitter:label1\" content=\"\u00c9crit par\" \/>\n\t<meta name=\"twitter:data1\" content=\"R\u00e9daction - Les Volcans News\" \/>\n\t<meta name=\"twitter:label2\" content=\"Dur\u00e9e de lecture estim\u00e9e\" \/>\n\t<meta name=\"twitter:data2\" content=\"2 minutes\" \/>\n<script type=\"application\/ld+json\" class=\"yoast-schema-graph\">{\"@context\":\"https:\\\/\\\/schema.org\",\"@graph\":[{\"@type\":\"Article\",\"@id\":\"https:\\\/\\\/lesvolcansnews.net\\\/?p=71671#article\",\"isPartOf\":{\"@id\":\"https:\\\/\\\/lesvolcansnews.net\\\/?p=71671\"},\"author\":{\"name\":\"R\u00e9daction - Les Volcans News\",\"@id\":\"https:\\\/\\\/lesvolcansnews.net\\\/#\\\/schema\\\/person\\\/82c8bed2e77879ecf6cca63441f57354\"},\"headline\":\"Sud-Kivu : inqui\u00e9tude apr\u00e8s la disparition du journaliste Honneur-David Safari \u00e0 Bukavu\",\"datePublished\":\"2025-12-29T14:32:57+00:00\",\"mainEntityOfPage\":{\"@id\":\"https:\\\/\\\/lesvolcansnews.net\\\/?p=71671\"},\"wordCount\":409,\"commentCount\":0,\"image\":{\"@id\":\"https:\\\/\\\/lesvolcansnews.net\\\/?p=71671#primaryimage\"},\"thumbnailUrl\":\"https:\\\/\\\/lesvolcansnews.net\\\/wp-content\\\/uploads\\\/2025\\\/12\\\/IMG-20251229-WA0120.jpg\",\"articleSection\":[\"ACTUALIT\u00c9\",\"M\u00c9DIAS\"],\"inLanguage\":\"fr-FR\",\"potentialAction\":[{\"@type\":\"CommentAction\",\"name\":\"Comment\",\"target\":[\"https:\\\/\\\/lesvolcansnews.net\\\/?p=71671#respond\"]}]},{\"@type\":\"WebPage\",\"@id\":\"https:\\\/\\\/lesvolcansnews.net\\\/?p=71671\",\"url\":\"https:\\\/\\\/lesvolcansnews.net\\\/?p=71671\",\"name\":\"Sud-Kivu : inqui\u00e9tude apr\u00e8s la disparition du journaliste Honneur-David Safari \u00e0 Bukavu - LES VOLCANS NEWS\",\"isPartOf\":{\"@id\":\"https:\\\/\\\/lesvolcansnews.net\\\/#website\"},\"primaryImageOfPage\":{\"@id\":\"https:\\\/\\\/lesvolcansnews.net\\\/?p=71671#primaryimage\"},\"image\":{\"@id\":\"https:\\\/\\\/lesvolcansnews.net\\\/?p=71671#primaryimage\"},\"thumbnailUrl\":\"https:\\\/\\\/lesvolcansnews.net\\\/wp-content\\\/uploads\\\/2025\\\/12\\\/IMG-20251229-WA0120.jpg\",\"datePublished\":\"2025-12-29T14:32:57+00:00\",\"author\":{\"@id\":\"https:\\\/\\\/lesvolcansnews.net\\\/#\\\/schema\\\/person\\\/82c8bed2e77879ecf6cca63441f57354\"},\"breadcrumb\":{\"@id\":\"https:\\\/\\\/lesvolcansnews.net\\\/?p=71671#breadcrumb\"},\"inLanguage\":\"fr-FR\",\"potentialAction\":[{\"@type\":\"ReadAction\",\"target\":[\"https:\\\/\\\/lesvolcansnews.net\\\/?p=71671\"]}]},{\"@type\":\"ImageObject\",\"inLanguage\":\"fr-FR\",\"@id\":\"https:\\\/\\\/lesvolcansnews.net\\\/?p=71671#primaryimage\",\"url\":\"https:\\\/\\\/lesvolcansnews.net\\\/wp-content\\\/uploads\\\/2025\\\/12\\\/IMG-20251229-WA0120.jpg\",\"contentUrl\":\"https:\\\/\\\/lesvolcansnews.net\\\/wp-content\\\/uploads\\\/2025\\\/12\\\/IMG-20251229-WA0120.jpg\",\"width\":1008,\"height\":756},{\"@type\":\"BreadcrumbList\",\"@id\":\"https:\\\/\\\/lesvolcansnews.net\\\/?p=71671#breadcrumb\",\"itemListElement\":[{\"@type\":\"ListItem\",\"position\":1,\"name\":\"Accueil\",\"item\":\"https:\\\/\\\/lesvolcansnews.net\\\/\"},{\"@type\":\"ListItem\",\"position\":2,\"name\":\"Sud-Kivu : inqui\u00e9tude apr\u00e8s la disparition du journaliste Honneur-David Safari \u00e0 Bukavu\"}]},{\"@type\":\"WebSite\",\"@id\":\"https:\\\/\\\/lesvolcansnews.net\\\/#website\",\"url\":\"https:\\\/\\\/lesvolcansnews.net\\\/\",\"name\":\"LES VOLCANS NEWS\",\"description\":\"L&#039;INFORMATION C&#039;EST NOUS\",\"potentialAction\":[{\"@type\":\"SearchAction\",\"target\":{\"@type\":\"EntryPoint\",\"urlTemplate\":\"https:\\\/\\\/lesvolcansnews.net\\\/?s={search_term_string}\"},\"query-input\":{\"@type\":\"PropertyValueSpecification\",\"valueRequired\":true,\"valueName\":\"search_term_string\"}}],\"inLanguage\":\"fr-FR\"},{\"@type\":\"Person\",\"@id\":\"https:\\\/\\\/lesvolcansnews.net\\\/#\\\/schema\\\/person\\\/82c8bed2e77879ecf6cca63441f57354\",\"name\":\"R\u00e9daction - Les Volcans News\",\"image\":{\"@type\":\"ImageObject\",\"inLanguage\":\"fr-FR\",\"@id\":\"https:\\\/\\\/secure.gravatar.com\\\/avatar\\\/8408942dd851e8a9c09f3d382a661bc05d2b3cd9002139bc1795b9528cdc6c80?s=96&d=mm&r=g\",\"url\":\"https:\\\/\\\/secure.gravatar.com\\\/avatar\\\/8408942dd851e8a9c09f3d382a661bc05d2b3cd9002139bc1795b9528cdc6c80?s=96&d=mm&r=g\",\"contentUrl\":\"https:\\\/\\\/secure.gravatar.com\\\/avatar\\\/8408942dd851e8a9c09f3d382a661bc05d2b3cd9002139bc1795b9528cdc6c80?s=96&d=mm&r=g\",\"caption\":\"R\u00e9daction - Les Volcans News\"},\"url\":\"https:\\\/\\\/lesvolcansnews.net\\\/?author=14\"}]}<\/script>\n<!-- \/ Yoast SEO plugin. -->","yoast_head_json":{"title":"Sud-Kivu : inqui\u00e9tude apr\u00e8s la disparition du journaliste Honneur-David Safari \u00e0 Bukavu - LES VOLCANS NEWS","robots":{"index":"index","follow":"follow","max-snippet":"max-snippet:-1","max-image-preview":"max-image-preview:large","max-video-preview":"max-video-preview:-1"},"canonical":"https:\/\/lesvolcansnews.net\/?p=71671","og_locale":"fr_FR","og_type":"article","og_title":"Sud-Kivu : inqui\u00e9tude apr\u00e8s la disparition du journaliste Honneur-David Safari \u00e0 Bukavu - LES VOLCANS NEWS","og_description":"La disparition du journaliste Honneur-David Safari, r\u00e9dacteur en chef du groupe de presse ind\u00e9pendant La Prunelle RDC, continue de susciter une vive inqui\u00e9tude au sein de la communaut\u00e9 journalistique et","og_url":"https:\/\/lesvolcansnews.net\/?p=71671","og_site_name":"LES VOLCANS NEWS","article_published_time":"2025-12-29T14:32:57+00:00","og_image":[{"width":1008,"height":756,"url":"https:\/\/lesvolcansnews.net\/wp-content\/uploads\/2025\/12\/IMG-20251229-WA0120.jpg","type":"image\/jpeg"}],"author":"R\u00e9daction - Les Volcans News","twitter_card":"summary_large_image","twitter_misc":{"\u00c9crit par":"R\u00e9daction - Les Volcans News","Dur\u00e9e de lecture estim\u00e9e":"2 minutes"},"schema":{"@context":"https:\/\/schema.org","@graph":[{"@type":"Article","@id":"https:\/\/lesvolcansnews.net\/?p=71671#article","isPartOf":{"@id":"https:\/\/lesvolcansnews.net\/?p=71671"},"author":{"name":"R\u00e9daction - Les Volcans News","@id":"https:\/\/lesvolcansnews.net\/#\/schema\/person\/82c8bed2e77879ecf6cca63441f57354"},"headline":"Sud-Kivu : inqui\u00e9tude apr\u00e8s la disparition du journaliste Honneur-David Safari \u00e0 Bukavu","datePublished":"2025-12-29T14:32:57+00:00","mainEntityOfPage":{"@id":"https:\/\/lesvolcansnews.net\/?p=71671"},"wordCount":409,"commentCount":0,"image":{"@id":"https:\/\/lesvolcansnews.net\/?p=71671#primaryimage"},"thumbnailUrl":"https:\/\/lesvolcansnews.net\/wp-content\/uploads\/2025\/12\/IMG-20251229-WA0120.jpg","articleSection":["ACTUALIT\u00c9","M\u00c9DIAS"],"inLanguage":"fr-FR","potentialAction":[{"@type":"CommentAction","name":"Comment","target":["https:\/\/lesvolcansnews.net\/?p=71671#respond"]}]},{"@type":"WebPage","@id":"https:\/\/lesvolcansnews.net\/?p=71671","url":"https:\/\/lesvolcansnews.net\/?p=71671","name":"Sud-Kivu : inqui\u00e9tude apr\u00e8s la disparition du journaliste Honneur-David Safari \u00e0 Bukavu - LES VOLCANS NEWS","isPartOf":{"@id":"https:\/\/lesvolcansnews.net\/#website"},"primaryImageOfPage":{"@id":"https:\/\/lesvolcansnews.net\/?p=71671#primaryimage"},"image":{"@id":"https:\/\/lesvolcansnews.net\/?p=71671#primaryimage"},"thumbnailUrl":"https:\/\/lesvolcansnews.net\/wp-content\/uploads\/2025\/12\/IMG-20251229-WA0120.jpg","datePublished":"2025-12-29T14:32:57+00:00","author":{"@id":"https:\/\/lesvolcansnews.net\/#\/schema\/person\/82c8bed2e77879ecf6cca63441f57354"},"breadcrumb":{"@id":"https:\/\/lesvolcansnews.net\/?p=71671#breadcrumb"},"inLanguage":"fr-FR","potentialAction":[{"@type":"ReadAction","target":["https:\/\/lesvolcansnews.net\/?p=71671"]}]},{"@type":"ImageObject","inLanguage":"fr-FR","@id":"https:\/\/lesvolcansnews.net\/?p=71671#primaryimage","url":"https:\/\/lesvolcansnews.net\/wp-content\/uploads\/2025\/12\/IMG-20251229-WA0120.jpg","contentUrl":"https:\/\/lesvolcansnews.net\/wp-content\/uploads\/2025\/12\/IMG-20251229-WA0120.jpg","width":1008,"height":756},{"@type":"BreadcrumbList","@id":"https:\/\/lesvolcansnews.net\/?p=71671#breadcrumb","itemListElement":[{"@type":"ListItem","position":1,"name":"Accueil","item":"https:\/\/lesvolcansnews.net\/"},{"@type":"ListItem","position":2,"name":"Sud-Kivu : inqui\u00e9tude apr\u00e8s la disparition du journaliste Honneur-David Safari \u00e0 Bukavu"}]},{"@type":"WebSite","@id":"https:\/\/lesvolcansnews.net\/#website","url":"https:\/\/lesvolcansnews.net\/","name":"LES VOLCANS NEWS","description":"L&#039;INFORMATION C&#039;EST NOUS","potentialAction":[{"@type":"SearchAction","target":{"@type":"EntryPoint","urlTemplate":"https:\/\/lesvolcansnews.net\/?s={search_term_string}"},"query-input":{"@type":"PropertyValueSpecification","valueRequired":true,"valueName":"search_term_string"}}],"inLanguage":"fr-FR"},{"@type":"Person","@id":"https:\/\/lesvolcansnews.net\/#\/schema\/person\/82c8bed2e77879ecf6cca63441f57354","name":"R\u00e9daction - Les Volcans News","image":{"@type":"ImageObject","inLanguage":"fr-FR","@id":"https:\/\/secure.gravatar.com\/avatar\/8408942dd851e8a9c09f3d382a661bc05d2b3cd9002139bc1795b9528cdc6c80?s=96&d=mm&r=g","url":"https:\/\/secure.gravatar.com\/avatar\/8408942dd851e8a9c09f3d382a661bc05d2b3cd9002139bc1795b9528cdc6c80?s=96&d=mm&r=g","contentUrl":"https:\/\/secure.gravatar.com\/avatar\/8408942dd851e8a9c09f3d382a661bc05d2b3cd9002139bc1795b9528cdc6c80?s=96&d=mm&r=g","caption":"R\u00e9daction - Les Volcans News"},"url":"https:\/\/lesvolcansnews.net\/?author=14"}]}},"_links":{"self":[{"href":"https:\/\/lesvolcansnews.net\/index.php?rest_route=\/wp\/v2\/posts\/71671","targetHints":{"allow":["GET"]}}],"collection":[{"href":"https:\/\/lesvolcansnews.net\/index.php?rest_route=\/wp\/v2\/posts"}],"about":[{"href":"https:\/\/lesvolcansnews.net\/index.php?rest_route=\/wp\/v2\/types\/post"}],"author":[{"embeddable":true,"href":"https:\/\/lesvolcansnews.net\/index.php?rest_route=\/wp\/v2\/users\/14"}],"replies":[{"embeddable":true,"href":"https:\/\/lesvolcansnews.net\/index.php?rest_route=%2Fwp%2Fv2%2Fcomments&post=71671"}],"version-history":[{"count":1,"href":"https:\/\/lesvolcansnews.net\/index.php?rest_route=\/wp\/v2\/posts\/71671\/revisions"}],"predecessor-version":[{"id":71672,"href":"https:\/\/lesvolcansnews.net\/index.php?rest_route=\/wp\/v2\/posts\/71671\/revisions\/71672"}],"wp:featuredmedia":[{"embeddable":true,"href":"https:\/\/lesvolcansnews.net\/index.php?rest_route=\/wp\/v2\/media\/71673"}],"wp:attachment":[{"href":"https:\/\/lesvolcansnews.net\/index.php?rest_route=%2Fwp%2Fv2%2Fmedia&parent=71671"}],"wp:term":[{"taxonomy":"category","embeddable":true,"href":"https:\/\/lesvolcansnews.net\/index.php?rest_route=%2Fwp%2Fv2%2Fcategories&post=71671"},{"taxonomy":"post_tag","embeddable":true,"href":"https:\/\/lesvolcansnews.net\/index.php?rest_route=%2Fwp%2Fv2%2Ftags&post=71671"}],"curies":[{"name":"wp","href":"https:\/\/api.w.org\/{rel}","templated":true}]}}