{"id":71664,"date":"2025-12-29T05:15:08","date_gmt":"2025-12-29T03:15:08","guid":{"rendered":"https:\/\/lesvolcansnews.net\/?p=71664"},"modified":"2025-12-29T05:15:08","modified_gmt":"2025-12-29T03:15:08","slug":"sud-kivu-les-fardc-intensifient-les-patrouilles-diurnes-a-makobola-pour-rassurer-la-population","status":"publish","type":"post","link":"https:\/\/lesvolcansnews.net\/?p=71664","title":{"rendered":"Sud-Kivu : les FARDC intensifient les patrouilles diurnes \u00e0 Makobola pour rassurer la population"},"content":{"rendered":"<p><strong>Les Forces Arm\u00e9es de la R\u00e9publique D\u00e9mocratique du Congo (FARDC) ont renforc\u00e9, ce dimanche, leur dispositif s\u00e9curitaire \u00e0 Makobola 1 et 2, \u00e0 travers une patrouille diurne conduite personnellement par le Commandant des Op\u00e9rations militaires du Secteur Op\u00e9rationnel sokola 2 Sud-Kivu, le Colonel Dipl\u00f4m\u00e9 d\u2019\u00c9tat-Major Apoko Bangala Michel.<\/strong><\/p>\n<p>Men\u00e9e en collaboration avec les unit\u00e9s d\u2019intervention des FARDC, cette patrouille de jour visait principalement \u00e0 s\u00e9curiser la zone, pr\u00e9venir toute menace et surtout rassurer la population locale, confront\u00e9e depuis plusieurs mois \u00e0 une situation s\u00e9curitaire instable.<\/p>\n<p>La patrouille diurne, effectu\u00e9e en plein jour, permet une pr\u00e9sence visible et dissuasive des forces loyalistes. Elle facilite \u00e9galement les \u00e9changes directs entre les militaires et les civils, favorisant ainsi la confiance et la collaboration dans la recherche de la paix. Les habitants de Makobola ont pu constater de visu l\u2019engagement des FARDC \u00e0 assurer leur protection.<\/p>\n<p>\u00c0 travers cette op\u00e9ration, le num\u00e9ro un des op\u00e9rations militaires au Sud-Kivu a tenu \u00e0 r\u00e9conforter la population, r\u00e9affirmant la d\u00e9termination des FARDC \u00e0 restaurer la paix, \u00e0 d\u00e9fendre l\u2019int\u00e9grit\u00e9 territoriale et \u00e0 mettre en place des mesures palliatives adapt\u00e9es face aux d\u00e9fis s\u00e9curitaires dans cette partie de la province et sur l\u2019ensemble du territoire national.<\/p>\n<p>Selon les sources militaires, cette forte pr\u00e9sence des FARDC s\u2019inscrit dans le cadre des efforts visant \u00e0 restaurer l\u2019autorit\u00e9 de l\u2019\u00c9tat et \u00e0 rehausser le moral de la population, durement affect\u00e9e par l\u2019agression attribu\u00e9e au Rwanda et \u00e0 ses suppl\u00e9tifs du M23\/AFC.<\/p>\n<p>Les autorit\u00e9s militaires pr\u00e9cisent que ces patrouilles ne sont pas ponctuelles, mais s\u2019inscrivent dans une strat\u00e9gie globale de s\u00e9curisation, combinant patrouilles diurnes, op\u00e9rations cibl\u00e9es et collaboration avec la population, afin de pr\u00e9venir toute incursion ennemie et de prot\u00e9ger les civils.<\/p>\n<p>La population de Makobola a salu\u00e9 cette initiative, y voyant un signal fort de l\u2019engagement de l\u2019arm\u00e9e \u00e0 rester proche des citoyens et \u00e0 r\u00e9pondre \u00e0 leurs pr\u00e9occupations s\u00e9curitaires.<\/p>\n<p>Ce message a \u00e9t\u00e9 rendu public par le Sous-lieutenant MBUYI KALONJI Reagan, Porte-parole des Op\u00e9rations militaires Sukola 2 Sud\/Sud-Kivu, qui a appel\u00e9 la population \u00e0 maintenir une collaboration \u00e9troite avec les FARDC pour consolider la paix et la s\u00e9curit\u00e9 dans la zone.<\/p>\n<p><strong>Yseult Lwango <\/strong><\/p>\n","protected":false},"excerpt":{"rendered":"<p>Les Forces Arm\u00e9es de la R\u00e9publique D\u00e9mocratique du Congo (FARDC) ont renforc\u00e9, ce dimanche, leur dispositif s\u00e9curitaire \u00e0 Makobola 1 et 2, \u00e0 travers une patrouille diurne conduite personnellement par<\/p>\n","protected":false},"author":14,"featured_media":49815,"comment_status":"open","ping_status":"open","sticky":false,"template":"","format":"standard","meta":{"footnotes":""},"categories":[32],"tags":[],"class_list":["post-71664","post","type-post","status-publish","format-standard","has-post-thumbnail","hentry","category-securite"],"yoast_head":"<!-- This site is optimized with the Yoast SEO plugin v27.5 - https:\/\/yoast.com\/product\/yoast-seo-wordpress\/ -->\n<title>Sud-Kivu : les FARDC intensifient les patrouilles diurnes \u00e0 Makobola pour rassurer la population - LES VOLCANS NEWS<\/title>\n<meta name=\"robots\" content=\"index, follow, max-snippet:-1, max-image-preview:large, max-video-preview:-1\" \/>\n<link rel=\"canonical\" href=\"https:\/\/lesvolcansnews.net\/?p=71664\" \/>\n<meta property=\"og:locale\" content=\"fr_FR\" \/>\n<meta property=\"og:type\" content=\"article\" \/>\n<meta property=\"og:title\" content=\"Sud-Kivu : les FARDC intensifient les patrouilles diurnes \u00e0 Makobola pour rassurer la population - LES VOLCANS NEWS\" \/>\n<meta property=\"og:description\" content=\"Les Forces Arm\u00e9es de la R\u00e9publique D\u00e9mocratique du Congo (FARDC) ont renforc\u00e9, ce dimanche, leur dispositif s\u00e9curitaire \u00e0 Makobola 1 et 2, \u00e0 travers une patrouille diurne conduite personnellement par\" \/>\n<meta property=\"og:url\" content=\"https:\/\/lesvolcansnews.net\/?p=71664\" \/>\n<meta property=\"og:site_name\" content=\"LES VOLCANS NEWS\" \/>\n<meta property=\"article:published_time\" content=\"2025-12-29T03:15:08+00:00\" \/>\n<meta property=\"og:image\" content=\"https:\/\/lesvolcansnews.net\/wp-content\/uploads\/2024\/01\/fardc_attaque_adf_front_20_03_jpg_640_350_1.jpeg\" \/>\n\t<meta property=\"og:image:width\" content=\"640\" \/>\n\t<meta property=\"og:image:height\" content=\"350\" \/>\n\t<meta property=\"og:image:type\" content=\"image\/jpeg\" \/>\n<meta name=\"author\" content=\"R\u00e9daction - Les Volcans News\" \/>\n<meta name=\"twitter:card\" content=\"summary_large_image\" \/>\n<meta name=\"twitter:label1\" content=\"\u00c9crit par\" \/>\n\t<meta name=\"twitter:data1\" content=\"R\u00e9daction - Les Volcans News\" \/>\n\t<meta name=\"twitter:label2\" content=\"Dur\u00e9e de lecture estim\u00e9e\" \/>\n\t<meta name=\"twitter:data2\" content=\"2 minutes\" \/>\n<script type=\"application\/ld+json\" class=\"yoast-schema-graph\">{\"@context\":\"https:\\\/\\\/schema.org\",\"@graph\":[{\"@type\":\"Article\",\"@id\":\"https:\\\/\\\/lesvolcansnews.net\\\/?p=71664#article\",\"isPartOf\":{\"@id\":\"https:\\\/\\\/lesvolcansnews.net\\\/?p=71664\"},\"author\":{\"name\":\"R\u00e9daction - Les Volcans News\",\"@id\":\"https:\\\/\\\/lesvolcansnews.net\\\/#\\\/schema\\\/person\\\/82c8bed2e77879ecf6cca63441f57354\"},\"headline\":\"Sud-Kivu : les FARDC intensifient les patrouilles diurnes \u00e0 Makobola pour rassurer la population\",\"datePublished\":\"2025-12-29T03:15:08+00:00\",\"mainEntityOfPage\":{\"@id\":\"https:\\\/\\\/lesvolcansnews.net\\\/?p=71664\"},\"wordCount\":402,\"commentCount\":0,\"image\":{\"@id\":\"https:\\\/\\\/lesvolcansnews.net\\\/?p=71664#primaryimage\"},\"thumbnailUrl\":\"https:\\\/\\\/lesvolcansnews.net\\\/wp-content\\\/uploads\\\/2024\\\/01\\\/fardc_attaque_adf_front_20_03_jpg_640_350_1.jpeg\",\"articleSection\":[\"S\u00c9CURIT\u00c9\"],\"inLanguage\":\"fr-FR\",\"potentialAction\":[{\"@type\":\"CommentAction\",\"name\":\"Comment\",\"target\":[\"https:\\\/\\\/lesvolcansnews.net\\\/?p=71664#respond\"]}]},{\"@type\":\"WebPage\",\"@id\":\"https:\\\/\\\/lesvolcansnews.net\\\/?p=71664\",\"url\":\"https:\\\/\\\/lesvolcansnews.net\\\/?p=71664\",\"name\":\"Sud-Kivu : les FARDC intensifient les patrouilles diurnes \u00e0 Makobola pour rassurer la population - LES VOLCANS NEWS\",\"isPartOf\":{\"@id\":\"https:\\\/\\\/lesvolcansnews.net\\\/#website\"},\"primaryImageOfPage\":{\"@id\":\"https:\\\/\\\/lesvolcansnews.net\\\/?p=71664#primaryimage\"},\"image\":{\"@id\":\"https:\\\/\\\/lesvolcansnews.net\\\/?p=71664#primaryimage\"},\"thumbnailUrl\":\"https:\\\/\\\/lesvolcansnews.net\\\/wp-content\\\/uploads\\\/2024\\\/01\\\/fardc_attaque_adf_front_20_03_jpg_640_350_1.jpeg\",\"datePublished\":\"2025-12-29T03:15:08+00:00\",\"author\":{\"@id\":\"https:\\\/\\\/lesvolcansnews.net\\\/#\\\/schema\\\/person\\\/82c8bed2e77879ecf6cca63441f57354\"},\"breadcrumb\":{\"@id\":\"https:\\\/\\\/lesvolcansnews.net\\\/?p=71664#breadcrumb\"},\"inLanguage\":\"fr-FR\",\"potentialAction\":[{\"@type\":\"ReadAction\",\"target\":[\"https:\\\/\\\/lesvolcansnews.net\\\/?p=71664\"]}]},{\"@type\":\"ImageObject\",\"inLanguage\":\"fr-FR\",\"@id\":\"https:\\\/\\\/lesvolcansnews.net\\\/?p=71664#primaryimage\",\"url\":\"https:\\\/\\\/lesvolcansnews.net\\\/wp-content\\\/uploads\\\/2024\\\/01\\\/fardc_attaque_adf_front_20_03_jpg_640_350_1.jpeg\",\"contentUrl\":\"https:\\\/\\\/lesvolcansnews.net\\\/wp-content\\\/uploads\\\/2024\\\/01\\\/fardc_attaque_adf_front_20_03_jpg_640_350_1.jpeg\",\"width\":640,\"height\":350},{\"@type\":\"BreadcrumbList\",\"@id\":\"https:\\\/\\\/lesvolcansnews.net\\\/?p=71664#breadcrumb\",\"itemListElement\":[{\"@type\":\"ListItem\",\"position\":1,\"name\":\"Accueil\",\"item\":\"https:\\\/\\\/lesvolcansnews.net\\\/\"},{\"@type\":\"ListItem\",\"position\":2,\"name\":\"Sud-Kivu : les FARDC intensifient les patrouilles diurnes \u00e0 Makobola pour rassurer la population\"}]},{\"@type\":\"WebSite\",\"@id\":\"https:\\\/\\\/lesvolcansnews.net\\\/#website\",\"url\":\"https:\\\/\\\/lesvolcansnews.net\\\/\",\"name\":\"LES VOLCANS NEWS\",\"description\":\"L&#039;INFORMATION C&#039;EST NOUS\",\"potentialAction\":[{\"@type\":\"SearchAction\",\"target\":{\"@type\":\"EntryPoint\",\"urlTemplate\":\"https:\\\/\\\/lesvolcansnews.net\\\/?s={search_term_string}\"},\"query-input\":{\"@type\":\"PropertyValueSpecification\",\"valueRequired\":true,\"valueName\":\"search_term_string\"}}],\"inLanguage\":\"fr-FR\"},{\"@type\":\"Person\",\"@id\":\"https:\\\/\\\/lesvolcansnews.net\\\/#\\\/schema\\\/person\\\/82c8bed2e77879ecf6cca63441f57354\",\"name\":\"R\u00e9daction - Les Volcans News\",\"image\":{\"@type\":\"ImageObject\",\"inLanguage\":\"fr-FR\",\"@id\":\"https:\\\/\\\/secure.gravatar.com\\\/avatar\\\/8408942dd851e8a9c09f3d382a661bc05d2b3cd9002139bc1795b9528cdc6c80?s=96&d=mm&r=g\",\"url\":\"https:\\\/\\\/secure.gravatar.com\\\/avatar\\\/8408942dd851e8a9c09f3d382a661bc05d2b3cd9002139bc1795b9528cdc6c80?s=96&d=mm&r=g\",\"contentUrl\":\"https:\\\/\\\/secure.gravatar.com\\\/avatar\\\/8408942dd851e8a9c09f3d382a661bc05d2b3cd9002139bc1795b9528cdc6c80?s=96&d=mm&r=g\",\"caption\":\"R\u00e9daction - Les Volcans News\"},\"url\":\"https:\\\/\\\/lesvolcansnews.net\\\/?author=14\"}]}<\/script>\n<!-- \/ Yoast SEO plugin. -->","yoast_head_json":{"title":"Sud-Kivu : les FARDC intensifient les patrouilles diurnes \u00e0 Makobola pour rassurer la population - LES VOLCANS NEWS","robots":{"index":"index","follow":"follow","max-snippet":"max-snippet:-1","max-image-preview":"max-image-preview:large","max-video-preview":"max-video-preview:-1"},"canonical":"https:\/\/lesvolcansnews.net\/?p=71664","og_locale":"fr_FR","og_type":"article","og_title":"Sud-Kivu : les FARDC intensifient les patrouilles diurnes \u00e0 Makobola pour rassurer la population - LES VOLCANS NEWS","og_description":"Les Forces Arm\u00e9es de la R\u00e9publique D\u00e9mocratique du Congo (FARDC) ont renforc\u00e9, ce dimanche, leur dispositif s\u00e9curitaire \u00e0 Makobola 1 et 2, \u00e0 travers une patrouille diurne conduite personnellement par","og_url":"https:\/\/lesvolcansnews.net\/?p=71664","og_site_name":"LES VOLCANS NEWS","article_published_time":"2025-12-29T03:15:08+00:00","og_image":[{"width":640,"height":350,"url":"https:\/\/lesvolcansnews.net\/wp-content\/uploads\/2024\/01\/fardc_attaque_adf_front_20_03_jpg_640_350_1.jpeg","type":"image\/jpeg"}],"author":"R\u00e9daction - Les Volcans News","twitter_card":"summary_large_image","twitter_misc":{"\u00c9crit par":"R\u00e9daction - Les Volcans News","Dur\u00e9e de lecture estim\u00e9e":"2 minutes"},"schema":{"@context":"https:\/\/schema.org","@graph":[{"@type":"Article","@id":"https:\/\/lesvolcansnews.net\/?p=71664#article","isPartOf":{"@id":"https:\/\/lesvolcansnews.net\/?p=71664"},"author":{"name":"R\u00e9daction - Les Volcans News","@id":"https:\/\/lesvolcansnews.net\/#\/schema\/person\/82c8bed2e77879ecf6cca63441f57354"},"headline":"Sud-Kivu : les FARDC intensifient les patrouilles diurnes \u00e0 Makobola pour rassurer la population","datePublished":"2025-12-29T03:15:08+00:00","mainEntityOfPage":{"@id":"https:\/\/lesvolcansnews.net\/?p=71664"},"wordCount":402,"commentCount":0,"image":{"@id":"https:\/\/lesvolcansnews.net\/?p=71664#primaryimage"},"thumbnailUrl":"https:\/\/lesvolcansnews.net\/wp-content\/uploads\/2024\/01\/fardc_attaque_adf_front_20_03_jpg_640_350_1.jpeg","articleSection":["S\u00c9CURIT\u00c9"],"inLanguage":"fr-FR","potentialAction":[{"@type":"CommentAction","name":"Comment","target":["https:\/\/lesvolcansnews.net\/?p=71664#respond"]}]},{"@type":"WebPage","@id":"https:\/\/lesvolcansnews.net\/?p=71664","url":"https:\/\/lesvolcansnews.net\/?p=71664","name":"Sud-Kivu : les FARDC intensifient les patrouilles diurnes \u00e0 Makobola pour rassurer la population - LES VOLCANS NEWS","isPartOf":{"@id":"https:\/\/lesvolcansnews.net\/#website"},"primaryImageOfPage":{"@id":"https:\/\/lesvolcansnews.net\/?p=71664#primaryimage"},"image":{"@id":"https:\/\/lesvolcansnews.net\/?p=71664#primaryimage"},"thumbnailUrl":"https:\/\/lesvolcansnews.net\/wp-content\/uploads\/2024\/01\/fardc_attaque_adf_front_20_03_jpg_640_350_1.jpeg","datePublished":"2025-12-29T03:15:08+00:00","author":{"@id":"https:\/\/lesvolcansnews.net\/#\/schema\/person\/82c8bed2e77879ecf6cca63441f57354"},"breadcrumb":{"@id":"https:\/\/lesvolcansnews.net\/?p=71664#breadcrumb"},"inLanguage":"fr-FR","potentialAction":[{"@type":"ReadAction","target":["https:\/\/lesvolcansnews.net\/?p=71664"]}]},{"@type":"ImageObject","inLanguage":"fr-FR","@id":"https:\/\/lesvolcansnews.net\/?p=71664#primaryimage","url":"https:\/\/lesvolcansnews.net\/wp-content\/uploads\/2024\/01\/fardc_attaque_adf_front_20_03_jpg_640_350_1.jpeg","contentUrl":"https:\/\/lesvolcansnews.net\/wp-content\/uploads\/2024\/01\/fardc_attaque_adf_front_20_03_jpg_640_350_1.jpeg","width":640,"height":350},{"@type":"BreadcrumbList","@id":"https:\/\/lesvolcansnews.net\/?p=71664#breadcrumb","itemListElement":[{"@type":"ListItem","position":1,"name":"Accueil","item":"https:\/\/lesvolcansnews.net\/"},{"@type":"ListItem","position":2,"name":"Sud-Kivu : les FARDC intensifient les patrouilles diurnes \u00e0 Makobola pour rassurer la population"}]},{"@type":"WebSite","@id":"https:\/\/lesvolcansnews.net\/#website","url":"https:\/\/lesvolcansnews.net\/","name":"LES VOLCANS NEWS","description":"L&#039;INFORMATION C&#039;EST NOUS","potentialAction":[{"@type":"SearchAction","target":{"@type":"EntryPoint","urlTemplate":"https:\/\/lesvolcansnews.net\/?s={search_term_string}"},"query-input":{"@type":"PropertyValueSpecification","valueRequired":true,"valueName":"search_term_string"}}],"inLanguage":"fr-FR"},{"@type":"Person","@id":"https:\/\/lesvolcansnews.net\/#\/schema\/person\/82c8bed2e77879ecf6cca63441f57354","name":"R\u00e9daction - Les Volcans News","image":{"@type":"ImageObject","inLanguage":"fr-FR","@id":"https:\/\/secure.gravatar.com\/avatar\/8408942dd851e8a9c09f3d382a661bc05d2b3cd9002139bc1795b9528cdc6c80?s=96&d=mm&r=g","url":"https:\/\/secure.gravatar.com\/avatar\/8408942dd851e8a9c09f3d382a661bc05d2b3cd9002139bc1795b9528cdc6c80?s=96&d=mm&r=g","contentUrl":"https:\/\/secure.gravatar.com\/avatar\/8408942dd851e8a9c09f3d382a661bc05d2b3cd9002139bc1795b9528cdc6c80?s=96&d=mm&r=g","caption":"R\u00e9daction - Les Volcans News"},"url":"https:\/\/lesvolcansnews.net\/?author=14"}]}},"_links":{"self":[{"href":"https:\/\/lesvolcansnews.net\/index.php?rest_route=\/wp\/v2\/posts\/71664","targetHints":{"allow":["GET"]}}],"collection":[{"href":"https:\/\/lesvolcansnews.net\/index.php?rest_route=\/wp\/v2\/posts"}],"about":[{"href":"https:\/\/lesvolcansnews.net\/index.php?rest_route=\/wp\/v2\/types\/post"}],"author":[{"embeddable":true,"href":"https:\/\/lesvolcansnews.net\/index.php?rest_route=\/wp\/v2\/users\/14"}],"replies":[{"embeddable":true,"href":"https:\/\/lesvolcansnews.net\/index.php?rest_route=%2Fwp%2Fv2%2Fcomments&post=71664"}],"version-history":[{"count":1,"href":"https:\/\/lesvolcansnews.net\/index.php?rest_route=\/wp\/v2\/posts\/71664\/revisions"}],"predecessor-version":[{"id":71665,"href":"https:\/\/lesvolcansnews.net\/index.php?rest_route=\/wp\/v2\/posts\/71664\/revisions\/71665"}],"wp:featuredmedia":[{"embeddable":true,"href":"https:\/\/lesvolcansnews.net\/index.php?rest_route=\/wp\/v2\/media\/49815"}],"wp:attachment":[{"href":"https:\/\/lesvolcansnews.net\/index.php?rest_route=%2Fwp%2Fv2%2Fmedia&parent=71664"}],"wp:term":[{"taxonomy":"category","embeddable":true,"href":"https:\/\/lesvolcansnews.net\/index.php?rest_route=%2Fwp%2Fv2%2Fcategories&post=71664"},{"taxonomy":"post_tag","embeddable":true,"href":"https:\/\/lesvolcansnews.net\/index.php?rest_route=%2Fwp%2Fv2%2Ftags&post=71664"}],"curies":[{"name":"wp","href":"https:\/\/api.w.org\/{rel}","templated":true}]}}