{"id":71661,"date":"2025-12-29T05:13:08","date_gmt":"2025-12-29T03:13:08","guid":{"rendered":"https:\/\/lesvolcansnews.net\/?p=71661"},"modified":"2025-12-29T05:13:08","modified_gmt":"2025-12-29T03:13:08","slug":"bukavu-la-societe-civile-appelle-la-jeunesse-a-la-vigilance-et-a-la-responsabilite-en-cette-fin-dannee","status":"publish","type":"post","link":"https:\/\/lesvolcansnews.net\/?p=71661","title":{"rendered":"Bukavu : la soci\u00e9t\u00e9 civile appelle la jeunesse \u00e0 la vigilance et \u00e0 la responsabilit\u00e9 en cette fin d\u2019ann\u00e9e"},"content":{"rendered":"<p><strong><br \/>\n\u00c0 l\u2019approche des festivit\u00e9s de fin d\u2019ann\u00e9e, les organisations de la soci\u00e9t\u00e9 civile de Bukavu et de ses environs lancent un appel pressant \u00e0 la vigilance, \u00e0 la retenue et \u00e0 la responsabilit\u00e9, particuli\u00e8rement \u00e0 l\u2019endroit de la jeunesse, dans un contexte marqu\u00e9 par l\u2019ins\u00e9curit\u00e9 et les accidents li\u00e9s aux exc\u00e8s.<\/strong><\/p>\n<p>si la fin d\u2019ann\u00e9e reste un moment de r\u00e9jouissance, elle ne doit pas devenir une p\u00e9riode de mise en danger inutile. Elle invite ainsi les jeunes \u00e0 \u00e9viter les sorties nocturnes tardives, souvent sous pr\u00e9texte de c\u00e9l\u00e9brations, et \u00e0 privil\u00e9gier des rassemblements limit\u00e9s et s\u00e9curis\u00e9s.<\/p>\n<p>\u00ab <em>F\u00eater ne doit pas signifier s\u2019exposer aux risques. La vie continue apr\u00e8s les f\u00eates<\/em> \u00bb, rappelle un membre d\u2019une structure citoyenne locale.<\/p>\n<p>Il insiste \u00e9galement sur la prudence dans les d\u00e9penses. Il exhorte les jeunes \u00e0 \u00e9viter les d\u00e9penses excessives durant cette p\u00e9riode, les encourageant plut\u00f4t \u00e0 \u00e9conomiser, \u00e0 penser \u00e0 l\u2019avenir et aux responsabilit\u00e9s qui suivent les festivit\u00e9s, notamment la rentr\u00e9e scolaire, les projets personnels et le soutien familial.<\/p>\n<p>La question de la s\u00e9curit\u00e9 routi\u00e8re est aussi au centre de cet appel. La soci\u00e9t\u00e9 civile appelle les jeunes conducteurs, motards et automobilistes \u00e0 conduire prudemment, \u00e0 \u00e9viter la vitesse excessive et la consommation d\u2019alcool avant de prendre le volant.<\/p>\n<p>\u00ab <em>Chaque fin d\u2019ann\u00e9e, des vies confirm\u00e9es et des talents se perdent dans des accidents \u00e9vitables<\/em> \u00bb, d\u00e9plorent cet acteur, appelant \u00e0 une prise de conscience collective.<\/p>\n<p>Pour la soci\u00e9t\u00e9 civile, la jeunesse repr\u00e9sente l\u2019avenir du pays et doit \u00eatre prot\u00e9g\u00e9e, y compris par ses propres choix. Elle invite les jeunes \u00e0 adopter une attitude responsable, \u00e0 veiller les uns sur les autres et \u00e0 faire de cette fin d\u2019ann\u00e9e un moment de c\u00e9l\u00e9bration sans drame.<\/p>\n<p>Le message est clair : prudence, vigilance et responsabilit\u00e9 doivent guider chaque d\u00e9cision. Car apr\u00e8s la f\u00eate, la vie continue, et la nation aura toujours besoin de sa jeunesse.<\/p>\n<p><strong>Yseult Lwango<\/strong><\/p>\n","protected":false},"excerpt":{"rendered":"<p>\u00c0 l\u2019approche des festivit\u00e9s de fin d\u2019ann\u00e9e, les organisations de la soci\u00e9t\u00e9 civile de Bukavu et de ses environs lancent un appel pressant \u00e0 la vigilance, \u00e0 la retenue et<\/p>\n","protected":false},"author":14,"featured_media":71662,"comment_status":"open","ping_status":"open","sticky":false,"template":"","format":"standard","meta":{"footnotes":""},"categories":[32],"tags":[],"class_list":["post-71661","post","type-post","status-publish","format-standard","has-post-thumbnail","hentry","category-securite"],"yoast_head":"<!-- This site is optimized with the Yoast SEO plugin v27.5 - https:\/\/yoast.com\/product\/yoast-seo-wordpress\/ -->\n<title>Bukavu : la soci\u00e9t\u00e9 civile appelle la jeunesse \u00e0 la vigilance et \u00e0 la responsabilit\u00e9 en cette fin d\u2019ann\u00e9e - LES VOLCANS NEWS<\/title>\n<meta name=\"robots\" content=\"index, follow, max-snippet:-1, max-image-preview:large, max-video-preview:-1\" \/>\n<link rel=\"canonical\" href=\"https:\/\/lesvolcansnews.net\/?p=71661\" \/>\n<meta property=\"og:locale\" content=\"fr_FR\" \/>\n<meta property=\"og:type\" content=\"article\" \/>\n<meta property=\"og:title\" content=\"Bukavu : la soci\u00e9t\u00e9 civile appelle la jeunesse \u00e0 la vigilance et \u00e0 la responsabilit\u00e9 en cette fin d\u2019ann\u00e9e - LES VOLCANS NEWS\" \/>\n<meta property=\"og:description\" content=\"\u00c0 l\u2019approche des festivit\u00e9s de fin d\u2019ann\u00e9e, les organisations de la soci\u00e9t\u00e9 civile de Bukavu et de ses environs lancent un appel pressant \u00e0 la vigilance, \u00e0 la retenue et\" \/>\n<meta property=\"og:url\" content=\"https:\/\/lesvolcansnews.net\/?p=71661\" \/>\n<meta property=\"og:site_name\" content=\"LES VOLCANS NEWS\" \/>\n<meta property=\"article:published_time\" content=\"2025-12-29T03:13:08+00:00\" \/>\n<meta property=\"og:image\" content=\"https:\/\/i0.wp.com\/lesvolcansnews.net\/wp-content\/uploads\/2025\/12\/IMG-20251229-WA0013.jpg?fit=828%2C409&ssl=1\" \/>\n\t<meta property=\"og:image:width\" content=\"828\" \/>\n\t<meta property=\"og:image:height\" content=\"409\" \/>\n\t<meta property=\"og:image:type\" content=\"image\/jpeg\" \/>\n<meta name=\"author\" content=\"R\u00e9daction - Les Volcans News\" \/>\n<meta name=\"twitter:card\" content=\"summary_large_image\" \/>\n<meta name=\"twitter:label1\" content=\"\u00c9crit par\" \/>\n\t<meta name=\"twitter:data1\" content=\"R\u00e9daction - Les Volcans News\" \/>\n\t<meta name=\"twitter:label2\" content=\"Dur\u00e9e de lecture estim\u00e9e\" \/>\n\t<meta name=\"twitter:data2\" content=\"2 minutes\" \/>\n<script type=\"application\/ld+json\" class=\"yoast-schema-graph\">{\"@context\":\"https:\\\/\\\/schema.org\",\"@graph\":[{\"@type\":\"Article\",\"@id\":\"https:\\\/\\\/lesvolcansnews.net\\\/?p=71661#article\",\"isPartOf\":{\"@id\":\"https:\\\/\\\/lesvolcansnews.net\\\/?p=71661\"},\"author\":{\"name\":\"R\u00e9daction - Les Volcans News\",\"@id\":\"https:\\\/\\\/lesvolcansnews.net\\\/#\\\/schema\\\/person\\\/82c8bed2e77879ecf6cca63441f57354\"},\"headline\":\"Bukavu : la soci\u00e9t\u00e9 civile appelle la jeunesse \u00e0 la vigilance et \u00e0 la responsabilit\u00e9 en cette fin d\u2019ann\u00e9e\",\"datePublished\":\"2025-12-29T03:13:08+00:00\",\"mainEntityOfPage\":{\"@id\":\"https:\\\/\\\/lesvolcansnews.net\\\/?p=71661\"},\"wordCount\":366,\"commentCount\":0,\"image\":{\"@id\":\"https:\\\/\\\/lesvolcansnews.net\\\/?p=71661#primaryimage\"},\"thumbnailUrl\":\"https:\\\/\\\/lesvolcansnews.net\\\/wp-content\\\/uploads\\\/2025\\\/12\\\/IMG-20251229-WA0013.jpg\",\"articleSection\":[\"S\u00c9CURIT\u00c9\"],\"inLanguage\":\"fr-FR\",\"potentialAction\":[{\"@type\":\"CommentAction\",\"name\":\"Comment\",\"target\":[\"https:\\\/\\\/lesvolcansnews.net\\\/?p=71661#respond\"]}]},{\"@type\":\"WebPage\",\"@id\":\"https:\\\/\\\/lesvolcansnews.net\\\/?p=71661\",\"url\":\"https:\\\/\\\/lesvolcansnews.net\\\/?p=71661\",\"name\":\"Bukavu : la soci\u00e9t\u00e9 civile appelle la jeunesse \u00e0 la vigilance et \u00e0 la responsabilit\u00e9 en cette fin d\u2019ann\u00e9e - LES VOLCANS NEWS\",\"isPartOf\":{\"@id\":\"https:\\\/\\\/lesvolcansnews.net\\\/#website\"},\"primaryImageOfPage\":{\"@id\":\"https:\\\/\\\/lesvolcansnews.net\\\/?p=71661#primaryimage\"},\"image\":{\"@id\":\"https:\\\/\\\/lesvolcansnews.net\\\/?p=71661#primaryimage\"},\"thumbnailUrl\":\"https:\\\/\\\/lesvolcansnews.net\\\/wp-content\\\/uploads\\\/2025\\\/12\\\/IMG-20251229-WA0013.jpg\",\"datePublished\":\"2025-12-29T03:13:08+00:00\",\"author\":{\"@id\":\"https:\\\/\\\/lesvolcansnews.net\\\/#\\\/schema\\\/person\\\/82c8bed2e77879ecf6cca63441f57354\"},\"breadcrumb\":{\"@id\":\"https:\\\/\\\/lesvolcansnews.net\\\/?p=71661#breadcrumb\"},\"inLanguage\":\"fr-FR\",\"potentialAction\":[{\"@type\":\"ReadAction\",\"target\":[\"https:\\\/\\\/lesvolcansnews.net\\\/?p=71661\"]}]},{\"@type\":\"ImageObject\",\"inLanguage\":\"fr-FR\",\"@id\":\"https:\\\/\\\/lesvolcansnews.net\\\/?p=71661#primaryimage\",\"url\":\"https:\\\/\\\/lesvolcansnews.net\\\/wp-content\\\/uploads\\\/2025\\\/12\\\/IMG-20251229-WA0013.jpg\",\"contentUrl\":\"https:\\\/\\\/lesvolcansnews.net\\\/wp-content\\\/uploads\\\/2025\\\/12\\\/IMG-20251229-WA0013.jpg\",\"width\":828,\"height\":409},{\"@type\":\"BreadcrumbList\",\"@id\":\"https:\\\/\\\/lesvolcansnews.net\\\/?p=71661#breadcrumb\",\"itemListElement\":[{\"@type\":\"ListItem\",\"position\":1,\"name\":\"Accueil\",\"item\":\"https:\\\/\\\/lesvolcansnews.net\\\/\"},{\"@type\":\"ListItem\",\"position\":2,\"name\":\"Bukavu : la soci\u00e9t\u00e9 civile appelle la jeunesse \u00e0 la vigilance et \u00e0 la responsabilit\u00e9 en cette fin d\u2019ann\u00e9e\"}]},{\"@type\":\"WebSite\",\"@id\":\"https:\\\/\\\/lesvolcansnews.net\\\/#website\",\"url\":\"https:\\\/\\\/lesvolcansnews.net\\\/\",\"name\":\"LES VOLCANS NEWS\",\"description\":\"L&#039;INFORMATION C&#039;EST NOUS\",\"potentialAction\":[{\"@type\":\"SearchAction\",\"target\":{\"@type\":\"EntryPoint\",\"urlTemplate\":\"https:\\\/\\\/lesvolcansnews.net\\\/?s={search_term_string}\"},\"query-input\":{\"@type\":\"PropertyValueSpecification\",\"valueRequired\":true,\"valueName\":\"search_term_string\"}}],\"inLanguage\":\"fr-FR\"},{\"@type\":\"Person\",\"@id\":\"https:\\\/\\\/lesvolcansnews.net\\\/#\\\/schema\\\/person\\\/82c8bed2e77879ecf6cca63441f57354\",\"name\":\"R\u00e9daction - Les Volcans News\",\"image\":{\"@type\":\"ImageObject\",\"inLanguage\":\"fr-FR\",\"@id\":\"https:\\\/\\\/secure.gravatar.com\\\/avatar\\\/8408942dd851e8a9c09f3d382a661bc05d2b3cd9002139bc1795b9528cdc6c80?s=96&d=mm&r=g\",\"url\":\"https:\\\/\\\/secure.gravatar.com\\\/avatar\\\/8408942dd851e8a9c09f3d382a661bc05d2b3cd9002139bc1795b9528cdc6c80?s=96&d=mm&r=g\",\"contentUrl\":\"https:\\\/\\\/secure.gravatar.com\\\/avatar\\\/8408942dd851e8a9c09f3d382a661bc05d2b3cd9002139bc1795b9528cdc6c80?s=96&d=mm&r=g\",\"caption\":\"R\u00e9daction - Les Volcans News\"},\"url\":\"https:\\\/\\\/lesvolcansnews.net\\\/?author=14\"}]}<\/script>\n<!-- \/ Yoast SEO plugin. -->","yoast_head_json":{"title":"Bukavu : la soci\u00e9t\u00e9 civile appelle la jeunesse \u00e0 la vigilance et \u00e0 la responsabilit\u00e9 en cette fin d\u2019ann\u00e9e - LES VOLCANS NEWS","robots":{"index":"index","follow":"follow","max-snippet":"max-snippet:-1","max-image-preview":"max-image-preview:large","max-video-preview":"max-video-preview:-1"},"canonical":"https:\/\/lesvolcansnews.net\/?p=71661","og_locale":"fr_FR","og_type":"article","og_title":"Bukavu : la soci\u00e9t\u00e9 civile appelle la jeunesse \u00e0 la vigilance et \u00e0 la responsabilit\u00e9 en cette fin d\u2019ann\u00e9e - LES VOLCANS NEWS","og_description":"\u00c0 l\u2019approche des festivit\u00e9s de fin d\u2019ann\u00e9e, les organisations de la soci\u00e9t\u00e9 civile de Bukavu et de ses environs lancent un appel pressant \u00e0 la vigilance, \u00e0 la retenue et","og_url":"https:\/\/lesvolcansnews.net\/?p=71661","og_site_name":"LES VOLCANS NEWS","article_published_time":"2025-12-29T03:13:08+00:00","og_image":[{"width":828,"height":409,"url":"https:\/\/i0.wp.com\/lesvolcansnews.net\/wp-content\/uploads\/2025\/12\/IMG-20251229-WA0013.jpg?fit=828%2C409&ssl=1","type":"image\/jpeg"}],"author":"R\u00e9daction - Les Volcans News","twitter_card":"summary_large_image","twitter_misc":{"\u00c9crit par":"R\u00e9daction - Les Volcans News","Dur\u00e9e de lecture estim\u00e9e":"2 minutes"},"schema":{"@context":"https:\/\/schema.org","@graph":[{"@type":"Article","@id":"https:\/\/lesvolcansnews.net\/?p=71661#article","isPartOf":{"@id":"https:\/\/lesvolcansnews.net\/?p=71661"},"author":{"name":"R\u00e9daction - Les Volcans News","@id":"https:\/\/lesvolcansnews.net\/#\/schema\/person\/82c8bed2e77879ecf6cca63441f57354"},"headline":"Bukavu : la soci\u00e9t\u00e9 civile appelle la jeunesse \u00e0 la vigilance et \u00e0 la responsabilit\u00e9 en cette fin d\u2019ann\u00e9e","datePublished":"2025-12-29T03:13:08+00:00","mainEntityOfPage":{"@id":"https:\/\/lesvolcansnews.net\/?p=71661"},"wordCount":366,"commentCount":0,"image":{"@id":"https:\/\/lesvolcansnews.net\/?p=71661#primaryimage"},"thumbnailUrl":"https:\/\/lesvolcansnews.net\/wp-content\/uploads\/2025\/12\/IMG-20251229-WA0013.jpg","articleSection":["S\u00c9CURIT\u00c9"],"inLanguage":"fr-FR","potentialAction":[{"@type":"CommentAction","name":"Comment","target":["https:\/\/lesvolcansnews.net\/?p=71661#respond"]}]},{"@type":"WebPage","@id":"https:\/\/lesvolcansnews.net\/?p=71661","url":"https:\/\/lesvolcansnews.net\/?p=71661","name":"Bukavu : la soci\u00e9t\u00e9 civile appelle la jeunesse \u00e0 la vigilance et \u00e0 la responsabilit\u00e9 en cette fin d\u2019ann\u00e9e - LES VOLCANS NEWS","isPartOf":{"@id":"https:\/\/lesvolcansnews.net\/#website"},"primaryImageOfPage":{"@id":"https:\/\/lesvolcansnews.net\/?p=71661#primaryimage"},"image":{"@id":"https:\/\/lesvolcansnews.net\/?p=71661#primaryimage"},"thumbnailUrl":"https:\/\/lesvolcansnews.net\/wp-content\/uploads\/2025\/12\/IMG-20251229-WA0013.jpg","datePublished":"2025-12-29T03:13:08+00:00","author":{"@id":"https:\/\/lesvolcansnews.net\/#\/schema\/person\/82c8bed2e77879ecf6cca63441f57354"},"breadcrumb":{"@id":"https:\/\/lesvolcansnews.net\/?p=71661#breadcrumb"},"inLanguage":"fr-FR","potentialAction":[{"@type":"ReadAction","target":["https:\/\/lesvolcansnews.net\/?p=71661"]}]},{"@type":"ImageObject","inLanguage":"fr-FR","@id":"https:\/\/lesvolcansnews.net\/?p=71661#primaryimage","url":"https:\/\/lesvolcansnews.net\/wp-content\/uploads\/2025\/12\/IMG-20251229-WA0013.jpg","contentUrl":"https:\/\/lesvolcansnews.net\/wp-content\/uploads\/2025\/12\/IMG-20251229-WA0013.jpg","width":828,"height":409},{"@type":"BreadcrumbList","@id":"https:\/\/lesvolcansnews.net\/?p=71661#breadcrumb","itemListElement":[{"@type":"ListItem","position":1,"name":"Accueil","item":"https:\/\/lesvolcansnews.net\/"},{"@type":"ListItem","position":2,"name":"Bukavu : la soci\u00e9t\u00e9 civile appelle la jeunesse \u00e0 la vigilance et \u00e0 la responsabilit\u00e9 en cette fin d\u2019ann\u00e9e"}]},{"@type":"WebSite","@id":"https:\/\/lesvolcansnews.net\/#website","url":"https:\/\/lesvolcansnews.net\/","name":"LES VOLCANS NEWS","description":"L&#039;INFORMATION C&#039;EST NOUS","potentialAction":[{"@type":"SearchAction","target":{"@type":"EntryPoint","urlTemplate":"https:\/\/lesvolcansnews.net\/?s={search_term_string}"},"query-input":{"@type":"PropertyValueSpecification","valueRequired":true,"valueName":"search_term_string"}}],"inLanguage":"fr-FR"},{"@type":"Person","@id":"https:\/\/lesvolcansnews.net\/#\/schema\/person\/82c8bed2e77879ecf6cca63441f57354","name":"R\u00e9daction - Les Volcans News","image":{"@type":"ImageObject","inLanguage":"fr-FR","@id":"https:\/\/secure.gravatar.com\/avatar\/8408942dd851e8a9c09f3d382a661bc05d2b3cd9002139bc1795b9528cdc6c80?s=96&d=mm&r=g","url":"https:\/\/secure.gravatar.com\/avatar\/8408942dd851e8a9c09f3d382a661bc05d2b3cd9002139bc1795b9528cdc6c80?s=96&d=mm&r=g","contentUrl":"https:\/\/secure.gravatar.com\/avatar\/8408942dd851e8a9c09f3d382a661bc05d2b3cd9002139bc1795b9528cdc6c80?s=96&d=mm&r=g","caption":"R\u00e9daction - Les Volcans News"},"url":"https:\/\/lesvolcansnews.net\/?author=14"}]}},"_links":{"self":[{"href":"https:\/\/lesvolcansnews.net\/index.php?rest_route=\/wp\/v2\/posts\/71661","targetHints":{"allow":["GET"]}}],"collection":[{"href":"https:\/\/lesvolcansnews.net\/index.php?rest_route=\/wp\/v2\/posts"}],"about":[{"href":"https:\/\/lesvolcansnews.net\/index.php?rest_route=\/wp\/v2\/types\/post"}],"author":[{"embeddable":true,"href":"https:\/\/lesvolcansnews.net\/index.php?rest_route=\/wp\/v2\/users\/14"}],"replies":[{"embeddable":true,"href":"https:\/\/lesvolcansnews.net\/index.php?rest_route=%2Fwp%2Fv2%2Fcomments&post=71661"}],"version-history":[{"count":1,"href":"https:\/\/lesvolcansnews.net\/index.php?rest_route=\/wp\/v2\/posts\/71661\/revisions"}],"predecessor-version":[{"id":71663,"href":"https:\/\/lesvolcansnews.net\/index.php?rest_route=\/wp\/v2\/posts\/71661\/revisions\/71663"}],"wp:featuredmedia":[{"embeddable":true,"href":"https:\/\/lesvolcansnews.net\/index.php?rest_route=\/wp\/v2\/media\/71662"}],"wp:attachment":[{"href":"https:\/\/lesvolcansnews.net\/index.php?rest_route=%2Fwp%2Fv2%2Fmedia&parent=71661"}],"wp:term":[{"taxonomy":"category","embeddable":true,"href":"https:\/\/lesvolcansnews.net\/index.php?rest_route=%2Fwp%2Fv2%2Fcategories&post=71661"},{"taxonomy":"post_tag","embeddable":true,"href":"https:\/\/lesvolcansnews.net\/index.php?rest_route=%2Fwp%2Fv2%2Ftags&post=71661"}],"curies":[{"name":"wp","href":"https:\/\/api.w.org\/{rel}","templated":true}]}}