{"id":71647,"date":"2025-12-27T21:28:07","date_gmt":"2025-12-27T19:28:07","guid":{"rendered":"https:\/\/lesvolcansnews.net\/?p=71647"},"modified":"2025-12-27T21:28:07","modified_gmt":"2025-12-27T19:28:07","slug":"ituri-2-filles-mineures-sechappent-des-mains-des-adf-apres-5-mois-de-captivite","status":"publish","type":"post","link":"https:\/\/lesvolcansnews.net\/?p=71647","title":{"rendered":"Ituri : 2 filles mineures s&#8217;\u00e9chappent des mains des ADF apr\u00e8s 5 mois de captivit\u00e9"},"content":{"rendered":"<p><strong>Deux filles mineures originaires de Komanda en territoire d\u2019Irumu se sont \u00e9chapp\u00e9es, la soir\u00e9e du 26 d\u00e9cembre 2025, des mains des rebelles des Forces d\u00e9mocratiques alli\u00e9es (ADF) apr\u00e8s pr\u00e8s de cinq mois de captivit\u00e9 dans le territoire de Mambasa. <\/strong><\/p>\n<p>Une information rapport\u00e9e ce samedi 27 d\u00e9cembre 2025 par Ibrahim Mugeni, notable de la chefferie de Babila Bakwanza, au sud du territoire de Mambasa \u00e0 une centaine de kilom\u00e8tres au sud-ouest de Bunia, chef-lieu de la province de l&#8217;Ituri.<\/p>\n<p>Selon cette source, l\u2019\u00e9vasion s\u2019est produite dans la profondeur de Elake, un village situ\u00e9 au sud de Mambasa, dans la chefferie de Babila Bakwanza. D\u2019apr\u00e8s Ibrahim Mugeni, les deux adolescentes ont profit\u00e9 de la pression exerc\u00e9e par les op\u00e9rations conjointes FARDC-UPDF  engag\u00e9es depuis plusieurs mois dans la traque des rebelles ADF dans cette zone foresti\u00e8re. <\/p>\n<p>Selon leur t\u00e9moignage, elles avaient \u00e9t\u00e9 prises en otage au mois de juillet dernier lors de l&#8217;attaque des ADF \u00e0 Komanda dans l&#8217;\u00e9glise catholique o\u00f9 pr\u00e8s de 43 civils avaient \u00e9t\u00e9 tu\u00e9s par ces m\u00eames extr\u00e9mistes islamistes.<\/p>\n<p>R\u00e9daction<\/p>\n","protected":false},"excerpt":{"rendered":"<p>Deux filles mineures originaires de Komanda en territoire d\u2019Irumu se sont \u00e9chapp\u00e9es, la soir\u00e9e du 26 d\u00e9cembre 2025, des mains des rebelles des Forces d\u00e9mocratiques alli\u00e9es (ADF) apr\u00e8s pr\u00e8s de<\/p>\n","protected":false},"author":14,"featured_media":67392,"comment_status":"open","ping_status":"open","sticky":false,"template":"","format":"standard","meta":{"footnotes":""},"categories":[32],"tags":[],"class_list":["post-71647","post","type-post","status-publish","format-standard","has-post-thumbnail","hentry","category-securite"],"yoast_head":"<!-- This site is optimized with the Yoast SEO plugin v27.5 - https:\/\/yoast.com\/product\/yoast-seo-wordpress\/ -->\n<title>Ituri : 2 filles mineures s&#039;\u00e9chappent des mains des ADF apr\u00e8s 5 mois de captivit\u00e9 - LES VOLCANS NEWS<\/title>\n<meta name=\"robots\" content=\"index, follow, max-snippet:-1, max-image-preview:large, max-video-preview:-1\" \/>\n<link rel=\"canonical\" href=\"https:\/\/lesvolcansnews.net\/?p=71647\" \/>\n<meta property=\"og:locale\" content=\"fr_FR\" \/>\n<meta property=\"og:type\" content=\"article\" \/>\n<meta property=\"og:title\" content=\"Ituri : 2 filles mineures s&#039;\u00e9chappent des mains des ADF apr\u00e8s 5 mois de captivit\u00e9 - LES VOLCANS NEWS\" \/>\n<meta property=\"og:description\" content=\"Deux filles mineures originaires de Komanda en territoire d\u2019Irumu se sont \u00e9chapp\u00e9es, la soir\u00e9e du 26 d\u00e9cembre 2025, des mains des rebelles des Forces d\u00e9mocratiques alli\u00e9es (ADF) apr\u00e8s pr\u00e8s de\" \/>\n<meta property=\"og:url\" content=\"https:\/\/lesvolcansnews.net\/?p=71647\" \/>\n<meta property=\"og:site_name\" content=\"LES VOLCANS NEWS\" \/>\n<meta property=\"article:published_time\" content=\"2025-12-27T19:28:07+00:00\" \/>\n<meta property=\"og:image\" content=\"https:\/\/i0.wp.com\/lesvolcansnews.net\/wp-content\/uploads\/2025\/06\/mambasa-1.jpg?fit=800%2C600&ssl=1\" \/>\n\t<meta property=\"og:image:width\" content=\"800\" \/>\n\t<meta property=\"og:image:height\" content=\"600\" \/>\n\t<meta property=\"og:image:type\" content=\"image\/jpeg\" \/>\n<meta name=\"author\" content=\"R\u00e9daction - Les Volcans News\" \/>\n<meta name=\"twitter:card\" content=\"summary_large_image\" \/>\n<meta name=\"twitter:label1\" content=\"\u00c9crit par\" \/>\n\t<meta name=\"twitter:data1\" content=\"R\u00e9daction - Les Volcans News\" \/>\n\t<meta name=\"twitter:label2\" content=\"Dur\u00e9e de lecture estim\u00e9e\" \/>\n\t<meta name=\"twitter:data2\" content=\"1 minute\" \/>\n<script type=\"application\/ld+json\" class=\"yoast-schema-graph\">{\"@context\":\"https:\\\/\\\/schema.org\",\"@graph\":[{\"@type\":\"Article\",\"@id\":\"https:\\\/\\\/lesvolcansnews.net\\\/?p=71647#article\",\"isPartOf\":{\"@id\":\"https:\\\/\\\/lesvolcansnews.net\\\/?p=71647\"},\"author\":{\"name\":\"R\u00e9daction - Les Volcans News\",\"@id\":\"https:\\\/\\\/lesvolcansnews.net\\\/#\\\/schema\\\/person\\\/82c8bed2e77879ecf6cca63441f57354\"},\"headline\":\"Ituri : 2 filles mineures s&#8217;\u00e9chappent des mains des ADF apr\u00e8s 5 mois de captivit\u00e9\",\"datePublished\":\"2025-12-27T19:28:07+00:00\",\"mainEntityOfPage\":{\"@id\":\"https:\\\/\\\/lesvolcansnews.net\\\/?p=71647\"},\"wordCount\":206,\"commentCount\":0,\"image\":{\"@id\":\"https:\\\/\\\/lesvolcansnews.net\\\/?p=71647#primaryimage\"},\"thumbnailUrl\":\"https:\\\/\\\/lesvolcansnews.net\\\/wp-content\\\/uploads\\\/2025\\\/06\\\/mambasa-1.jpg\",\"articleSection\":[\"S\u00c9CURIT\u00c9\"],\"inLanguage\":\"fr-FR\",\"potentialAction\":[{\"@type\":\"CommentAction\",\"name\":\"Comment\",\"target\":[\"https:\\\/\\\/lesvolcansnews.net\\\/?p=71647#respond\"]}]},{\"@type\":\"WebPage\",\"@id\":\"https:\\\/\\\/lesvolcansnews.net\\\/?p=71647\",\"url\":\"https:\\\/\\\/lesvolcansnews.net\\\/?p=71647\",\"name\":\"Ituri : 2 filles mineures s'\u00e9chappent des mains des ADF apr\u00e8s 5 mois de captivit\u00e9 - LES VOLCANS NEWS\",\"isPartOf\":{\"@id\":\"https:\\\/\\\/lesvolcansnews.net\\\/#website\"},\"primaryImageOfPage\":{\"@id\":\"https:\\\/\\\/lesvolcansnews.net\\\/?p=71647#primaryimage\"},\"image\":{\"@id\":\"https:\\\/\\\/lesvolcansnews.net\\\/?p=71647#primaryimage\"},\"thumbnailUrl\":\"https:\\\/\\\/lesvolcansnews.net\\\/wp-content\\\/uploads\\\/2025\\\/06\\\/mambasa-1.jpg\",\"datePublished\":\"2025-12-27T19:28:07+00:00\",\"author\":{\"@id\":\"https:\\\/\\\/lesvolcansnews.net\\\/#\\\/schema\\\/person\\\/82c8bed2e77879ecf6cca63441f57354\"},\"breadcrumb\":{\"@id\":\"https:\\\/\\\/lesvolcansnews.net\\\/?p=71647#breadcrumb\"},\"inLanguage\":\"fr-FR\",\"potentialAction\":[{\"@type\":\"ReadAction\",\"target\":[\"https:\\\/\\\/lesvolcansnews.net\\\/?p=71647\"]}]},{\"@type\":\"ImageObject\",\"inLanguage\":\"fr-FR\",\"@id\":\"https:\\\/\\\/lesvolcansnews.net\\\/?p=71647#primaryimage\",\"url\":\"https:\\\/\\\/lesvolcansnews.net\\\/wp-content\\\/uploads\\\/2025\\\/06\\\/mambasa-1.jpg\",\"contentUrl\":\"https:\\\/\\\/lesvolcansnews.net\\\/wp-content\\\/uploads\\\/2025\\\/06\\\/mambasa-1.jpg\",\"width\":800,\"height\":600},{\"@type\":\"BreadcrumbList\",\"@id\":\"https:\\\/\\\/lesvolcansnews.net\\\/?p=71647#breadcrumb\",\"itemListElement\":[{\"@type\":\"ListItem\",\"position\":1,\"name\":\"Accueil\",\"item\":\"https:\\\/\\\/lesvolcansnews.net\\\/\"},{\"@type\":\"ListItem\",\"position\":2,\"name\":\"Ituri : 2 filles mineures s&#8217;\u00e9chappent des mains des ADF apr\u00e8s 5 mois de captivit\u00e9\"}]},{\"@type\":\"WebSite\",\"@id\":\"https:\\\/\\\/lesvolcansnews.net\\\/#website\",\"url\":\"https:\\\/\\\/lesvolcansnews.net\\\/\",\"name\":\"LES VOLCANS NEWS\",\"description\":\"L&#039;INFORMATION C&#039;EST NOUS\",\"potentialAction\":[{\"@type\":\"SearchAction\",\"target\":{\"@type\":\"EntryPoint\",\"urlTemplate\":\"https:\\\/\\\/lesvolcansnews.net\\\/?s={search_term_string}\"},\"query-input\":{\"@type\":\"PropertyValueSpecification\",\"valueRequired\":true,\"valueName\":\"search_term_string\"}}],\"inLanguage\":\"fr-FR\"},{\"@type\":\"Person\",\"@id\":\"https:\\\/\\\/lesvolcansnews.net\\\/#\\\/schema\\\/person\\\/82c8bed2e77879ecf6cca63441f57354\",\"name\":\"R\u00e9daction - Les Volcans News\",\"image\":{\"@type\":\"ImageObject\",\"inLanguage\":\"fr-FR\",\"@id\":\"https:\\\/\\\/secure.gravatar.com\\\/avatar\\\/8408942dd851e8a9c09f3d382a661bc05d2b3cd9002139bc1795b9528cdc6c80?s=96&d=mm&r=g\",\"url\":\"https:\\\/\\\/secure.gravatar.com\\\/avatar\\\/8408942dd851e8a9c09f3d382a661bc05d2b3cd9002139bc1795b9528cdc6c80?s=96&d=mm&r=g\",\"contentUrl\":\"https:\\\/\\\/secure.gravatar.com\\\/avatar\\\/8408942dd851e8a9c09f3d382a661bc05d2b3cd9002139bc1795b9528cdc6c80?s=96&d=mm&r=g\",\"caption\":\"R\u00e9daction - Les Volcans News\"},\"url\":\"https:\\\/\\\/lesvolcansnews.net\\\/?author=14\"}]}<\/script>\n<!-- \/ Yoast SEO plugin. -->","yoast_head_json":{"title":"Ituri : 2 filles mineures s'\u00e9chappent des mains des ADF apr\u00e8s 5 mois de captivit\u00e9 - LES VOLCANS NEWS","robots":{"index":"index","follow":"follow","max-snippet":"max-snippet:-1","max-image-preview":"max-image-preview:large","max-video-preview":"max-video-preview:-1"},"canonical":"https:\/\/lesvolcansnews.net\/?p=71647","og_locale":"fr_FR","og_type":"article","og_title":"Ituri : 2 filles mineures s'\u00e9chappent des mains des ADF apr\u00e8s 5 mois de captivit\u00e9 - LES VOLCANS NEWS","og_description":"Deux filles mineures originaires de Komanda en territoire d\u2019Irumu se sont \u00e9chapp\u00e9es, la soir\u00e9e du 26 d\u00e9cembre 2025, des mains des rebelles des Forces d\u00e9mocratiques alli\u00e9es (ADF) apr\u00e8s pr\u00e8s de","og_url":"https:\/\/lesvolcansnews.net\/?p=71647","og_site_name":"LES VOLCANS NEWS","article_published_time":"2025-12-27T19:28:07+00:00","og_image":[{"width":800,"height":600,"url":"https:\/\/i0.wp.com\/lesvolcansnews.net\/wp-content\/uploads\/2025\/06\/mambasa-1.jpg?fit=800%2C600&ssl=1","type":"image\/jpeg"}],"author":"R\u00e9daction - Les Volcans News","twitter_card":"summary_large_image","twitter_misc":{"\u00c9crit par":"R\u00e9daction - Les Volcans News","Dur\u00e9e de lecture estim\u00e9e":"1 minute"},"schema":{"@context":"https:\/\/schema.org","@graph":[{"@type":"Article","@id":"https:\/\/lesvolcansnews.net\/?p=71647#article","isPartOf":{"@id":"https:\/\/lesvolcansnews.net\/?p=71647"},"author":{"name":"R\u00e9daction - Les Volcans News","@id":"https:\/\/lesvolcansnews.net\/#\/schema\/person\/82c8bed2e77879ecf6cca63441f57354"},"headline":"Ituri : 2 filles mineures s&#8217;\u00e9chappent des mains des ADF apr\u00e8s 5 mois de captivit\u00e9","datePublished":"2025-12-27T19:28:07+00:00","mainEntityOfPage":{"@id":"https:\/\/lesvolcansnews.net\/?p=71647"},"wordCount":206,"commentCount":0,"image":{"@id":"https:\/\/lesvolcansnews.net\/?p=71647#primaryimage"},"thumbnailUrl":"https:\/\/lesvolcansnews.net\/wp-content\/uploads\/2025\/06\/mambasa-1.jpg","articleSection":["S\u00c9CURIT\u00c9"],"inLanguage":"fr-FR","potentialAction":[{"@type":"CommentAction","name":"Comment","target":["https:\/\/lesvolcansnews.net\/?p=71647#respond"]}]},{"@type":"WebPage","@id":"https:\/\/lesvolcansnews.net\/?p=71647","url":"https:\/\/lesvolcansnews.net\/?p=71647","name":"Ituri : 2 filles mineures s'\u00e9chappent des mains des ADF apr\u00e8s 5 mois de captivit\u00e9 - LES VOLCANS NEWS","isPartOf":{"@id":"https:\/\/lesvolcansnews.net\/#website"},"primaryImageOfPage":{"@id":"https:\/\/lesvolcansnews.net\/?p=71647#primaryimage"},"image":{"@id":"https:\/\/lesvolcansnews.net\/?p=71647#primaryimage"},"thumbnailUrl":"https:\/\/lesvolcansnews.net\/wp-content\/uploads\/2025\/06\/mambasa-1.jpg","datePublished":"2025-12-27T19:28:07+00:00","author":{"@id":"https:\/\/lesvolcansnews.net\/#\/schema\/person\/82c8bed2e77879ecf6cca63441f57354"},"breadcrumb":{"@id":"https:\/\/lesvolcansnews.net\/?p=71647#breadcrumb"},"inLanguage":"fr-FR","potentialAction":[{"@type":"ReadAction","target":["https:\/\/lesvolcansnews.net\/?p=71647"]}]},{"@type":"ImageObject","inLanguage":"fr-FR","@id":"https:\/\/lesvolcansnews.net\/?p=71647#primaryimage","url":"https:\/\/lesvolcansnews.net\/wp-content\/uploads\/2025\/06\/mambasa-1.jpg","contentUrl":"https:\/\/lesvolcansnews.net\/wp-content\/uploads\/2025\/06\/mambasa-1.jpg","width":800,"height":600},{"@type":"BreadcrumbList","@id":"https:\/\/lesvolcansnews.net\/?p=71647#breadcrumb","itemListElement":[{"@type":"ListItem","position":1,"name":"Accueil","item":"https:\/\/lesvolcansnews.net\/"},{"@type":"ListItem","position":2,"name":"Ituri : 2 filles mineures s&#8217;\u00e9chappent des mains des ADF apr\u00e8s 5 mois de captivit\u00e9"}]},{"@type":"WebSite","@id":"https:\/\/lesvolcansnews.net\/#website","url":"https:\/\/lesvolcansnews.net\/","name":"LES VOLCANS NEWS","description":"L&#039;INFORMATION C&#039;EST NOUS","potentialAction":[{"@type":"SearchAction","target":{"@type":"EntryPoint","urlTemplate":"https:\/\/lesvolcansnews.net\/?s={search_term_string}"},"query-input":{"@type":"PropertyValueSpecification","valueRequired":true,"valueName":"search_term_string"}}],"inLanguage":"fr-FR"},{"@type":"Person","@id":"https:\/\/lesvolcansnews.net\/#\/schema\/person\/82c8bed2e77879ecf6cca63441f57354","name":"R\u00e9daction - Les Volcans News","image":{"@type":"ImageObject","inLanguage":"fr-FR","@id":"https:\/\/secure.gravatar.com\/avatar\/8408942dd851e8a9c09f3d382a661bc05d2b3cd9002139bc1795b9528cdc6c80?s=96&d=mm&r=g","url":"https:\/\/secure.gravatar.com\/avatar\/8408942dd851e8a9c09f3d382a661bc05d2b3cd9002139bc1795b9528cdc6c80?s=96&d=mm&r=g","contentUrl":"https:\/\/secure.gravatar.com\/avatar\/8408942dd851e8a9c09f3d382a661bc05d2b3cd9002139bc1795b9528cdc6c80?s=96&d=mm&r=g","caption":"R\u00e9daction - Les Volcans News"},"url":"https:\/\/lesvolcansnews.net\/?author=14"}]}},"_links":{"self":[{"href":"https:\/\/lesvolcansnews.net\/index.php?rest_route=\/wp\/v2\/posts\/71647","targetHints":{"allow":["GET"]}}],"collection":[{"href":"https:\/\/lesvolcansnews.net\/index.php?rest_route=\/wp\/v2\/posts"}],"about":[{"href":"https:\/\/lesvolcansnews.net\/index.php?rest_route=\/wp\/v2\/types\/post"}],"author":[{"embeddable":true,"href":"https:\/\/lesvolcansnews.net\/index.php?rest_route=\/wp\/v2\/users\/14"}],"replies":[{"embeddable":true,"href":"https:\/\/lesvolcansnews.net\/index.php?rest_route=%2Fwp%2Fv2%2Fcomments&post=71647"}],"version-history":[{"count":1,"href":"https:\/\/lesvolcansnews.net\/index.php?rest_route=\/wp\/v2\/posts\/71647\/revisions"}],"predecessor-version":[{"id":71648,"href":"https:\/\/lesvolcansnews.net\/index.php?rest_route=\/wp\/v2\/posts\/71647\/revisions\/71648"}],"wp:featuredmedia":[{"embeddable":true,"href":"https:\/\/lesvolcansnews.net\/index.php?rest_route=\/wp\/v2\/media\/67392"}],"wp:attachment":[{"href":"https:\/\/lesvolcansnews.net\/index.php?rest_route=%2Fwp%2Fv2%2Fmedia&parent=71647"}],"wp:term":[{"taxonomy":"category","embeddable":true,"href":"https:\/\/lesvolcansnews.net\/index.php?rest_route=%2Fwp%2Fv2%2Fcategories&post=71647"},{"taxonomy":"post_tag","embeddable":true,"href":"https:\/\/lesvolcansnews.net\/index.php?rest_route=%2Fwp%2Fv2%2Ftags&post=71647"}],"curies":[{"name":"wp","href":"https:\/\/api.w.org\/{rel}","templated":true}]}}