{"id":71580,"date":"2025-12-24T13:07:21","date_gmt":"2025-12-24T11:07:21","guid":{"rendered":"https:\/\/lesvolcansnews.net\/?p=71580"},"modified":"2025-12-24T13:07:21","modified_gmt":"2025-12-24T11:07:21","slug":"exploration-geologique-lexperience-congolaise-vantee-et-mise-en-avant-plan-par-louis-watum","status":"publish","type":"post","link":"https:\/\/lesvolcansnews.net\/?p=71580","title":{"rendered":"Exploration g\u00e9ologique : l&#8217;exp\u00e9rience congolaise vant\u00e9e et mise en avant-plan par Louis Watum"},"content":{"rendered":"<p><strong>Depuis son arriv\u00e9e \u00e0 la t\u00eate du Minist\u00e8re des Mines, le Ministre Louis WATUM KABAMBA inscrit son action dans une vision claire : doter les g\u00e9ologues congolais des moyens n\u00e9cessaires pour assurer une connaissance approfondie et souveraine du sous-sol national. V\u00e9ritables sentinelles de la richesse min\u00e9rale du pays, les g\u00e9ologues occupent une place strat\u00e9gique dans la gouvernance et le d\u00e9veloppement durable du secteur minier.<\/strong><\/p>\n<p>C\u2019est dans cette dynamique que le ministre des mines a accord\u00e9 une audience \u00e0 une d\u00e9l\u00e9gation de g\u00e9ologues congolais, conduite par le deuxi\u00e8me vice-pr\u00e9sident de l\u2019ordre des g\u00e9ologues Patrick Tshey. Cette rencontre a permis \u00e0 la d\u00e9l\u00e9gation de pr\u00e9senter l\u2019Ordre des g\u00e9ologues ainsi que la Commission des g\u00e9ologues, leurs missions respectives et leur r\u00f4le central dans l\u2019encadrement de la profession et la promotion d\u2019une exploration g\u00e9ologique structur\u00e9e en R\u00e9publique D\u00e9mocratique du Congo.<\/p>\n<p>Au cours des \u00e9changes, le ministre Louis Watum a r\u00e9affirm\u00e9 avec force sa volont\u00e9 d\u2019outiller les experts congolais, qui ma\u00eetrisent le mieux les r\u00e9alit\u00e9s g\u00e9ologiques du pays, afin que l\u2019exploration du sous-sol soit men\u00e9e en priorit\u00e9 par des comp\u00e9tences nationales. <\/p>\n<p>Il a soulign\u00e9 l\u2019importance d\u2019une collaboration \u00e9troite avec le Service G\u00e9ologique National, pilier technique de l\u2019\u00c9tat dans la connaissance et la valorisation des ressources min\u00e9rales.<br \/>\nPr\u00e9sente \u00e0 cette audience, la d\u00e9l\u00e9gation, accompagn\u00e9e du Secr\u00e9taire G\u00e9n\u00e9ral de l\u2019Ordre des g\u00e9ologues, a salu\u00e9 la qualit\u00e9 des \u00e9changes et exprim\u00e9 sa satisfaction face \u00e0 l\u2019engagement clair du Ministre en faveur d\u2019une exploration g\u00e9ologique souveraine, responsable et durable.<\/p>\n<p> Les g\u00e9ologues ont r\u00e9affirm\u00e9 leur disponibilit\u00e9 \u00e0 accompagner le Gouvernement dans la mise en \u0153uvre de cette vision strat\u00e9gique. Cette d\u00e9marche traduit la volont\u00e9 du Gouvernement de renforcer les comp\u00e9tences nationales, de promouvoir l\u2019expertise congolaise et de b\u00e2tir une gouvernance mini\u00e8re moderne, fond\u00e9e sur une connaissance ma\u00eetris\u00e9e du sous-sol congolais, au service du d\u00e9veloppement \u00e9conomique et social de la R\u00e9publique D\u00e9mocratique du Congo.<\/p>\n<p><strong>R\u00e9daction<\/strong><\/p>\n","protected":false},"excerpt":{"rendered":"<p>Depuis son arriv\u00e9e \u00e0 la t\u00eate du Minist\u00e8re des Mines, le Ministre Louis WATUM KABAMBA inscrit son action dans une vision claire : doter les g\u00e9ologues congolais des moyens n\u00e9cessaires<\/p>\n","protected":false},"author":14,"featured_media":71581,"comment_status":"open","ping_status":"open","sticky":false,"template":"","format":"standard","meta":{"footnotes":""},"categories":[63],"tags":[],"class_list":["post-71580","post","type-post","status-publish","format-standard","has-post-thumbnail","hentry","category-mines"],"yoast_head":"<!-- This site is optimized with the Yoast SEO plugin v27.5 - https:\/\/yoast.com\/product\/yoast-seo-wordpress\/ -->\n<title>Exploration g\u00e9ologique : l&#039;exp\u00e9rience congolaise vant\u00e9e et mise en avant-plan par Louis Watum - LES VOLCANS NEWS<\/title>\n<meta name=\"robots\" content=\"index, follow, max-snippet:-1, max-image-preview:large, max-video-preview:-1\" \/>\n<link rel=\"canonical\" href=\"https:\/\/lesvolcansnews.net\/?p=71580\" \/>\n<meta property=\"og:locale\" content=\"fr_FR\" \/>\n<meta property=\"og:type\" content=\"article\" \/>\n<meta property=\"og:title\" content=\"Exploration g\u00e9ologique : l&#039;exp\u00e9rience congolaise vant\u00e9e et mise en avant-plan par Louis Watum - LES VOLCANS NEWS\" \/>\n<meta property=\"og:description\" content=\"Depuis son arriv\u00e9e \u00e0 la t\u00eate du Minist\u00e8re des Mines, le Ministre Louis WATUM KABAMBA inscrit son action dans une vision claire : doter les g\u00e9ologues congolais des moyens n\u00e9cessaires\" \/>\n<meta property=\"og:url\" content=\"https:\/\/lesvolcansnews.net\/?p=71580\" \/>\n<meta property=\"og:site_name\" content=\"LES VOLCANS NEWS\" \/>\n<meta property=\"article:published_time\" content=\"2025-12-24T11:07:21+00:00\" \/>\n<meta property=\"og:image\" content=\"https:\/\/i0.wp.com\/lesvolcansnews.net\/wp-content\/uploads\/2025\/12\/IMG-20251224-WA0094.jpg?fit=1280%2C854&ssl=1\" \/>\n\t<meta property=\"og:image:width\" content=\"1280\" \/>\n\t<meta property=\"og:image:height\" content=\"854\" \/>\n\t<meta property=\"og:image:type\" content=\"image\/jpeg\" \/>\n<meta name=\"author\" content=\"R\u00e9daction - Les Volcans News\" \/>\n<meta name=\"twitter:card\" content=\"summary_large_image\" \/>\n<meta name=\"twitter:label1\" content=\"\u00c9crit par\" \/>\n\t<meta name=\"twitter:data1\" content=\"R\u00e9daction - Les Volcans News\" \/>\n\t<meta name=\"twitter:label2\" content=\"Dur\u00e9e de lecture estim\u00e9e\" \/>\n\t<meta name=\"twitter:data2\" content=\"2 minutes\" \/>\n<script type=\"application\/ld+json\" class=\"yoast-schema-graph\">{\"@context\":\"https:\\\/\\\/schema.org\",\"@graph\":[{\"@type\":\"Article\",\"@id\":\"https:\\\/\\\/lesvolcansnews.net\\\/?p=71580#article\",\"isPartOf\":{\"@id\":\"https:\\\/\\\/lesvolcansnews.net\\\/?p=71580\"},\"author\":{\"name\":\"R\u00e9daction - Les Volcans News\",\"@id\":\"https:\\\/\\\/lesvolcansnews.net\\\/#\\\/schema\\\/person\\\/82c8bed2e77879ecf6cca63441f57354\"},\"headline\":\"Exploration g\u00e9ologique : l&#8217;exp\u00e9rience congolaise vant\u00e9e et mise en avant-plan par Louis Watum\",\"datePublished\":\"2025-12-24T11:07:21+00:00\",\"mainEntityOfPage\":{\"@id\":\"https:\\\/\\\/lesvolcansnews.net\\\/?p=71580\"},\"wordCount\":385,\"commentCount\":0,\"image\":{\"@id\":\"https:\\\/\\\/lesvolcansnews.net\\\/?p=71580#primaryimage\"},\"thumbnailUrl\":\"https:\\\/\\\/lesvolcansnews.net\\\/wp-content\\\/uploads\\\/2025\\\/12\\\/IMG-20251224-WA0094.jpg\",\"articleSection\":[\"MINES\"],\"inLanguage\":\"fr-FR\",\"potentialAction\":[{\"@type\":\"CommentAction\",\"name\":\"Comment\",\"target\":[\"https:\\\/\\\/lesvolcansnews.net\\\/?p=71580#respond\"]}]},{\"@type\":\"WebPage\",\"@id\":\"https:\\\/\\\/lesvolcansnews.net\\\/?p=71580\",\"url\":\"https:\\\/\\\/lesvolcansnews.net\\\/?p=71580\",\"name\":\"Exploration g\u00e9ologique : l'exp\u00e9rience congolaise vant\u00e9e et mise en avant-plan par Louis Watum - LES VOLCANS NEWS\",\"isPartOf\":{\"@id\":\"https:\\\/\\\/lesvolcansnews.net\\\/#website\"},\"primaryImageOfPage\":{\"@id\":\"https:\\\/\\\/lesvolcansnews.net\\\/?p=71580#primaryimage\"},\"image\":{\"@id\":\"https:\\\/\\\/lesvolcansnews.net\\\/?p=71580#primaryimage\"},\"thumbnailUrl\":\"https:\\\/\\\/lesvolcansnews.net\\\/wp-content\\\/uploads\\\/2025\\\/12\\\/IMG-20251224-WA0094.jpg\",\"datePublished\":\"2025-12-24T11:07:21+00:00\",\"author\":{\"@id\":\"https:\\\/\\\/lesvolcansnews.net\\\/#\\\/schema\\\/person\\\/82c8bed2e77879ecf6cca63441f57354\"},\"breadcrumb\":{\"@id\":\"https:\\\/\\\/lesvolcansnews.net\\\/?p=71580#breadcrumb\"},\"inLanguage\":\"fr-FR\",\"potentialAction\":[{\"@type\":\"ReadAction\",\"target\":[\"https:\\\/\\\/lesvolcansnews.net\\\/?p=71580\"]}]},{\"@type\":\"ImageObject\",\"inLanguage\":\"fr-FR\",\"@id\":\"https:\\\/\\\/lesvolcansnews.net\\\/?p=71580#primaryimage\",\"url\":\"https:\\\/\\\/lesvolcansnews.net\\\/wp-content\\\/uploads\\\/2025\\\/12\\\/IMG-20251224-WA0094.jpg\",\"contentUrl\":\"https:\\\/\\\/lesvolcansnews.net\\\/wp-content\\\/uploads\\\/2025\\\/12\\\/IMG-20251224-WA0094.jpg\",\"width\":1280,\"height\":854},{\"@type\":\"BreadcrumbList\",\"@id\":\"https:\\\/\\\/lesvolcansnews.net\\\/?p=71580#breadcrumb\",\"itemListElement\":[{\"@type\":\"ListItem\",\"position\":1,\"name\":\"Accueil\",\"item\":\"https:\\\/\\\/lesvolcansnews.net\\\/\"},{\"@type\":\"ListItem\",\"position\":2,\"name\":\"Exploration g\u00e9ologique : l&#8217;exp\u00e9rience congolaise vant\u00e9e et mise en avant-plan par Louis Watum\"}]},{\"@type\":\"WebSite\",\"@id\":\"https:\\\/\\\/lesvolcansnews.net\\\/#website\",\"url\":\"https:\\\/\\\/lesvolcansnews.net\\\/\",\"name\":\"LES VOLCANS NEWS\",\"description\":\"L&#039;INFORMATION C&#039;EST NOUS\",\"potentialAction\":[{\"@type\":\"SearchAction\",\"target\":{\"@type\":\"EntryPoint\",\"urlTemplate\":\"https:\\\/\\\/lesvolcansnews.net\\\/?s={search_term_string}\"},\"query-input\":{\"@type\":\"PropertyValueSpecification\",\"valueRequired\":true,\"valueName\":\"search_term_string\"}}],\"inLanguage\":\"fr-FR\"},{\"@type\":\"Person\",\"@id\":\"https:\\\/\\\/lesvolcansnews.net\\\/#\\\/schema\\\/person\\\/82c8bed2e77879ecf6cca63441f57354\",\"name\":\"R\u00e9daction - Les Volcans News\",\"image\":{\"@type\":\"ImageObject\",\"inLanguage\":\"fr-FR\",\"@id\":\"https:\\\/\\\/secure.gravatar.com\\\/avatar\\\/8408942dd851e8a9c09f3d382a661bc05d2b3cd9002139bc1795b9528cdc6c80?s=96&d=mm&r=g\",\"url\":\"https:\\\/\\\/secure.gravatar.com\\\/avatar\\\/8408942dd851e8a9c09f3d382a661bc05d2b3cd9002139bc1795b9528cdc6c80?s=96&d=mm&r=g\",\"contentUrl\":\"https:\\\/\\\/secure.gravatar.com\\\/avatar\\\/8408942dd851e8a9c09f3d382a661bc05d2b3cd9002139bc1795b9528cdc6c80?s=96&d=mm&r=g\",\"caption\":\"R\u00e9daction - Les Volcans News\"},\"url\":\"https:\\\/\\\/lesvolcansnews.net\\\/?author=14\"}]}<\/script>\n<!-- \/ Yoast SEO plugin. -->","yoast_head_json":{"title":"Exploration g\u00e9ologique : l'exp\u00e9rience congolaise vant\u00e9e et mise en avant-plan par Louis Watum - LES VOLCANS NEWS","robots":{"index":"index","follow":"follow","max-snippet":"max-snippet:-1","max-image-preview":"max-image-preview:large","max-video-preview":"max-video-preview:-1"},"canonical":"https:\/\/lesvolcansnews.net\/?p=71580","og_locale":"fr_FR","og_type":"article","og_title":"Exploration g\u00e9ologique : l'exp\u00e9rience congolaise vant\u00e9e et mise en avant-plan par Louis Watum - LES VOLCANS NEWS","og_description":"Depuis son arriv\u00e9e \u00e0 la t\u00eate du Minist\u00e8re des Mines, le Ministre Louis WATUM KABAMBA inscrit son action dans une vision claire : doter les g\u00e9ologues congolais des moyens n\u00e9cessaires","og_url":"https:\/\/lesvolcansnews.net\/?p=71580","og_site_name":"LES VOLCANS NEWS","article_published_time":"2025-12-24T11:07:21+00:00","og_image":[{"width":1280,"height":854,"url":"https:\/\/i0.wp.com\/lesvolcansnews.net\/wp-content\/uploads\/2025\/12\/IMG-20251224-WA0094.jpg?fit=1280%2C854&ssl=1","type":"image\/jpeg"}],"author":"R\u00e9daction - Les Volcans News","twitter_card":"summary_large_image","twitter_misc":{"\u00c9crit par":"R\u00e9daction - Les Volcans News","Dur\u00e9e de lecture estim\u00e9e":"2 minutes"},"schema":{"@context":"https:\/\/schema.org","@graph":[{"@type":"Article","@id":"https:\/\/lesvolcansnews.net\/?p=71580#article","isPartOf":{"@id":"https:\/\/lesvolcansnews.net\/?p=71580"},"author":{"name":"R\u00e9daction - Les Volcans News","@id":"https:\/\/lesvolcansnews.net\/#\/schema\/person\/82c8bed2e77879ecf6cca63441f57354"},"headline":"Exploration g\u00e9ologique : l&#8217;exp\u00e9rience congolaise vant\u00e9e et mise en avant-plan par Louis Watum","datePublished":"2025-12-24T11:07:21+00:00","mainEntityOfPage":{"@id":"https:\/\/lesvolcansnews.net\/?p=71580"},"wordCount":385,"commentCount":0,"image":{"@id":"https:\/\/lesvolcansnews.net\/?p=71580#primaryimage"},"thumbnailUrl":"https:\/\/lesvolcansnews.net\/wp-content\/uploads\/2025\/12\/IMG-20251224-WA0094.jpg","articleSection":["MINES"],"inLanguage":"fr-FR","potentialAction":[{"@type":"CommentAction","name":"Comment","target":["https:\/\/lesvolcansnews.net\/?p=71580#respond"]}]},{"@type":"WebPage","@id":"https:\/\/lesvolcansnews.net\/?p=71580","url":"https:\/\/lesvolcansnews.net\/?p=71580","name":"Exploration g\u00e9ologique : l'exp\u00e9rience congolaise vant\u00e9e et mise en avant-plan par Louis Watum - LES VOLCANS NEWS","isPartOf":{"@id":"https:\/\/lesvolcansnews.net\/#website"},"primaryImageOfPage":{"@id":"https:\/\/lesvolcansnews.net\/?p=71580#primaryimage"},"image":{"@id":"https:\/\/lesvolcansnews.net\/?p=71580#primaryimage"},"thumbnailUrl":"https:\/\/lesvolcansnews.net\/wp-content\/uploads\/2025\/12\/IMG-20251224-WA0094.jpg","datePublished":"2025-12-24T11:07:21+00:00","author":{"@id":"https:\/\/lesvolcansnews.net\/#\/schema\/person\/82c8bed2e77879ecf6cca63441f57354"},"breadcrumb":{"@id":"https:\/\/lesvolcansnews.net\/?p=71580#breadcrumb"},"inLanguage":"fr-FR","potentialAction":[{"@type":"ReadAction","target":["https:\/\/lesvolcansnews.net\/?p=71580"]}]},{"@type":"ImageObject","inLanguage":"fr-FR","@id":"https:\/\/lesvolcansnews.net\/?p=71580#primaryimage","url":"https:\/\/lesvolcansnews.net\/wp-content\/uploads\/2025\/12\/IMG-20251224-WA0094.jpg","contentUrl":"https:\/\/lesvolcansnews.net\/wp-content\/uploads\/2025\/12\/IMG-20251224-WA0094.jpg","width":1280,"height":854},{"@type":"BreadcrumbList","@id":"https:\/\/lesvolcansnews.net\/?p=71580#breadcrumb","itemListElement":[{"@type":"ListItem","position":1,"name":"Accueil","item":"https:\/\/lesvolcansnews.net\/"},{"@type":"ListItem","position":2,"name":"Exploration g\u00e9ologique : l&#8217;exp\u00e9rience congolaise vant\u00e9e et mise en avant-plan par Louis Watum"}]},{"@type":"WebSite","@id":"https:\/\/lesvolcansnews.net\/#website","url":"https:\/\/lesvolcansnews.net\/","name":"LES VOLCANS NEWS","description":"L&#039;INFORMATION C&#039;EST NOUS","potentialAction":[{"@type":"SearchAction","target":{"@type":"EntryPoint","urlTemplate":"https:\/\/lesvolcansnews.net\/?s={search_term_string}"},"query-input":{"@type":"PropertyValueSpecification","valueRequired":true,"valueName":"search_term_string"}}],"inLanguage":"fr-FR"},{"@type":"Person","@id":"https:\/\/lesvolcansnews.net\/#\/schema\/person\/82c8bed2e77879ecf6cca63441f57354","name":"R\u00e9daction - Les Volcans News","image":{"@type":"ImageObject","inLanguage":"fr-FR","@id":"https:\/\/secure.gravatar.com\/avatar\/8408942dd851e8a9c09f3d382a661bc05d2b3cd9002139bc1795b9528cdc6c80?s=96&d=mm&r=g","url":"https:\/\/secure.gravatar.com\/avatar\/8408942dd851e8a9c09f3d382a661bc05d2b3cd9002139bc1795b9528cdc6c80?s=96&d=mm&r=g","contentUrl":"https:\/\/secure.gravatar.com\/avatar\/8408942dd851e8a9c09f3d382a661bc05d2b3cd9002139bc1795b9528cdc6c80?s=96&d=mm&r=g","caption":"R\u00e9daction - Les Volcans News"},"url":"https:\/\/lesvolcansnews.net\/?author=14"}]}},"_links":{"self":[{"href":"https:\/\/lesvolcansnews.net\/index.php?rest_route=\/wp\/v2\/posts\/71580","targetHints":{"allow":["GET"]}}],"collection":[{"href":"https:\/\/lesvolcansnews.net\/index.php?rest_route=\/wp\/v2\/posts"}],"about":[{"href":"https:\/\/lesvolcansnews.net\/index.php?rest_route=\/wp\/v2\/types\/post"}],"author":[{"embeddable":true,"href":"https:\/\/lesvolcansnews.net\/index.php?rest_route=\/wp\/v2\/users\/14"}],"replies":[{"embeddable":true,"href":"https:\/\/lesvolcansnews.net\/index.php?rest_route=%2Fwp%2Fv2%2Fcomments&post=71580"}],"version-history":[{"count":1,"href":"https:\/\/lesvolcansnews.net\/index.php?rest_route=\/wp\/v2\/posts\/71580\/revisions"}],"predecessor-version":[{"id":71582,"href":"https:\/\/lesvolcansnews.net\/index.php?rest_route=\/wp\/v2\/posts\/71580\/revisions\/71582"}],"wp:featuredmedia":[{"embeddable":true,"href":"https:\/\/lesvolcansnews.net\/index.php?rest_route=\/wp\/v2\/media\/71581"}],"wp:attachment":[{"href":"https:\/\/lesvolcansnews.net\/index.php?rest_route=%2Fwp%2Fv2%2Fmedia&parent=71580"}],"wp:term":[{"taxonomy":"category","embeddable":true,"href":"https:\/\/lesvolcansnews.net\/index.php?rest_route=%2Fwp%2Fv2%2Fcategories&post=71580"},{"taxonomy":"post_tag","embeddable":true,"href":"https:\/\/lesvolcansnews.net\/index.php?rest_route=%2Fwp%2Fv2%2Ftags&post=71580"}],"curies":[{"name":"wp","href":"https:\/\/api.w.org\/{rel}","templated":true}]}}