{"id":71527,"date":"2025-12-21T15:35:41","date_gmt":"2025-12-21T13:35:41","guid":{"rendered":"https:\/\/lesvolcansnews.net\/?p=71527"},"modified":"2025-12-21T15:36:22","modified_gmt":"2025-12-21T13:36:22","slug":"rdc-grandes-lacs-un-sommet-extraordinaire-a-entebbe-axe-sur-la-securite-dans-lest-du-congo","status":"publish","type":"post","link":"https:\/\/lesvolcansnews.net\/?p=71527","title":{"rendered":"RDC-Grandes Lacs : un sommet extraordinaire \u00e0 Entebbe ax\u00e9 sur la s\u00e9curit\u00e9 dans l\u2019est du Congo"},"content":{"rendered":"<p>&nbsp;<\/p>\n<p><strong>Des ministres et hauts responsables de la r\u00e9gion des Grands Lacs se sont r\u00e9unis dimanche \u00e0 Entebbe, en Ouganda, pour un sommet extraordinaire consacr\u00e9 \u00e0 la situation s\u00e9curitaire dans l\u2019est de la R\u00e9publique d\u00e9mocratique du Congo (RDC).<\/strong><\/p>\n<p>La rencontre, tenue \u00e0 la State House d\u2019Entebbe, s\u2019est d\u00e9roul\u00e9e sous la pr\u00e9sidence du chef de l\u2019\u00c9tat ougandais Yoweri Museveni. Elle a port\u00e9 sur la s\u00e9curit\u00e9 dans l\u2019est de la RDC ainsi que sur la stabilit\u00e9 de l\u2019ensemble de la r\u00e9gion des Grands Lacs.<\/p>\n<p>Dans un message diffus\u00e9 dimanche, M. Museveni s\u2019est dit \u00ab encourag\u00e9 par les discussions \u00bb et par la \u00ab ferme volont\u00e9 des pays participants de collaborer pour instaurer une paix et une stabilit\u00e9 durables \u00bb, soulignant l\u2019importance d\u2019une approche concert\u00e9e face aux d\u00e9fis s\u00e9curitaires transfrontaliers.<\/p>\n<p>Le Rwanda \u00e9tait repr\u00e9sent\u00e9 par son ministre de l\u2019Int\u00e9rieur, Vincent Biruta, tandis que la d\u00e9l\u00e9gation de la RDC \u00e9tait conduite par Floribert Anzuluni, ministre de l\u2019Int\u00e9gration r\u00e9gionale, selon des sources officielles.<\/p>\n<p>Ce sommet intervient dans un climat de fortes tensions au Sud-Kivu, \u00e0 la suite de l\u2019annonce par l\u2019Alliance Fleuve Congo (AFC\/M23) de son retrait de la ville d\u2019Uvira, situ\u00e9e \u00e0 la fronti\u00e8re avec le Burundi. Kinshasa et Bujumbura accusent ce mouvement arm\u00e9, ainsi que le Rwanda, d\u2019\u00eatre \u00e0 l\u2019origine de l\u2019instabilit\u00e9 persistante dans cette zone strat\u00e9gique. Kigali rejette r\u00e9guli\u00e8rement ces accusations.<\/p>\n<p>L\u2019Ouganda joue un r\u00f4le s\u00e9curitaire majeur dans l\u2019est de la RDC \u00e0 travers l\u2019op\u00e9ration Shujaa, une intervention militaire conjointe lanc\u00e9e en novembre 2021 par les arm\u00e9es ougandaise et congolaise contre les Forces d\u00e9mocratiques alli\u00e9es (ADF), un groupe arm\u00e9 affili\u00e9 \u00e0 l\u2019\u00c9tat islamique.<\/p>\n<p>Kampala suit \u00e9galement de pr\u00e8s l\u2019\u00e9volution de la situation s\u00e9curitaire au Nord-Kivu et en Ituri, o\u00f9 plusieurs projets d\u2019infrastructures routi\u00e8res financ\u00e9s conjointement par l\u2019Ouganda et la RDC sont en cours, des investissements consid\u00e9r\u00e9s comme strat\u00e9giques pour l\u2019int\u00e9gration \u00e9conomique et la stabilit\u00e9 de la r\u00e9gion, selon des responsables ougandais.<\/p>\n<p>La r\u00e9daction<\/p>\n","protected":false},"excerpt":{"rendered":"<p>&nbsp; Des ministres et hauts responsables de la r\u00e9gion des Grands Lacs se sont r\u00e9unis dimanche \u00e0 Entebbe, en Ouganda, pour un sommet extraordinaire consacr\u00e9 \u00e0 la situation s\u00e9curitaire dans<\/p>\n","protected":false},"author":14,"featured_media":71528,"comment_status":"open","ping_status":"open","sticky":false,"template":"","format":"standard","meta":{"footnotes":""},"categories":[27],"tags":[],"class_list":["post-71527","post","type-post","status-publish","format-standard","has-post-thumbnail","hentry","category-politique"],"yoast_head":"<!-- This site is optimized with the Yoast SEO plugin v27.5 - https:\/\/yoast.com\/product\/yoast-seo-wordpress\/ -->\n<title>RDC-Grandes Lacs : un sommet extraordinaire \u00e0 Entebbe ax\u00e9 sur la s\u00e9curit\u00e9 dans l\u2019est du Congo - LES VOLCANS NEWS<\/title>\n<meta name=\"robots\" content=\"index, follow, max-snippet:-1, max-image-preview:large, max-video-preview:-1\" \/>\n<link rel=\"canonical\" href=\"https:\/\/lesvolcansnews.net\/?p=71527\" \/>\n<meta property=\"og:locale\" content=\"fr_FR\" \/>\n<meta property=\"og:type\" content=\"article\" \/>\n<meta property=\"og:title\" content=\"RDC-Grandes Lacs : un sommet extraordinaire \u00e0 Entebbe ax\u00e9 sur la s\u00e9curit\u00e9 dans l\u2019est du Congo - LES VOLCANS NEWS\" \/>\n<meta property=\"og:description\" content=\"&nbsp; Des ministres et hauts responsables de la r\u00e9gion des Grands Lacs se sont r\u00e9unis dimanche \u00e0 Entebbe, en Ouganda, pour un sommet extraordinaire consacr\u00e9 \u00e0 la situation s\u00e9curitaire dans\" \/>\n<meta property=\"og:url\" content=\"https:\/\/lesvolcansnews.net\/?p=71527\" \/>\n<meta property=\"og:site_name\" content=\"LES VOLCANS NEWS\" \/>\n<meta property=\"article:published_time\" content=\"2025-12-21T13:35:41+00:00\" \/>\n<meta property=\"article:modified_time\" content=\"2025-12-21T13:36:22+00:00\" \/>\n<meta property=\"og:image\" content=\"https:\/\/lesvolcansnews.net\/wp-content\/uploads\/2025\/12\/Screenshot-2025-12-21-143434-1024x532.png\" \/>\n\t<meta property=\"og:image:width\" content=\"1024\" \/>\n\t<meta property=\"og:image:height\" content=\"532\" \/>\n\t<meta property=\"og:image:type\" content=\"image\/png\" \/>\n<meta name=\"author\" content=\"R\u00e9daction - Les Volcans News\" \/>\n<meta name=\"twitter:card\" content=\"summary_large_image\" \/>\n<meta name=\"twitter:label1\" content=\"\u00c9crit par\" \/>\n\t<meta name=\"twitter:data1\" content=\"R\u00e9daction - Les Volcans News\" \/>\n\t<meta name=\"twitter:label2\" content=\"Dur\u00e9e de lecture estim\u00e9e\" \/>\n\t<meta name=\"twitter:data2\" content=\"2 minutes\" \/>\n<script type=\"application\/ld+json\" class=\"yoast-schema-graph\">{\"@context\":\"https:\\\/\\\/schema.org\",\"@graph\":[{\"@type\":\"Article\",\"@id\":\"https:\\\/\\\/lesvolcansnews.net\\\/?p=71527#article\",\"isPartOf\":{\"@id\":\"https:\\\/\\\/lesvolcansnews.net\\\/?p=71527\"},\"author\":{\"name\":\"R\u00e9daction - Les Volcans News\",\"@id\":\"https:\\\/\\\/lesvolcansnews.net\\\/#\\\/schema\\\/person\\\/82c8bed2e77879ecf6cca63441f57354\"},\"headline\":\"RDC-Grandes Lacs : un sommet extraordinaire \u00e0 Entebbe ax\u00e9 sur la s\u00e9curit\u00e9 dans l\u2019est du Congo\",\"datePublished\":\"2025-12-21T13:35:41+00:00\",\"dateModified\":\"2025-12-21T13:36:22+00:00\",\"mainEntityOfPage\":{\"@id\":\"https:\\\/\\\/lesvolcansnews.net\\\/?p=71527\"},\"wordCount\":381,\"commentCount\":0,\"image\":{\"@id\":\"https:\\\/\\\/lesvolcansnews.net\\\/?p=71527#primaryimage\"},\"thumbnailUrl\":\"https:\\\/\\\/lesvolcansnews.net\\\/wp-content\\\/uploads\\\/2025\\\/12\\\/Screenshot-2025-12-21-143434.png\",\"articleSection\":[\"POLITIQUE\"],\"inLanguage\":\"fr-FR\",\"potentialAction\":[{\"@type\":\"CommentAction\",\"name\":\"Comment\",\"target\":[\"https:\\\/\\\/lesvolcansnews.net\\\/?p=71527#respond\"]}]},{\"@type\":\"WebPage\",\"@id\":\"https:\\\/\\\/lesvolcansnews.net\\\/?p=71527\",\"url\":\"https:\\\/\\\/lesvolcansnews.net\\\/?p=71527\",\"name\":\"RDC-Grandes Lacs : un sommet extraordinaire \u00e0 Entebbe ax\u00e9 sur la s\u00e9curit\u00e9 dans l\u2019est du Congo - LES VOLCANS NEWS\",\"isPartOf\":{\"@id\":\"https:\\\/\\\/lesvolcansnews.net\\\/#website\"},\"primaryImageOfPage\":{\"@id\":\"https:\\\/\\\/lesvolcansnews.net\\\/?p=71527#primaryimage\"},\"image\":{\"@id\":\"https:\\\/\\\/lesvolcansnews.net\\\/?p=71527#primaryimage\"},\"thumbnailUrl\":\"https:\\\/\\\/lesvolcansnews.net\\\/wp-content\\\/uploads\\\/2025\\\/12\\\/Screenshot-2025-12-21-143434.png\",\"datePublished\":\"2025-12-21T13:35:41+00:00\",\"dateModified\":\"2025-12-21T13:36:22+00:00\",\"author\":{\"@id\":\"https:\\\/\\\/lesvolcansnews.net\\\/#\\\/schema\\\/person\\\/82c8bed2e77879ecf6cca63441f57354\"},\"breadcrumb\":{\"@id\":\"https:\\\/\\\/lesvolcansnews.net\\\/?p=71527#breadcrumb\"},\"inLanguage\":\"fr-FR\",\"potentialAction\":[{\"@type\":\"ReadAction\",\"target\":[\"https:\\\/\\\/lesvolcansnews.net\\\/?p=71527\"]}]},{\"@type\":\"ImageObject\",\"inLanguage\":\"fr-FR\",\"@id\":\"https:\\\/\\\/lesvolcansnews.net\\\/?p=71527#primaryimage\",\"url\":\"https:\\\/\\\/lesvolcansnews.net\\\/wp-content\\\/uploads\\\/2025\\\/12\\\/Screenshot-2025-12-21-143434.png\",\"contentUrl\":\"https:\\\/\\\/lesvolcansnews.net\\\/wp-content\\\/uploads\\\/2025\\\/12\\\/Screenshot-2025-12-21-143434.png\",\"width\":2256,\"height\":1171},{\"@type\":\"BreadcrumbList\",\"@id\":\"https:\\\/\\\/lesvolcansnews.net\\\/?p=71527#breadcrumb\",\"itemListElement\":[{\"@type\":\"ListItem\",\"position\":1,\"name\":\"Accueil\",\"item\":\"https:\\\/\\\/lesvolcansnews.net\\\/\"},{\"@type\":\"ListItem\",\"position\":2,\"name\":\"RDC-Grandes Lacs : un sommet extraordinaire \u00e0 Entebbe ax\u00e9 sur la s\u00e9curit\u00e9 dans l\u2019est du Congo\"}]},{\"@type\":\"WebSite\",\"@id\":\"https:\\\/\\\/lesvolcansnews.net\\\/#website\",\"url\":\"https:\\\/\\\/lesvolcansnews.net\\\/\",\"name\":\"LES VOLCANS NEWS\",\"description\":\"L&#039;INFORMATION C&#039;EST NOUS\",\"potentialAction\":[{\"@type\":\"SearchAction\",\"target\":{\"@type\":\"EntryPoint\",\"urlTemplate\":\"https:\\\/\\\/lesvolcansnews.net\\\/?s={search_term_string}\"},\"query-input\":{\"@type\":\"PropertyValueSpecification\",\"valueRequired\":true,\"valueName\":\"search_term_string\"}}],\"inLanguage\":\"fr-FR\"},{\"@type\":\"Person\",\"@id\":\"https:\\\/\\\/lesvolcansnews.net\\\/#\\\/schema\\\/person\\\/82c8bed2e77879ecf6cca63441f57354\",\"name\":\"R\u00e9daction - Les Volcans News\",\"image\":{\"@type\":\"ImageObject\",\"inLanguage\":\"fr-FR\",\"@id\":\"https:\\\/\\\/secure.gravatar.com\\\/avatar\\\/8408942dd851e8a9c09f3d382a661bc05d2b3cd9002139bc1795b9528cdc6c80?s=96&d=mm&r=g\",\"url\":\"https:\\\/\\\/secure.gravatar.com\\\/avatar\\\/8408942dd851e8a9c09f3d382a661bc05d2b3cd9002139bc1795b9528cdc6c80?s=96&d=mm&r=g\",\"contentUrl\":\"https:\\\/\\\/secure.gravatar.com\\\/avatar\\\/8408942dd851e8a9c09f3d382a661bc05d2b3cd9002139bc1795b9528cdc6c80?s=96&d=mm&r=g\",\"caption\":\"R\u00e9daction - Les Volcans News\"},\"url\":\"https:\\\/\\\/lesvolcansnews.net\\\/?author=14\"}]}<\/script>\n<!-- \/ Yoast SEO plugin. -->","yoast_head_json":{"title":"RDC-Grandes Lacs : un sommet extraordinaire \u00e0 Entebbe ax\u00e9 sur la s\u00e9curit\u00e9 dans l\u2019est du Congo - LES VOLCANS NEWS","robots":{"index":"index","follow":"follow","max-snippet":"max-snippet:-1","max-image-preview":"max-image-preview:large","max-video-preview":"max-video-preview:-1"},"canonical":"https:\/\/lesvolcansnews.net\/?p=71527","og_locale":"fr_FR","og_type":"article","og_title":"RDC-Grandes Lacs : un sommet extraordinaire \u00e0 Entebbe ax\u00e9 sur la s\u00e9curit\u00e9 dans l\u2019est du Congo - LES VOLCANS NEWS","og_description":"&nbsp; Des ministres et hauts responsables de la r\u00e9gion des Grands Lacs se sont r\u00e9unis dimanche \u00e0 Entebbe, en Ouganda, pour un sommet extraordinaire consacr\u00e9 \u00e0 la situation s\u00e9curitaire dans","og_url":"https:\/\/lesvolcansnews.net\/?p=71527","og_site_name":"LES VOLCANS NEWS","article_published_time":"2025-12-21T13:35:41+00:00","article_modified_time":"2025-12-21T13:36:22+00:00","og_image":[{"width":1024,"height":532,"url":"https:\/\/lesvolcansnews.net\/wp-content\/uploads\/2025\/12\/Screenshot-2025-12-21-143434-1024x532.png","type":"image\/png"}],"author":"R\u00e9daction - Les Volcans News","twitter_card":"summary_large_image","twitter_misc":{"\u00c9crit par":"R\u00e9daction - Les Volcans News","Dur\u00e9e de lecture estim\u00e9e":"2 minutes"},"schema":{"@context":"https:\/\/schema.org","@graph":[{"@type":"Article","@id":"https:\/\/lesvolcansnews.net\/?p=71527#article","isPartOf":{"@id":"https:\/\/lesvolcansnews.net\/?p=71527"},"author":{"name":"R\u00e9daction - Les Volcans News","@id":"https:\/\/lesvolcansnews.net\/#\/schema\/person\/82c8bed2e77879ecf6cca63441f57354"},"headline":"RDC-Grandes Lacs : un sommet extraordinaire \u00e0 Entebbe ax\u00e9 sur la s\u00e9curit\u00e9 dans l\u2019est du Congo","datePublished":"2025-12-21T13:35:41+00:00","dateModified":"2025-12-21T13:36:22+00:00","mainEntityOfPage":{"@id":"https:\/\/lesvolcansnews.net\/?p=71527"},"wordCount":381,"commentCount":0,"image":{"@id":"https:\/\/lesvolcansnews.net\/?p=71527#primaryimage"},"thumbnailUrl":"https:\/\/lesvolcansnews.net\/wp-content\/uploads\/2025\/12\/Screenshot-2025-12-21-143434.png","articleSection":["POLITIQUE"],"inLanguage":"fr-FR","potentialAction":[{"@type":"CommentAction","name":"Comment","target":["https:\/\/lesvolcansnews.net\/?p=71527#respond"]}]},{"@type":"WebPage","@id":"https:\/\/lesvolcansnews.net\/?p=71527","url":"https:\/\/lesvolcansnews.net\/?p=71527","name":"RDC-Grandes Lacs : un sommet extraordinaire \u00e0 Entebbe ax\u00e9 sur la s\u00e9curit\u00e9 dans l\u2019est du Congo - LES VOLCANS NEWS","isPartOf":{"@id":"https:\/\/lesvolcansnews.net\/#website"},"primaryImageOfPage":{"@id":"https:\/\/lesvolcansnews.net\/?p=71527#primaryimage"},"image":{"@id":"https:\/\/lesvolcansnews.net\/?p=71527#primaryimage"},"thumbnailUrl":"https:\/\/lesvolcansnews.net\/wp-content\/uploads\/2025\/12\/Screenshot-2025-12-21-143434.png","datePublished":"2025-12-21T13:35:41+00:00","dateModified":"2025-12-21T13:36:22+00:00","author":{"@id":"https:\/\/lesvolcansnews.net\/#\/schema\/person\/82c8bed2e77879ecf6cca63441f57354"},"breadcrumb":{"@id":"https:\/\/lesvolcansnews.net\/?p=71527#breadcrumb"},"inLanguage":"fr-FR","potentialAction":[{"@type":"ReadAction","target":["https:\/\/lesvolcansnews.net\/?p=71527"]}]},{"@type":"ImageObject","inLanguage":"fr-FR","@id":"https:\/\/lesvolcansnews.net\/?p=71527#primaryimage","url":"https:\/\/lesvolcansnews.net\/wp-content\/uploads\/2025\/12\/Screenshot-2025-12-21-143434.png","contentUrl":"https:\/\/lesvolcansnews.net\/wp-content\/uploads\/2025\/12\/Screenshot-2025-12-21-143434.png","width":2256,"height":1171},{"@type":"BreadcrumbList","@id":"https:\/\/lesvolcansnews.net\/?p=71527#breadcrumb","itemListElement":[{"@type":"ListItem","position":1,"name":"Accueil","item":"https:\/\/lesvolcansnews.net\/"},{"@type":"ListItem","position":2,"name":"RDC-Grandes Lacs : un sommet extraordinaire \u00e0 Entebbe ax\u00e9 sur la s\u00e9curit\u00e9 dans l\u2019est du Congo"}]},{"@type":"WebSite","@id":"https:\/\/lesvolcansnews.net\/#website","url":"https:\/\/lesvolcansnews.net\/","name":"LES VOLCANS NEWS","description":"L&#039;INFORMATION C&#039;EST NOUS","potentialAction":[{"@type":"SearchAction","target":{"@type":"EntryPoint","urlTemplate":"https:\/\/lesvolcansnews.net\/?s={search_term_string}"},"query-input":{"@type":"PropertyValueSpecification","valueRequired":true,"valueName":"search_term_string"}}],"inLanguage":"fr-FR"},{"@type":"Person","@id":"https:\/\/lesvolcansnews.net\/#\/schema\/person\/82c8bed2e77879ecf6cca63441f57354","name":"R\u00e9daction - Les Volcans News","image":{"@type":"ImageObject","inLanguage":"fr-FR","@id":"https:\/\/secure.gravatar.com\/avatar\/8408942dd851e8a9c09f3d382a661bc05d2b3cd9002139bc1795b9528cdc6c80?s=96&d=mm&r=g","url":"https:\/\/secure.gravatar.com\/avatar\/8408942dd851e8a9c09f3d382a661bc05d2b3cd9002139bc1795b9528cdc6c80?s=96&d=mm&r=g","contentUrl":"https:\/\/secure.gravatar.com\/avatar\/8408942dd851e8a9c09f3d382a661bc05d2b3cd9002139bc1795b9528cdc6c80?s=96&d=mm&r=g","caption":"R\u00e9daction - Les Volcans News"},"url":"https:\/\/lesvolcansnews.net\/?author=14"}]}},"_links":{"self":[{"href":"https:\/\/lesvolcansnews.net\/index.php?rest_route=\/wp\/v2\/posts\/71527","targetHints":{"allow":["GET"]}}],"collection":[{"href":"https:\/\/lesvolcansnews.net\/index.php?rest_route=\/wp\/v2\/posts"}],"about":[{"href":"https:\/\/lesvolcansnews.net\/index.php?rest_route=\/wp\/v2\/types\/post"}],"author":[{"embeddable":true,"href":"https:\/\/lesvolcansnews.net\/index.php?rest_route=\/wp\/v2\/users\/14"}],"replies":[{"embeddable":true,"href":"https:\/\/lesvolcansnews.net\/index.php?rest_route=%2Fwp%2Fv2%2Fcomments&post=71527"}],"version-history":[{"count":1,"href":"https:\/\/lesvolcansnews.net\/index.php?rest_route=\/wp\/v2\/posts\/71527\/revisions"}],"predecessor-version":[{"id":71529,"href":"https:\/\/lesvolcansnews.net\/index.php?rest_route=\/wp\/v2\/posts\/71527\/revisions\/71529"}],"wp:featuredmedia":[{"embeddable":true,"href":"https:\/\/lesvolcansnews.net\/index.php?rest_route=\/wp\/v2\/media\/71528"}],"wp:attachment":[{"href":"https:\/\/lesvolcansnews.net\/index.php?rest_route=%2Fwp%2Fv2%2Fmedia&parent=71527"}],"wp:term":[{"taxonomy":"category","embeddable":true,"href":"https:\/\/lesvolcansnews.net\/index.php?rest_route=%2Fwp%2Fv2%2Fcategories&post=71527"},{"taxonomy":"post_tag","embeddable":true,"href":"https:\/\/lesvolcansnews.net\/index.php?rest_route=%2Fwp%2Fv2%2Ftags&post=71527"}],"curies":[{"name":"wp","href":"https:\/\/api.w.org\/{rel}","templated":true}]}}