{"id":71500,"date":"2025-12-19T19:11:41","date_gmt":"2025-12-19T17:11:41","guid":{"rendered":"https:\/\/lesvolcansnews.net\/?p=71500"},"modified":"2025-12-19T19:11:41","modified_gmt":"2025-12-19T17:11:41","slug":"ituri-2-anciens-fondateurs-de-la-crp-de-retour-a-bunia-deux-mois-apres-leur-defection","status":"publish","type":"post","link":"https:\/\/lesvolcansnews.net\/?p=71500","title":{"rendered":"Ituri : 2 anciens fondateurs de la CRP de retour \u00e0 Bunia deux mois apr\u00e8s leur d\u00e9fection"},"content":{"rendered":"<p><strong>Deux mois apr\u00e8s leur d\u00e9fection de la Convention pour la R\u00e9volution Populaire CRP de Thomas Lubanga pour rejoindre le camp de la R\u00e9publique, deux anciens fondateurs de cette r\u00e9bellion sont arriv\u00e9s \u00e0 Bunia, chef-lieu de la province de l&#8217;Ituri ce vendredi 19 d\u00e9cembre 2025, en provenance de Kinshasa<\/strong>.<\/p>\n<p>Charles Kakani et David Unyertho respectivement ancien vice-pr\u00e9sident et ancien charg\u00e9 de la planification de guerre au sein de la CRP sont venus avec une \u00e9quipe du cabinet du vice-premier ministre et ministre de la d\u00e9fense. <\/p>\n<p>\u00c0 peine arriv\u00e9s, ils sont all\u00e9s pr\u00e9senter leur civilit\u00e9 \u00e0 l&#8217;autorit\u00e9 Provinciale de l&#8217;Ituri, lieutenant g\u00e9n\u00e9ral Luboya N&#8217;kashama Johnny. Abord\u00e9s par la presse, Charles Kakani et David Unyertho disent revenir apr\u00e8s avoir entendu la voix du chef de l&#8217;\u00c9tat appelant les miliciens \u00e0 quitter la brousse. <\/p>\n<p>Ici en Ituri, ils feront des sensibilisations pour la paix car ils ont compris que la r\u00e9bellion ne sert absolument \u00e0 rien, une occasion d&#8217;appeler les autres au bon sens pour l&#8217;\u00e9mergence de l&#8217;Ituri. <\/p>\n<p><strong>R\u00e9daction<\/strong><\/p>\n","protected":false},"excerpt":{"rendered":"<p>Deux mois apr\u00e8s leur d\u00e9fection de la Convention pour la R\u00e9volution Populaire CRP de Thomas Lubanga pour rejoindre le camp de la R\u00e9publique, deux anciens fondateurs de cette r\u00e9bellion sont<\/p>\n","protected":false},"author":14,"featured_media":71502,"comment_status":"open","ping_status":"open","sticky":false,"template":"","format":"standard","meta":{"footnotes":""},"categories":[1,32],"tags":[],"class_list":["post-71500","post","type-post","status-publish","format-standard","has-post-thumbnail","hentry","category-actualite","category-securite"],"yoast_head":"<!-- This site is optimized with the Yoast SEO plugin v27.5 - https:\/\/yoast.com\/product\/yoast-seo-wordpress\/ -->\n<title>Ituri : 2 anciens fondateurs de la CRP de retour \u00e0 Bunia deux mois apr\u00e8s leur d\u00e9fection - LES VOLCANS NEWS<\/title>\n<meta name=\"robots\" content=\"index, follow, max-snippet:-1, max-image-preview:large, max-video-preview:-1\" \/>\n<link rel=\"canonical\" href=\"https:\/\/lesvolcansnews.net\/?p=71500\" \/>\n<meta property=\"og:locale\" content=\"fr_FR\" \/>\n<meta property=\"og:type\" content=\"article\" \/>\n<meta property=\"og:title\" content=\"Ituri : 2 anciens fondateurs de la CRP de retour \u00e0 Bunia deux mois apr\u00e8s leur d\u00e9fection - LES VOLCANS NEWS\" \/>\n<meta property=\"og:description\" content=\"Deux mois apr\u00e8s leur d\u00e9fection de la Convention pour la R\u00e9volution Populaire CRP de Thomas Lubanga pour rejoindre le camp de la R\u00e9publique, deux anciens fondateurs de cette r\u00e9bellion sont\" \/>\n<meta property=\"og:url\" content=\"https:\/\/lesvolcansnews.net\/?p=71500\" \/>\n<meta property=\"og:site_name\" content=\"LES VOLCANS NEWS\" \/>\n<meta property=\"article:published_time\" content=\"2025-12-19T17:11:41+00:00\" \/>\n<meta property=\"og:image\" content=\"https:\/\/lesvolcansnews.net\/wp-content\/uploads\/2025\/12\/IMG-20251219-WA0361.jpg\" \/>\n\t<meta property=\"og:image:width\" content=\"1008\" \/>\n\t<meta property=\"og:image:height\" content=\"454\" \/>\n\t<meta property=\"og:image:type\" content=\"image\/jpeg\" \/>\n<meta name=\"author\" content=\"R\u00e9daction - Les Volcans News\" \/>\n<meta name=\"twitter:card\" content=\"summary_large_image\" \/>\n<meta name=\"twitter:label1\" content=\"\u00c9crit par\" \/>\n\t<meta name=\"twitter:data1\" content=\"R\u00e9daction - Les Volcans News\" \/>\n\t<meta name=\"twitter:label2\" content=\"Dur\u00e9e de lecture estim\u00e9e\" \/>\n\t<meta name=\"twitter:data2\" content=\"1 minute\" \/>\n<script type=\"application\/ld+json\" class=\"yoast-schema-graph\">{\"@context\":\"https:\\\/\\\/schema.org\",\"@graph\":[{\"@type\":\"Article\",\"@id\":\"https:\\\/\\\/lesvolcansnews.net\\\/?p=71500#article\",\"isPartOf\":{\"@id\":\"https:\\\/\\\/lesvolcansnews.net\\\/?p=71500\"},\"author\":{\"name\":\"R\u00e9daction - Les Volcans News\",\"@id\":\"https:\\\/\\\/lesvolcansnews.net\\\/#\\\/schema\\\/person\\\/82c8bed2e77879ecf6cca63441f57354\"},\"headline\":\"Ituri : 2 anciens fondateurs de la CRP de retour \u00e0 Bunia deux mois apr\u00e8s leur d\u00e9fection\",\"datePublished\":\"2025-12-19T17:11:41+00:00\",\"mainEntityOfPage\":{\"@id\":\"https:\\\/\\\/lesvolcansnews.net\\\/?p=71500\"},\"wordCount\":200,\"commentCount\":0,\"image\":{\"@id\":\"https:\\\/\\\/lesvolcansnews.net\\\/?p=71500#primaryimage\"},\"thumbnailUrl\":\"https:\\\/\\\/lesvolcansnews.net\\\/wp-content\\\/uploads\\\/2025\\\/12\\\/IMG-20251219-WA0361.jpg\",\"articleSection\":[\"ACTUALIT\u00c9\",\"S\u00c9CURIT\u00c9\"],\"inLanguage\":\"fr-FR\",\"potentialAction\":[{\"@type\":\"CommentAction\",\"name\":\"Comment\",\"target\":[\"https:\\\/\\\/lesvolcansnews.net\\\/?p=71500#respond\"]}]},{\"@type\":\"WebPage\",\"@id\":\"https:\\\/\\\/lesvolcansnews.net\\\/?p=71500\",\"url\":\"https:\\\/\\\/lesvolcansnews.net\\\/?p=71500\",\"name\":\"Ituri : 2 anciens fondateurs de la CRP de retour \u00e0 Bunia deux mois apr\u00e8s leur d\u00e9fection - LES VOLCANS NEWS\",\"isPartOf\":{\"@id\":\"https:\\\/\\\/lesvolcansnews.net\\\/#website\"},\"primaryImageOfPage\":{\"@id\":\"https:\\\/\\\/lesvolcansnews.net\\\/?p=71500#primaryimage\"},\"image\":{\"@id\":\"https:\\\/\\\/lesvolcansnews.net\\\/?p=71500#primaryimage\"},\"thumbnailUrl\":\"https:\\\/\\\/lesvolcansnews.net\\\/wp-content\\\/uploads\\\/2025\\\/12\\\/IMG-20251219-WA0361.jpg\",\"datePublished\":\"2025-12-19T17:11:41+00:00\",\"author\":{\"@id\":\"https:\\\/\\\/lesvolcansnews.net\\\/#\\\/schema\\\/person\\\/82c8bed2e77879ecf6cca63441f57354\"},\"breadcrumb\":{\"@id\":\"https:\\\/\\\/lesvolcansnews.net\\\/?p=71500#breadcrumb\"},\"inLanguage\":\"fr-FR\",\"potentialAction\":[{\"@type\":\"ReadAction\",\"target\":[\"https:\\\/\\\/lesvolcansnews.net\\\/?p=71500\"]}]},{\"@type\":\"ImageObject\",\"inLanguage\":\"fr-FR\",\"@id\":\"https:\\\/\\\/lesvolcansnews.net\\\/?p=71500#primaryimage\",\"url\":\"https:\\\/\\\/lesvolcansnews.net\\\/wp-content\\\/uploads\\\/2025\\\/12\\\/IMG-20251219-WA0361.jpg\",\"contentUrl\":\"https:\\\/\\\/lesvolcansnews.net\\\/wp-content\\\/uploads\\\/2025\\\/12\\\/IMG-20251219-WA0361.jpg\",\"width\":1008,\"height\":454},{\"@type\":\"BreadcrumbList\",\"@id\":\"https:\\\/\\\/lesvolcansnews.net\\\/?p=71500#breadcrumb\",\"itemListElement\":[{\"@type\":\"ListItem\",\"position\":1,\"name\":\"Accueil\",\"item\":\"https:\\\/\\\/lesvolcansnews.net\\\/\"},{\"@type\":\"ListItem\",\"position\":2,\"name\":\"Ituri : 2 anciens fondateurs de la CRP de retour \u00e0 Bunia deux mois apr\u00e8s leur d\u00e9fection\"}]},{\"@type\":\"WebSite\",\"@id\":\"https:\\\/\\\/lesvolcansnews.net\\\/#website\",\"url\":\"https:\\\/\\\/lesvolcansnews.net\\\/\",\"name\":\"LES VOLCANS NEWS\",\"description\":\"L&#039;INFORMATION C&#039;EST NOUS\",\"potentialAction\":[{\"@type\":\"SearchAction\",\"target\":{\"@type\":\"EntryPoint\",\"urlTemplate\":\"https:\\\/\\\/lesvolcansnews.net\\\/?s={search_term_string}\"},\"query-input\":{\"@type\":\"PropertyValueSpecification\",\"valueRequired\":true,\"valueName\":\"search_term_string\"}}],\"inLanguage\":\"fr-FR\"},{\"@type\":\"Person\",\"@id\":\"https:\\\/\\\/lesvolcansnews.net\\\/#\\\/schema\\\/person\\\/82c8bed2e77879ecf6cca63441f57354\",\"name\":\"R\u00e9daction - Les Volcans News\",\"image\":{\"@type\":\"ImageObject\",\"inLanguage\":\"fr-FR\",\"@id\":\"https:\\\/\\\/secure.gravatar.com\\\/avatar\\\/8408942dd851e8a9c09f3d382a661bc05d2b3cd9002139bc1795b9528cdc6c80?s=96&d=mm&r=g\",\"url\":\"https:\\\/\\\/secure.gravatar.com\\\/avatar\\\/8408942dd851e8a9c09f3d382a661bc05d2b3cd9002139bc1795b9528cdc6c80?s=96&d=mm&r=g\",\"contentUrl\":\"https:\\\/\\\/secure.gravatar.com\\\/avatar\\\/8408942dd851e8a9c09f3d382a661bc05d2b3cd9002139bc1795b9528cdc6c80?s=96&d=mm&r=g\",\"caption\":\"R\u00e9daction - Les Volcans News\"},\"url\":\"https:\\\/\\\/lesvolcansnews.net\\\/?author=14\"}]}<\/script>\n<!-- \/ Yoast SEO plugin. -->","yoast_head_json":{"title":"Ituri : 2 anciens fondateurs de la CRP de retour \u00e0 Bunia deux mois apr\u00e8s leur d\u00e9fection - LES VOLCANS NEWS","robots":{"index":"index","follow":"follow","max-snippet":"max-snippet:-1","max-image-preview":"max-image-preview:large","max-video-preview":"max-video-preview:-1"},"canonical":"https:\/\/lesvolcansnews.net\/?p=71500","og_locale":"fr_FR","og_type":"article","og_title":"Ituri : 2 anciens fondateurs de la CRP de retour \u00e0 Bunia deux mois apr\u00e8s leur d\u00e9fection - LES VOLCANS NEWS","og_description":"Deux mois apr\u00e8s leur d\u00e9fection de la Convention pour la R\u00e9volution Populaire CRP de Thomas Lubanga pour rejoindre le camp de la R\u00e9publique, deux anciens fondateurs de cette r\u00e9bellion sont","og_url":"https:\/\/lesvolcansnews.net\/?p=71500","og_site_name":"LES VOLCANS NEWS","article_published_time":"2025-12-19T17:11:41+00:00","og_image":[{"width":1008,"height":454,"url":"https:\/\/lesvolcansnews.net\/wp-content\/uploads\/2025\/12\/IMG-20251219-WA0361.jpg","type":"image\/jpeg"}],"author":"R\u00e9daction - Les Volcans News","twitter_card":"summary_large_image","twitter_misc":{"\u00c9crit par":"R\u00e9daction - Les Volcans News","Dur\u00e9e de lecture estim\u00e9e":"1 minute"},"schema":{"@context":"https:\/\/schema.org","@graph":[{"@type":"Article","@id":"https:\/\/lesvolcansnews.net\/?p=71500#article","isPartOf":{"@id":"https:\/\/lesvolcansnews.net\/?p=71500"},"author":{"name":"R\u00e9daction - Les Volcans News","@id":"https:\/\/lesvolcansnews.net\/#\/schema\/person\/82c8bed2e77879ecf6cca63441f57354"},"headline":"Ituri : 2 anciens fondateurs de la CRP de retour \u00e0 Bunia deux mois apr\u00e8s leur d\u00e9fection","datePublished":"2025-12-19T17:11:41+00:00","mainEntityOfPage":{"@id":"https:\/\/lesvolcansnews.net\/?p=71500"},"wordCount":200,"commentCount":0,"image":{"@id":"https:\/\/lesvolcansnews.net\/?p=71500#primaryimage"},"thumbnailUrl":"https:\/\/lesvolcansnews.net\/wp-content\/uploads\/2025\/12\/IMG-20251219-WA0361.jpg","articleSection":["ACTUALIT\u00c9","S\u00c9CURIT\u00c9"],"inLanguage":"fr-FR","potentialAction":[{"@type":"CommentAction","name":"Comment","target":["https:\/\/lesvolcansnews.net\/?p=71500#respond"]}]},{"@type":"WebPage","@id":"https:\/\/lesvolcansnews.net\/?p=71500","url":"https:\/\/lesvolcansnews.net\/?p=71500","name":"Ituri : 2 anciens fondateurs de la CRP de retour \u00e0 Bunia deux mois apr\u00e8s leur d\u00e9fection - LES VOLCANS NEWS","isPartOf":{"@id":"https:\/\/lesvolcansnews.net\/#website"},"primaryImageOfPage":{"@id":"https:\/\/lesvolcansnews.net\/?p=71500#primaryimage"},"image":{"@id":"https:\/\/lesvolcansnews.net\/?p=71500#primaryimage"},"thumbnailUrl":"https:\/\/lesvolcansnews.net\/wp-content\/uploads\/2025\/12\/IMG-20251219-WA0361.jpg","datePublished":"2025-12-19T17:11:41+00:00","author":{"@id":"https:\/\/lesvolcansnews.net\/#\/schema\/person\/82c8bed2e77879ecf6cca63441f57354"},"breadcrumb":{"@id":"https:\/\/lesvolcansnews.net\/?p=71500#breadcrumb"},"inLanguage":"fr-FR","potentialAction":[{"@type":"ReadAction","target":["https:\/\/lesvolcansnews.net\/?p=71500"]}]},{"@type":"ImageObject","inLanguage":"fr-FR","@id":"https:\/\/lesvolcansnews.net\/?p=71500#primaryimage","url":"https:\/\/lesvolcansnews.net\/wp-content\/uploads\/2025\/12\/IMG-20251219-WA0361.jpg","contentUrl":"https:\/\/lesvolcansnews.net\/wp-content\/uploads\/2025\/12\/IMG-20251219-WA0361.jpg","width":1008,"height":454},{"@type":"BreadcrumbList","@id":"https:\/\/lesvolcansnews.net\/?p=71500#breadcrumb","itemListElement":[{"@type":"ListItem","position":1,"name":"Accueil","item":"https:\/\/lesvolcansnews.net\/"},{"@type":"ListItem","position":2,"name":"Ituri : 2 anciens fondateurs de la CRP de retour \u00e0 Bunia deux mois apr\u00e8s leur d\u00e9fection"}]},{"@type":"WebSite","@id":"https:\/\/lesvolcansnews.net\/#website","url":"https:\/\/lesvolcansnews.net\/","name":"LES VOLCANS NEWS","description":"L&#039;INFORMATION C&#039;EST NOUS","potentialAction":[{"@type":"SearchAction","target":{"@type":"EntryPoint","urlTemplate":"https:\/\/lesvolcansnews.net\/?s={search_term_string}"},"query-input":{"@type":"PropertyValueSpecification","valueRequired":true,"valueName":"search_term_string"}}],"inLanguage":"fr-FR"},{"@type":"Person","@id":"https:\/\/lesvolcansnews.net\/#\/schema\/person\/82c8bed2e77879ecf6cca63441f57354","name":"R\u00e9daction - Les Volcans News","image":{"@type":"ImageObject","inLanguage":"fr-FR","@id":"https:\/\/secure.gravatar.com\/avatar\/8408942dd851e8a9c09f3d382a661bc05d2b3cd9002139bc1795b9528cdc6c80?s=96&d=mm&r=g","url":"https:\/\/secure.gravatar.com\/avatar\/8408942dd851e8a9c09f3d382a661bc05d2b3cd9002139bc1795b9528cdc6c80?s=96&d=mm&r=g","contentUrl":"https:\/\/secure.gravatar.com\/avatar\/8408942dd851e8a9c09f3d382a661bc05d2b3cd9002139bc1795b9528cdc6c80?s=96&d=mm&r=g","caption":"R\u00e9daction - Les Volcans News"},"url":"https:\/\/lesvolcansnews.net\/?author=14"}]}},"_links":{"self":[{"href":"https:\/\/lesvolcansnews.net\/index.php?rest_route=\/wp\/v2\/posts\/71500","targetHints":{"allow":["GET"]}}],"collection":[{"href":"https:\/\/lesvolcansnews.net\/index.php?rest_route=\/wp\/v2\/posts"}],"about":[{"href":"https:\/\/lesvolcansnews.net\/index.php?rest_route=\/wp\/v2\/types\/post"}],"author":[{"embeddable":true,"href":"https:\/\/lesvolcansnews.net\/index.php?rest_route=\/wp\/v2\/users\/14"}],"replies":[{"embeddable":true,"href":"https:\/\/lesvolcansnews.net\/index.php?rest_route=%2Fwp%2Fv2%2Fcomments&post=71500"}],"version-history":[{"count":1,"href":"https:\/\/lesvolcansnews.net\/index.php?rest_route=\/wp\/v2\/posts\/71500\/revisions"}],"predecessor-version":[{"id":71501,"href":"https:\/\/lesvolcansnews.net\/index.php?rest_route=\/wp\/v2\/posts\/71500\/revisions\/71501"}],"wp:featuredmedia":[{"embeddable":true,"href":"https:\/\/lesvolcansnews.net\/index.php?rest_route=\/wp\/v2\/media\/71502"}],"wp:attachment":[{"href":"https:\/\/lesvolcansnews.net\/index.php?rest_route=%2Fwp%2Fv2%2Fmedia&parent=71500"}],"wp:term":[{"taxonomy":"category","embeddable":true,"href":"https:\/\/lesvolcansnews.net\/index.php?rest_route=%2Fwp%2Fv2%2Fcategories&post=71500"},{"taxonomy":"post_tag","embeddable":true,"href":"https:\/\/lesvolcansnews.net\/index.php?rest_route=%2Fwp%2Fv2%2Ftags&post=71500"}],"curies":[{"name":"wp","href":"https:\/\/api.w.org\/{rel}","templated":true}]}}