{"id":71497,"date":"2025-12-19T19:09:54","date_gmt":"2025-12-19T17:09:54","guid":{"rendered":"https:\/\/lesvolcansnews.net\/?p=71497"},"modified":"2025-12-19T19:09:54","modified_gmt":"2025-12-19T17:09:54","slug":"louis-watum-auditionne-a-lassemblee-nationale-suite-a-la-presence-des-militaires-dans-des-sites-miniers","status":"publish","type":"post","link":"https:\/\/lesvolcansnews.net\/?p=71497","title":{"rendered":"Louis Watum auditionn\u00e9 \u00e0 l&#8217;Assembl\u00e9e Nationale suite \u00e0 la pr\u00e9sence des militaires dans des sites miniers"},"content":{"rendered":"<p><strong>Une s\u00e9rie d&#8217;auditions de certains membres du gouvernement Suminwa a \u00e9t\u00e9 organis\u00e9e ce jeudi 18 d\u00e9cembre 2025, par la Commission permanente D\u00e9fense et S\u00e9curit\u00e9 de l&#8217;Assembl\u00e9e Nationale de la RDC<\/strong> <\/p>\n<p>Parmi ceux qui ont \u00e9t\u00e9 convi\u00e9s \u00e0 r\u00e9pondre sur des questions sp\u00e9cifiques li\u00e9es \u00e0 leur secteur, soulev\u00e9es par les Honorables D\u00e9put\u00e9s nationaux lors de la pl\u00e9ni\u00e8re, figure le Ministre des Mines sur la question relative \u00e0 la s\u00e9curit\u00e9 des sites miniers \u00e0 travers le pays, \u00e9tant donn\u00e9 que l&#8217;ins\u00e9curit\u00e9, selon les \u00e9lus nationaux, est d\u00fbe g\u00e9n\u00e9ralement par l&#8217;exploitation ill\u00e9gale des minerais. <\/p>\n<p>Face aux questions pertinentes soulev\u00e9es par les \u00e9lus du peuple, notamment sur la pr\u00e9sence des militaires dans les sites miniers, Louis Watum Kabamba a sollicit\u00e9 un report de 48 heures afin de bien  pr\u00e9parer les \u00e9l\u00e9ments des r\u00e9ponses. <\/p>\n<p>Face au regain des violences qui s\u00e9vit dans la partie orientale de la R\u00e9publique D\u00e9mocratique du Congo, plus particuli\u00e8rement, dans les provinces du Nord-Kivu et Sud-Kivu o\u00f9 des massacres sont perp\u00e9tr\u00e9es par l&#8217;arm\u00e9e rwandaise avec ses suppl\u00e9tifs de l&#8217;AFC\/M23, les D\u00e9put\u00e9s nationaux ont voulu s&#8217;assurer sur la r\u00e9gularit\u00e9 de paiement de la prime sp\u00e9ciale des militaires.  <\/p>\n<p>C&#8217;est dans ce cadre qu&#8217;ils ont invit\u00e9 le Ministre des Finances Doudou Fwamba Likunde pour  l&#8217;auditionner.<\/p>\n<p>A en croire le premier Vice-pr\u00e9sident de la dite Commission, l\u2019Honorable Carly Nzanzu, le Ministre a r\u00e9pondu \u00e0 toutes les pr\u00e9occupations soulev\u00e9es par les \u00e9lus du peuple lors de cette audition qui s&#8217;est d\u00e9roul\u00e9e \u00e0 huit clos.<\/p>\n<p>Les conclusions de ce rapport sont r\u00e9serv\u00e9es \u00e0 la pleniere conform\u00e9ment au R\u00e8glement Int\u00e9rieur  qui r\u00e9git l&#8217;Assembl\u00e9e Nationale.<\/p>\n<p>Les D\u00e9put\u00e9s nationaux, Membres de la Commission D\u00e9fense et S\u00e9curit\u00e9, n&#8217;ont pas de repos pendant cette p\u00e9riode des vacances parlementaires, ils comptent poursuivre avec d&#8217;autres auditions  ce samedi avec le Vice-Premier Ministre Ministre de la Fonction Publique, Jean Pierre Lihau.<\/p>\n<p><strong>La r\u00e9daction<\/strong><\/p>\n","protected":false},"excerpt":{"rendered":"<p>Une s\u00e9rie d&#8217;auditions de certains membres du gouvernement Suminwa a \u00e9t\u00e9 organis\u00e9e ce jeudi 18 d\u00e9cembre 2025, par la Commission permanente D\u00e9fense et S\u00e9curit\u00e9 de l&#8217;Assembl\u00e9e Nationale de la RDC<\/p>\n","protected":false},"author":14,"featured_media":71498,"comment_status":"open","ping_status":"open","sticky":false,"template":"","format":"standard","meta":{"footnotes":""},"categories":[63],"tags":[],"class_list":["post-71497","post","type-post","status-publish","format-standard","has-post-thumbnail","hentry","category-mines"],"yoast_head":"<!-- This site is optimized with the Yoast SEO plugin v27.5 - https:\/\/yoast.com\/product\/yoast-seo-wordpress\/ -->\n<title>Louis Watum auditionn\u00e9 \u00e0 l&#039;Assembl\u00e9e Nationale suite \u00e0 la pr\u00e9sence des militaires dans des sites miniers - LES VOLCANS NEWS<\/title>\n<meta name=\"robots\" content=\"index, follow, max-snippet:-1, max-image-preview:large, max-video-preview:-1\" \/>\n<link rel=\"canonical\" href=\"https:\/\/lesvolcansnews.net\/?p=71497\" \/>\n<meta property=\"og:locale\" content=\"fr_FR\" \/>\n<meta property=\"og:type\" content=\"article\" \/>\n<meta property=\"og:title\" content=\"Louis Watum auditionn\u00e9 \u00e0 l&#039;Assembl\u00e9e Nationale suite \u00e0 la pr\u00e9sence des militaires dans des sites miniers - LES VOLCANS NEWS\" \/>\n<meta property=\"og:description\" content=\"Une s\u00e9rie d&#8217;auditions de certains membres du gouvernement Suminwa a \u00e9t\u00e9 organis\u00e9e ce jeudi 18 d\u00e9cembre 2025, par la Commission permanente D\u00e9fense et S\u00e9curit\u00e9 de l&#8217;Assembl\u00e9e Nationale de la RDC\" \/>\n<meta property=\"og:url\" content=\"https:\/\/lesvolcansnews.net\/?p=71497\" \/>\n<meta property=\"og:site_name\" content=\"LES VOLCANS NEWS\" \/>\n<meta property=\"article:published_time\" content=\"2025-12-19T17:09:54+00:00\" \/>\n<meta property=\"og:image\" content=\"https:\/\/i0.wp.com\/lesvolcansnews.net\/wp-content\/uploads\/2025\/12\/IMG-20251219-WA0351.jpg?fit=1080%2C720&ssl=1\" \/>\n\t<meta property=\"og:image:width\" content=\"1080\" \/>\n\t<meta property=\"og:image:height\" content=\"720\" \/>\n\t<meta property=\"og:image:type\" content=\"image\/jpeg\" \/>\n<meta name=\"author\" content=\"R\u00e9daction - Les Volcans News\" \/>\n<meta name=\"twitter:card\" content=\"summary_large_image\" \/>\n<meta name=\"twitter:label1\" content=\"\u00c9crit par\" \/>\n\t<meta name=\"twitter:data1\" content=\"R\u00e9daction - Les Volcans News\" \/>\n\t<meta name=\"twitter:label2\" content=\"Dur\u00e9e de lecture estim\u00e9e\" \/>\n\t<meta name=\"twitter:data2\" content=\"2 minutes\" \/>\n<script type=\"application\/ld+json\" class=\"yoast-schema-graph\">{\"@context\":\"https:\\\/\\\/schema.org\",\"@graph\":[{\"@type\":\"Article\",\"@id\":\"https:\\\/\\\/lesvolcansnews.net\\\/?p=71497#article\",\"isPartOf\":{\"@id\":\"https:\\\/\\\/lesvolcansnews.net\\\/?p=71497\"},\"author\":{\"name\":\"R\u00e9daction - Les Volcans News\",\"@id\":\"https:\\\/\\\/lesvolcansnews.net\\\/#\\\/schema\\\/person\\\/82c8bed2e77879ecf6cca63441f57354\"},\"headline\":\"Louis Watum auditionn\u00e9 \u00e0 l&#8217;Assembl\u00e9e Nationale suite \u00e0 la pr\u00e9sence des militaires dans des sites miniers\",\"datePublished\":\"2025-12-19T17:09:54+00:00\",\"mainEntityOfPage\":{\"@id\":\"https:\\\/\\\/lesvolcansnews.net\\\/?p=71497\"},\"wordCount\":378,\"commentCount\":0,\"image\":{\"@id\":\"https:\\\/\\\/lesvolcansnews.net\\\/?p=71497#primaryimage\"},\"thumbnailUrl\":\"https:\\\/\\\/lesvolcansnews.net\\\/wp-content\\\/uploads\\\/2025\\\/12\\\/IMG-20251219-WA0351.jpg\",\"articleSection\":[\"MINES\"],\"inLanguage\":\"fr-FR\",\"potentialAction\":[{\"@type\":\"CommentAction\",\"name\":\"Comment\",\"target\":[\"https:\\\/\\\/lesvolcansnews.net\\\/?p=71497#respond\"]}]},{\"@type\":\"WebPage\",\"@id\":\"https:\\\/\\\/lesvolcansnews.net\\\/?p=71497\",\"url\":\"https:\\\/\\\/lesvolcansnews.net\\\/?p=71497\",\"name\":\"Louis Watum auditionn\u00e9 \u00e0 l'Assembl\u00e9e Nationale suite \u00e0 la pr\u00e9sence des militaires dans des sites miniers - LES VOLCANS NEWS\",\"isPartOf\":{\"@id\":\"https:\\\/\\\/lesvolcansnews.net\\\/#website\"},\"primaryImageOfPage\":{\"@id\":\"https:\\\/\\\/lesvolcansnews.net\\\/?p=71497#primaryimage\"},\"image\":{\"@id\":\"https:\\\/\\\/lesvolcansnews.net\\\/?p=71497#primaryimage\"},\"thumbnailUrl\":\"https:\\\/\\\/lesvolcansnews.net\\\/wp-content\\\/uploads\\\/2025\\\/12\\\/IMG-20251219-WA0351.jpg\",\"datePublished\":\"2025-12-19T17:09:54+00:00\",\"author\":{\"@id\":\"https:\\\/\\\/lesvolcansnews.net\\\/#\\\/schema\\\/person\\\/82c8bed2e77879ecf6cca63441f57354\"},\"breadcrumb\":{\"@id\":\"https:\\\/\\\/lesvolcansnews.net\\\/?p=71497#breadcrumb\"},\"inLanguage\":\"fr-FR\",\"potentialAction\":[{\"@type\":\"ReadAction\",\"target\":[\"https:\\\/\\\/lesvolcansnews.net\\\/?p=71497\"]}]},{\"@type\":\"ImageObject\",\"inLanguage\":\"fr-FR\",\"@id\":\"https:\\\/\\\/lesvolcansnews.net\\\/?p=71497#primaryimage\",\"url\":\"https:\\\/\\\/lesvolcansnews.net\\\/wp-content\\\/uploads\\\/2025\\\/12\\\/IMG-20251219-WA0351.jpg\",\"contentUrl\":\"https:\\\/\\\/lesvolcansnews.net\\\/wp-content\\\/uploads\\\/2025\\\/12\\\/IMG-20251219-WA0351.jpg\",\"width\":1080,\"height\":720},{\"@type\":\"BreadcrumbList\",\"@id\":\"https:\\\/\\\/lesvolcansnews.net\\\/?p=71497#breadcrumb\",\"itemListElement\":[{\"@type\":\"ListItem\",\"position\":1,\"name\":\"Accueil\",\"item\":\"https:\\\/\\\/lesvolcansnews.net\\\/\"},{\"@type\":\"ListItem\",\"position\":2,\"name\":\"Louis Watum auditionn\u00e9 \u00e0 l&#8217;Assembl\u00e9e Nationale suite \u00e0 la pr\u00e9sence des militaires dans des sites miniers\"}]},{\"@type\":\"WebSite\",\"@id\":\"https:\\\/\\\/lesvolcansnews.net\\\/#website\",\"url\":\"https:\\\/\\\/lesvolcansnews.net\\\/\",\"name\":\"LES VOLCANS NEWS\",\"description\":\"L&#039;INFORMATION C&#039;EST NOUS\",\"potentialAction\":[{\"@type\":\"SearchAction\",\"target\":{\"@type\":\"EntryPoint\",\"urlTemplate\":\"https:\\\/\\\/lesvolcansnews.net\\\/?s={search_term_string}\"},\"query-input\":{\"@type\":\"PropertyValueSpecification\",\"valueRequired\":true,\"valueName\":\"search_term_string\"}}],\"inLanguage\":\"fr-FR\"},{\"@type\":\"Person\",\"@id\":\"https:\\\/\\\/lesvolcansnews.net\\\/#\\\/schema\\\/person\\\/82c8bed2e77879ecf6cca63441f57354\",\"name\":\"R\u00e9daction - Les Volcans News\",\"image\":{\"@type\":\"ImageObject\",\"inLanguage\":\"fr-FR\",\"@id\":\"https:\\\/\\\/secure.gravatar.com\\\/avatar\\\/8408942dd851e8a9c09f3d382a661bc05d2b3cd9002139bc1795b9528cdc6c80?s=96&d=mm&r=g\",\"url\":\"https:\\\/\\\/secure.gravatar.com\\\/avatar\\\/8408942dd851e8a9c09f3d382a661bc05d2b3cd9002139bc1795b9528cdc6c80?s=96&d=mm&r=g\",\"contentUrl\":\"https:\\\/\\\/secure.gravatar.com\\\/avatar\\\/8408942dd851e8a9c09f3d382a661bc05d2b3cd9002139bc1795b9528cdc6c80?s=96&d=mm&r=g\",\"caption\":\"R\u00e9daction - Les Volcans News\"},\"url\":\"https:\\\/\\\/lesvolcansnews.net\\\/?author=14\"}]}<\/script>\n<!-- \/ Yoast SEO plugin. -->","yoast_head_json":{"title":"Louis Watum auditionn\u00e9 \u00e0 l'Assembl\u00e9e Nationale suite \u00e0 la pr\u00e9sence des militaires dans des sites miniers - LES VOLCANS NEWS","robots":{"index":"index","follow":"follow","max-snippet":"max-snippet:-1","max-image-preview":"max-image-preview:large","max-video-preview":"max-video-preview:-1"},"canonical":"https:\/\/lesvolcansnews.net\/?p=71497","og_locale":"fr_FR","og_type":"article","og_title":"Louis Watum auditionn\u00e9 \u00e0 l'Assembl\u00e9e Nationale suite \u00e0 la pr\u00e9sence des militaires dans des sites miniers - LES VOLCANS NEWS","og_description":"Une s\u00e9rie d&#8217;auditions de certains membres du gouvernement Suminwa a \u00e9t\u00e9 organis\u00e9e ce jeudi 18 d\u00e9cembre 2025, par la Commission permanente D\u00e9fense et S\u00e9curit\u00e9 de l&#8217;Assembl\u00e9e Nationale de la RDC","og_url":"https:\/\/lesvolcansnews.net\/?p=71497","og_site_name":"LES VOLCANS NEWS","article_published_time":"2025-12-19T17:09:54+00:00","og_image":[{"width":1080,"height":720,"url":"https:\/\/i0.wp.com\/lesvolcansnews.net\/wp-content\/uploads\/2025\/12\/IMG-20251219-WA0351.jpg?fit=1080%2C720&ssl=1","type":"image\/jpeg"}],"author":"R\u00e9daction - Les Volcans News","twitter_card":"summary_large_image","twitter_misc":{"\u00c9crit par":"R\u00e9daction - Les Volcans News","Dur\u00e9e de lecture estim\u00e9e":"2 minutes"},"schema":{"@context":"https:\/\/schema.org","@graph":[{"@type":"Article","@id":"https:\/\/lesvolcansnews.net\/?p=71497#article","isPartOf":{"@id":"https:\/\/lesvolcansnews.net\/?p=71497"},"author":{"name":"R\u00e9daction - Les Volcans News","@id":"https:\/\/lesvolcansnews.net\/#\/schema\/person\/82c8bed2e77879ecf6cca63441f57354"},"headline":"Louis Watum auditionn\u00e9 \u00e0 l&#8217;Assembl\u00e9e Nationale suite \u00e0 la pr\u00e9sence des militaires dans des sites miniers","datePublished":"2025-12-19T17:09:54+00:00","mainEntityOfPage":{"@id":"https:\/\/lesvolcansnews.net\/?p=71497"},"wordCount":378,"commentCount":0,"image":{"@id":"https:\/\/lesvolcansnews.net\/?p=71497#primaryimage"},"thumbnailUrl":"https:\/\/lesvolcansnews.net\/wp-content\/uploads\/2025\/12\/IMG-20251219-WA0351.jpg","articleSection":["MINES"],"inLanguage":"fr-FR","potentialAction":[{"@type":"CommentAction","name":"Comment","target":["https:\/\/lesvolcansnews.net\/?p=71497#respond"]}]},{"@type":"WebPage","@id":"https:\/\/lesvolcansnews.net\/?p=71497","url":"https:\/\/lesvolcansnews.net\/?p=71497","name":"Louis Watum auditionn\u00e9 \u00e0 l'Assembl\u00e9e Nationale suite \u00e0 la pr\u00e9sence des militaires dans des sites miniers - LES VOLCANS NEWS","isPartOf":{"@id":"https:\/\/lesvolcansnews.net\/#website"},"primaryImageOfPage":{"@id":"https:\/\/lesvolcansnews.net\/?p=71497#primaryimage"},"image":{"@id":"https:\/\/lesvolcansnews.net\/?p=71497#primaryimage"},"thumbnailUrl":"https:\/\/lesvolcansnews.net\/wp-content\/uploads\/2025\/12\/IMG-20251219-WA0351.jpg","datePublished":"2025-12-19T17:09:54+00:00","author":{"@id":"https:\/\/lesvolcansnews.net\/#\/schema\/person\/82c8bed2e77879ecf6cca63441f57354"},"breadcrumb":{"@id":"https:\/\/lesvolcansnews.net\/?p=71497#breadcrumb"},"inLanguage":"fr-FR","potentialAction":[{"@type":"ReadAction","target":["https:\/\/lesvolcansnews.net\/?p=71497"]}]},{"@type":"ImageObject","inLanguage":"fr-FR","@id":"https:\/\/lesvolcansnews.net\/?p=71497#primaryimage","url":"https:\/\/lesvolcansnews.net\/wp-content\/uploads\/2025\/12\/IMG-20251219-WA0351.jpg","contentUrl":"https:\/\/lesvolcansnews.net\/wp-content\/uploads\/2025\/12\/IMG-20251219-WA0351.jpg","width":1080,"height":720},{"@type":"BreadcrumbList","@id":"https:\/\/lesvolcansnews.net\/?p=71497#breadcrumb","itemListElement":[{"@type":"ListItem","position":1,"name":"Accueil","item":"https:\/\/lesvolcansnews.net\/"},{"@type":"ListItem","position":2,"name":"Louis Watum auditionn\u00e9 \u00e0 l&#8217;Assembl\u00e9e Nationale suite \u00e0 la pr\u00e9sence des militaires dans des sites miniers"}]},{"@type":"WebSite","@id":"https:\/\/lesvolcansnews.net\/#website","url":"https:\/\/lesvolcansnews.net\/","name":"LES VOLCANS NEWS","description":"L&#039;INFORMATION C&#039;EST NOUS","potentialAction":[{"@type":"SearchAction","target":{"@type":"EntryPoint","urlTemplate":"https:\/\/lesvolcansnews.net\/?s={search_term_string}"},"query-input":{"@type":"PropertyValueSpecification","valueRequired":true,"valueName":"search_term_string"}}],"inLanguage":"fr-FR"},{"@type":"Person","@id":"https:\/\/lesvolcansnews.net\/#\/schema\/person\/82c8bed2e77879ecf6cca63441f57354","name":"R\u00e9daction - Les Volcans News","image":{"@type":"ImageObject","inLanguage":"fr-FR","@id":"https:\/\/secure.gravatar.com\/avatar\/8408942dd851e8a9c09f3d382a661bc05d2b3cd9002139bc1795b9528cdc6c80?s=96&d=mm&r=g","url":"https:\/\/secure.gravatar.com\/avatar\/8408942dd851e8a9c09f3d382a661bc05d2b3cd9002139bc1795b9528cdc6c80?s=96&d=mm&r=g","contentUrl":"https:\/\/secure.gravatar.com\/avatar\/8408942dd851e8a9c09f3d382a661bc05d2b3cd9002139bc1795b9528cdc6c80?s=96&d=mm&r=g","caption":"R\u00e9daction - Les Volcans News"},"url":"https:\/\/lesvolcansnews.net\/?author=14"}]}},"_links":{"self":[{"href":"https:\/\/lesvolcansnews.net\/index.php?rest_route=\/wp\/v2\/posts\/71497","targetHints":{"allow":["GET"]}}],"collection":[{"href":"https:\/\/lesvolcansnews.net\/index.php?rest_route=\/wp\/v2\/posts"}],"about":[{"href":"https:\/\/lesvolcansnews.net\/index.php?rest_route=\/wp\/v2\/types\/post"}],"author":[{"embeddable":true,"href":"https:\/\/lesvolcansnews.net\/index.php?rest_route=\/wp\/v2\/users\/14"}],"replies":[{"embeddable":true,"href":"https:\/\/lesvolcansnews.net\/index.php?rest_route=%2Fwp%2Fv2%2Fcomments&post=71497"}],"version-history":[{"count":1,"href":"https:\/\/lesvolcansnews.net\/index.php?rest_route=\/wp\/v2\/posts\/71497\/revisions"}],"predecessor-version":[{"id":71499,"href":"https:\/\/lesvolcansnews.net\/index.php?rest_route=\/wp\/v2\/posts\/71497\/revisions\/71499"}],"wp:featuredmedia":[{"embeddable":true,"href":"https:\/\/lesvolcansnews.net\/index.php?rest_route=\/wp\/v2\/media\/71498"}],"wp:attachment":[{"href":"https:\/\/lesvolcansnews.net\/index.php?rest_route=%2Fwp%2Fv2%2Fmedia&parent=71497"}],"wp:term":[{"taxonomy":"category","embeddable":true,"href":"https:\/\/lesvolcansnews.net\/index.php?rest_route=%2Fwp%2Fv2%2Fcategories&post=71497"},{"taxonomy":"post_tag","embeddable":true,"href":"https:\/\/lesvolcansnews.net\/index.php?rest_route=%2Fwp%2Fv2%2Ftags&post=71497"}],"curies":[{"name":"wp","href":"https:\/\/api.w.org\/{rel}","templated":true}]}}