{"id":71318,"date":"2025-12-12T11:04:57","date_gmt":"2025-12-12T09:04:57","guid":{"rendered":"https:\/\/lesvolcansnews.net\/?p=71318"},"modified":"2025-12-12T11:04:57","modified_gmt":"2025-12-12T09:04:57","slug":"accord-de-washington-limperialisme-la-remporte-sur-le-panafricanisme-upla","status":"publish","type":"post","link":"https:\/\/lesvolcansnews.net\/?p=71318","title":{"rendered":"Accord de Washington : l&#8217;imp\u00e9rialisme l&#8217;a remport\u00e9 sur le panafricanisme (UPLA)"},"content":{"rendered":"<p><strong>L&#8217;organisation des droits de l&#8217;homme, l&#8217;UPELA, Union pour le progr\u00e8s et lutte contre les anti valeurs, attribue l&#8217;accord de Washington sign\u00e9 le 4 decembre dernier entre le Rwanda et la RDC sous l&#8217;\u00e9gide de Donald Trump, \u00e0 l&#8217;\u00e9chec des Africains \u00e0 r\u00e9soudre leurs probl\u00e8mes entre eux sans recourir aux occidentaux.<\/strong><\/p>\n<p>Dans une interview accord\u00e9e \u00e0 les volcans news ce vendredi 12 d\u00e9cembre, cette organisation trouve que l&#8217;imp\u00e9rialisme a encore eu le d\u00e9\u00e7u sur le &#8220;panafricanisme&#8221; tant pr\u00f4n\u00e9 par plusieurs leaders africains et d\u00e9plore cette attitude que ces derniers continuent d&#8217;afficher. <\/p>\n<p>A en croire EMMANUEL NYAKASANE, son coordonn\u00e9es, le Processus de Washington non seulement n&#8217;a pas tenu compte de l&#8217;avis de la population, victime directe de la guerre, mais aussi montr\u00e9 que l&#8217;Afrique reste sous une colonisation voil\u00e9e. Celui ci interpelle les dirigeants africains qu&#8217;il appelle \u00e0 se r\u00e9veiller et \u00e0 r\u00e9soudre par eux m\u00eames, leurs probl\u00e8mes. <\/p>\n<p>&#8220;Avec cela, l&#8217;Afrique restera tout le temps, sous une colonisation voil\u00e9e. Et c&#8217;est parce que nous nous m\u00e9prisons et qu&#8217;il y&#8217;a m\u00e9fiance entre nous mais malheureusement les gens laissent les choses pass\u00e9es, laissent les gens mourir et on se pose la question de savoir si ils sont entrain de voir avec les m\u00eames yeux, tout ce qui se passe. Les congolais sont \u00e0 m\u00eame ce dossier sans aller au Qatar ou en Am\u00e9rique. L\u00e0-bas on voit qu&#8217;on signe les choses \u00e0 cette heure mais quelques heures apr\u00e8s, lorsqu&#8217;on tient les discours, ils ne riment pas avec ce qui a \u00e9t\u00e9 sign\u00e9, on trouve que c&#8217;est vraiment une pire farce. Je dois vous dire que ce n&#8217;est que le Dialogue entre congolais qui doit mettre fin \u00e0 cette guerre&#8221; estime-t-il <\/p>\n<p>Pour rappel, l&#8217;accord de paix de Washington sign\u00e9 entre le Pr\u00e9sident congolais  F\u00e9lix Tshisekedi et rwandais Paul Kagame, s\u2019appuie sur la D\u00e9claration de principes sign\u00e9e le 25 avril 2025, comprend des dispositions sur :<\/p>\n<p>1. Le respect de l&#8217;int\u00e9grit\u00e9 territoriale<br \/>\nLes deux pays s\u2019engagent \u00e0 respecter mutuellement leur int\u00e9grit\u00e9 territoriale et \u00e0 s\u2019abstenir de tout acte d\u2019agression ou de soutien \u00e0 des groupes arm\u00e9s. Ils conviennent de cesser toute hostilit\u00e9, y compris en s&#8217;abstenant de soutenir ou tol\u00e9rer des incursions ou actes mena\u00e7ant la paix, la souverainet\u00e9 ou l&#8217;int\u00e9grit\u00e9 territoriale de l\u2019autre.<\/p>\n<p>2. Le d\u00e9sengagement, le d\u00e9sarmement<br \/>\nD\u2019un c\u00f4t\u00e9, la RDC s\u2019engage \u00e0 neutraliser compl\u00e8tement les Forces d\u00e9mocratiques pour la lib\u00e9ration du Rwanda (FDLR). De l\u2019autre, le Rwanda se doit de retirer ses militaires du territoire congolais.<\/p>\n<p>3. Un m\u00e9canisme conjoint de coordination s\u00e9curitaire<br \/>\nLes deux parties se conviennent de mettre en place un m\u00e9canisme conjoint de coordination de la s\u00e9curit\u00e9 pour assurer la surveillance et la mise en \u0153uvre de ces engagements.<\/p>\n<p>4. Le retour des r\u00e9fugi\u00e9s et des personnes d\u00e9plac\u00e9es \u00e0 l&#8217;int\u00e9rieur du pays<br \/>\nLa RDC et le Rwanda faciliteront le retour volontaire et s\u00e9curis\u00e9 des r\u00e9fugi\u00e9s. Ils devront \u00e9galement garantir l\u2019acheminement de l\u2019aide humanitaire aux populations vuln\u00e9rables.<\/p>\n<p>5. Un cadre d&#8217;int\u00e9gration \u00e9conomique r\u00e9gionale<br \/>\nAux termes de cet accord, un cadre d\u2019int\u00e9gration \u00e9conomique r\u00e9gionale sera lanc\u00e9 dans les trois mois, visant \u00e0 d\u00e9velopper le commerce, les investissements et la transparence dans l\u2019exploitation des ressources naturelles.<\/p>\n<p>Victoire Muliwavyo<\/p>\n","protected":false},"excerpt":{"rendered":"<p>L&#8217;organisation des droits de l&#8217;homme, l&#8217;UPELA, Union pour le progr\u00e8s et lutte contre les anti valeurs, attribue l&#8217;accord de Washington sign\u00e9 le 4 decembre dernier entre le Rwanda et la<\/p>\n","protected":false},"author":14,"featured_media":71319,"comment_status":"open","ping_status":"open","sticky":false,"template":"","format":"standard","meta":{"footnotes":""},"categories":[32],"tags":[],"class_list":["post-71318","post","type-post","status-publish","format-standard","has-post-thumbnail","hentry","category-securite"],"yoast_head":"<!-- This site is optimized with the Yoast SEO plugin v27.3 - https:\/\/yoast.com\/product\/yoast-seo-wordpress\/ -->\n<title>Accord de Washington : l&#039;imp\u00e9rialisme l&#039;a remport\u00e9 sur le panafricanisme (UPLA) - LES VOLCANS NEWS<\/title>\n<meta name=\"robots\" content=\"index, follow, max-snippet:-1, max-image-preview:large, max-video-preview:-1\" \/>\n<link rel=\"canonical\" href=\"https:\/\/lesvolcansnews.net\/?p=71318\" \/>\n<meta property=\"og:locale\" content=\"fr_FR\" \/>\n<meta property=\"og:type\" content=\"article\" \/>\n<meta property=\"og:title\" content=\"Accord de Washington : l&#039;imp\u00e9rialisme l&#039;a remport\u00e9 sur le panafricanisme (UPLA) - LES VOLCANS NEWS\" \/>\n<meta property=\"og:description\" content=\"L&#8217;organisation des droits de l&#8217;homme, l&#8217;UPELA, Union pour le progr\u00e8s et lutte contre les anti valeurs, attribue l&#8217;accord de Washington sign\u00e9 le 4 decembre dernier entre le Rwanda et la\" \/>\n<meta property=\"og:url\" content=\"https:\/\/lesvolcansnews.net\/?p=71318\" \/>\n<meta property=\"og:site_name\" content=\"LES VOLCANS NEWS\" \/>\n<meta property=\"article:published_time\" content=\"2025-12-12T09:04:57+00:00\" \/>\n<meta property=\"og:image\" content=\"https:\/\/lesvolcansnews.net\/wp-content\/uploads\/2025\/12\/IMG-20251212-WA0052.jpg\" \/>\n\t<meta property=\"og:image:width\" content=\"800\" \/>\n\t<meta property=\"og:image:height\" content=\"600\" \/>\n\t<meta property=\"og:image:type\" content=\"image\/jpeg\" \/>\n<meta name=\"author\" content=\"R\u00e9daction - Les Volcans News\" \/>\n<meta name=\"twitter:card\" content=\"summary_large_image\" \/>\n<meta name=\"twitter:label1\" content=\"\u00c9crit par\" \/>\n\t<meta name=\"twitter:data1\" content=\"R\u00e9daction - Les Volcans News\" \/>\n\t<meta name=\"twitter:label2\" content=\"Dur\u00e9e de lecture estim\u00e9e\" \/>\n\t<meta name=\"twitter:data2\" content=\"3 minutes\" \/>\n<script type=\"application\/ld+json\" class=\"yoast-schema-graph\">{\"@context\":\"https:\\\/\\\/schema.org\",\"@graph\":[{\"@type\":\"Article\",\"@id\":\"https:\\\/\\\/lesvolcansnews.net\\\/?p=71318#article\",\"isPartOf\":{\"@id\":\"https:\\\/\\\/lesvolcansnews.net\\\/?p=71318\"},\"author\":{\"name\":\"R\u00e9daction - Les Volcans News\",\"@id\":\"https:\\\/\\\/lesvolcansnews.net\\\/#\\\/schema\\\/person\\\/82c8bed2e77879ecf6cca63441f57354\"},\"headline\":\"Accord de Washington : l&#8217;imp\u00e9rialisme l&#8217;a remport\u00e9 sur le panafricanisme (UPLA)\",\"datePublished\":\"2025-12-12T09:04:57+00:00\",\"mainEntityOfPage\":{\"@id\":\"https:\\\/\\\/lesvolcansnews.net\\\/?p=71318\"},\"wordCount\":599,\"commentCount\":0,\"image\":{\"@id\":\"https:\\\/\\\/lesvolcansnews.net\\\/?p=71318#primaryimage\"},\"thumbnailUrl\":\"https:\\\/\\\/lesvolcansnews.net\\\/wp-content\\\/uploads\\\/2025\\\/12\\\/IMG-20251212-WA0052.jpg\",\"articleSection\":[\"S\u00c9CURIT\u00c9\"],\"inLanguage\":\"fr-FR\",\"potentialAction\":[{\"@type\":\"CommentAction\",\"name\":\"Comment\",\"target\":[\"https:\\\/\\\/lesvolcansnews.net\\\/?p=71318#respond\"]}]},{\"@type\":\"WebPage\",\"@id\":\"https:\\\/\\\/lesvolcansnews.net\\\/?p=71318\",\"url\":\"https:\\\/\\\/lesvolcansnews.net\\\/?p=71318\",\"name\":\"Accord de Washington : l'imp\u00e9rialisme l'a remport\u00e9 sur le panafricanisme (UPLA) - LES VOLCANS NEWS\",\"isPartOf\":{\"@id\":\"https:\\\/\\\/lesvolcansnews.net\\\/#website\"},\"primaryImageOfPage\":{\"@id\":\"https:\\\/\\\/lesvolcansnews.net\\\/?p=71318#primaryimage\"},\"image\":{\"@id\":\"https:\\\/\\\/lesvolcansnews.net\\\/?p=71318#primaryimage\"},\"thumbnailUrl\":\"https:\\\/\\\/lesvolcansnews.net\\\/wp-content\\\/uploads\\\/2025\\\/12\\\/IMG-20251212-WA0052.jpg\",\"datePublished\":\"2025-12-12T09:04:57+00:00\",\"author\":{\"@id\":\"https:\\\/\\\/lesvolcansnews.net\\\/#\\\/schema\\\/person\\\/82c8bed2e77879ecf6cca63441f57354\"},\"breadcrumb\":{\"@id\":\"https:\\\/\\\/lesvolcansnews.net\\\/?p=71318#breadcrumb\"},\"inLanguage\":\"fr-FR\",\"potentialAction\":[{\"@type\":\"ReadAction\",\"target\":[\"https:\\\/\\\/lesvolcansnews.net\\\/?p=71318\"]}]},{\"@type\":\"ImageObject\",\"inLanguage\":\"fr-FR\",\"@id\":\"https:\\\/\\\/lesvolcansnews.net\\\/?p=71318#primaryimage\",\"url\":\"https:\\\/\\\/lesvolcansnews.net\\\/wp-content\\\/uploads\\\/2025\\\/12\\\/IMG-20251212-WA0052.jpg\",\"contentUrl\":\"https:\\\/\\\/lesvolcansnews.net\\\/wp-content\\\/uploads\\\/2025\\\/12\\\/IMG-20251212-WA0052.jpg\",\"width\":800,\"height\":600},{\"@type\":\"BreadcrumbList\",\"@id\":\"https:\\\/\\\/lesvolcansnews.net\\\/?p=71318#breadcrumb\",\"itemListElement\":[{\"@type\":\"ListItem\",\"position\":1,\"name\":\"Accueil\",\"item\":\"https:\\\/\\\/lesvolcansnews.net\\\/\"},{\"@type\":\"ListItem\",\"position\":2,\"name\":\"Accord de Washington : l&#8217;imp\u00e9rialisme l&#8217;a remport\u00e9 sur le panafricanisme (UPLA)\"}]},{\"@type\":\"WebSite\",\"@id\":\"https:\\\/\\\/lesvolcansnews.net\\\/#website\",\"url\":\"https:\\\/\\\/lesvolcansnews.net\\\/\",\"name\":\"LES VOLCANS NEWS\",\"description\":\"L&#039;INFORMATION C&#039;EST NOUS\",\"potentialAction\":[{\"@type\":\"SearchAction\",\"target\":{\"@type\":\"EntryPoint\",\"urlTemplate\":\"https:\\\/\\\/lesvolcansnews.net\\\/?s={search_term_string}\"},\"query-input\":{\"@type\":\"PropertyValueSpecification\",\"valueRequired\":true,\"valueName\":\"search_term_string\"}}],\"inLanguage\":\"fr-FR\"},{\"@type\":\"Person\",\"@id\":\"https:\\\/\\\/lesvolcansnews.net\\\/#\\\/schema\\\/person\\\/82c8bed2e77879ecf6cca63441f57354\",\"name\":\"R\u00e9daction - Les Volcans News\",\"image\":{\"@type\":\"ImageObject\",\"inLanguage\":\"fr-FR\",\"@id\":\"https:\\\/\\\/secure.gravatar.com\\\/avatar\\\/8408942dd851e8a9c09f3d382a661bc05d2b3cd9002139bc1795b9528cdc6c80?s=96&d=mm&r=g\",\"url\":\"https:\\\/\\\/secure.gravatar.com\\\/avatar\\\/8408942dd851e8a9c09f3d382a661bc05d2b3cd9002139bc1795b9528cdc6c80?s=96&d=mm&r=g\",\"contentUrl\":\"https:\\\/\\\/secure.gravatar.com\\\/avatar\\\/8408942dd851e8a9c09f3d382a661bc05d2b3cd9002139bc1795b9528cdc6c80?s=96&d=mm&r=g\",\"caption\":\"R\u00e9daction - Les Volcans News\"},\"url\":\"https:\\\/\\\/lesvolcansnews.net\\\/?author=14\"}]}<\/script>\n<!-- \/ Yoast SEO plugin. -->","yoast_head_json":{"title":"Accord de Washington : l'imp\u00e9rialisme l'a remport\u00e9 sur le panafricanisme (UPLA) - LES VOLCANS NEWS","robots":{"index":"index","follow":"follow","max-snippet":"max-snippet:-1","max-image-preview":"max-image-preview:large","max-video-preview":"max-video-preview:-1"},"canonical":"https:\/\/lesvolcansnews.net\/?p=71318","og_locale":"fr_FR","og_type":"article","og_title":"Accord de Washington : l'imp\u00e9rialisme l'a remport\u00e9 sur le panafricanisme (UPLA) - LES VOLCANS NEWS","og_description":"L&#8217;organisation des droits de l&#8217;homme, l&#8217;UPELA, Union pour le progr\u00e8s et lutte contre les anti valeurs, attribue l&#8217;accord de Washington sign\u00e9 le 4 decembre dernier entre le Rwanda et la","og_url":"https:\/\/lesvolcansnews.net\/?p=71318","og_site_name":"LES VOLCANS NEWS","article_published_time":"2025-12-12T09:04:57+00:00","og_image":[{"width":800,"height":600,"url":"https:\/\/lesvolcansnews.net\/wp-content\/uploads\/2025\/12\/IMG-20251212-WA0052.jpg","type":"image\/jpeg"}],"author":"R\u00e9daction - Les Volcans News","twitter_card":"summary_large_image","twitter_misc":{"\u00c9crit par":"R\u00e9daction - Les Volcans News","Dur\u00e9e de lecture estim\u00e9e":"3 minutes"},"schema":{"@context":"https:\/\/schema.org","@graph":[{"@type":"Article","@id":"https:\/\/lesvolcansnews.net\/?p=71318#article","isPartOf":{"@id":"https:\/\/lesvolcansnews.net\/?p=71318"},"author":{"name":"R\u00e9daction - Les Volcans News","@id":"https:\/\/lesvolcansnews.net\/#\/schema\/person\/82c8bed2e77879ecf6cca63441f57354"},"headline":"Accord de Washington : l&#8217;imp\u00e9rialisme l&#8217;a remport\u00e9 sur le panafricanisme (UPLA)","datePublished":"2025-12-12T09:04:57+00:00","mainEntityOfPage":{"@id":"https:\/\/lesvolcansnews.net\/?p=71318"},"wordCount":599,"commentCount":0,"image":{"@id":"https:\/\/lesvolcansnews.net\/?p=71318#primaryimage"},"thumbnailUrl":"https:\/\/lesvolcansnews.net\/wp-content\/uploads\/2025\/12\/IMG-20251212-WA0052.jpg","articleSection":["S\u00c9CURIT\u00c9"],"inLanguage":"fr-FR","potentialAction":[{"@type":"CommentAction","name":"Comment","target":["https:\/\/lesvolcansnews.net\/?p=71318#respond"]}]},{"@type":"WebPage","@id":"https:\/\/lesvolcansnews.net\/?p=71318","url":"https:\/\/lesvolcansnews.net\/?p=71318","name":"Accord de Washington : l'imp\u00e9rialisme l'a remport\u00e9 sur le panafricanisme (UPLA) - LES VOLCANS NEWS","isPartOf":{"@id":"https:\/\/lesvolcansnews.net\/#website"},"primaryImageOfPage":{"@id":"https:\/\/lesvolcansnews.net\/?p=71318#primaryimage"},"image":{"@id":"https:\/\/lesvolcansnews.net\/?p=71318#primaryimage"},"thumbnailUrl":"https:\/\/lesvolcansnews.net\/wp-content\/uploads\/2025\/12\/IMG-20251212-WA0052.jpg","datePublished":"2025-12-12T09:04:57+00:00","author":{"@id":"https:\/\/lesvolcansnews.net\/#\/schema\/person\/82c8bed2e77879ecf6cca63441f57354"},"breadcrumb":{"@id":"https:\/\/lesvolcansnews.net\/?p=71318#breadcrumb"},"inLanguage":"fr-FR","potentialAction":[{"@type":"ReadAction","target":["https:\/\/lesvolcansnews.net\/?p=71318"]}]},{"@type":"ImageObject","inLanguage":"fr-FR","@id":"https:\/\/lesvolcansnews.net\/?p=71318#primaryimage","url":"https:\/\/lesvolcansnews.net\/wp-content\/uploads\/2025\/12\/IMG-20251212-WA0052.jpg","contentUrl":"https:\/\/lesvolcansnews.net\/wp-content\/uploads\/2025\/12\/IMG-20251212-WA0052.jpg","width":800,"height":600},{"@type":"BreadcrumbList","@id":"https:\/\/lesvolcansnews.net\/?p=71318#breadcrumb","itemListElement":[{"@type":"ListItem","position":1,"name":"Accueil","item":"https:\/\/lesvolcansnews.net\/"},{"@type":"ListItem","position":2,"name":"Accord de Washington : l&#8217;imp\u00e9rialisme l&#8217;a remport\u00e9 sur le panafricanisme (UPLA)"}]},{"@type":"WebSite","@id":"https:\/\/lesvolcansnews.net\/#website","url":"https:\/\/lesvolcansnews.net\/","name":"LES VOLCANS NEWS","description":"L&#039;INFORMATION C&#039;EST NOUS","potentialAction":[{"@type":"SearchAction","target":{"@type":"EntryPoint","urlTemplate":"https:\/\/lesvolcansnews.net\/?s={search_term_string}"},"query-input":{"@type":"PropertyValueSpecification","valueRequired":true,"valueName":"search_term_string"}}],"inLanguage":"fr-FR"},{"@type":"Person","@id":"https:\/\/lesvolcansnews.net\/#\/schema\/person\/82c8bed2e77879ecf6cca63441f57354","name":"R\u00e9daction - Les Volcans News","image":{"@type":"ImageObject","inLanguage":"fr-FR","@id":"https:\/\/secure.gravatar.com\/avatar\/8408942dd851e8a9c09f3d382a661bc05d2b3cd9002139bc1795b9528cdc6c80?s=96&d=mm&r=g","url":"https:\/\/secure.gravatar.com\/avatar\/8408942dd851e8a9c09f3d382a661bc05d2b3cd9002139bc1795b9528cdc6c80?s=96&d=mm&r=g","contentUrl":"https:\/\/secure.gravatar.com\/avatar\/8408942dd851e8a9c09f3d382a661bc05d2b3cd9002139bc1795b9528cdc6c80?s=96&d=mm&r=g","caption":"R\u00e9daction - Les Volcans News"},"url":"https:\/\/lesvolcansnews.net\/?author=14"}]}},"_links":{"self":[{"href":"https:\/\/lesvolcansnews.net\/index.php?rest_route=\/wp\/v2\/posts\/71318","targetHints":{"allow":["GET"]}}],"collection":[{"href":"https:\/\/lesvolcansnews.net\/index.php?rest_route=\/wp\/v2\/posts"}],"about":[{"href":"https:\/\/lesvolcansnews.net\/index.php?rest_route=\/wp\/v2\/types\/post"}],"author":[{"embeddable":true,"href":"https:\/\/lesvolcansnews.net\/index.php?rest_route=\/wp\/v2\/users\/14"}],"replies":[{"embeddable":true,"href":"https:\/\/lesvolcansnews.net\/index.php?rest_route=%2Fwp%2Fv2%2Fcomments&post=71318"}],"version-history":[{"count":1,"href":"https:\/\/lesvolcansnews.net\/index.php?rest_route=\/wp\/v2\/posts\/71318\/revisions"}],"predecessor-version":[{"id":71320,"href":"https:\/\/lesvolcansnews.net\/index.php?rest_route=\/wp\/v2\/posts\/71318\/revisions\/71320"}],"wp:featuredmedia":[{"embeddable":true,"href":"https:\/\/lesvolcansnews.net\/index.php?rest_route=\/wp\/v2\/media\/71319"}],"wp:attachment":[{"href":"https:\/\/lesvolcansnews.net\/index.php?rest_route=%2Fwp%2Fv2%2Fmedia&parent=71318"}],"wp:term":[{"taxonomy":"category","embeddable":true,"href":"https:\/\/lesvolcansnews.net\/index.php?rest_route=%2Fwp%2Fv2%2Fcategories&post=71318"},{"taxonomy":"post_tag","embeddable":true,"href":"https:\/\/lesvolcansnews.net\/index.php?rest_route=%2Fwp%2Fv2%2Ftags&post=71318"}],"curies":[{"name":"wp","href":"https:\/\/api.w.org\/{rel}","templated":true}]}}