{"id":71307,"date":"2025-12-12T08:40:36","date_gmt":"2025-12-12T06:40:36","guid":{"rendered":"https:\/\/lesvolcansnews.net\/2025\/12\/12\/goma-un-enfant-de-8-ans-kidnappe-retrouve-mort-apres-paiement-de-la-rancon\/"},"modified":"2025-12-12T08:40:36","modified_gmt":"2025-12-12T06:40:36","slug":"goma-un-enfant-de-8-ans-kidnappe-retrouve-mort-apres-paiement-de-la-rancon","status":"publish","type":"post","link":"https:\/\/lesvolcansnews.net\/?p=71307","title":{"rendered":"Goma : un enfant de 8 ans kidnapp\u00e9, retrouv\u00e9 mort apr\u00e8s paiement de la ran\u00e7on"},"content":{"rendered":"\n<p><\/p>\n\n\n\n<p><strong>Un enfant d&#8217;environ 8 ans, Thierry Ushindi, enlev\u00e9 le 2 d\u00e9cembre dernier \u00e0 Goma, dans l&#8217;est de la R\u00e9publique D\u00e9mocratique du Congo (RDC), a \u00e9t\u00e9 retrouv\u00e9 mort jeudi 11 d\u00e9cembre<\/strong>.<\/p>\n\n\n\n<p>La famille de l&#8217;enfant aurait pay\u00e9 une ran\u00e7on d&#8217;environ 1 000 dollars am\u00e9ricains aux ravisseurs, mais ces derniers n&#8217;ont montr\u00e9 aucune cl\u00e9mence envers le jeune gar\u00e7on.<\/p>\n\n\n\n<p>Le kidnapping de Thierry Ushindi montre le niveau de l&#8217;absence s\u00e9curitaire \u00e0 Goma, une ville touristique d\u00e9sormais sous l&#8217;influence des combattants du M23\/AFC .<\/p>\n\n\n\n<p>Ce drame n&#8217;est pas le premier du genre dans la ville depuis la prise de pouvoir par le M23.<\/p>\n\n\n\n<p>Ce n&#8217;est pas le premier cas de violence contre des enfants dans cette r\u00e9gion.<\/p>\n\n\n\n<p>L&#8217;ann\u00e9e derni\u00e8re, une fillette du m\u00eame \u00e2ge avait \u00e9t\u00e9 tu\u00e9e et son corps jet\u00e9 dans un sac plastique devant la maison de ses parents.<\/p>\n\n\n\n<p>En 2018, un autre enfant de 7 ans, Isaac, avait \u00e9t\u00e9 retrouv\u00e9 d\u00e9chiquet\u00e9 dans le quartier de Kyeshero \u00e0 Goma.<\/p>\n\n\n\n<p>Le meurtre de Thierry Ushindi a choqu\u00e9 les habitants de Goma, qui r\u00e9clament justice pour l&#8217;enfant et des actions plus fermes de la part des autorit\u00e9s qui g\u00e8rent actuellement la ville pour mettre fin \u00e0 la mont\u00e9e des kidnappings et des violences du tout genre.<\/p>\n\n\n\n<p>Il est \u00e0 rappeler que 24h avant, au-moins 3 personnes ont \u00e9t\u00e9 tu\u00e9es \u00e0 Goma, notamment Magloire Paluku membre du M23 AFC, deux jeunes qui revenaient regarder le match de la League des champions europ\u00e9enne.<\/p>\n\n\n\n<p>La r\u00e9daction<\/p>\n","protected":false},"excerpt":{"rendered":"<p>Un enfant d&#8217;environ 8 ans, Thierry Ushindi, enlev\u00e9 le 2 d\u00e9cembre dernier \u00e0 Goma, dans l&#8217;est de la R\u00e9publique D\u00e9mocratique du Congo (RDC), a \u00e9t\u00e9 retrouv\u00e9 mort jeudi 11 d\u00e9cembre.<\/p>\n","protected":false},"author":14,"featured_media":71306,"comment_status":"open","ping_status":"open","sticky":false,"template":"","format":"standard","meta":{"footnotes":""},"categories":[1],"tags":[],"class_list":["post-71307","post","type-post","status-publish","format-standard","has-post-thumbnail","hentry","category-actualite"],"yoast_head":"<!-- This site is optimized with the Yoast SEO plugin v27.3 - https:\/\/yoast.com\/product\/yoast-seo-wordpress\/ -->\n<title>Goma : un enfant de 8 ans kidnapp\u00e9, retrouv\u00e9 mort apr\u00e8s paiement de la ran\u00e7on - LES VOLCANS NEWS<\/title>\n<meta name=\"robots\" content=\"index, follow, max-snippet:-1, max-image-preview:large, max-video-preview:-1\" \/>\n<link rel=\"canonical\" href=\"https:\/\/lesvolcansnews.net\/?p=71307\" \/>\n<meta property=\"og:locale\" content=\"fr_FR\" \/>\n<meta property=\"og:type\" content=\"article\" \/>\n<meta property=\"og:title\" content=\"Goma : un enfant de 8 ans kidnapp\u00e9, retrouv\u00e9 mort apr\u00e8s paiement de la ran\u00e7on - LES VOLCANS NEWS\" \/>\n<meta property=\"og:description\" content=\"Un enfant d&#8217;environ 8 ans, Thierry Ushindi, enlev\u00e9 le 2 d\u00e9cembre dernier \u00e0 Goma, dans l&#8217;est de la R\u00e9publique D\u00e9mocratique du Congo (RDC), a \u00e9t\u00e9 retrouv\u00e9 mort jeudi 11 d\u00e9cembre.\" \/>\n<meta property=\"og:url\" content=\"https:\/\/lesvolcansnews.net\/?p=71307\" \/>\n<meta property=\"og:site_name\" content=\"LES VOLCANS NEWS\" \/>\n<meta property=\"article:published_time\" content=\"2025-12-12T06:40:36+00:00\" \/>\n<meta property=\"og:image\" content=\"https:\/\/lesvolcansnews.net\/wp-content\/uploads\/2025\/12\/IMG-20251212-WA0030.jpg\" \/>\n\t<meta property=\"og:image:width\" content=\"755\" \/>\n\t<meta property=\"og:image:height\" content=\"539\" \/>\n\t<meta property=\"og:image:type\" content=\"image\/jpeg\" \/>\n<meta name=\"author\" content=\"R\u00e9daction - Les Volcans News\" \/>\n<meta name=\"twitter:card\" content=\"summary_large_image\" \/>\n<meta name=\"twitter:label1\" content=\"\u00c9crit par\" \/>\n\t<meta name=\"twitter:data1\" content=\"R\u00e9daction - Les Volcans News\" \/>\n\t<meta name=\"twitter:label2\" content=\"Dur\u00e9e de lecture estim\u00e9e\" \/>\n\t<meta name=\"twitter:data2\" content=\"1 minute\" \/>\n<script type=\"application\/ld+json\" class=\"yoast-schema-graph\">{\"@context\":\"https:\\\/\\\/schema.org\",\"@graph\":[{\"@type\":\"Article\",\"@id\":\"https:\\\/\\\/lesvolcansnews.net\\\/?p=71307#article\",\"isPartOf\":{\"@id\":\"https:\\\/\\\/lesvolcansnews.net\\\/?p=71307\"},\"author\":{\"name\":\"R\u00e9daction - Les Volcans News\",\"@id\":\"https:\\\/\\\/lesvolcansnews.net\\\/#\\\/schema\\\/person\\\/82c8bed2e77879ecf6cca63441f57354\"},\"headline\":\"Goma : un enfant de 8 ans kidnapp\u00e9, retrouv\u00e9 mort apr\u00e8s paiement de la ran\u00e7on\",\"datePublished\":\"2025-12-12T06:40:36+00:00\",\"mainEntityOfPage\":{\"@id\":\"https:\\\/\\\/lesvolcansnews.net\\\/?p=71307\"},\"wordCount\":274,\"commentCount\":0,\"image\":{\"@id\":\"https:\\\/\\\/lesvolcansnews.net\\\/?p=71307#primaryimage\"},\"thumbnailUrl\":\"https:\\\/\\\/lesvolcansnews.net\\\/wp-content\\\/uploads\\\/2025\\\/12\\\/IMG-20251212-WA0030.jpg\",\"articleSection\":[\"ACTUALIT\u00c9\"],\"inLanguage\":\"fr-FR\",\"potentialAction\":[{\"@type\":\"CommentAction\",\"name\":\"Comment\",\"target\":[\"https:\\\/\\\/lesvolcansnews.net\\\/?p=71307#respond\"]}]},{\"@type\":\"WebPage\",\"@id\":\"https:\\\/\\\/lesvolcansnews.net\\\/?p=71307\",\"url\":\"https:\\\/\\\/lesvolcansnews.net\\\/?p=71307\",\"name\":\"Goma : un enfant de 8 ans kidnapp\u00e9, retrouv\u00e9 mort apr\u00e8s paiement de la ran\u00e7on - LES VOLCANS NEWS\",\"isPartOf\":{\"@id\":\"https:\\\/\\\/lesvolcansnews.net\\\/#website\"},\"primaryImageOfPage\":{\"@id\":\"https:\\\/\\\/lesvolcansnews.net\\\/?p=71307#primaryimage\"},\"image\":{\"@id\":\"https:\\\/\\\/lesvolcansnews.net\\\/?p=71307#primaryimage\"},\"thumbnailUrl\":\"https:\\\/\\\/lesvolcansnews.net\\\/wp-content\\\/uploads\\\/2025\\\/12\\\/IMG-20251212-WA0030.jpg\",\"datePublished\":\"2025-12-12T06:40:36+00:00\",\"author\":{\"@id\":\"https:\\\/\\\/lesvolcansnews.net\\\/#\\\/schema\\\/person\\\/82c8bed2e77879ecf6cca63441f57354\"},\"breadcrumb\":{\"@id\":\"https:\\\/\\\/lesvolcansnews.net\\\/?p=71307#breadcrumb\"},\"inLanguage\":\"fr-FR\",\"potentialAction\":[{\"@type\":\"ReadAction\",\"target\":[\"https:\\\/\\\/lesvolcansnews.net\\\/?p=71307\"]}]},{\"@type\":\"ImageObject\",\"inLanguage\":\"fr-FR\",\"@id\":\"https:\\\/\\\/lesvolcansnews.net\\\/?p=71307#primaryimage\",\"url\":\"https:\\\/\\\/lesvolcansnews.net\\\/wp-content\\\/uploads\\\/2025\\\/12\\\/IMG-20251212-WA0030.jpg\",\"contentUrl\":\"https:\\\/\\\/lesvolcansnews.net\\\/wp-content\\\/uploads\\\/2025\\\/12\\\/IMG-20251212-WA0030.jpg\",\"width\":755,\"height\":539},{\"@type\":\"BreadcrumbList\",\"@id\":\"https:\\\/\\\/lesvolcansnews.net\\\/?p=71307#breadcrumb\",\"itemListElement\":[{\"@type\":\"ListItem\",\"position\":1,\"name\":\"Accueil\",\"item\":\"https:\\\/\\\/lesvolcansnews.net\\\/\"},{\"@type\":\"ListItem\",\"position\":2,\"name\":\"Goma : un enfant de 8 ans kidnapp\u00e9, retrouv\u00e9 mort apr\u00e8s paiement de la ran\u00e7on\"}]},{\"@type\":\"WebSite\",\"@id\":\"https:\\\/\\\/lesvolcansnews.net\\\/#website\",\"url\":\"https:\\\/\\\/lesvolcansnews.net\\\/\",\"name\":\"LES VOLCANS NEWS\",\"description\":\"L&#039;INFORMATION C&#039;EST NOUS\",\"potentialAction\":[{\"@type\":\"SearchAction\",\"target\":{\"@type\":\"EntryPoint\",\"urlTemplate\":\"https:\\\/\\\/lesvolcansnews.net\\\/?s={search_term_string}\"},\"query-input\":{\"@type\":\"PropertyValueSpecification\",\"valueRequired\":true,\"valueName\":\"search_term_string\"}}],\"inLanguage\":\"fr-FR\"},{\"@type\":\"Person\",\"@id\":\"https:\\\/\\\/lesvolcansnews.net\\\/#\\\/schema\\\/person\\\/82c8bed2e77879ecf6cca63441f57354\",\"name\":\"R\u00e9daction - Les Volcans News\",\"image\":{\"@type\":\"ImageObject\",\"inLanguage\":\"fr-FR\",\"@id\":\"https:\\\/\\\/secure.gravatar.com\\\/avatar\\\/8408942dd851e8a9c09f3d382a661bc05d2b3cd9002139bc1795b9528cdc6c80?s=96&d=mm&r=g\",\"url\":\"https:\\\/\\\/secure.gravatar.com\\\/avatar\\\/8408942dd851e8a9c09f3d382a661bc05d2b3cd9002139bc1795b9528cdc6c80?s=96&d=mm&r=g\",\"contentUrl\":\"https:\\\/\\\/secure.gravatar.com\\\/avatar\\\/8408942dd851e8a9c09f3d382a661bc05d2b3cd9002139bc1795b9528cdc6c80?s=96&d=mm&r=g\",\"caption\":\"R\u00e9daction - Les Volcans News\"},\"url\":\"https:\\\/\\\/lesvolcansnews.net\\\/?author=14\"}]}<\/script>\n<!-- \/ Yoast SEO plugin. -->","yoast_head_json":{"title":"Goma : un enfant de 8 ans kidnapp\u00e9, retrouv\u00e9 mort apr\u00e8s paiement de la ran\u00e7on - LES VOLCANS NEWS","robots":{"index":"index","follow":"follow","max-snippet":"max-snippet:-1","max-image-preview":"max-image-preview:large","max-video-preview":"max-video-preview:-1"},"canonical":"https:\/\/lesvolcansnews.net\/?p=71307","og_locale":"fr_FR","og_type":"article","og_title":"Goma : un enfant de 8 ans kidnapp\u00e9, retrouv\u00e9 mort apr\u00e8s paiement de la ran\u00e7on - LES VOLCANS NEWS","og_description":"Un enfant d&#8217;environ 8 ans, Thierry Ushindi, enlev\u00e9 le 2 d\u00e9cembre dernier \u00e0 Goma, dans l&#8217;est de la R\u00e9publique D\u00e9mocratique du Congo (RDC), a \u00e9t\u00e9 retrouv\u00e9 mort jeudi 11 d\u00e9cembre.","og_url":"https:\/\/lesvolcansnews.net\/?p=71307","og_site_name":"LES VOLCANS NEWS","article_published_time":"2025-12-12T06:40:36+00:00","og_image":[{"width":755,"height":539,"url":"https:\/\/lesvolcansnews.net\/wp-content\/uploads\/2025\/12\/IMG-20251212-WA0030.jpg","type":"image\/jpeg"}],"author":"R\u00e9daction - Les Volcans News","twitter_card":"summary_large_image","twitter_misc":{"\u00c9crit par":"R\u00e9daction - Les Volcans News","Dur\u00e9e de lecture estim\u00e9e":"1 minute"},"schema":{"@context":"https:\/\/schema.org","@graph":[{"@type":"Article","@id":"https:\/\/lesvolcansnews.net\/?p=71307#article","isPartOf":{"@id":"https:\/\/lesvolcansnews.net\/?p=71307"},"author":{"name":"R\u00e9daction - Les Volcans News","@id":"https:\/\/lesvolcansnews.net\/#\/schema\/person\/82c8bed2e77879ecf6cca63441f57354"},"headline":"Goma : un enfant de 8 ans kidnapp\u00e9, retrouv\u00e9 mort apr\u00e8s paiement de la ran\u00e7on","datePublished":"2025-12-12T06:40:36+00:00","mainEntityOfPage":{"@id":"https:\/\/lesvolcansnews.net\/?p=71307"},"wordCount":274,"commentCount":0,"image":{"@id":"https:\/\/lesvolcansnews.net\/?p=71307#primaryimage"},"thumbnailUrl":"https:\/\/lesvolcansnews.net\/wp-content\/uploads\/2025\/12\/IMG-20251212-WA0030.jpg","articleSection":["ACTUALIT\u00c9"],"inLanguage":"fr-FR","potentialAction":[{"@type":"CommentAction","name":"Comment","target":["https:\/\/lesvolcansnews.net\/?p=71307#respond"]}]},{"@type":"WebPage","@id":"https:\/\/lesvolcansnews.net\/?p=71307","url":"https:\/\/lesvolcansnews.net\/?p=71307","name":"Goma : un enfant de 8 ans kidnapp\u00e9, retrouv\u00e9 mort apr\u00e8s paiement de la ran\u00e7on - LES VOLCANS NEWS","isPartOf":{"@id":"https:\/\/lesvolcansnews.net\/#website"},"primaryImageOfPage":{"@id":"https:\/\/lesvolcansnews.net\/?p=71307#primaryimage"},"image":{"@id":"https:\/\/lesvolcansnews.net\/?p=71307#primaryimage"},"thumbnailUrl":"https:\/\/lesvolcansnews.net\/wp-content\/uploads\/2025\/12\/IMG-20251212-WA0030.jpg","datePublished":"2025-12-12T06:40:36+00:00","author":{"@id":"https:\/\/lesvolcansnews.net\/#\/schema\/person\/82c8bed2e77879ecf6cca63441f57354"},"breadcrumb":{"@id":"https:\/\/lesvolcansnews.net\/?p=71307#breadcrumb"},"inLanguage":"fr-FR","potentialAction":[{"@type":"ReadAction","target":["https:\/\/lesvolcansnews.net\/?p=71307"]}]},{"@type":"ImageObject","inLanguage":"fr-FR","@id":"https:\/\/lesvolcansnews.net\/?p=71307#primaryimage","url":"https:\/\/lesvolcansnews.net\/wp-content\/uploads\/2025\/12\/IMG-20251212-WA0030.jpg","contentUrl":"https:\/\/lesvolcansnews.net\/wp-content\/uploads\/2025\/12\/IMG-20251212-WA0030.jpg","width":755,"height":539},{"@type":"BreadcrumbList","@id":"https:\/\/lesvolcansnews.net\/?p=71307#breadcrumb","itemListElement":[{"@type":"ListItem","position":1,"name":"Accueil","item":"https:\/\/lesvolcansnews.net\/"},{"@type":"ListItem","position":2,"name":"Goma : un enfant de 8 ans kidnapp\u00e9, retrouv\u00e9 mort apr\u00e8s paiement de la ran\u00e7on"}]},{"@type":"WebSite","@id":"https:\/\/lesvolcansnews.net\/#website","url":"https:\/\/lesvolcansnews.net\/","name":"LES VOLCANS NEWS","description":"L&#039;INFORMATION C&#039;EST NOUS","potentialAction":[{"@type":"SearchAction","target":{"@type":"EntryPoint","urlTemplate":"https:\/\/lesvolcansnews.net\/?s={search_term_string}"},"query-input":{"@type":"PropertyValueSpecification","valueRequired":true,"valueName":"search_term_string"}}],"inLanguage":"fr-FR"},{"@type":"Person","@id":"https:\/\/lesvolcansnews.net\/#\/schema\/person\/82c8bed2e77879ecf6cca63441f57354","name":"R\u00e9daction - Les Volcans News","image":{"@type":"ImageObject","inLanguage":"fr-FR","@id":"https:\/\/secure.gravatar.com\/avatar\/8408942dd851e8a9c09f3d382a661bc05d2b3cd9002139bc1795b9528cdc6c80?s=96&d=mm&r=g","url":"https:\/\/secure.gravatar.com\/avatar\/8408942dd851e8a9c09f3d382a661bc05d2b3cd9002139bc1795b9528cdc6c80?s=96&d=mm&r=g","contentUrl":"https:\/\/secure.gravatar.com\/avatar\/8408942dd851e8a9c09f3d382a661bc05d2b3cd9002139bc1795b9528cdc6c80?s=96&d=mm&r=g","caption":"R\u00e9daction - Les Volcans News"},"url":"https:\/\/lesvolcansnews.net\/?author=14"}]}},"_links":{"self":[{"href":"https:\/\/lesvolcansnews.net\/index.php?rest_route=\/wp\/v2\/posts\/71307","targetHints":{"allow":["GET"]}}],"collection":[{"href":"https:\/\/lesvolcansnews.net\/index.php?rest_route=\/wp\/v2\/posts"}],"about":[{"href":"https:\/\/lesvolcansnews.net\/index.php?rest_route=\/wp\/v2\/types\/post"}],"author":[{"embeddable":true,"href":"https:\/\/lesvolcansnews.net\/index.php?rest_route=\/wp\/v2\/users\/14"}],"replies":[{"embeddable":true,"href":"https:\/\/lesvolcansnews.net\/index.php?rest_route=%2Fwp%2Fv2%2Fcomments&post=71307"}],"version-history":[{"count":0,"href":"https:\/\/lesvolcansnews.net\/index.php?rest_route=\/wp\/v2\/posts\/71307\/revisions"}],"wp:featuredmedia":[{"embeddable":true,"href":"https:\/\/lesvolcansnews.net\/index.php?rest_route=\/wp\/v2\/media\/71306"}],"wp:attachment":[{"href":"https:\/\/lesvolcansnews.net\/index.php?rest_route=%2Fwp%2Fv2%2Fmedia&parent=71307"}],"wp:term":[{"taxonomy":"category","embeddable":true,"href":"https:\/\/lesvolcansnews.net\/index.php?rest_route=%2Fwp%2Fv2%2Fcategories&post=71307"},{"taxonomy":"post_tag","embeddable":true,"href":"https:\/\/lesvolcansnews.net\/index.php?rest_route=%2Fwp%2Fv2%2Ftags&post=71307"}],"curies":[{"name":"wp","href":"https:\/\/api.w.org\/{rel}","templated":true}]}}