{"id":71298,"date":"2025-12-11T15:14:35","date_gmt":"2025-12-11T13:14:35","guid":{"rendered":"https:\/\/lesvolcansnews.net\/2025\/12\/11\/ituri-la-coalition-fardc-updf-pilonne-des-positions-des-adf-a-babila-bakwanza\/"},"modified":"2025-12-11T15:14:35","modified_gmt":"2025-12-11T13:14:35","slug":"ituri-la-coalition-fardc-updf-pilonne-des-positions-des-adf-a-babila-bakwanza","status":"publish","type":"post","link":"https:\/\/lesvolcansnews.net\/?p=71298","title":{"rendered":"Ituri : la coalition FARDC-UPDF pilonne des positions des ADF \u00e0 Babila Bakwanza"},"content":{"rendered":"\n<p><\/p>\n\n\n\n<p><strong>Les forces arm\u00e9es ougandaises (UPDF) et lew FARDC ont lanc\u00e9 des op\u00e9rations conjointes dans la chefferie des Babila Bakwanza, pr\u00e9cis\u00e9ment autour du village de Mayuano, dans le groupement Babila Bapwele en province de l&#8217;Ituri.<\/strong><\/p>\n\n\n\n<p>Ces op\u00e9rations visent \u00e0 \u00e9liminer les \u00e9l\u00e9ments terroristes islamistes qui s\u00e9vissent dans la r\u00e9gion et qui ont \u00e9t\u00e9 une source de terreur pour la population locale.<\/p>\n\n\n\n<p>Le d\u00e9ploiement des forces de s\u00e9curit\u00e9 intervient apr\u00e8s plusieurs mois de tensions dans la zone, exacerb\u00e9es par l\u2019activisme croissant de groupes arm\u00e9s islamistes, notamment dans le territoire de Babila Bakwanza.<\/p>\n\n\n\n<p>Les autorit\u00e9s locales avaient exprim\u00e9 de vives inqui\u00e9tudes face \u00e0 la mont\u00e9e en puissance de ces groupes, dont les actions ont d\u00e9stabilis\u00e9 la r\u00e9gion, entra\u00eenant des pertes humaines et la fuite de milliers de civils.<\/p>\n\n\n\n<p>&#8220;Nous saluons chaleureusement ces op\u00e9rations auxquelles nous demandons \u00e0 toute la population d&#8217;y adh\u00e9rer, en offrant une collaboration tr\u00e8s franche \u00e0 notre arm\u00e9e ainsi qu&#8217;\u00e0 tous les services de s\u00e9curit\u00e9&#8221;, a d\u00e9clar\u00e9 Me Jospin Paluku Mbowa, Coordonnateur de la Nouvelle Soci\u00e9t\u00e9 Civile Congolaise (NSCC).<\/p>\n\n\n\n<p>&#8220;Il est crucial que la population qui vit ou cultive dans les environs de Mayuano puisse \u00e9vacuer afin de permettre \u00e0 nos forces de s\u00e9curit\u00e9 de mener \u00e0 bien leurs missions avec plus d&#8217;efficacit\u00e9&#8221;, a-t-il ajout\u00e9.<\/p>\n\n\n\n<p>Le Coordonnateur de la NSCC a \u00e9galement insist\u00e9 sur la n\u00e9cessit\u00e9 d&#8217;une coop\u00e9ration totale de la population locale, en appelant \u00e0 une \u00e9vacuation des zones sensibles pour permettre \u00e0 l\u2019arm\u00e9e et \u00e0 ses alli\u00e9s de mener leurs op\u00e9rations sans obstacles. L&#8217;appel \u00e0 l&#8217;\u00e9vacuation vise \u00e0 r\u00e9duire les risques pour les civils et \u00e0 faciliter le travail des forces de d\u00e9fense et de s\u00e9curit\u00e9.<\/p>\n\n\n\n<p>Me Jospin Paluku Mbowa a \u00e9galement lanc\u00e9 un appel \u00e0 la solidarit\u00e9 nationale, en soulignant que la lutte contre le terrorisme et l\u2019instabilit\u00e9 n\u00e9cessitent une r\u00e9ponse coordonn\u00e9e de toutes les couches de la soci\u00e9t\u00e9.<\/p>\n\n\n\n<p>Selon lui, la s\u00e9curit\u00e9 des citoyens et la pr\u00e9servation de la paix dans la r\u00e9gion d\u00e9pendent en grande partie de l\u2019engagement de chaque Congolais et des actions concr\u00e8tes des autorit\u00e9s pour \u00e9liminer les menaces terroristes.<\/p>\n\n\n\n<p>\u00ab Les forces de s\u00e9curit\u00e9, tant congolaises qu&#8217;ougandaises, sont pr\u00eates \u00e0 \u0153uvrer de concert pour \u00e9radiquer la menace terroriste. Cependant, cette mission ne pourra \u00eatre accomplie que si tous les acteurs, y compris la population locale, font preuve de vigilance et de collaboration \u00bb, a ajout\u00e9 le Coordonnateur de la NSCC.<\/p>\n\n\n\n<p>Les op\u00e9rations en cours visent \u00e0 restaurer la s\u00e9curit\u00e9 dans une r\u00e9gion particuli\u00e8rement vuln\u00e9rable aux violences intercommunautaires et aux incursions terroristes. Le gouvernement congolais et ses alli\u00e9s restent d\u00e9termin\u00e9s \u00e0 offrir une r\u00e9ponse r\u00e9solue face \u00e0 l&#8217;extr\u00e9misme islamiste croissant dans l&#8217;est de la R\u00e9publique D\u00e9mocratique du Congo.<\/p>\n\n\n\n<p>Les op\u00e9rations militaires men\u00e9es par les UPDF et les FARDC s&#8217;inscrivent dans un contexte r\u00e9gional tendu, o\u00f9 la coop\u00e9ration entre les arm\u00e9es ougandaises et congolaises est devenue cruciale pour lutter contre l\u2019ins\u00e9curit\u00e9 persistante. Le renforcement des capacit\u00e9s s\u00e9curitaires dans la r\u00e9gion vise \u00e0 limiter l&#8217;influence des groupes terroristes qui profitent de la porosit\u00e9 des fronti\u00e8res pour mener leurs attaques.<\/p>\n\n\n\n<p>Le gouvernement congolais, de son c\u00f4t\u00e9, a exprim\u00e9 son soutien aux op\u00e9rations et r\u00e9affirm\u00e9 son engagement \u00e0 mettre en \u0153uvre toutes les mesures n\u00e9cessaires pour garantir la s\u00e9curit\u00e9 de ses citoyens dans cette zone particuli\u00e8rement affect\u00e9e par les violences arm\u00e9es.<\/p>\n\n\n\n<p>La r\u00e9daction<\/p>\n","protected":false},"excerpt":{"rendered":"<p>Les forces arm\u00e9es ougandaises (UPDF) et lew FARDC ont lanc\u00e9 des op\u00e9rations conjointes dans la chefferie des Babila Bakwanza, pr\u00e9cis\u00e9ment autour du village de Mayuano, dans le groupement Babila Bapwele<\/p>\n","protected":false},"author":14,"featured_media":71297,"comment_status":"open","ping_status":"open","sticky":false,"template":"","format":"standard","meta":{"footnotes":""},"categories":[32],"tags":[],"class_list":["post-71298","post","type-post","status-publish","format-standard","has-post-thumbnail","hentry","category-securite"],"yoast_head":"<!-- This site is optimized with the Yoast SEO plugin v27.5 - https:\/\/yoast.com\/product\/yoast-seo-wordpress\/ -->\n<title>Ituri : la coalition FARDC-UPDF pilonne des positions des ADF \u00e0 Babila Bakwanza - LES VOLCANS NEWS<\/title>\n<meta name=\"robots\" content=\"index, follow, max-snippet:-1, max-image-preview:large, max-video-preview:-1\" \/>\n<link rel=\"canonical\" href=\"https:\/\/lesvolcansnews.net\/?p=71298\" \/>\n<meta property=\"og:locale\" content=\"fr_FR\" \/>\n<meta property=\"og:type\" content=\"article\" \/>\n<meta property=\"og:title\" content=\"Ituri : la coalition FARDC-UPDF pilonne des positions des ADF \u00e0 Babila Bakwanza - LES VOLCANS NEWS\" \/>\n<meta property=\"og:description\" content=\"Les forces arm\u00e9es ougandaises (UPDF) et lew FARDC ont lanc\u00e9 des op\u00e9rations conjointes dans la chefferie des Babila Bakwanza, pr\u00e9cis\u00e9ment autour du village de Mayuano, dans le groupement Babila Bapwele\" \/>\n<meta property=\"og:url\" content=\"https:\/\/lesvolcansnews.net\/?p=71298\" \/>\n<meta property=\"og:site_name\" content=\"LES VOLCANS NEWS\" \/>\n<meta property=\"article:published_time\" content=\"2025-12-11T13:14:35+00:00\" \/>\n<meta property=\"og:image\" content=\"https:\/\/lesvolcansnews.net\/wp-content\/uploads\/2025\/12\/20251211_133915.jpg\" \/>\n\t<meta property=\"og:image:width\" content=\"479\" \/>\n\t<meta property=\"og:image:height\" content=\"259\" \/>\n\t<meta property=\"og:image:type\" content=\"image\/jpeg\" \/>\n<meta name=\"author\" content=\"R\u00e9daction - Les Volcans News\" \/>\n<meta name=\"twitter:card\" content=\"summary_large_image\" \/>\n<meta name=\"twitter:label1\" content=\"\u00c9crit par\" \/>\n\t<meta name=\"twitter:data1\" content=\"R\u00e9daction - Les Volcans News\" \/>\n\t<meta name=\"twitter:label2\" content=\"Dur\u00e9e de lecture estim\u00e9e\" \/>\n\t<meta name=\"twitter:data2\" content=\"3 minutes\" \/>\n<script type=\"application\/ld+json\" class=\"yoast-schema-graph\">{\"@context\":\"https:\\\/\\\/schema.org\",\"@graph\":[{\"@type\":\"Article\",\"@id\":\"https:\\\/\\\/lesvolcansnews.net\\\/?p=71298#article\",\"isPartOf\":{\"@id\":\"https:\\\/\\\/lesvolcansnews.net\\\/?p=71298\"},\"author\":{\"name\":\"R\u00e9daction - Les Volcans News\",\"@id\":\"https:\\\/\\\/lesvolcansnews.net\\\/#\\\/schema\\\/person\\\/82c8bed2e77879ecf6cca63441f57354\"},\"headline\":\"Ituri : la coalition FARDC-UPDF pilonne des positions des ADF \u00e0 Babila Bakwanza\",\"datePublished\":\"2025-12-11T13:14:35+00:00\",\"mainEntityOfPage\":{\"@id\":\"https:\\\/\\\/lesvolcansnews.net\\\/?p=71298\"},\"wordCount\":621,\"commentCount\":0,\"image\":{\"@id\":\"https:\\\/\\\/lesvolcansnews.net\\\/?p=71298#primaryimage\"},\"thumbnailUrl\":\"https:\\\/\\\/lesvolcansnews.net\\\/wp-content\\\/uploads\\\/2025\\\/12\\\/20251211_133915.jpg\",\"articleSection\":[\"S\u00c9CURIT\u00c9\"],\"inLanguage\":\"fr-FR\",\"potentialAction\":[{\"@type\":\"CommentAction\",\"name\":\"Comment\",\"target\":[\"https:\\\/\\\/lesvolcansnews.net\\\/?p=71298#respond\"]}]},{\"@type\":\"WebPage\",\"@id\":\"https:\\\/\\\/lesvolcansnews.net\\\/?p=71298\",\"url\":\"https:\\\/\\\/lesvolcansnews.net\\\/?p=71298\",\"name\":\"Ituri : la coalition FARDC-UPDF pilonne des positions des ADF \u00e0 Babila Bakwanza - LES VOLCANS NEWS\",\"isPartOf\":{\"@id\":\"https:\\\/\\\/lesvolcansnews.net\\\/#website\"},\"primaryImageOfPage\":{\"@id\":\"https:\\\/\\\/lesvolcansnews.net\\\/?p=71298#primaryimage\"},\"image\":{\"@id\":\"https:\\\/\\\/lesvolcansnews.net\\\/?p=71298#primaryimage\"},\"thumbnailUrl\":\"https:\\\/\\\/lesvolcansnews.net\\\/wp-content\\\/uploads\\\/2025\\\/12\\\/20251211_133915.jpg\",\"datePublished\":\"2025-12-11T13:14:35+00:00\",\"author\":{\"@id\":\"https:\\\/\\\/lesvolcansnews.net\\\/#\\\/schema\\\/person\\\/82c8bed2e77879ecf6cca63441f57354\"},\"breadcrumb\":{\"@id\":\"https:\\\/\\\/lesvolcansnews.net\\\/?p=71298#breadcrumb\"},\"inLanguage\":\"fr-FR\",\"potentialAction\":[{\"@type\":\"ReadAction\",\"target\":[\"https:\\\/\\\/lesvolcansnews.net\\\/?p=71298\"]}]},{\"@type\":\"ImageObject\",\"inLanguage\":\"fr-FR\",\"@id\":\"https:\\\/\\\/lesvolcansnews.net\\\/?p=71298#primaryimage\",\"url\":\"https:\\\/\\\/lesvolcansnews.net\\\/wp-content\\\/uploads\\\/2025\\\/12\\\/20251211_133915.jpg\",\"contentUrl\":\"https:\\\/\\\/lesvolcansnews.net\\\/wp-content\\\/uploads\\\/2025\\\/12\\\/20251211_133915.jpg\",\"width\":479,\"height\":259},{\"@type\":\"BreadcrumbList\",\"@id\":\"https:\\\/\\\/lesvolcansnews.net\\\/?p=71298#breadcrumb\",\"itemListElement\":[{\"@type\":\"ListItem\",\"position\":1,\"name\":\"Accueil\",\"item\":\"https:\\\/\\\/lesvolcansnews.net\\\/\"},{\"@type\":\"ListItem\",\"position\":2,\"name\":\"Ituri : la coalition FARDC-UPDF pilonne des positions des ADF \u00e0 Babila Bakwanza\"}]},{\"@type\":\"WebSite\",\"@id\":\"https:\\\/\\\/lesvolcansnews.net\\\/#website\",\"url\":\"https:\\\/\\\/lesvolcansnews.net\\\/\",\"name\":\"LES VOLCANS NEWS\",\"description\":\"L&#039;INFORMATION C&#039;EST NOUS\",\"potentialAction\":[{\"@type\":\"SearchAction\",\"target\":{\"@type\":\"EntryPoint\",\"urlTemplate\":\"https:\\\/\\\/lesvolcansnews.net\\\/?s={search_term_string}\"},\"query-input\":{\"@type\":\"PropertyValueSpecification\",\"valueRequired\":true,\"valueName\":\"search_term_string\"}}],\"inLanguage\":\"fr-FR\"},{\"@type\":\"Person\",\"@id\":\"https:\\\/\\\/lesvolcansnews.net\\\/#\\\/schema\\\/person\\\/82c8bed2e77879ecf6cca63441f57354\",\"name\":\"R\u00e9daction - Les Volcans News\",\"image\":{\"@type\":\"ImageObject\",\"inLanguage\":\"fr-FR\",\"@id\":\"https:\\\/\\\/secure.gravatar.com\\\/avatar\\\/8408942dd851e8a9c09f3d382a661bc05d2b3cd9002139bc1795b9528cdc6c80?s=96&d=mm&r=g\",\"url\":\"https:\\\/\\\/secure.gravatar.com\\\/avatar\\\/8408942dd851e8a9c09f3d382a661bc05d2b3cd9002139bc1795b9528cdc6c80?s=96&d=mm&r=g\",\"contentUrl\":\"https:\\\/\\\/secure.gravatar.com\\\/avatar\\\/8408942dd851e8a9c09f3d382a661bc05d2b3cd9002139bc1795b9528cdc6c80?s=96&d=mm&r=g\",\"caption\":\"R\u00e9daction - Les Volcans News\"},\"url\":\"https:\\\/\\\/lesvolcansnews.net\\\/?author=14\"}]}<\/script>\n<!-- \/ Yoast SEO plugin. -->","yoast_head_json":{"title":"Ituri : la coalition FARDC-UPDF pilonne des positions des ADF \u00e0 Babila Bakwanza - LES VOLCANS NEWS","robots":{"index":"index","follow":"follow","max-snippet":"max-snippet:-1","max-image-preview":"max-image-preview:large","max-video-preview":"max-video-preview:-1"},"canonical":"https:\/\/lesvolcansnews.net\/?p=71298","og_locale":"fr_FR","og_type":"article","og_title":"Ituri : la coalition FARDC-UPDF pilonne des positions des ADF \u00e0 Babila Bakwanza - LES VOLCANS NEWS","og_description":"Les forces arm\u00e9es ougandaises (UPDF) et lew FARDC ont lanc\u00e9 des op\u00e9rations conjointes dans la chefferie des Babila Bakwanza, pr\u00e9cis\u00e9ment autour du village de Mayuano, dans le groupement Babila Bapwele","og_url":"https:\/\/lesvolcansnews.net\/?p=71298","og_site_name":"LES VOLCANS NEWS","article_published_time":"2025-12-11T13:14:35+00:00","og_image":[{"width":479,"height":259,"url":"https:\/\/lesvolcansnews.net\/wp-content\/uploads\/2025\/12\/20251211_133915.jpg","type":"image\/jpeg"}],"author":"R\u00e9daction - Les Volcans News","twitter_card":"summary_large_image","twitter_misc":{"\u00c9crit par":"R\u00e9daction - Les Volcans News","Dur\u00e9e de lecture estim\u00e9e":"3 minutes"},"schema":{"@context":"https:\/\/schema.org","@graph":[{"@type":"Article","@id":"https:\/\/lesvolcansnews.net\/?p=71298#article","isPartOf":{"@id":"https:\/\/lesvolcansnews.net\/?p=71298"},"author":{"name":"R\u00e9daction - Les Volcans News","@id":"https:\/\/lesvolcansnews.net\/#\/schema\/person\/82c8bed2e77879ecf6cca63441f57354"},"headline":"Ituri : la coalition FARDC-UPDF pilonne des positions des ADF \u00e0 Babila Bakwanza","datePublished":"2025-12-11T13:14:35+00:00","mainEntityOfPage":{"@id":"https:\/\/lesvolcansnews.net\/?p=71298"},"wordCount":621,"commentCount":0,"image":{"@id":"https:\/\/lesvolcansnews.net\/?p=71298#primaryimage"},"thumbnailUrl":"https:\/\/lesvolcansnews.net\/wp-content\/uploads\/2025\/12\/20251211_133915.jpg","articleSection":["S\u00c9CURIT\u00c9"],"inLanguage":"fr-FR","potentialAction":[{"@type":"CommentAction","name":"Comment","target":["https:\/\/lesvolcansnews.net\/?p=71298#respond"]}]},{"@type":"WebPage","@id":"https:\/\/lesvolcansnews.net\/?p=71298","url":"https:\/\/lesvolcansnews.net\/?p=71298","name":"Ituri : la coalition FARDC-UPDF pilonne des positions des ADF \u00e0 Babila Bakwanza - LES VOLCANS NEWS","isPartOf":{"@id":"https:\/\/lesvolcansnews.net\/#website"},"primaryImageOfPage":{"@id":"https:\/\/lesvolcansnews.net\/?p=71298#primaryimage"},"image":{"@id":"https:\/\/lesvolcansnews.net\/?p=71298#primaryimage"},"thumbnailUrl":"https:\/\/lesvolcansnews.net\/wp-content\/uploads\/2025\/12\/20251211_133915.jpg","datePublished":"2025-12-11T13:14:35+00:00","author":{"@id":"https:\/\/lesvolcansnews.net\/#\/schema\/person\/82c8bed2e77879ecf6cca63441f57354"},"breadcrumb":{"@id":"https:\/\/lesvolcansnews.net\/?p=71298#breadcrumb"},"inLanguage":"fr-FR","potentialAction":[{"@type":"ReadAction","target":["https:\/\/lesvolcansnews.net\/?p=71298"]}]},{"@type":"ImageObject","inLanguage":"fr-FR","@id":"https:\/\/lesvolcansnews.net\/?p=71298#primaryimage","url":"https:\/\/lesvolcansnews.net\/wp-content\/uploads\/2025\/12\/20251211_133915.jpg","contentUrl":"https:\/\/lesvolcansnews.net\/wp-content\/uploads\/2025\/12\/20251211_133915.jpg","width":479,"height":259},{"@type":"BreadcrumbList","@id":"https:\/\/lesvolcansnews.net\/?p=71298#breadcrumb","itemListElement":[{"@type":"ListItem","position":1,"name":"Accueil","item":"https:\/\/lesvolcansnews.net\/"},{"@type":"ListItem","position":2,"name":"Ituri : la coalition FARDC-UPDF pilonne des positions des ADF \u00e0 Babila Bakwanza"}]},{"@type":"WebSite","@id":"https:\/\/lesvolcansnews.net\/#website","url":"https:\/\/lesvolcansnews.net\/","name":"LES VOLCANS NEWS","description":"L&#039;INFORMATION C&#039;EST NOUS","potentialAction":[{"@type":"SearchAction","target":{"@type":"EntryPoint","urlTemplate":"https:\/\/lesvolcansnews.net\/?s={search_term_string}"},"query-input":{"@type":"PropertyValueSpecification","valueRequired":true,"valueName":"search_term_string"}}],"inLanguage":"fr-FR"},{"@type":"Person","@id":"https:\/\/lesvolcansnews.net\/#\/schema\/person\/82c8bed2e77879ecf6cca63441f57354","name":"R\u00e9daction - Les Volcans News","image":{"@type":"ImageObject","inLanguage":"fr-FR","@id":"https:\/\/secure.gravatar.com\/avatar\/8408942dd851e8a9c09f3d382a661bc05d2b3cd9002139bc1795b9528cdc6c80?s=96&d=mm&r=g","url":"https:\/\/secure.gravatar.com\/avatar\/8408942dd851e8a9c09f3d382a661bc05d2b3cd9002139bc1795b9528cdc6c80?s=96&d=mm&r=g","contentUrl":"https:\/\/secure.gravatar.com\/avatar\/8408942dd851e8a9c09f3d382a661bc05d2b3cd9002139bc1795b9528cdc6c80?s=96&d=mm&r=g","caption":"R\u00e9daction - Les Volcans News"},"url":"https:\/\/lesvolcansnews.net\/?author=14"}]}},"_links":{"self":[{"href":"https:\/\/lesvolcansnews.net\/index.php?rest_route=\/wp\/v2\/posts\/71298","targetHints":{"allow":["GET"]}}],"collection":[{"href":"https:\/\/lesvolcansnews.net\/index.php?rest_route=\/wp\/v2\/posts"}],"about":[{"href":"https:\/\/lesvolcansnews.net\/index.php?rest_route=\/wp\/v2\/types\/post"}],"author":[{"embeddable":true,"href":"https:\/\/lesvolcansnews.net\/index.php?rest_route=\/wp\/v2\/users\/14"}],"replies":[{"embeddable":true,"href":"https:\/\/lesvolcansnews.net\/index.php?rest_route=%2Fwp%2Fv2%2Fcomments&post=71298"}],"version-history":[{"count":0,"href":"https:\/\/lesvolcansnews.net\/index.php?rest_route=\/wp\/v2\/posts\/71298\/revisions"}],"wp:featuredmedia":[{"embeddable":true,"href":"https:\/\/lesvolcansnews.net\/index.php?rest_route=\/wp\/v2\/media\/71297"}],"wp:attachment":[{"href":"https:\/\/lesvolcansnews.net\/index.php?rest_route=%2Fwp%2Fv2%2Fmedia&parent=71298"}],"wp:term":[{"taxonomy":"category","embeddable":true,"href":"https:\/\/lesvolcansnews.net\/index.php?rest_route=%2Fwp%2Fv2%2Fcategories&post=71298"},{"taxonomy":"post_tag","embeddable":true,"href":"https:\/\/lesvolcansnews.net\/index.php?rest_route=%2Fwp%2Fv2%2Ftags&post=71298"}],"curies":[{"name":"wp","href":"https:\/\/api.w.org\/{rel}","templated":true}]}}