{"id":71294,"date":"2025-12-11T12:58:48","date_gmt":"2025-12-11T10:58:48","guid":{"rendered":"https:\/\/lesvolcansnews.net\/2025\/12\/11\/guerre-du-m23-le-gouvernement-congolais-reaffirme-sa-determination-a-defendre-lintegrite-territoriale-face-aux-attaques-du-rwanda\/"},"modified":"2025-12-11T12:58:48","modified_gmt":"2025-12-11T10:58:48","slug":"guerre-du-m23-le-gouvernement-congolais-reaffirme-sa-determination-a-defendre-lintegrite-territoriale-face-aux-attaques-du-rwanda","status":"publish","type":"post","link":"https:\/\/lesvolcansnews.net\/?p=71294","title":{"rendered":"Guerre du M23 : Le gouvernement congolais r\u00e9affirme sa d\u00e9termination \u00e0 d\u00e9fendre l&#8217;int\u00e9grit\u00e9 territoriale face aux attaques du Rwanda"},"content":{"rendered":"\n<p><\/p>\n\n\n\n<p><\/p>\n\n\n\n<p><strong>Le gouvernement de la R\u00e9publique D\u00e9mocratique du Congo (RDC) a fermement r\u00e9affirm\u00e9 sa d\u00e9termination \u00e0 d\u00e9fendre l&#8217;int\u00e9grit\u00e9 territoriale du pays apr\u00e8s les r\u00e9centes attaques du Rwanda sur l&#8217;axe Kamanyola-Uvira, dans la province du Sud-Kivu, dans l&#8217;est du pays.<\/strong><\/p>\n\n\n\n<p> <\/p>\n\n\n\n<p><\/p>\n\n\n\n<p>Le porte-parole du gouvernement, Patrick Muyaya, a d\u00e9nonc\u00e9, mercredi 10 d\u00e9cembre, les attaques directes men\u00e9es par l&#8217;arm\u00e9e rwandaise contre des zones civiles, notamment la ville d&#8217;Uvira, chef-lieu provisoire du Sud-Kivu.<\/p>\n\n\n\n<p> Dans une intervention sur la cha\u00eene publique congolais <em>T\u00e9l\u00e8ma<\/em>, M. Muyaya a pr\u00e9cis\u00e9 que les bombardements et les tirs de drones kamikazes ont \u00e9t\u00e9 lanc\u00e9s depuis le territoire rwandais, plus pr\u00e9cis\u00e9ment depuis Bugarama, ciblant des structures civiles, telles que des h\u00f4pitaux, des centres de sant\u00e9 et des habitations.<\/p>\n\n\n\n<p>&#8220;Depuis dimanche, ces bombardements ont fait de nombreuses victimes parmi nos compatriotes, tant morts que bless\u00e9s. C\u2019est une violence inou\u00efe port\u00e9e par l\u2019arm\u00e9e rwandaise, dont l\u2019objectif est de semer la mort et la d\u00e9solation&#8221;, a d\u00e9clar\u00e9 le ministre.<\/p>\n\n\n\n<p><\/p>\n\n\n\n<p>La situation s\u00e9curitaire continue de se d\u00e9grader dans la r\u00e9gion. Plus de 200 000 personnes ont \u00e9t\u00e9 d\u00e9plac\u00e9es par les violences dans les derniers jours, portant le nombre total de d\u00e9plac\u00e9s \u00e0 plus de sept millions \u00e0 travers tout le pays, selon le ministre. La crise humanitaire dans la r\u00e9gion du Sud-Kivu devient de plus en plus inqui\u00e9tante.<\/p>\n\n\n\n<p>&#8220;<em>Nous avons plus de 200 000 compatriotes nouvellement d\u00e9plac\u00e9s, qui s\u2019ajoutent aux sept millions d\u00e9j\u00e0 recens\u00e9s dans d\u2019autres zones de conflit. C\u2019est une situation alarmante<\/em>&#8220;, a ajout\u00e9 Patrick Muyaya.<\/p>\n\n\n\n<p><\/p>\n\n\n\n<p>Le gouvernement congolais a assur\u00e9 qu\u2019il ne c\u00e9derait &#8220;aucun centim\u00e8tre de son territoire&#8221;, soulignant l&#8217;engagement de toutes les autorit\u00e9s, y compris le pr\u00e9sident et la Premi\u00e8re ministre, pour suivre de pr\u00e8s l\u2019\u00e9volution de la situation.<\/p>\n\n\n\n<p>&#8220;Le pr\u00e9sident de la R\u00e9publique, la Premi\u00e8re ministre, tout le gouvernement, sont mobilis\u00e9s pour suivre la situation de pr\u00e8s et nous ne c\u00e9derons aucun centim\u00e8tre de notre territoire&#8221;, a insist\u00e9 Patrick Muyaya. <\/p>\n\n\n\n<p>Il a \u00e9galement salu\u00e9 &#8220;la bravoure et le patriotisme&#8221; des militaires et des volontaires congolais engag\u00e9s contre les forces rwandaises.<\/p>\n\n\n\n<p><strong>Un accord de paix mis \u00e0 mal<\/strong><\/p>\n\n\n\n<p>Les attaques du Rwanda interviennent \u00e0 peine six jours apr\u00e8s la signature d\u2019un accord de paix entre la RDC et les rebelles du M23, le 4 d\u00e9cembre dernier, \u00e0 Washington. L\u2019accord \u00e9tait cens\u00e9 mettre fin aux hostilit\u00e9s et garantir le respect de l\u2019int\u00e9grit\u00e9 territoriale de la RDC. Mais pour le gouvernement congolais, la situation actuelle refl\u00e8te un \u00e9chec de cet accord et une violation des engagements du Rwanda.<\/p>\n\n\n\n<p>&#8220;Six jours apr\u00e8s la signature de cet accord de paix, le constat est amer. L&#8217;accord devait garantir le respect de l\u2019int\u00e9grit\u00e9 territoriale et l\u2019arr\u00eat des hostilit\u00e9s, mais au lieu de cela, nous faisons face \u00e0 des attaques venant du territoire rwandais&#8221;, a d\u00e9clar\u00e9 Patrick Muyaya. <\/p>\n\n\n\n<p>Il a ajout\u00e9 que le retrait des troupes rwandaises, une condition essentielle de l&#8217;accord, n\u2019a pas eu lieu et que le Rwanda continue de soutenir le M23, un groupe rebelle accus\u00e9 de d\u00e9stabiliser la r\u00e9gion.<\/p>\n\n\n\n<p><\/p>\n\n\n\n<p>Le porte-parole du gouvernement congolais a \u00e9galement lanc\u00e9 un appel \u00e0 la communaut\u00e9 internationale pour soutenir la RDC dans sa lutte contre les agressions ext\u00e9rieures et la d\u00e9fense de son int\u00e9grit\u00e9 territoriale. &#8220;Le monde doit comprendre que ce n\u2019est pas seulement un probl\u00e8me r\u00e9gional, mais un d\u00e9fi pour la paix et la stabilit\u00e9 internationales&#8221;, a-t-il d\u00e9clar\u00e9.<\/p>\n\n\n\n<p>Le gouvernement congolais reste d\u00e9termin\u00e9 \u00e0 d\u00e9fendre son territoire face aux attaques r\u00e9p\u00e9t\u00e9es et met en garde contre toute tentative de d\u00e9stabilisation de la r\u00e9gion, rappelant que la RDC ne c\u00e9dera &#8220;aucun centim\u00e8tre de son sol&#8221;.<\/p>\n\n\n\n<p><strong>La guerre se poursuit dans l\u2019Est du pays<\/strong><\/p>\n\n\n\n<p>Le conflit dans l\u2019Est de la RDC dure depuis plusieurs ann\u00e9es, exacerb\u00e9e par la pr\u00e9sence de divers groupes arm\u00e9s, dont le M23 soutenu par le Rwanda, selon le gouvernement congolais. La situation \u00e0 Uvira devient un nouveau front de cette guerre de plus en plus complexe.<\/p>\n\n\n\n<p>Alors que les autorit\u00e9s congolaises continuent de mobiliser leurs forces pour d\u00e9fendre leur territoire, les civils restent les premi\u00e8res victimes de cette guerre, fuyant les bombardements et les combats incessants.<\/p>\n\n\n\n<p><em>La r\u00e9daction <\/em><\/p>\n","protected":false},"excerpt":{"rendered":"<p>Le gouvernement de la R\u00e9publique D\u00e9mocratique du Congo (RDC) a fermement r\u00e9affirm\u00e9 sa d\u00e9termination \u00e0 d\u00e9fendre l&#8217;int\u00e9grit\u00e9 territoriale du pays apr\u00e8s les r\u00e9centes attaques du Rwanda sur l&#8217;axe Kamanyola-Uvira, dans<\/p>\n","protected":false},"author":14,"featured_media":71293,"comment_status":"open","ping_status":"open","sticky":false,"template":"","format":"standard","meta":{"footnotes":""},"categories":[1],"tags":[],"class_list":["post-71294","post","type-post","status-publish","format-standard","has-post-thumbnail","hentry","category-actualite"],"yoast_head":"<!-- This site is optimized with the Yoast SEO plugin v27.3 - https:\/\/yoast.com\/product\/yoast-seo-wordpress\/ -->\n<title>Guerre du M23 : Le gouvernement congolais r\u00e9affirme sa d\u00e9termination \u00e0 d\u00e9fendre l&#039;int\u00e9grit\u00e9 territoriale face aux attaques du Rwanda - LES VOLCANS NEWS<\/title>\n<meta name=\"robots\" content=\"index, follow, max-snippet:-1, max-image-preview:large, max-video-preview:-1\" \/>\n<link rel=\"canonical\" href=\"https:\/\/lesvolcansnews.net\/?p=71294\" \/>\n<meta property=\"og:locale\" content=\"fr_FR\" \/>\n<meta property=\"og:type\" content=\"article\" \/>\n<meta property=\"og:title\" content=\"Guerre du M23 : Le gouvernement congolais r\u00e9affirme sa d\u00e9termination \u00e0 d\u00e9fendre l&#039;int\u00e9grit\u00e9 territoriale face aux attaques du Rwanda - LES VOLCANS NEWS\" \/>\n<meta property=\"og:description\" content=\"Le gouvernement de la R\u00e9publique D\u00e9mocratique du Congo (RDC) a fermement r\u00e9affirm\u00e9 sa d\u00e9termination \u00e0 d\u00e9fendre l&#8217;int\u00e9grit\u00e9 territoriale du pays apr\u00e8s les r\u00e9centes attaques du Rwanda sur l&#8217;axe Kamanyola-Uvira, dans\" \/>\n<meta property=\"og:url\" content=\"https:\/\/lesvolcansnews.net\/?p=71294\" \/>\n<meta property=\"og:site_name\" content=\"LES VOLCANS NEWS\" \/>\n<meta property=\"article:published_time\" content=\"2025-12-11T10:58:48+00:00\" \/>\n<meta property=\"og:image\" content=\"https:\/\/lesvolcansnews.net\/wp-content\/uploads\/2025\/12\/FB_IMG_1765450696606.jpg\" \/>\n\t<meta property=\"og:image:width\" content=\"720\" \/>\n\t<meta property=\"og:image:height\" content=\"405\" \/>\n\t<meta property=\"og:image:type\" content=\"image\/jpeg\" \/>\n<meta name=\"author\" content=\"R\u00e9daction - Les Volcans News\" \/>\n<meta name=\"twitter:card\" content=\"summary_large_image\" \/>\n<meta name=\"twitter:label1\" content=\"\u00c9crit par\" \/>\n\t<meta name=\"twitter:data1\" content=\"R\u00e9daction - Les Volcans News\" \/>\n\t<meta name=\"twitter:label2\" content=\"Dur\u00e9e de lecture estim\u00e9e\" \/>\n\t<meta name=\"twitter:data2\" content=\"4 minutes\" \/>\n<script type=\"application\/ld+json\" class=\"yoast-schema-graph\">{\"@context\":\"https:\\\/\\\/schema.org\",\"@graph\":[{\"@type\":\"Article\",\"@id\":\"https:\\\/\\\/lesvolcansnews.net\\\/?p=71294#article\",\"isPartOf\":{\"@id\":\"https:\\\/\\\/lesvolcansnews.net\\\/?p=71294\"},\"author\":{\"name\":\"R\u00e9daction - Les Volcans News\",\"@id\":\"https:\\\/\\\/lesvolcansnews.net\\\/#\\\/schema\\\/person\\\/82c8bed2e77879ecf6cca63441f57354\"},\"headline\":\"Guerre du M23 : Le gouvernement congolais r\u00e9affirme sa d\u00e9termination \u00e0 d\u00e9fendre l&#8217;int\u00e9grit\u00e9 territoriale face aux attaques du Rwanda\",\"datePublished\":\"2025-12-11T10:58:48+00:00\",\"mainEntityOfPage\":{\"@id\":\"https:\\\/\\\/lesvolcansnews.net\\\/?p=71294\"},\"wordCount\":781,\"commentCount\":0,\"image\":{\"@id\":\"https:\\\/\\\/lesvolcansnews.net\\\/?p=71294#primaryimage\"},\"thumbnailUrl\":\"https:\\\/\\\/lesvolcansnews.net\\\/wp-content\\\/uploads\\\/2025\\\/12\\\/FB_IMG_1765450696606.jpg\",\"articleSection\":[\"ACTUALIT\u00c9\"],\"inLanguage\":\"fr-FR\",\"potentialAction\":[{\"@type\":\"CommentAction\",\"name\":\"Comment\",\"target\":[\"https:\\\/\\\/lesvolcansnews.net\\\/?p=71294#respond\"]}]},{\"@type\":\"WebPage\",\"@id\":\"https:\\\/\\\/lesvolcansnews.net\\\/?p=71294\",\"url\":\"https:\\\/\\\/lesvolcansnews.net\\\/?p=71294\",\"name\":\"Guerre du M23 : Le gouvernement congolais r\u00e9affirme sa d\u00e9termination \u00e0 d\u00e9fendre l'int\u00e9grit\u00e9 territoriale face aux attaques du Rwanda - LES VOLCANS NEWS\",\"isPartOf\":{\"@id\":\"https:\\\/\\\/lesvolcansnews.net\\\/#website\"},\"primaryImageOfPage\":{\"@id\":\"https:\\\/\\\/lesvolcansnews.net\\\/?p=71294#primaryimage\"},\"image\":{\"@id\":\"https:\\\/\\\/lesvolcansnews.net\\\/?p=71294#primaryimage\"},\"thumbnailUrl\":\"https:\\\/\\\/lesvolcansnews.net\\\/wp-content\\\/uploads\\\/2025\\\/12\\\/FB_IMG_1765450696606.jpg\",\"datePublished\":\"2025-12-11T10:58:48+00:00\",\"author\":{\"@id\":\"https:\\\/\\\/lesvolcansnews.net\\\/#\\\/schema\\\/person\\\/82c8bed2e77879ecf6cca63441f57354\"},\"breadcrumb\":{\"@id\":\"https:\\\/\\\/lesvolcansnews.net\\\/?p=71294#breadcrumb\"},\"inLanguage\":\"fr-FR\",\"potentialAction\":[{\"@type\":\"ReadAction\",\"target\":[\"https:\\\/\\\/lesvolcansnews.net\\\/?p=71294\"]}]},{\"@type\":\"ImageObject\",\"inLanguage\":\"fr-FR\",\"@id\":\"https:\\\/\\\/lesvolcansnews.net\\\/?p=71294#primaryimage\",\"url\":\"https:\\\/\\\/lesvolcansnews.net\\\/wp-content\\\/uploads\\\/2025\\\/12\\\/FB_IMG_1765450696606.jpg\",\"contentUrl\":\"https:\\\/\\\/lesvolcansnews.net\\\/wp-content\\\/uploads\\\/2025\\\/12\\\/FB_IMG_1765450696606.jpg\",\"width\":720,\"height\":405},{\"@type\":\"BreadcrumbList\",\"@id\":\"https:\\\/\\\/lesvolcansnews.net\\\/?p=71294#breadcrumb\",\"itemListElement\":[{\"@type\":\"ListItem\",\"position\":1,\"name\":\"Accueil\",\"item\":\"https:\\\/\\\/lesvolcansnews.net\\\/\"},{\"@type\":\"ListItem\",\"position\":2,\"name\":\"Guerre du M23 : Le gouvernement congolais r\u00e9affirme sa d\u00e9termination \u00e0 d\u00e9fendre l&#8217;int\u00e9grit\u00e9 territoriale face aux attaques du Rwanda\"}]},{\"@type\":\"WebSite\",\"@id\":\"https:\\\/\\\/lesvolcansnews.net\\\/#website\",\"url\":\"https:\\\/\\\/lesvolcansnews.net\\\/\",\"name\":\"LES VOLCANS NEWS\",\"description\":\"L&#039;INFORMATION C&#039;EST NOUS\",\"potentialAction\":[{\"@type\":\"SearchAction\",\"target\":{\"@type\":\"EntryPoint\",\"urlTemplate\":\"https:\\\/\\\/lesvolcansnews.net\\\/?s={search_term_string}\"},\"query-input\":{\"@type\":\"PropertyValueSpecification\",\"valueRequired\":true,\"valueName\":\"search_term_string\"}}],\"inLanguage\":\"fr-FR\"},{\"@type\":\"Person\",\"@id\":\"https:\\\/\\\/lesvolcansnews.net\\\/#\\\/schema\\\/person\\\/82c8bed2e77879ecf6cca63441f57354\",\"name\":\"R\u00e9daction - Les Volcans News\",\"image\":{\"@type\":\"ImageObject\",\"inLanguage\":\"fr-FR\",\"@id\":\"https:\\\/\\\/secure.gravatar.com\\\/avatar\\\/8408942dd851e8a9c09f3d382a661bc05d2b3cd9002139bc1795b9528cdc6c80?s=96&d=mm&r=g\",\"url\":\"https:\\\/\\\/secure.gravatar.com\\\/avatar\\\/8408942dd851e8a9c09f3d382a661bc05d2b3cd9002139bc1795b9528cdc6c80?s=96&d=mm&r=g\",\"contentUrl\":\"https:\\\/\\\/secure.gravatar.com\\\/avatar\\\/8408942dd851e8a9c09f3d382a661bc05d2b3cd9002139bc1795b9528cdc6c80?s=96&d=mm&r=g\",\"caption\":\"R\u00e9daction - Les Volcans News\"},\"url\":\"https:\\\/\\\/lesvolcansnews.net\\\/?author=14\"}]}<\/script>\n<!-- \/ Yoast SEO plugin. -->","yoast_head_json":{"title":"Guerre du M23 : Le gouvernement congolais r\u00e9affirme sa d\u00e9termination \u00e0 d\u00e9fendre l'int\u00e9grit\u00e9 territoriale face aux attaques du Rwanda - LES VOLCANS NEWS","robots":{"index":"index","follow":"follow","max-snippet":"max-snippet:-1","max-image-preview":"max-image-preview:large","max-video-preview":"max-video-preview:-1"},"canonical":"https:\/\/lesvolcansnews.net\/?p=71294","og_locale":"fr_FR","og_type":"article","og_title":"Guerre du M23 : Le gouvernement congolais r\u00e9affirme sa d\u00e9termination \u00e0 d\u00e9fendre l'int\u00e9grit\u00e9 territoriale face aux attaques du Rwanda - LES VOLCANS NEWS","og_description":"Le gouvernement de la R\u00e9publique D\u00e9mocratique du Congo (RDC) a fermement r\u00e9affirm\u00e9 sa d\u00e9termination \u00e0 d\u00e9fendre l&#8217;int\u00e9grit\u00e9 territoriale du pays apr\u00e8s les r\u00e9centes attaques du Rwanda sur l&#8217;axe Kamanyola-Uvira, dans","og_url":"https:\/\/lesvolcansnews.net\/?p=71294","og_site_name":"LES VOLCANS NEWS","article_published_time":"2025-12-11T10:58:48+00:00","og_image":[{"width":720,"height":405,"url":"https:\/\/lesvolcansnews.net\/wp-content\/uploads\/2025\/12\/FB_IMG_1765450696606.jpg","type":"image\/jpeg"}],"author":"R\u00e9daction - Les Volcans News","twitter_card":"summary_large_image","twitter_misc":{"\u00c9crit par":"R\u00e9daction - Les Volcans News","Dur\u00e9e de lecture estim\u00e9e":"4 minutes"},"schema":{"@context":"https:\/\/schema.org","@graph":[{"@type":"Article","@id":"https:\/\/lesvolcansnews.net\/?p=71294#article","isPartOf":{"@id":"https:\/\/lesvolcansnews.net\/?p=71294"},"author":{"name":"R\u00e9daction - Les Volcans News","@id":"https:\/\/lesvolcansnews.net\/#\/schema\/person\/82c8bed2e77879ecf6cca63441f57354"},"headline":"Guerre du M23 : Le gouvernement congolais r\u00e9affirme sa d\u00e9termination \u00e0 d\u00e9fendre l&#8217;int\u00e9grit\u00e9 territoriale face aux attaques du Rwanda","datePublished":"2025-12-11T10:58:48+00:00","mainEntityOfPage":{"@id":"https:\/\/lesvolcansnews.net\/?p=71294"},"wordCount":781,"commentCount":0,"image":{"@id":"https:\/\/lesvolcansnews.net\/?p=71294#primaryimage"},"thumbnailUrl":"https:\/\/lesvolcansnews.net\/wp-content\/uploads\/2025\/12\/FB_IMG_1765450696606.jpg","articleSection":["ACTUALIT\u00c9"],"inLanguage":"fr-FR","potentialAction":[{"@type":"CommentAction","name":"Comment","target":["https:\/\/lesvolcansnews.net\/?p=71294#respond"]}]},{"@type":"WebPage","@id":"https:\/\/lesvolcansnews.net\/?p=71294","url":"https:\/\/lesvolcansnews.net\/?p=71294","name":"Guerre du M23 : Le gouvernement congolais r\u00e9affirme sa d\u00e9termination \u00e0 d\u00e9fendre l'int\u00e9grit\u00e9 territoriale face aux attaques du Rwanda - LES VOLCANS NEWS","isPartOf":{"@id":"https:\/\/lesvolcansnews.net\/#website"},"primaryImageOfPage":{"@id":"https:\/\/lesvolcansnews.net\/?p=71294#primaryimage"},"image":{"@id":"https:\/\/lesvolcansnews.net\/?p=71294#primaryimage"},"thumbnailUrl":"https:\/\/lesvolcansnews.net\/wp-content\/uploads\/2025\/12\/FB_IMG_1765450696606.jpg","datePublished":"2025-12-11T10:58:48+00:00","author":{"@id":"https:\/\/lesvolcansnews.net\/#\/schema\/person\/82c8bed2e77879ecf6cca63441f57354"},"breadcrumb":{"@id":"https:\/\/lesvolcansnews.net\/?p=71294#breadcrumb"},"inLanguage":"fr-FR","potentialAction":[{"@type":"ReadAction","target":["https:\/\/lesvolcansnews.net\/?p=71294"]}]},{"@type":"ImageObject","inLanguage":"fr-FR","@id":"https:\/\/lesvolcansnews.net\/?p=71294#primaryimage","url":"https:\/\/lesvolcansnews.net\/wp-content\/uploads\/2025\/12\/FB_IMG_1765450696606.jpg","contentUrl":"https:\/\/lesvolcansnews.net\/wp-content\/uploads\/2025\/12\/FB_IMG_1765450696606.jpg","width":720,"height":405},{"@type":"BreadcrumbList","@id":"https:\/\/lesvolcansnews.net\/?p=71294#breadcrumb","itemListElement":[{"@type":"ListItem","position":1,"name":"Accueil","item":"https:\/\/lesvolcansnews.net\/"},{"@type":"ListItem","position":2,"name":"Guerre du M23 : Le gouvernement congolais r\u00e9affirme sa d\u00e9termination \u00e0 d\u00e9fendre l&#8217;int\u00e9grit\u00e9 territoriale face aux attaques du Rwanda"}]},{"@type":"WebSite","@id":"https:\/\/lesvolcansnews.net\/#website","url":"https:\/\/lesvolcansnews.net\/","name":"LES VOLCANS NEWS","description":"L&#039;INFORMATION C&#039;EST NOUS","potentialAction":[{"@type":"SearchAction","target":{"@type":"EntryPoint","urlTemplate":"https:\/\/lesvolcansnews.net\/?s={search_term_string}"},"query-input":{"@type":"PropertyValueSpecification","valueRequired":true,"valueName":"search_term_string"}}],"inLanguage":"fr-FR"},{"@type":"Person","@id":"https:\/\/lesvolcansnews.net\/#\/schema\/person\/82c8bed2e77879ecf6cca63441f57354","name":"R\u00e9daction - Les Volcans News","image":{"@type":"ImageObject","inLanguage":"fr-FR","@id":"https:\/\/secure.gravatar.com\/avatar\/8408942dd851e8a9c09f3d382a661bc05d2b3cd9002139bc1795b9528cdc6c80?s=96&d=mm&r=g","url":"https:\/\/secure.gravatar.com\/avatar\/8408942dd851e8a9c09f3d382a661bc05d2b3cd9002139bc1795b9528cdc6c80?s=96&d=mm&r=g","contentUrl":"https:\/\/secure.gravatar.com\/avatar\/8408942dd851e8a9c09f3d382a661bc05d2b3cd9002139bc1795b9528cdc6c80?s=96&d=mm&r=g","caption":"R\u00e9daction - Les Volcans News"},"url":"https:\/\/lesvolcansnews.net\/?author=14"}]}},"_links":{"self":[{"href":"https:\/\/lesvolcansnews.net\/index.php?rest_route=\/wp\/v2\/posts\/71294","targetHints":{"allow":["GET"]}}],"collection":[{"href":"https:\/\/lesvolcansnews.net\/index.php?rest_route=\/wp\/v2\/posts"}],"about":[{"href":"https:\/\/lesvolcansnews.net\/index.php?rest_route=\/wp\/v2\/types\/post"}],"author":[{"embeddable":true,"href":"https:\/\/lesvolcansnews.net\/index.php?rest_route=\/wp\/v2\/users\/14"}],"replies":[{"embeddable":true,"href":"https:\/\/lesvolcansnews.net\/index.php?rest_route=%2Fwp%2Fv2%2Fcomments&post=71294"}],"version-history":[{"count":0,"href":"https:\/\/lesvolcansnews.net\/index.php?rest_route=\/wp\/v2\/posts\/71294\/revisions"}],"wp:featuredmedia":[{"embeddable":true,"href":"https:\/\/lesvolcansnews.net\/index.php?rest_route=\/wp\/v2\/media\/71293"}],"wp:attachment":[{"href":"https:\/\/lesvolcansnews.net\/index.php?rest_route=%2Fwp%2Fv2%2Fmedia&parent=71294"}],"wp:term":[{"taxonomy":"category","embeddable":true,"href":"https:\/\/lesvolcansnews.net\/index.php?rest_route=%2Fwp%2Fv2%2Fcategories&post=71294"},{"taxonomy":"post_tag","embeddable":true,"href":"https:\/\/lesvolcansnews.net\/index.php?rest_route=%2Fwp%2Fv2%2Ftags&post=71294"}],"curies":[{"name":"wp","href":"https:\/\/api.w.org\/{rel}","templated":true}]}}