{"id":71288,"date":"2025-12-11T10:57:46","date_gmt":"2025-12-11T08:57:46","guid":{"rendered":"https:\/\/lesvolcansnews.net\/2025\/12\/11\/guerre-du-m23-afc-413-civils-tues-dont-des-femmes-et-enfants-a-uvira-gouvernement\/"},"modified":"2025-12-11T10:57:46","modified_gmt":"2025-12-11T08:57:46","slug":"guerre-du-m23-afc-413-civils-tues-dont-des-femmes-et-enfants-a-uvira-gouvernement","status":"publish","type":"post","link":"https:\/\/lesvolcansnews.net\/?p=71288","title":{"rendered":"Guerre du M23\/AFC : 413 civils tu\u00e9s, dont des femmes et enfants \u00e0 Uvira (Gouvernement)"},"content":{"rendered":"\n<p><\/p>\n\n\n\n<p><strong>Le gouvernement provincial du Sud-Kivu a annonc\u00e9 ce mercredi 10 d\u00e9cembre d\u00e9cembre un bilan de 413 civils tu\u00e9s, parmi lesquels de nombreuses femmes, enfants et jeunes, dans des attaques violentes \u00e0 Kamanyola, Katogota, Luvungi, Mwegera, Luberizi, Mutarule, Lemera, Sange, Kiliba, ainsi qu\u2019\u00e0 Uvira.<\/strong><\/p>\n\n\n\n<p>Ces attaques, attribu\u00e9es a M23 et alli\u00e9s, ont laiss\u00e9 derri\u00e8re elles une crise humanitaire d&#8217;une ampleur consid\u00e9rable, avec plus de 200 000 d\u00e9plac\u00e9s fuyant les zones touch\u00e9es.<\/p>\n\n\n\n<p>&#8220;Ces violences ne sont pas des actes isol\u00e9s mais s\u2019inscrivent dans une strat\u00e9gie d\u00e9lib\u00e9r\u00e9e de carnage, visant \u00e0 briser la r\u00e9sistance locale, \u00e0 semer la terreur et \u00e0 forcer des d\u00e9placements massifs de la population&#8221;, a d\u00e9clar\u00e9 le porte-parole du gouvernement provincial, Me Didier Kab Luganywa-Bashizhi, dans une conf\u00e9rence de presse.<\/p>\n\n\n\n<p>Le bilan, \u00e9tabli apr\u00e8s une visite d&#8217;\u00e9valuation du gouverneur du Sud-Kivu, le Professeur Jean-Jacques Purusi Sadiki, dans les h\u00f4pitaux de la r\u00e9gion, fait \u00e9tat de civils tu\u00e9s par balles, grenades et bombardements.<\/p>\n\n\n\n<p>Les autorit\u00e9s ont pr\u00e9cis\u00e9 que ces attaques visaient notamment les familles des r\u00e9sistants locaux, renfor\u00e7ant ainsi la perception d\u2019une op\u00e9ration visant \u00e0 d\u00e9truire toute forme de r\u00e9sistance populaire dans cette r\u00e9gion de l&#8217;Est de la R\u00e9publique D\u00e9mocratique du Congo.<\/p>\n\n\n\n<p>Selon le communiqu\u00e9 officiel, les forces pr\u00e9sentes \u00e0 Uvira sont compos\u00e9es de militaires rwandais et de mercenaires \u00e9trangers.<\/p>\n\n\n\n<p>&#8220;Ces forces op\u00e8rent en totale violation des accords de cessez-le-feu de Washington et de Doha, ignorant leurs engagements souscrits pour la paix&#8221;, a ajout\u00e9 Me Luganywa-Bashizhi.<\/p>\n\n\n\n<p>Les tensions \u00e0 Uvira se sont intensifi\u00e9es apr\u00e8s l&#8217;attaque du 9 d\u00e9cembre, bien que la situation soit rest\u00e9e relativement calme durant la nuit gr\u00e2ce \u00e0 la pr\u00e9sence dissuasive des forces de d\u00e9fense et de s\u00e9curit\u00e9 locales, indique le gouvernement.<\/p>\n\n\n\n<p>Le gouvernement provincial d\u00e9nonce une &#8220;crise humanitaire majeure&#8221; qui frappe actuellement la r\u00e9gion, avec des centaines de milliers de civils contraints de fuir la ville d&#8217;Uvira dans des conditions pr\u00e9caires. Le manque d\u2019assistance humanitaire rend la situation encore plus dramatique, incitant les autorit\u00e9s \u00e0 appeler \u00e0 une mobilisation imm\u00e9diate de la communaut\u00e9 internationale.<\/p>\n\n\n\n<p>&#8220;Nous alertons la communaut\u00e9 internationale sur les risques d\u2019un nouveau carnage \u00e0 grande \u00e9chelle. Il est imp\u00e9ratif que la protection des populations civiles devienne une priorit\u00e9, et que des mesures soient prises pour r\u00e9tablir la s\u00e9curit\u00e9 et pr\u00e9venir de nouvelles violences&#8221;, a insist\u00e9 le gouvernement provincial.<\/p>\n\n\n\n<p>Les autorit\u00e9s locales ont demand\u00e9 un soutien urgent et coordonn\u00e9 pour \u00e9viter une catastrophe humanitaire.<\/p>\n\n\n\n<p>Le gouverneur a \u00e9galement appel\u00e9 \u00e0 la solidarit\u00e9 nationale et internationale afin de soutenir les d\u00e9plac\u00e9s et de fournir des ressources pour aider les familles touch\u00e9es par ces attaques.<\/p>\n\n\n\n<p>La situation dans le Sud-Kivu demeure pr\u00e9caire et suscite une inqui\u00e9tude croissante sur la stabilit\u00e9 de l\u2019ensemble de l\u2019Est de la RDC.<\/p>\n\n\n\n<p>&#8220;Nous demandons des actions concr\u00e8tes pour arr\u00eater ce cycle de violences et restaurer la paix dans l&#8217;Est de la R\u00e9publique D\u00e9mocratique du Congo&#8221;, a conclu Me Didier Kab Luganywa-Bashizhi.<\/p>\n\n\n\n<p>La r\u00e9daction<\/p>\n","protected":false},"excerpt":{"rendered":"<p>Le gouvernement provincial du Sud-Kivu a annonc\u00e9 ce mercredi 10 d\u00e9cembre d\u00e9cembre un bilan de 413 civils tu\u00e9s, parmi lesquels de nombreuses femmes, enfants et jeunes, dans des attaques violentes<\/p>\n","protected":false},"author":14,"featured_media":71287,"comment_status":"open","ping_status":"open","sticky":false,"template":"","format":"standard","meta":{"footnotes":""},"categories":[1],"tags":[],"class_list":["post-71288","post","type-post","status-publish","format-standard","has-post-thumbnail","hentry","category-actualite"],"yoast_head":"<!-- This site is optimized with the Yoast SEO plugin v27.3 - https:\/\/yoast.com\/product\/yoast-seo-wordpress\/ -->\n<title>Guerre du M23\/AFC : 413 civils tu\u00e9s, dont des femmes et enfants \u00e0 Uvira (Gouvernement) - LES VOLCANS NEWS<\/title>\n<meta name=\"robots\" content=\"index, follow, max-snippet:-1, max-image-preview:large, max-video-preview:-1\" \/>\n<link rel=\"canonical\" href=\"https:\/\/lesvolcansnews.net\/?p=71288\" \/>\n<meta property=\"og:locale\" content=\"fr_FR\" \/>\n<meta property=\"og:type\" content=\"article\" \/>\n<meta property=\"og:title\" content=\"Guerre du M23\/AFC : 413 civils tu\u00e9s, dont des femmes et enfants \u00e0 Uvira (Gouvernement) - LES VOLCANS NEWS\" \/>\n<meta property=\"og:description\" content=\"Le gouvernement provincial du Sud-Kivu a annonc\u00e9 ce mercredi 10 d\u00e9cembre d\u00e9cembre un bilan de 413 civils tu\u00e9s, parmi lesquels de nombreuses femmes, enfants et jeunes, dans des attaques violentes\" \/>\n<meta property=\"og:url\" content=\"https:\/\/lesvolcansnews.net\/?p=71288\" \/>\n<meta property=\"og:site_name\" content=\"LES VOLCANS NEWS\" \/>\n<meta property=\"article:published_time\" content=\"2025-12-11T08:57:46+00:00\" \/>\n<meta property=\"og:image\" content=\"https:\/\/lesvolcansnews.net\/wp-content\/uploads\/2025\/12\/FB_IMG_1765443392139.jpg\" \/>\n\t<meta property=\"og:image:width\" content=\"700\" \/>\n\t<meta property=\"og:image:height\" content=\"394\" \/>\n\t<meta property=\"og:image:type\" content=\"image\/jpeg\" \/>\n<meta name=\"author\" content=\"R\u00e9daction - Les Volcans News\" \/>\n<meta name=\"twitter:card\" content=\"summary_large_image\" \/>\n<meta name=\"twitter:label1\" content=\"\u00c9crit par\" \/>\n\t<meta name=\"twitter:data1\" content=\"R\u00e9daction - Les Volcans News\" \/>\n\t<meta name=\"twitter:label2\" content=\"Dur\u00e9e de lecture estim\u00e9e\" \/>\n\t<meta name=\"twitter:data2\" content=\"3 minutes\" \/>\n<script type=\"application\/ld+json\" class=\"yoast-schema-graph\">{\"@context\":\"https:\\\/\\\/schema.org\",\"@graph\":[{\"@type\":\"Article\",\"@id\":\"https:\\\/\\\/lesvolcansnews.net\\\/?p=71288#article\",\"isPartOf\":{\"@id\":\"https:\\\/\\\/lesvolcansnews.net\\\/?p=71288\"},\"author\":{\"name\":\"R\u00e9daction - Les Volcans News\",\"@id\":\"https:\\\/\\\/lesvolcansnews.net\\\/#\\\/schema\\\/person\\\/82c8bed2e77879ecf6cca63441f57354\"},\"headline\":\"Guerre du M23\\\/AFC : 413 civils tu\u00e9s, dont des femmes et enfants \u00e0 Uvira (Gouvernement)\",\"datePublished\":\"2025-12-11T08:57:46+00:00\",\"mainEntityOfPage\":{\"@id\":\"https:\\\/\\\/lesvolcansnews.net\\\/?p=71288\"},\"wordCount\":544,\"commentCount\":0,\"image\":{\"@id\":\"https:\\\/\\\/lesvolcansnews.net\\\/?p=71288#primaryimage\"},\"thumbnailUrl\":\"https:\\\/\\\/lesvolcansnews.net\\\/wp-content\\\/uploads\\\/2025\\\/12\\\/FB_IMG_1765443392139.jpg\",\"articleSection\":[\"ACTUALIT\u00c9\"],\"inLanguage\":\"fr-FR\",\"potentialAction\":[{\"@type\":\"CommentAction\",\"name\":\"Comment\",\"target\":[\"https:\\\/\\\/lesvolcansnews.net\\\/?p=71288#respond\"]}]},{\"@type\":\"WebPage\",\"@id\":\"https:\\\/\\\/lesvolcansnews.net\\\/?p=71288\",\"url\":\"https:\\\/\\\/lesvolcansnews.net\\\/?p=71288\",\"name\":\"Guerre du M23\\\/AFC : 413 civils tu\u00e9s, dont des femmes et enfants \u00e0 Uvira (Gouvernement) - LES VOLCANS NEWS\",\"isPartOf\":{\"@id\":\"https:\\\/\\\/lesvolcansnews.net\\\/#website\"},\"primaryImageOfPage\":{\"@id\":\"https:\\\/\\\/lesvolcansnews.net\\\/?p=71288#primaryimage\"},\"image\":{\"@id\":\"https:\\\/\\\/lesvolcansnews.net\\\/?p=71288#primaryimage\"},\"thumbnailUrl\":\"https:\\\/\\\/lesvolcansnews.net\\\/wp-content\\\/uploads\\\/2025\\\/12\\\/FB_IMG_1765443392139.jpg\",\"datePublished\":\"2025-12-11T08:57:46+00:00\",\"author\":{\"@id\":\"https:\\\/\\\/lesvolcansnews.net\\\/#\\\/schema\\\/person\\\/82c8bed2e77879ecf6cca63441f57354\"},\"breadcrumb\":{\"@id\":\"https:\\\/\\\/lesvolcansnews.net\\\/?p=71288#breadcrumb\"},\"inLanguage\":\"fr-FR\",\"potentialAction\":[{\"@type\":\"ReadAction\",\"target\":[\"https:\\\/\\\/lesvolcansnews.net\\\/?p=71288\"]}]},{\"@type\":\"ImageObject\",\"inLanguage\":\"fr-FR\",\"@id\":\"https:\\\/\\\/lesvolcansnews.net\\\/?p=71288#primaryimage\",\"url\":\"https:\\\/\\\/lesvolcansnews.net\\\/wp-content\\\/uploads\\\/2025\\\/12\\\/FB_IMG_1765443392139.jpg\",\"contentUrl\":\"https:\\\/\\\/lesvolcansnews.net\\\/wp-content\\\/uploads\\\/2025\\\/12\\\/FB_IMG_1765443392139.jpg\",\"width\":700,\"height\":394},{\"@type\":\"BreadcrumbList\",\"@id\":\"https:\\\/\\\/lesvolcansnews.net\\\/?p=71288#breadcrumb\",\"itemListElement\":[{\"@type\":\"ListItem\",\"position\":1,\"name\":\"Accueil\",\"item\":\"https:\\\/\\\/lesvolcansnews.net\\\/\"},{\"@type\":\"ListItem\",\"position\":2,\"name\":\"Guerre du M23\\\/AFC : 413 civils tu\u00e9s, dont des femmes et enfants \u00e0 Uvira (Gouvernement)\"}]},{\"@type\":\"WebSite\",\"@id\":\"https:\\\/\\\/lesvolcansnews.net\\\/#website\",\"url\":\"https:\\\/\\\/lesvolcansnews.net\\\/\",\"name\":\"LES VOLCANS NEWS\",\"description\":\"L&#039;INFORMATION C&#039;EST NOUS\",\"potentialAction\":[{\"@type\":\"SearchAction\",\"target\":{\"@type\":\"EntryPoint\",\"urlTemplate\":\"https:\\\/\\\/lesvolcansnews.net\\\/?s={search_term_string}\"},\"query-input\":{\"@type\":\"PropertyValueSpecification\",\"valueRequired\":true,\"valueName\":\"search_term_string\"}}],\"inLanguage\":\"fr-FR\"},{\"@type\":\"Person\",\"@id\":\"https:\\\/\\\/lesvolcansnews.net\\\/#\\\/schema\\\/person\\\/82c8bed2e77879ecf6cca63441f57354\",\"name\":\"R\u00e9daction - Les Volcans News\",\"image\":{\"@type\":\"ImageObject\",\"inLanguage\":\"fr-FR\",\"@id\":\"https:\\\/\\\/secure.gravatar.com\\\/avatar\\\/8408942dd851e8a9c09f3d382a661bc05d2b3cd9002139bc1795b9528cdc6c80?s=96&d=mm&r=g\",\"url\":\"https:\\\/\\\/secure.gravatar.com\\\/avatar\\\/8408942dd851e8a9c09f3d382a661bc05d2b3cd9002139bc1795b9528cdc6c80?s=96&d=mm&r=g\",\"contentUrl\":\"https:\\\/\\\/secure.gravatar.com\\\/avatar\\\/8408942dd851e8a9c09f3d382a661bc05d2b3cd9002139bc1795b9528cdc6c80?s=96&d=mm&r=g\",\"caption\":\"R\u00e9daction - Les Volcans News\"},\"url\":\"https:\\\/\\\/lesvolcansnews.net\\\/?author=14\"}]}<\/script>\n<!-- \/ Yoast SEO plugin. -->","yoast_head_json":{"title":"Guerre du M23\/AFC : 413 civils tu\u00e9s, dont des femmes et enfants \u00e0 Uvira (Gouvernement) - LES VOLCANS NEWS","robots":{"index":"index","follow":"follow","max-snippet":"max-snippet:-1","max-image-preview":"max-image-preview:large","max-video-preview":"max-video-preview:-1"},"canonical":"https:\/\/lesvolcansnews.net\/?p=71288","og_locale":"fr_FR","og_type":"article","og_title":"Guerre du M23\/AFC : 413 civils tu\u00e9s, dont des femmes et enfants \u00e0 Uvira (Gouvernement) - LES VOLCANS NEWS","og_description":"Le gouvernement provincial du Sud-Kivu a annonc\u00e9 ce mercredi 10 d\u00e9cembre d\u00e9cembre un bilan de 413 civils tu\u00e9s, parmi lesquels de nombreuses femmes, enfants et jeunes, dans des attaques violentes","og_url":"https:\/\/lesvolcansnews.net\/?p=71288","og_site_name":"LES VOLCANS NEWS","article_published_time":"2025-12-11T08:57:46+00:00","og_image":[{"width":700,"height":394,"url":"https:\/\/lesvolcansnews.net\/wp-content\/uploads\/2025\/12\/FB_IMG_1765443392139.jpg","type":"image\/jpeg"}],"author":"R\u00e9daction - Les Volcans News","twitter_card":"summary_large_image","twitter_misc":{"\u00c9crit par":"R\u00e9daction - Les Volcans News","Dur\u00e9e de lecture estim\u00e9e":"3 minutes"},"schema":{"@context":"https:\/\/schema.org","@graph":[{"@type":"Article","@id":"https:\/\/lesvolcansnews.net\/?p=71288#article","isPartOf":{"@id":"https:\/\/lesvolcansnews.net\/?p=71288"},"author":{"name":"R\u00e9daction - Les Volcans News","@id":"https:\/\/lesvolcansnews.net\/#\/schema\/person\/82c8bed2e77879ecf6cca63441f57354"},"headline":"Guerre du M23\/AFC : 413 civils tu\u00e9s, dont des femmes et enfants \u00e0 Uvira (Gouvernement)","datePublished":"2025-12-11T08:57:46+00:00","mainEntityOfPage":{"@id":"https:\/\/lesvolcansnews.net\/?p=71288"},"wordCount":544,"commentCount":0,"image":{"@id":"https:\/\/lesvolcansnews.net\/?p=71288#primaryimage"},"thumbnailUrl":"https:\/\/lesvolcansnews.net\/wp-content\/uploads\/2025\/12\/FB_IMG_1765443392139.jpg","articleSection":["ACTUALIT\u00c9"],"inLanguage":"fr-FR","potentialAction":[{"@type":"CommentAction","name":"Comment","target":["https:\/\/lesvolcansnews.net\/?p=71288#respond"]}]},{"@type":"WebPage","@id":"https:\/\/lesvolcansnews.net\/?p=71288","url":"https:\/\/lesvolcansnews.net\/?p=71288","name":"Guerre du M23\/AFC : 413 civils tu\u00e9s, dont des femmes et enfants \u00e0 Uvira (Gouvernement) - LES VOLCANS NEWS","isPartOf":{"@id":"https:\/\/lesvolcansnews.net\/#website"},"primaryImageOfPage":{"@id":"https:\/\/lesvolcansnews.net\/?p=71288#primaryimage"},"image":{"@id":"https:\/\/lesvolcansnews.net\/?p=71288#primaryimage"},"thumbnailUrl":"https:\/\/lesvolcansnews.net\/wp-content\/uploads\/2025\/12\/FB_IMG_1765443392139.jpg","datePublished":"2025-12-11T08:57:46+00:00","author":{"@id":"https:\/\/lesvolcansnews.net\/#\/schema\/person\/82c8bed2e77879ecf6cca63441f57354"},"breadcrumb":{"@id":"https:\/\/lesvolcansnews.net\/?p=71288#breadcrumb"},"inLanguage":"fr-FR","potentialAction":[{"@type":"ReadAction","target":["https:\/\/lesvolcansnews.net\/?p=71288"]}]},{"@type":"ImageObject","inLanguage":"fr-FR","@id":"https:\/\/lesvolcansnews.net\/?p=71288#primaryimage","url":"https:\/\/lesvolcansnews.net\/wp-content\/uploads\/2025\/12\/FB_IMG_1765443392139.jpg","contentUrl":"https:\/\/lesvolcansnews.net\/wp-content\/uploads\/2025\/12\/FB_IMG_1765443392139.jpg","width":700,"height":394},{"@type":"BreadcrumbList","@id":"https:\/\/lesvolcansnews.net\/?p=71288#breadcrumb","itemListElement":[{"@type":"ListItem","position":1,"name":"Accueil","item":"https:\/\/lesvolcansnews.net\/"},{"@type":"ListItem","position":2,"name":"Guerre du M23\/AFC : 413 civils tu\u00e9s, dont des femmes et enfants \u00e0 Uvira (Gouvernement)"}]},{"@type":"WebSite","@id":"https:\/\/lesvolcansnews.net\/#website","url":"https:\/\/lesvolcansnews.net\/","name":"LES VOLCANS NEWS","description":"L&#039;INFORMATION C&#039;EST NOUS","potentialAction":[{"@type":"SearchAction","target":{"@type":"EntryPoint","urlTemplate":"https:\/\/lesvolcansnews.net\/?s={search_term_string}"},"query-input":{"@type":"PropertyValueSpecification","valueRequired":true,"valueName":"search_term_string"}}],"inLanguage":"fr-FR"},{"@type":"Person","@id":"https:\/\/lesvolcansnews.net\/#\/schema\/person\/82c8bed2e77879ecf6cca63441f57354","name":"R\u00e9daction - Les Volcans News","image":{"@type":"ImageObject","inLanguage":"fr-FR","@id":"https:\/\/secure.gravatar.com\/avatar\/8408942dd851e8a9c09f3d382a661bc05d2b3cd9002139bc1795b9528cdc6c80?s=96&d=mm&r=g","url":"https:\/\/secure.gravatar.com\/avatar\/8408942dd851e8a9c09f3d382a661bc05d2b3cd9002139bc1795b9528cdc6c80?s=96&d=mm&r=g","contentUrl":"https:\/\/secure.gravatar.com\/avatar\/8408942dd851e8a9c09f3d382a661bc05d2b3cd9002139bc1795b9528cdc6c80?s=96&d=mm&r=g","caption":"R\u00e9daction - Les Volcans News"},"url":"https:\/\/lesvolcansnews.net\/?author=14"}]}},"_links":{"self":[{"href":"https:\/\/lesvolcansnews.net\/index.php?rest_route=\/wp\/v2\/posts\/71288","targetHints":{"allow":["GET"]}}],"collection":[{"href":"https:\/\/lesvolcansnews.net\/index.php?rest_route=\/wp\/v2\/posts"}],"about":[{"href":"https:\/\/lesvolcansnews.net\/index.php?rest_route=\/wp\/v2\/types\/post"}],"author":[{"embeddable":true,"href":"https:\/\/lesvolcansnews.net\/index.php?rest_route=\/wp\/v2\/users\/14"}],"replies":[{"embeddable":true,"href":"https:\/\/lesvolcansnews.net\/index.php?rest_route=%2Fwp%2Fv2%2Fcomments&post=71288"}],"version-history":[{"count":0,"href":"https:\/\/lesvolcansnews.net\/index.php?rest_route=\/wp\/v2\/posts\/71288\/revisions"}],"wp:featuredmedia":[{"embeddable":true,"href":"https:\/\/lesvolcansnews.net\/index.php?rest_route=\/wp\/v2\/media\/71287"}],"wp:attachment":[{"href":"https:\/\/lesvolcansnews.net\/index.php?rest_route=%2Fwp%2Fv2%2Fmedia&parent=71288"}],"wp:term":[{"taxonomy":"category","embeddable":true,"href":"https:\/\/lesvolcansnews.net\/index.php?rest_route=%2Fwp%2Fv2%2Fcategories&post=71288"},{"taxonomy":"post_tag","embeddable":true,"href":"https:\/\/lesvolcansnews.net\/index.php?rest_route=%2Fwp%2Fv2%2Ftags&post=71288"}],"curies":[{"name":"wp","href":"https:\/\/api.w.org\/{rel}","templated":true}]}}