{"id":71270,"date":"2025-12-10T14:33:57","date_gmt":"2025-12-10T12:33:57","guid":{"rendered":"https:\/\/lesvolcansnews.net\/2025\/12\/10\/rdc-des-rebelles-de-lafc-m23-revendiquent-loccupation-de-la-ville-duvira\/"},"modified":"2025-12-10T15:18:01","modified_gmt":"2025-12-10T13:18:01","slug":"rdc-des-rebelles-de-lafc-m23-revendiquent-loccupation-de-la-ville-duvira","status":"publish","type":"post","link":"https:\/\/lesvolcansnews.net\/?p=71270","title":{"rendered":"RDC : des \u00e9l\u00e9ments de l&#8217;AFC\/M23 revendiquent l&#8217;occupation de la ville d&#8217;Uvira"},"content":{"rendered":"\n<p><\/p>\n\n\n\n<p><strong>La situation \u00e0 Uvira, dans la province du Sud-Kivu, est marqu\u00e9e par une situation confuse apr\u00e8s la revendication de la prise de la ville par les \u00e9l\u00e9ments de l\u2019AFC\/M23.<\/strong><\/p>\n\n\n\n<p>Ce 10 d\u00e9cembre matin , vers 11h30, des \u00e9l\u00e9ments du mouvement avec ses alli\u00e9s, ont \u00e9t\u00e9 aper\u00e7us dans la partie nord de la ville, notamment dans le quartier de Kanvinvira, en direction de Mulongwe.<\/p>\n\n\n\n<p>Les premiers t\u00e9moignages recueillis sur place font \u00e9tat de l&#8217;absence de r\u00e9sistance notable de la part des forces gouvernementales.<\/p>\n\n\n\n<p>Selon des sources locales, les \u00e9l\u00e9ments M23 sont entr\u00e9s dans la ville en file indienne, se dirigeant ensuite vers la fronti\u00e8re avec le Burundi, situ\u00e9e \u00e0 la limite de Canvinvira.<\/p>\n\n\n\n<p>Des habitants ont confi\u00e9 observer la sc\u00e8ne depuis leurs maisons, pris de peur face \u00e0 l&#8217;avanc\u00e9e des troupes.<\/p>\n\n\n\n<p>Cette offensive survient apr\u00e8s le retrait des forces arm\u00e9es congolaises (FARDC) de la ville, qui se sont dirig\u00e9es vers les localit\u00e9s voisines de Makobola et Baraka, selon des sources s\u00e9curitaires locales.<\/p>\n\n\n\n<p>La situation reste floue quant \u00e0 l\u2019ampleur du contr\u00f4le de la ville par les rebelles, et aucune r\u00e9action officielle des autorit\u00e9s provinciales n&#8217;a encore \u00e9t\u00e9 donn\u00e9e \u00e0 ce sujet.<\/p>\n\n\n\n<p>Sur le plan politique, le gouvernement congolais a exprim\u00e9 ses pr\u00e9occupations concernant la r\u00e9gionalisation du conflit, d\u00e9non\u00e7ant l\u2019implication du Rwanda et la violation des accords de Washington. Ces accusations ont \u00e9t\u00e9 formul\u00e9es \u00e0 l\u2019issue d\u2019une r\u00e9union \u00e0 Kinshasa, ce mardi, durant laquelle des mesures diplomatiques ont \u00e9t\u00e9 discut\u00e9es pour tenter de d\u00e9samorcer la crise.<\/p>\n\n\n\n<p>Dans un communiqu\u00e9, un porte-parole de l\u2019AFC\/M23 a pr\u00e9cis\u00e9 que la ville d\u2019Uvira est d\u00e9sormais sous leur contr\u00f4le, mais a \u00e9galement soulign\u00e9 que les combats se d\u00e9placent vers la localit\u00e9 de Makobola, o\u00f9 les forces gouvernementales se sont repli\u00e9es.<\/p>\n\n\n\n<p>Le porte-parole a affirm\u00e9 que \u00ab la menace a \u00e9t\u00e9 \u00e9cart\u00e9e \u00bb et a assur\u00e9 que les troupes rebelles \u00e9taient pr\u00e9sentes pour prot\u00e9ger la population locale.<\/p>\n\n\n\n<p>Parall\u00e8lement, les autorit\u00e9s congolaises tentent de relancer des initiatives diplomatiques pour obtenir un arr\u00eat de l\u2019offensive rebelle et un retrait des troupes de l\u2019AFC\/M23 des zones conquises, dans le but de r\u00e9tablir la paix et la stabilit\u00e9 dans la r\u00e9gion du Sud-Kivu.<\/p>\n\n\n\n<p>La situation \u00e0 Uvira et dans les r\u00e9gions voisines reste volatile, et les autorit\u00e9s congolaises poursuivent leurs efforts pour reprendre le contr\u00f4le de la ville et \u00e9viter une escalade du conflit.<\/p>\n\n\n\n<p>La r\u00e9daction<\/p>\n","protected":false},"excerpt":{"rendered":"<p>La situation \u00e0 Uvira, dans la province du Sud-Kivu, est marqu\u00e9e par une situation confuse apr\u00e8s la revendication de la prise de la ville par les \u00e9l\u00e9ments de l\u2019AFC\/M23. Ce<\/p>\n","protected":false},"author":14,"featured_media":71269,"comment_status":"open","ping_status":"open","sticky":false,"template":"","format":"standard","meta":{"footnotes":""},"categories":[1],"tags":[],"class_list":["post-71270","post","type-post","status-publish","format-standard","has-post-thumbnail","hentry","category-actualite"],"yoast_head":"<!-- This site is optimized with the Yoast SEO plugin v27.3 - https:\/\/yoast.com\/product\/yoast-seo-wordpress\/ -->\n<title>RDC : des \u00e9l\u00e9ments de l&#039;AFC\/M23 revendiquent l&#039;occupation de la ville d&#039;Uvira - LES VOLCANS NEWS<\/title>\n<meta name=\"robots\" content=\"index, follow, max-snippet:-1, max-image-preview:large, max-video-preview:-1\" \/>\n<link rel=\"canonical\" href=\"https:\/\/lesvolcansnews.net\/?p=71270\" \/>\n<meta property=\"og:locale\" content=\"fr_FR\" \/>\n<meta property=\"og:type\" content=\"article\" \/>\n<meta property=\"og:title\" content=\"RDC : des \u00e9l\u00e9ments de l&#039;AFC\/M23 revendiquent l&#039;occupation de la ville d&#039;Uvira - LES VOLCANS NEWS\" \/>\n<meta property=\"og:description\" content=\"La situation \u00e0 Uvira, dans la province du Sud-Kivu, est marqu\u00e9e par une situation confuse apr\u00e8s la revendication de la prise de la ville par les \u00e9l\u00e9ments de l\u2019AFC\/M23. Ce\" \/>\n<meta property=\"og:url\" content=\"https:\/\/lesvolcansnews.net\/?p=71270\" \/>\n<meta property=\"og:site_name\" content=\"LES VOLCANS NEWS\" \/>\n<meta property=\"article:published_time\" content=\"2025-12-10T12:33:57+00:00\" \/>\n<meta property=\"article:modified_time\" content=\"2025-12-10T13:18:01+00:00\" \/>\n<meta property=\"og:image\" content=\"https:\/\/lesvolcansnews.net\/wp-content\/uploads\/2025\/12\/FB_IMG_1765363074452.jpg\" \/>\n\t<meta property=\"og:image:width\" content=\"1600\" \/>\n\t<meta property=\"og:image:height\" content=\"900\" \/>\n\t<meta property=\"og:image:type\" content=\"image\/jpeg\" \/>\n<meta name=\"author\" content=\"R\u00e9daction - Les Volcans News\" \/>\n<meta name=\"twitter:card\" content=\"summary_large_image\" \/>\n<meta name=\"twitter:label1\" content=\"\u00c9crit par\" \/>\n\t<meta name=\"twitter:data1\" content=\"R\u00e9daction - Les Volcans News\" \/>\n\t<meta name=\"twitter:label2\" content=\"Dur\u00e9e de lecture estim\u00e9e\" \/>\n\t<meta name=\"twitter:data2\" content=\"2 minutes\" \/>\n<script type=\"application\/ld+json\" class=\"yoast-schema-graph\">{\"@context\":\"https:\\\/\\\/schema.org\",\"@graph\":[{\"@type\":\"Article\",\"@id\":\"https:\\\/\\\/lesvolcansnews.net\\\/?p=71270#article\",\"isPartOf\":{\"@id\":\"https:\\\/\\\/lesvolcansnews.net\\\/?p=71270\"},\"author\":{\"name\":\"R\u00e9daction - Les Volcans News\",\"@id\":\"https:\\\/\\\/lesvolcansnews.net\\\/#\\\/schema\\\/person\\\/82c8bed2e77879ecf6cca63441f57354\"},\"headline\":\"RDC : des \u00e9l\u00e9ments de l&#8217;AFC\\\/M23 revendiquent l&#8217;occupation de la ville d&#8217;Uvira\",\"datePublished\":\"2025-12-10T12:33:57+00:00\",\"dateModified\":\"2025-12-10T13:18:01+00:00\",\"mainEntityOfPage\":{\"@id\":\"https:\\\/\\\/lesvolcansnews.net\\\/?p=71270\"},\"wordCount\":452,\"commentCount\":0,\"image\":{\"@id\":\"https:\\\/\\\/lesvolcansnews.net\\\/?p=71270#primaryimage\"},\"thumbnailUrl\":\"https:\\\/\\\/lesvolcansnews.net\\\/wp-content\\\/uploads\\\/2025\\\/12\\\/FB_IMG_1765363074452.jpg\",\"articleSection\":[\"ACTUALIT\u00c9\"],\"inLanguage\":\"fr-FR\",\"potentialAction\":[{\"@type\":\"CommentAction\",\"name\":\"Comment\",\"target\":[\"https:\\\/\\\/lesvolcansnews.net\\\/?p=71270#respond\"]}]},{\"@type\":\"WebPage\",\"@id\":\"https:\\\/\\\/lesvolcansnews.net\\\/?p=71270\",\"url\":\"https:\\\/\\\/lesvolcansnews.net\\\/?p=71270\",\"name\":\"RDC : des \u00e9l\u00e9ments de l'AFC\\\/M23 revendiquent l'occupation de la ville d'Uvira - LES VOLCANS NEWS\",\"isPartOf\":{\"@id\":\"https:\\\/\\\/lesvolcansnews.net\\\/#website\"},\"primaryImageOfPage\":{\"@id\":\"https:\\\/\\\/lesvolcansnews.net\\\/?p=71270#primaryimage\"},\"image\":{\"@id\":\"https:\\\/\\\/lesvolcansnews.net\\\/?p=71270#primaryimage\"},\"thumbnailUrl\":\"https:\\\/\\\/lesvolcansnews.net\\\/wp-content\\\/uploads\\\/2025\\\/12\\\/FB_IMG_1765363074452.jpg\",\"datePublished\":\"2025-12-10T12:33:57+00:00\",\"dateModified\":\"2025-12-10T13:18:01+00:00\",\"author\":{\"@id\":\"https:\\\/\\\/lesvolcansnews.net\\\/#\\\/schema\\\/person\\\/82c8bed2e77879ecf6cca63441f57354\"},\"breadcrumb\":{\"@id\":\"https:\\\/\\\/lesvolcansnews.net\\\/?p=71270#breadcrumb\"},\"inLanguage\":\"fr-FR\",\"potentialAction\":[{\"@type\":\"ReadAction\",\"target\":[\"https:\\\/\\\/lesvolcansnews.net\\\/?p=71270\"]}]},{\"@type\":\"ImageObject\",\"inLanguage\":\"fr-FR\",\"@id\":\"https:\\\/\\\/lesvolcansnews.net\\\/?p=71270#primaryimage\",\"url\":\"https:\\\/\\\/lesvolcansnews.net\\\/wp-content\\\/uploads\\\/2025\\\/12\\\/FB_IMG_1765363074452.jpg\",\"contentUrl\":\"https:\\\/\\\/lesvolcansnews.net\\\/wp-content\\\/uploads\\\/2025\\\/12\\\/FB_IMG_1765363074452.jpg\",\"width\":1600,\"height\":900},{\"@type\":\"BreadcrumbList\",\"@id\":\"https:\\\/\\\/lesvolcansnews.net\\\/?p=71270#breadcrumb\",\"itemListElement\":[{\"@type\":\"ListItem\",\"position\":1,\"name\":\"Accueil\",\"item\":\"https:\\\/\\\/lesvolcansnews.net\\\/\"},{\"@type\":\"ListItem\",\"position\":2,\"name\":\"RDC : des \u00e9l\u00e9ments de l&#8217;AFC\\\/M23 revendiquent l&#8217;occupation de la ville d&#8217;Uvira\"}]},{\"@type\":\"WebSite\",\"@id\":\"https:\\\/\\\/lesvolcansnews.net\\\/#website\",\"url\":\"https:\\\/\\\/lesvolcansnews.net\\\/\",\"name\":\"LES VOLCANS NEWS\",\"description\":\"L&#039;INFORMATION C&#039;EST NOUS\",\"potentialAction\":[{\"@type\":\"SearchAction\",\"target\":{\"@type\":\"EntryPoint\",\"urlTemplate\":\"https:\\\/\\\/lesvolcansnews.net\\\/?s={search_term_string}\"},\"query-input\":{\"@type\":\"PropertyValueSpecification\",\"valueRequired\":true,\"valueName\":\"search_term_string\"}}],\"inLanguage\":\"fr-FR\"},{\"@type\":\"Person\",\"@id\":\"https:\\\/\\\/lesvolcansnews.net\\\/#\\\/schema\\\/person\\\/82c8bed2e77879ecf6cca63441f57354\",\"name\":\"R\u00e9daction - Les Volcans News\",\"image\":{\"@type\":\"ImageObject\",\"inLanguage\":\"fr-FR\",\"@id\":\"https:\\\/\\\/secure.gravatar.com\\\/avatar\\\/8408942dd851e8a9c09f3d382a661bc05d2b3cd9002139bc1795b9528cdc6c80?s=96&d=mm&r=g\",\"url\":\"https:\\\/\\\/secure.gravatar.com\\\/avatar\\\/8408942dd851e8a9c09f3d382a661bc05d2b3cd9002139bc1795b9528cdc6c80?s=96&d=mm&r=g\",\"contentUrl\":\"https:\\\/\\\/secure.gravatar.com\\\/avatar\\\/8408942dd851e8a9c09f3d382a661bc05d2b3cd9002139bc1795b9528cdc6c80?s=96&d=mm&r=g\",\"caption\":\"R\u00e9daction - Les Volcans News\"},\"url\":\"https:\\\/\\\/lesvolcansnews.net\\\/?author=14\"}]}<\/script>\n<!-- \/ Yoast SEO plugin. -->","yoast_head_json":{"title":"RDC : des \u00e9l\u00e9ments de l'AFC\/M23 revendiquent l'occupation de la ville d'Uvira - LES VOLCANS NEWS","robots":{"index":"index","follow":"follow","max-snippet":"max-snippet:-1","max-image-preview":"max-image-preview:large","max-video-preview":"max-video-preview:-1"},"canonical":"https:\/\/lesvolcansnews.net\/?p=71270","og_locale":"fr_FR","og_type":"article","og_title":"RDC : des \u00e9l\u00e9ments de l'AFC\/M23 revendiquent l'occupation de la ville d'Uvira - LES VOLCANS NEWS","og_description":"La situation \u00e0 Uvira, dans la province du Sud-Kivu, est marqu\u00e9e par une situation confuse apr\u00e8s la revendication de la prise de la ville par les \u00e9l\u00e9ments de l\u2019AFC\/M23. Ce","og_url":"https:\/\/lesvolcansnews.net\/?p=71270","og_site_name":"LES VOLCANS NEWS","article_published_time":"2025-12-10T12:33:57+00:00","article_modified_time":"2025-12-10T13:18:01+00:00","og_image":[{"width":1600,"height":900,"url":"https:\/\/lesvolcansnews.net\/wp-content\/uploads\/2025\/12\/FB_IMG_1765363074452.jpg","type":"image\/jpeg"}],"author":"R\u00e9daction - Les Volcans News","twitter_card":"summary_large_image","twitter_misc":{"\u00c9crit par":"R\u00e9daction - Les Volcans News","Dur\u00e9e de lecture estim\u00e9e":"2 minutes"},"schema":{"@context":"https:\/\/schema.org","@graph":[{"@type":"Article","@id":"https:\/\/lesvolcansnews.net\/?p=71270#article","isPartOf":{"@id":"https:\/\/lesvolcansnews.net\/?p=71270"},"author":{"name":"R\u00e9daction - Les Volcans News","@id":"https:\/\/lesvolcansnews.net\/#\/schema\/person\/82c8bed2e77879ecf6cca63441f57354"},"headline":"RDC : des \u00e9l\u00e9ments de l&#8217;AFC\/M23 revendiquent l&#8217;occupation de la ville d&#8217;Uvira","datePublished":"2025-12-10T12:33:57+00:00","dateModified":"2025-12-10T13:18:01+00:00","mainEntityOfPage":{"@id":"https:\/\/lesvolcansnews.net\/?p=71270"},"wordCount":452,"commentCount":0,"image":{"@id":"https:\/\/lesvolcansnews.net\/?p=71270#primaryimage"},"thumbnailUrl":"https:\/\/lesvolcansnews.net\/wp-content\/uploads\/2025\/12\/FB_IMG_1765363074452.jpg","articleSection":["ACTUALIT\u00c9"],"inLanguage":"fr-FR","potentialAction":[{"@type":"CommentAction","name":"Comment","target":["https:\/\/lesvolcansnews.net\/?p=71270#respond"]}]},{"@type":"WebPage","@id":"https:\/\/lesvolcansnews.net\/?p=71270","url":"https:\/\/lesvolcansnews.net\/?p=71270","name":"RDC : des \u00e9l\u00e9ments de l'AFC\/M23 revendiquent l'occupation de la ville d'Uvira - LES VOLCANS NEWS","isPartOf":{"@id":"https:\/\/lesvolcansnews.net\/#website"},"primaryImageOfPage":{"@id":"https:\/\/lesvolcansnews.net\/?p=71270#primaryimage"},"image":{"@id":"https:\/\/lesvolcansnews.net\/?p=71270#primaryimage"},"thumbnailUrl":"https:\/\/lesvolcansnews.net\/wp-content\/uploads\/2025\/12\/FB_IMG_1765363074452.jpg","datePublished":"2025-12-10T12:33:57+00:00","dateModified":"2025-12-10T13:18:01+00:00","author":{"@id":"https:\/\/lesvolcansnews.net\/#\/schema\/person\/82c8bed2e77879ecf6cca63441f57354"},"breadcrumb":{"@id":"https:\/\/lesvolcansnews.net\/?p=71270#breadcrumb"},"inLanguage":"fr-FR","potentialAction":[{"@type":"ReadAction","target":["https:\/\/lesvolcansnews.net\/?p=71270"]}]},{"@type":"ImageObject","inLanguage":"fr-FR","@id":"https:\/\/lesvolcansnews.net\/?p=71270#primaryimage","url":"https:\/\/lesvolcansnews.net\/wp-content\/uploads\/2025\/12\/FB_IMG_1765363074452.jpg","contentUrl":"https:\/\/lesvolcansnews.net\/wp-content\/uploads\/2025\/12\/FB_IMG_1765363074452.jpg","width":1600,"height":900},{"@type":"BreadcrumbList","@id":"https:\/\/lesvolcansnews.net\/?p=71270#breadcrumb","itemListElement":[{"@type":"ListItem","position":1,"name":"Accueil","item":"https:\/\/lesvolcansnews.net\/"},{"@type":"ListItem","position":2,"name":"RDC : des \u00e9l\u00e9ments de l&#8217;AFC\/M23 revendiquent l&#8217;occupation de la ville d&#8217;Uvira"}]},{"@type":"WebSite","@id":"https:\/\/lesvolcansnews.net\/#website","url":"https:\/\/lesvolcansnews.net\/","name":"LES VOLCANS NEWS","description":"L&#039;INFORMATION C&#039;EST NOUS","potentialAction":[{"@type":"SearchAction","target":{"@type":"EntryPoint","urlTemplate":"https:\/\/lesvolcansnews.net\/?s={search_term_string}"},"query-input":{"@type":"PropertyValueSpecification","valueRequired":true,"valueName":"search_term_string"}}],"inLanguage":"fr-FR"},{"@type":"Person","@id":"https:\/\/lesvolcansnews.net\/#\/schema\/person\/82c8bed2e77879ecf6cca63441f57354","name":"R\u00e9daction - Les Volcans News","image":{"@type":"ImageObject","inLanguage":"fr-FR","@id":"https:\/\/secure.gravatar.com\/avatar\/8408942dd851e8a9c09f3d382a661bc05d2b3cd9002139bc1795b9528cdc6c80?s=96&d=mm&r=g","url":"https:\/\/secure.gravatar.com\/avatar\/8408942dd851e8a9c09f3d382a661bc05d2b3cd9002139bc1795b9528cdc6c80?s=96&d=mm&r=g","contentUrl":"https:\/\/secure.gravatar.com\/avatar\/8408942dd851e8a9c09f3d382a661bc05d2b3cd9002139bc1795b9528cdc6c80?s=96&d=mm&r=g","caption":"R\u00e9daction - Les Volcans News"},"url":"https:\/\/lesvolcansnews.net\/?author=14"}]}},"_links":{"self":[{"href":"https:\/\/lesvolcansnews.net\/index.php?rest_route=\/wp\/v2\/posts\/71270","targetHints":{"allow":["GET"]}}],"collection":[{"href":"https:\/\/lesvolcansnews.net\/index.php?rest_route=\/wp\/v2\/posts"}],"about":[{"href":"https:\/\/lesvolcansnews.net\/index.php?rest_route=\/wp\/v2\/types\/post"}],"author":[{"embeddable":true,"href":"https:\/\/lesvolcansnews.net\/index.php?rest_route=\/wp\/v2\/users\/14"}],"replies":[{"embeddable":true,"href":"https:\/\/lesvolcansnews.net\/index.php?rest_route=%2Fwp%2Fv2%2Fcomments&post=71270"}],"version-history":[{"count":1,"href":"https:\/\/lesvolcansnews.net\/index.php?rest_route=\/wp\/v2\/posts\/71270\/revisions"}],"predecessor-version":[{"id":71271,"href":"https:\/\/lesvolcansnews.net\/index.php?rest_route=\/wp\/v2\/posts\/71270\/revisions\/71271"}],"wp:featuredmedia":[{"embeddable":true,"href":"https:\/\/lesvolcansnews.net\/index.php?rest_route=\/wp\/v2\/media\/71269"}],"wp:attachment":[{"href":"https:\/\/lesvolcansnews.net\/index.php?rest_route=%2Fwp%2Fv2%2Fmedia&parent=71270"}],"wp:term":[{"taxonomy":"category","embeddable":true,"href":"https:\/\/lesvolcansnews.net\/index.php?rest_route=%2Fwp%2Fv2%2Fcategories&post=71270"},{"taxonomy":"post_tag","embeddable":true,"href":"https:\/\/lesvolcansnews.net\/index.php?rest_route=%2Fwp%2Fv2%2Ftags&post=71270"}],"curies":[{"name":"wp","href":"https:\/\/api.w.org\/{rel}","templated":true}]}}