{"id":71262,"date":"2025-12-10T11:19:05","date_gmt":"2025-12-10T09:19:05","guid":{"rendered":"https:\/\/lesvolcansnews.net\/2025\/12\/10\/ituri-a-la-meme-date-de-la-reprise-officielle-du-trafic-sur-komanda-luna-ladf-tue-4-civils-a-idohu\/"},"modified":"2025-12-10T11:19:05","modified_gmt":"2025-12-10T09:19:05","slug":"ituri-a-la-meme-date-de-la-reprise-officielle-du-trafic-sur-komanda-luna-ladf-tue-4-civils-a-idohu","status":"publish","type":"post","link":"https:\/\/lesvolcansnews.net\/?p=71262","title":{"rendered":"Ituri : \u00e0 la m\u00eame date de la reprise officielle du trafic sur Komanda-Luna, l&#8217;ADF tue 4 civils \u00e0 Idohu"},"content":{"rendered":"\n<p><\/p>\n\n\n\n<p><strong>Une nouvelle attaque des forces rebelles des ADF (Allied Democratic Forces) a co\u00fbt\u00e9 la vie \u00e0 quatre civils, dont un b\u00e9b\u00e9 de trois mois, ce mardi 9 d\u00e9cembre soir dans le village d&#8217;Idohu, chefferie Walese-Vonkutu dans le territoire d&#8217;irumu en ituri situ\u00e9 sur RN4, au nord-est de la R\u00e9publique D\u00e9mocratique du Congo.<\/strong><\/p>\n\n\n\n<p>L&#8217;incident a eu lieu aux alentours de 20 heures, heures locales, pendant que des habitants rentraient de leurs champs.<\/p>\n\n\n\n<p>Christophe Munyanderu, activiste et d\u00e9fenseur des droits humains au sein du CRDH IRUMU, a fermement d\u00e9nonc\u00e9 l&#8217;inaction des autorit\u00e9s militaires face \u00e0 la menace persistante dans la zone.<\/p>\n\n\n\n<p>\u00ab L&#8217;attaque du village de Hidou doit interpeller les autorit\u00e9s militaires, car elle montre que la menace des ADF reste pr\u00e9sente, en particulier dans les zones o\u00f9 se d\u00e9roulent les op\u00e9rations Soudja \u00bb, a-t-il d\u00e9clar\u00e9.<\/p>\n\n\n\n<p>\u00ab Et si aujourd&#8217;hui l&#8217;ennemi \u00e0 Def pourrait encore revenir dans le groupement Bandavilemba, c&#8217;est parce que les autorit\u00e9s ne prennent pas en consid\u00e9ration les alertes et les orientations de la population \u00bb, a-t-il ajout\u00e9.<\/p>\n\n\n\n<p>L&#8217;attaque a co\u00fbt\u00e9 la vie \u00e0 trois hommes et \u00e0 un nourrisson, qui a \u00e9t\u00e9 atteint par balle alors qu&#8217;il se trouvait dans le centre du village.<\/p>\n\n\n\n<p>Le bilan provisoire fait \u00e9tat de trois adultes tu\u00e9s \u00e0 la machette, tandis que l&#8217;enfant est mort sur place apr\u00e8s avoir \u00e9t\u00e9 touch\u00e9 par balle. Les corps des victimes ont \u00e9t\u00e9 d\u00e9pos\u00e9s au centre local en attendant leurs fun\u00e9railles.<\/p>\n\n\n\n<p>Munyanderu a soulign\u00e9 l&#8217;importance de prendre des mesures imm\u00e9diates pour prot\u00e9ger la population civile.<\/p>\n\n\n\n<p>\u00ab Nous avons toujours alert\u00e9 sur le fait que l&#8217;ennemi op\u00e9rait des navettes sur la rivi\u00e8re Itouri, il faudrait qu&#8217;il y ait des dispositifs s\u00e9curitaires et des positions strat\u00e9giques pour contr\u00f4ler les entr\u00e9es et sorties dans la r\u00e9gion, notamment au niveau du village de Hidou \u00bb, a-t-il insist\u00e9.<\/p>\n\n\n\n<p>Il a \u00e9galement exprim\u00e9 des pr\u00e9occupations quant \u00e0 la r\u00e9ouverture de la RN4, une art\u00e8re importante pour la circulation entre Komanda et Luna, affirmant que l&#8217;ennemi pourrait chercher \u00e0 saboter les activit\u00e9s \u00e9conomiques de la r\u00e9gion en attaquant les usagers de cette route.<\/p>\n\n\n\n<p>\u00ab Il faudrait mettre en place des m\u00e9canismes pour prot\u00e9ger les usagers de la RN4, ainsi que les populations des villages voisins \u00bb, a-t-il recommand\u00e9.<\/p>\n\n\n\n<p>Christophe Munyanderu a \u00e9galement interrog\u00e9 les autorit\u00e9s sur l&#8217;efficacit\u00e9 des technologies de surveillance, notamment les drones, qui avaient \u00e9t\u00e9 promis pour d\u00e9tecter les mouvements des ADF.<\/p>\n\n\n\n<p>\u00ab Les drones qu&#8217;on nous a toujours chant\u00e9s, o\u00f9 sont-ils ? \u00bb, a-t-il demand\u00e9.<\/p>\n\n\n\n<p>\u00ab Et ces op\u00e9rations Soudja ne parviennent pas \u00e0 s\u00e9curiser la population, ni \u00e0 neutraliser ces terroristes. \u00bb<\/p>\n\n\n\n<p>Munyanderu a appel\u00e9 les autorit\u00e9s \u00e0 accorder plus d&#8217;attention aux alertes de la population locale, soulignant qu&#8217;une intervention rapide pourrait limiter les pertes humaines.<\/p>\n\n\n\n<p>\u00ab La population conna\u00eet bien la zone et peut aider les militaires \u00e0 mieux orienter leurs op\u00e9rations. Si les autorit\u00e9s \u00e9coutent, nous pourrions contribuer \u00e0 stopper cette h\u00e9morragie et \u00e9viter de nouvelles pertes tragiques \u00bb, a-t-il conclu.<\/p>\n\n\n\n<p>Les autorit\u00e9s locales n&#8217;ont pas encore comment\u00e9 cet incident, mais l&#8217;attaque de ce mardi souligne une nouvelle fois la vuln\u00e9rabilit\u00e9 des civils face aux attaques r\u00e9p\u00e9t\u00e9es des ADF dans la r\u00e9gion d&#8217;Irumu.<\/p>\n\n\n\n<p>La r\u00e9daction<\/p>\n","protected":false},"excerpt":{"rendered":"<p>Une nouvelle attaque des forces rebelles des ADF (Allied Democratic Forces) a co\u00fbt\u00e9 la vie \u00e0 quatre civils, dont un b\u00e9b\u00e9 de trois mois, ce mardi 9 d\u00e9cembre soir dans<\/p>\n","protected":false},"author":14,"featured_media":71261,"comment_status":"open","ping_status":"open","sticky":false,"template":"","format":"standard","meta":{"footnotes":""},"categories":[32],"tags":[],"class_list":["post-71262","post","type-post","status-publish","format-standard","has-post-thumbnail","hentry","category-securite"],"yoast_head":"<!-- This site is optimized with the Yoast SEO plugin v27.5 - https:\/\/yoast.com\/product\/yoast-seo-wordpress\/ -->\n<title>Ituri : \u00e0 la m\u00eame date de la reprise officielle du trafic sur Komanda-Luna, l&#039;ADF tue 4 civils \u00e0 Idohu - LES VOLCANS NEWS<\/title>\n<meta name=\"robots\" content=\"index, follow, max-snippet:-1, max-image-preview:large, max-video-preview:-1\" \/>\n<link rel=\"canonical\" href=\"https:\/\/lesvolcansnews.net\/?p=71262\" \/>\n<meta property=\"og:locale\" content=\"fr_FR\" \/>\n<meta property=\"og:type\" content=\"article\" \/>\n<meta property=\"og:title\" content=\"Ituri : \u00e0 la m\u00eame date de la reprise officielle du trafic sur Komanda-Luna, l&#039;ADF tue 4 civils \u00e0 Idohu - LES VOLCANS NEWS\" \/>\n<meta property=\"og:description\" content=\"Une nouvelle attaque des forces rebelles des ADF (Allied Democratic Forces) a co\u00fbt\u00e9 la vie \u00e0 quatre civils, dont un b\u00e9b\u00e9 de trois mois, ce mardi 9 d\u00e9cembre soir dans\" \/>\n<meta property=\"og:url\" content=\"https:\/\/lesvolcansnews.net\/?p=71262\" \/>\n<meta property=\"og:site_name\" content=\"LES VOLCANS NEWS\" \/>\n<meta property=\"article:published_time\" content=\"2025-12-10T09:19:05+00:00\" \/>\n<meta property=\"og:image\" content=\"https:\/\/lesvolcansnews.net\/wp-content\/uploads\/2025\/12\/IMG-20251209-WA0542-1.jpg\" \/>\n\t<meta property=\"og:image:width\" content=\"1080\" \/>\n\t<meta property=\"og:image:height\" content=\"810\" \/>\n\t<meta property=\"og:image:type\" content=\"image\/jpeg\" \/>\n<meta name=\"author\" content=\"R\u00e9daction - Les Volcans News\" \/>\n<meta name=\"twitter:card\" content=\"summary_large_image\" \/>\n<meta name=\"twitter:label1\" content=\"\u00c9crit par\" \/>\n\t<meta name=\"twitter:data1\" content=\"R\u00e9daction - Les Volcans News\" \/>\n\t<meta name=\"twitter:label2\" content=\"Dur\u00e9e de lecture estim\u00e9e\" \/>\n\t<meta name=\"twitter:data2\" content=\"3 minutes\" \/>\n<script type=\"application\/ld+json\" class=\"yoast-schema-graph\">{\"@context\":\"https:\\\/\\\/schema.org\",\"@graph\":[{\"@type\":\"Article\",\"@id\":\"https:\\\/\\\/lesvolcansnews.net\\\/?p=71262#article\",\"isPartOf\":{\"@id\":\"https:\\\/\\\/lesvolcansnews.net\\\/?p=71262\"},\"author\":{\"name\":\"R\u00e9daction - Les Volcans News\",\"@id\":\"https:\\\/\\\/lesvolcansnews.net\\\/#\\\/schema\\\/person\\\/82c8bed2e77879ecf6cca63441f57354\"},\"headline\":\"Ituri : \u00e0 la m\u00eame date de la reprise officielle du trafic sur Komanda-Luna, l&#8217;ADF tue 4 civils \u00e0 Idohu\",\"datePublished\":\"2025-12-10T09:19:05+00:00\",\"mainEntityOfPage\":{\"@id\":\"https:\\\/\\\/lesvolcansnews.net\\\/?p=71262\"},\"wordCount\":582,\"commentCount\":0,\"image\":{\"@id\":\"https:\\\/\\\/lesvolcansnews.net\\\/?p=71262#primaryimage\"},\"thumbnailUrl\":\"https:\\\/\\\/lesvolcansnews.net\\\/wp-content\\\/uploads\\\/2025\\\/12\\\/IMG-20251209-WA0542-1.jpg\",\"articleSection\":[\"S\u00c9CURIT\u00c9\"],\"inLanguage\":\"fr-FR\",\"potentialAction\":[{\"@type\":\"CommentAction\",\"name\":\"Comment\",\"target\":[\"https:\\\/\\\/lesvolcansnews.net\\\/?p=71262#respond\"]}]},{\"@type\":\"WebPage\",\"@id\":\"https:\\\/\\\/lesvolcansnews.net\\\/?p=71262\",\"url\":\"https:\\\/\\\/lesvolcansnews.net\\\/?p=71262\",\"name\":\"Ituri : \u00e0 la m\u00eame date de la reprise officielle du trafic sur Komanda-Luna, l'ADF tue 4 civils \u00e0 Idohu - LES VOLCANS NEWS\",\"isPartOf\":{\"@id\":\"https:\\\/\\\/lesvolcansnews.net\\\/#website\"},\"primaryImageOfPage\":{\"@id\":\"https:\\\/\\\/lesvolcansnews.net\\\/?p=71262#primaryimage\"},\"image\":{\"@id\":\"https:\\\/\\\/lesvolcansnews.net\\\/?p=71262#primaryimage\"},\"thumbnailUrl\":\"https:\\\/\\\/lesvolcansnews.net\\\/wp-content\\\/uploads\\\/2025\\\/12\\\/IMG-20251209-WA0542-1.jpg\",\"datePublished\":\"2025-12-10T09:19:05+00:00\",\"author\":{\"@id\":\"https:\\\/\\\/lesvolcansnews.net\\\/#\\\/schema\\\/person\\\/82c8bed2e77879ecf6cca63441f57354\"},\"breadcrumb\":{\"@id\":\"https:\\\/\\\/lesvolcansnews.net\\\/?p=71262#breadcrumb\"},\"inLanguage\":\"fr-FR\",\"potentialAction\":[{\"@type\":\"ReadAction\",\"target\":[\"https:\\\/\\\/lesvolcansnews.net\\\/?p=71262\"]}]},{\"@type\":\"ImageObject\",\"inLanguage\":\"fr-FR\",\"@id\":\"https:\\\/\\\/lesvolcansnews.net\\\/?p=71262#primaryimage\",\"url\":\"https:\\\/\\\/lesvolcansnews.net\\\/wp-content\\\/uploads\\\/2025\\\/12\\\/IMG-20251209-WA0542-1.jpg\",\"contentUrl\":\"https:\\\/\\\/lesvolcansnews.net\\\/wp-content\\\/uploads\\\/2025\\\/12\\\/IMG-20251209-WA0542-1.jpg\",\"width\":1080,\"height\":810},{\"@type\":\"BreadcrumbList\",\"@id\":\"https:\\\/\\\/lesvolcansnews.net\\\/?p=71262#breadcrumb\",\"itemListElement\":[{\"@type\":\"ListItem\",\"position\":1,\"name\":\"Accueil\",\"item\":\"https:\\\/\\\/lesvolcansnews.net\\\/\"},{\"@type\":\"ListItem\",\"position\":2,\"name\":\"Ituri : \u00e0 la m\u00eame date de la reprise officielle du trafic sur Komanda-Luna, l&#8217;ADF tue 4 civils \u00e0 Idohu\"}]},{\"@type\":\"WebSite\",\"@id\":\"https:\\\/\\\/lesvolcansnews.net\\\/#website\",\"url\":\"https:\\\/\\\/lesvolcansnews.net\\\/\",\"name\":\"LES VOLCANS NEWS\",\"description\":\"L&#039;INFORMATION C&#039;EST NOUS\",\"potentialAction\":[{\"@type\":\"SearchAction\",\"target\":{\"@type\":\"EntryPoint\",\"urlTemplate\":\"https:\\\/\\\/lesvolcansnews.net\\\/?s={search_term_string}\"},\"query-input\":{\"@type\":\"PropertyValueSpecification\",\"valueRequired\":true,\"valueName\":\"search_term_string\"}}],\"inLanguage\":\"fr-FR\"},{\"@type\":\"Person\",\"@id\":\"https:\\\/\\\/lesvolcansnews.net\\\/#\\\/schema\\\/person\\\/82c8bed2e77879ecf6cca63441f57354\",\"name\":\"R\u00e9daction - Les Volcans News\",\"image\":{\"@type\":\"ImageObject\",\"inLanguage\":\"fr-FR\",\"@id\":\"https:\\\/\\\/secure.gravatar.com\\\/avatar\\\/8408942dd851e8a9c09f3d382a661bc05d2b3cd9002139bc1795b9528cdc6c80?s=96&d=mm&r=g\",\"url\":\"https:\\\/\\\/secure.gravatar.com\\\/avatar\\\/8408942dd851e8a9c09f3d382a661bc05d2b3cd9002139bc1795b9528cdc6c80?s=96&d=mm&r=g\",\"contentUrl\":\"https:\\\/\\\/secure.gravatar.com\\\/avatar\\\/8408942dd851e8a9c09f3d382a661bc05d2b3cd9002139bc1795b9528cdc6c80?s=96&d=mm&r=g\",\"caption\":\"R\u00e9daction - Les Volcans News\"},\"url\":\"https:\\\/\\\/lesvolcansnews.net\\\/?author=14\"}]}<\/script>\n<!-- \/ Yoast SEO plugin. -->","yoast_head_json":{"title":"Ituri : \u00e0 la m\u00eame date de la reprise officielle du trafic sur Komanda-Luna, l'ADF tue 4 civils \u00e0 Idohu - LES VOLCANS NEWS","robots":{"index":"index","follow":"follow","max-snippet":"max-snippet:-1","max-image-preview":"max-image-preview:large","max-video-preview":"max-video-preview:-1"},"canonical":"https:\/\/lesvolcansnews.net\/?p=71262","og_locale":"fr_FR","og_type":"article","og_title":"Ituri : \u00e0 la m\u00eame date de la reprise officielle du trafic sur Komanda-Luna, l'ADF tue 4 civils \u00e0 Idohu - LES VOLCANS NEWS","og_description":"Une nouvelle attaque des forces rebelles des ADF (Allied Democratic Forces) a co\u00fbt\u00e9 la vie \u00e0 quatre civils, dont un b\u00e9b\u00e9 de trois mois, ce mardi 9 d\u00e9cembre soir dans","og_url":"https:\/\/lesvolcansnews.net\/?p=71262","og_site_name":"LES VOLCANS NEWS","article_published_time":"2025-12-10T09:19:05+00:00","og_image":[{"width":1080,"height":810,"url":"https:\/\/lesvolcansnews.net\/wp-content\/uploads\/2025\/12\/IMG-20251209-WA0542-1.jpg","type":"image\/jpeg"}],"author":"R\u00e9daction - Les Volcans News","twitter_card":"summary_large_image","twitter_misc":{"\u00c9crit par":"R\u00e9daction - Les Volcans News","Dur\u00e9e de lecture estim\u00e9e":"3 minutes"},"schema":{"@context":"https:\/\/schema.org","@graph":[{"@type":"Article","@id":"https:\/\/lesvolcansnews.net\/?p=71262#article","isPartOf":{"@id":"https:\/\/lesvolcansnews.net\/?p=71262"},"author":{"name":"R\u00e9daction - Les Volcans News","@id":"https:\/\/lesvolcansnews.net\/#\/schema\/person\/82c8bed2e77879ecf6cca63441f57354"},"headline":"Ituri : \u00e0 la m\u00eame date de la reprise officielle du trafic sur Komanda-Luna, l&#8217;ADF tue 4 civils \u00e0 Idohu","datePublished":"2025-12-10T09:19:05+00:00","mainEntityOfPage":{"@id":"https:\/\/lesvolcansnews.net\/?p=71262"},"wordCount":582,"commentCount":0,"image":{"@id":"https:\/\/lesvolcansnews.net\/?p=71262#primaryimage"},"thumbnailUrl":"https:\/\/lesvolcansnews.net\/wp-content\/uploads\/2025\/12\/IMG-20251209-WA0542-1.jpg","articleSection":["S\u00c9CURIT\u00c9"],"inLanguage":"fr-FR","potentialAction":[{"@type":"CommentAction","name":"Comment","target":["https:\/\/lesvolcansnews.net\/?p=71262#respond"]}]},{"@type":"WebPage","@id":"https:\/\/lesvolcansnews.net\/?p=71262","url":"https:\/\/lesvolcansnews.net\/?p=71262","name":"Ituri : \u00e0 la m\u00eame date de la reprise officielle du trafic sur Komanda-Luna, l'ADF tue 4 civils \u00e0 Idohu - LES VOLCANS NEWS","isPartOf":{"@id":"https:\/\/lesvolcansnews.net\/#website"},"primaryImageOfPage":{"@id":"https:\/\/lesvolcansnews.net\/?p=71262#primaryimage"},"image":{"@id":"https:\/\/lesvolcansnews.net\/?p=71262#primaryimage"},"thumbnailUrl":"https:\/\/lesvolcansnews.net\/wp-content\/uploads\/2025\/12\/IMG-20251209-WA0542-1.jpg","datePublished":"2025-12-10T09:19:05+00:00","author":{"@id":"https:\/\/lesvolcansnews.net\/#\/schema\/person\/82c8bed2e77879ecf6cca63441f57354"},"breadcrumb":{"@id":"https:\/\/lesvolcansnews.net\/?p=71262#breadcrumb"},"inLanguage":"fr-FR","potentialAction":[{"@type":"ReadAction","target":["https:\/\/lesvolcansnews.net\/?p=71262"]}]},{"@type":"ImageObject","inLanguage":"fr-FR","@id":"https:\/\/lesvolcansnews.net\/?p=71262#primaryimage","url":"https:\/\/lesvolcansnews.net\/wp-content\/uploads\/2025\/12\/IMG-20251209-WA0542-1.jpg","contentUrl":"https:\/\/lesvolcansnews.net\/wp-content\/uploads\/2025\/12\/IMG-20251209-WA0542-1.jpg","width":1080,"height":810},{"@type":"BreadcrumbList","@id":"https:\/\/lesvolcansnews.net\/?p=71262#breadcrumb","itemListElement":[{"@type":"ListItem","position":1,"name":"Accueil","item":"https:\/\/lesvolcansnews.net\/"},{"@type":"ListItem","position":2,"name":"Ituri : \u00e0 la m\u00eame date de la reprise officielle du trafic sur Komanda-Luna, l&#8217;ADF tue 4 civils \u00e0 Idohu"}]},{"@type":"WebSite","@id":"https:\/\/lesvolcansnews.net\/#website","url":"https:\/\/lesvolcansnews.net\/","name":"LES VOLCANS NEWS","description":"L&#039;INFORMATION C&#039;EST NOUS","potentialAction":[{"@type":"SearchAction","target":{"@type":"EntryPoint","urlTemplate":"https:\/\/lesvolcansnews.net\/?s={search_term_string}"},"query-input":{"@type":"PropertyValueSpecification","valueRequired":true,"valueName":"search_term_string"}}],"inLanguage":"fr-FR"},{"@type":"Person","@id":"https:\/\/lesvolcansnews.net\/#\/schema\/person\/82c8bed2e77879ecf6cca63441f57354","name":"R\u00e9daction - Les Volcans News","image":{"@type":"ImageObject","inLanguage":"fr-FR","@id":"https:\/\/secure.gravatar.com\/avatar\/8408942dd851e8a9c09f3d382a661bc05d2b3cd9002139bc1795b9528cdc6c80?s=96&d=mm&r=g","url":"https:\/\/secure.gravatar.com\/avatar\/8408942dd851e8a9c09f3d382a661bc05d2b3cd9002139bc1795b9528cdc6c80?s=96&d=mm&r=g","contentUrl":"https:\/\/secure.gravatar.com\/avatar\/8408942dd851e8a9c09f3d382a661bc05d2b3cd9002139bc1795b9528cdc6c80?s=96&d=mm&r=g","caption":"R\u00e9daction - Les Volcans News"},"url":"https:\/\/lesvolcansnews.net\/?author=14"}]}},"_links":{"self":[{"href":"https:\/\/lesvolcansnews.net\/index.php?rest_route=\/wp\/v2\/posts\/71262","targetHints":{"allow":["GET"]}}],"collection":[{"href":"https:\/\/lesvolcansnews.net\/index.php?rest_route=\/wp\/v2\/posts"}],"about":[{"href":"https:\/\/lesvolcansnews.net\/index.php?rest_route=\/wp\/v2\/types\/post"}],"author":[{"embeddable":true,"href":"https:\/\/lesvolcansnews.net\/index.php?rest_route=\/wp\/v2\/users\/14"}],"replies":[{"embeddable":true,"href":"https:\/\/lesvolcansnews.net\/index.php?rest_route=%2Fwp%2Fv2%2Fcomments&post=71262"}],"version-history":[{"count":0,"href":"https:\/\/lesvolcansnews.net\/index.php?rest_route=\/wp\/v2\/posts\/71262\/revisions"}],"wp:featuredmedia":[{"embeddable":true,"href":"https:\/\/lesvolcansnews.net\/index.php?rest_route=\/wp\/v2\/media\/71261"}],"wp:attachment":[{"href":"https:\/\/lesvolcansnews.net\/index.php?rest_route=%2Fwp%2Fv2%2Fmedia&parent=71262"}],"wp:term":[{"taxonomy":"category","embeddable":true,"href":"https:\/\/lesvolcansnews.net\/index.php?rest_route=%2Fwp%2Fv2%2Fcategories&post=71262"},{"taxonomy":"post_tag","embeddable":true,"href":"https:\/\/lesvolcansnews.net\/index.php?rest_route=%2Fwp%2Fv2%2Ftags&post=71262"}],"curies":[{"name":"wp","href":"https:\/\/api.w.org\/{rel}","templated":true}]}}