{"id":71255,"date":"2025-12-10T08:48:35","date_gmt":"2025-12-10T06:48:35","guid":{"rendered":"https:\/\/lesvolcansnews.net\/2025\/12\/10\/le-groupe-de-contact-international-appelle-a-un-cessez-le-feu-immediat-dans-lest-de-la-rdc-et-demande-a-kigali-et-au-m23-de-stopper-leur-offensive\/"},"modified":"2025-12-10T08:48:35","modified_gmt":"2025-12-10T06:48:35","slug":"le-groupe-de-contact-international-appelle-a-un-cessez-le-feu-immediat-dans-lest-de-la-rdc-et-demande-a-kigali-et-au-m23-de-stopper-leur-offensive","status":"publish","type":"post","link":"https:\/\/lesvolcansnews.net\/?p=71255","title":{"rendered":"Le Groupe de Contact International appelle \u00e0 un cessez-le-feu imm\u00e9diat dans l&#8217;Est de la RDC et demande \u00e0 Kigali et au M23 de stopper leur offensive"},"content":{"rendered":"\n<p><\/p>\n\n\n\n<p> <strong>Les pays membres du Groupe de Contact International (GCI) pour la r\u00e9gion des Grands Lacs ont demand\u00e9 ce mardi au Rwanda et au groupe rebelle M23 de mettre fin sans d\u00e9lai \u00e0 leur offensive dans l&#8217;Est de la R\u00e9publique D\u00e9mocratique du Congo (RDC), au risque de d\u00e9stabiliser davantage la r\u00e9gion.<\/strong><\/p>\n\n\n\n<p>Dans une d\u00e9claration conjointe, les membres du GCI, comprenant les \u00c9tats-Unis, la Belgique, le Danemark, l&#8217;Union europ\u00e9enne, la France, l&#8217;Allemagne, les Pays-Bas, la Su\u00e8de, la Suisse et le Royaume-Uni, ont exprim\u00e9 leur vive inqui\u00e9tude face \u00e0 la reprise des violences, en particulier autour d&#8217;Uvira, dans la province du Sud-Kivu, o\u00f9 de nouveaux affrontements ont \u00e9clat\u00e9 entre les forces rwandaises et le M23, soutenu par Kigali.<\/p>\n\n\n\n<p>&#8220;Le GCI exprime sa profonde pr\u00e9occupation face \u00e0 la reprise des violences dans l&#8217;est de la RDC et \u00e0 la nouvelle offensive du M23, soutenu par le Rwanda, autour d&#8217;Uvira, qui risque de d\u00e9stabiliser toute la r\u00e9gion&#8221;, peut-on lire dans la d\u00e9claration.<\/p>\n\n\n\n<p>Les pays membres ont \u00e9galement soulign\u00e9 une nouvelle escalade inqui\u00e9tante du conflit, avec l&#8217;utilisation croissante de drones d&#8217;attaque et de drones suicides, qui a consid\u00e9rablement intensifi\u00e9 les combats et mis en danger les civils. &#8220;Cette situation repr\u00e9sente une escalade significative des combats et fait peser un grave risque sur les populations civiles&#8221;, ont-ils ajout\u00e9.<\/p>\n\n\n\n<p>Le GCI a fermement exhort\u00e9 le M23 et les Forces de D\u00e9fense Rwandaises (FDR) \u00e0 mettre imm\u00e9diatement fin \u00e0 leurs op\u00e9rations offensives dans l&#8217;Est de la RDC, en particulier au Sud-Kivu. &#8220;Nous appelons les FDR \u00e0 se retirer de l&#8217;est de la RDC et le M23 \u00e0 regagner ses positions et \u00e0 respecter ses engagements pris dans le cadre de la D\u00e9claration de principes sign\u00e9e \u00e0 Doha le 19 juillet 2025&#8221;, a indiqu\u00e9 le GCI.<\/p>\n\n\n\n<p><strong>Une mise en garde contre l&#8217;escalade et la d\u00e9stabilisation r\u00e9gionale<\/strong><\/p>\n\n\n\n<p>Les tensions entre la RDC et le Rwanda se sont intensifi\u00e9es ces derniers mois, en raison du soutien pr\u00e9sum\u00e9 de Kigali aux rebelles du M23, accus\u00e9s d&#8217;attaquer les positions de l&#8217;arm\u00e9e congolaise et de prendre le contr\u00f4le de vastes zones de territoire dans l&#8217;Est de la RDC. Cette situation a provoqu\u00e9 une nouvelle crise humanitaire et exacerb\u00e9 les violences dans la r\u00e9gion, o\u00f9 des millions de personnes sont d\u00e9j\u00e0 d\u00e9plac\u00e9es.<\/p>\n\n\n\n<p>Le Groupe de Contact a par ailleurs mis l&#8217;accent sur le respect des r\u00e9solutions de l&#8217;ONU et les accords r\u00e9gionaux. Il a appel\u00e9 toutes les parties \u00e0 honorer leurs obligations de protection des civils, \u00e0 se conformer \u00e0 la r\u00e9solution 2773 du Conseil de s\u00e9curit\u00e9 des Nations unies, et \u00e0 respecter l&#8217;int\u00e9grit\u00e9 territoriale de la RDC.<\/p>\n\n\n\n<p>&#8220;Nous exhortons toutes les parties \u00e0 \u00e9viter toute escalade, qu&#8217;il s&#8217;agisse de propos ou d&#8217;actions provocatrices, qui mettent gravement en danger les populations civiles et risquent de compromettre irr\u00e9m\u00e9diablement les progr\u00e8s accomplis gr\u00e2ce \u00e0 l&#8217;Accord-cadre sign\u00e9 \u00e0 Doha le 15 novembre 2025&#8221;, a ajout\u00e9 le GCI.<\/p>\n\n\n\n<p><strong>L&#8217;acc\u00e8s humanitaire, une priorit\u00e9<\/strong><\/p>\n\n\n\n<p>Le groupe de pays a \u00e9galement soulign\u00e9 l&#8217;importance de garantir un acc\u00e8s humanitaire sans entrave pour permettre aux organisations humanitaires d&#8217;acheminer l&#8217;aide aux populations touch\u00e9es par le conflit. Le GCI a insist\u00e9 sur la n\u00e9cessit\u00e9 de r\u00e9affirmer l&#8217;engagement de toutes les parties \u00e0 respecter le cessez-le-feu et \u00e0 permettre l&#8217;acheminement d&#8217;une aide vitale aux populations en d\u00e9tresse.<\/p>\n\n\n\n<p>&#8220;Nous appelons tous les acteurs concern\u00e9s \u00e0 r\u00e9affirmer d&#8217;urgence et sans \u00e9quivoque leur engagement \u00e0 respecter le cessez-le-feu et \u00e0 garantir un acc\u00e8s humanitaire complet, s\u00fbr et sans entrave afin que l&#8217;aide essentielle puisse parvenir aux personnes qui en ont besoin&#8221;, a conclu la d\u00e9claration du Groupe de Contact International.<\/p>\n\n\n\n<h3 class=\"wp-block-heading\">Contexte<\/h3>\n\n\n\n<p>Les violences dans l&#8217;est de la RDC, particuli\u00e8rement dans les provinces du Nord et du Sud-Kivu, durent depuis plus de deux d\u00e9cennies, aliment\u00e9es par une multitude de groupes arm\u00e9s locaux et \u00e9trangers. Le M23, un groupe rebelle compos\u00e9 principalement de Tutsi congolais, est responsable de nombreuses attaques contre les civils et les forces arm\u00e9es congolaises.<\/p>\n\n\n\n<p>Malgr\u00e9 les efforts internationaux pour instaurer une paix durable dans la r\u00e9gion, la situation demeure instable, exacerb\u00e9e par l\u2019implication pr\u00e9sum\u00e9e du Rwanda, ce qui a consid\u00e9rablement compliqu\u00e9 les n\u00e9gociations de paix. Le GCI, qui a \u00e9t\u00e9 mis en place pour coordonner l&#8217;engagement international en vue de la paix, reste particuli\u00e8rement pr\u00e9occup\u00e9 par l\u2019\u00e9volution rapide du conflit.<\/p>\n\n\n\n<p>La r\u00e9daction <\/p>\n","protected":false},"excerpt":{"rendered":"<p>Les pays membres du Groupe de Contact International (GCI) pour la r\u00e9gion des Grands Lacs ont demand\u00e9 ce mardi au Rwanda et au groupe rebelle M23 de mettre fin sans<\/p>\n","protected":false},"author":14,"featured_media":0,"comment_status":"open","ping_status":"open","sticky":false,"template":"","format":"standard","meta":{"footnotes":""},"categories":[1],"tags":[],"class_list":["post-71255","post","type-post","status-publish","format-standard","hentry","category-actualite"],"yoast_head":"<!-- This site is optimized with the Yoast SEO plugin v27.5 - https:\/\/yoast.com\/product\/yoast-seo-wordpress\/ -->\n<title>Le Groupe de Contact International appelle \u00e0 un cessez-le-feu imm\u00e9diat dans l&#039;Est de la RDC et demande \u00e0 Kigali et au M23 de stopper leur offensive - LES VOLCANS NEWS<\/title>\n<meta name=\"robots\" content=\"index, follow, max-snippet:-1, max-image-preview:large, max-video-preview:-1\" \/>\n<link rel=\"canonical\" href=\"https:\/\/lesvolcansnews.net\/?p=71255\" \/>\n<meta property=\"og:locale\" content=\"fr_FR\" \/>\n<meta property=\"og:type\" content=\"article\" \/>\n<meta property=\"og:title\" content=\"Le Groupe de Contact International appelle \u00e0 un cessez-le-feu imm\u00e9diat dans l&#039;Est de la RDC et demande \u00e0 Kigali et au M23 de stopper leur offensive - LES VOLCANS NEWS\" \/>\n<meta property=\"og:description\" content=\"Les pays membres du Groupe de Contact International (GCI) pour la r\u00e9gion des Grands Lacs ont demand\u00e9 ce mardi au Rwanda et au groupe rebelle M23 de mettre fin sans\" \/>\n<meta property=\"og:url\" content=\"https:\/\/lesvolcansnews.net\/?p=71255\" \/>\n<meta property=\"og:site_name\" content=\"LES VOLCANS NEWS\" \/>\n<meta property=\"article:published_time\" content=\"2025-12-10T06:48:35+00:00\" \/>\n<meta name=\"author\" content=\"R\u00e9daction - Les Volcans News\" \/>\n<meta name=\"twitter:card\" content=\"summary_large_image\" \/>\n<meta name=\"twitter:label1\" content=\"\u00c9crit par\" \/>\n\t<meta name=\"twitter:data1\" content=\"R\u00e9daction - Les Volcans News\" \/>\n\t<meta name=\"twitter:label2\" content=\"Dur\u00e9e de lecture estim\u00e9e\" \/>\n\t<meta name=\"twitter:data2\" content=\"4 minutes\" \/>\n<script type=\"application\/ld+json\" class=\"yoast-schema-graph\">{\"@context\":\"https:\\\/\\\/schema.org\",\"@graph\":[{\"@type\":\"Article\",\"@id\":\"https:\\\/\\\/lesvolcansnews.net\\\/?p=71255#article\",\"isPartOf\":{\"@id\":\"https:\\\/\\\/lesvolcansnews.net\\\/?p=71255\"},\"author\":{\"name\":\"R\u00e9daction - Les Volcans News\",\"@id\":\"https:\\\/\\\/lesvolcansnews.net\\\/#\\\/schema\\\/person\\\/82c8bed2e77879ecf6cca63441f57354\"},\"headline\":\"Le Groupe de Contact International appelle \u00e0 un cessez-le-feu imm\u00e9diat dans l&#8217;Est de la RDC et demande \u00e0 Kigali et au M23 de stopper leur offensive\",\"datePublished\":\"2025-12-10T06:48:35+00:00\",\"mainEntityOfPage\":{\"@id\":\"https:\\\/\\\/lesvolcansnews.net\\\/?p=71255\"},\"wordCount\":793,\"commentCount\":0,\"articleSection\":[\"ACTUALIT\u00c9\"],\"inLanguage\":\"fr-FR\",\"potentialAction\":[{\"@type\":\"CommentAction\",\"name\":\"Comment\",\"target\":[\"https:\\\/\\\/lesvolcansnews.net\\\/?p=71255#respond\"]}]},{\"@type\":\"WebPage\",\"@id\":\"https:\\\/\\\/lesvolcansnews.net\\\/?p=71255\",\"url\":\"https:\\\/\\\/lesvolcansnews.net\\\/?p=71255\",\"name\":\"Le Groupe de Contact International appelle \u00e0 un cessez-le-feu imm\u00e9diat dans l'Est de la RDC et demande \u00e0 Kigali et au M23 de stopper leur offensive - LES VOLCANS NEWS\",\"isPartOf\":{\"@id\":\"https:\\\/\\\/lesvolcansnews.net\\\/#website\"},\"datePublished\":\"2025-12-10T06:48:35+00:00\",\"author\":{\"@id\":\"https:\\\/\\\/lesvolcansnews.net\\\/#\\\/schema\\\/person\\\/82c8bed2e77879ecf6cca63441f57354\"},\"breadcrumb\":{\"@id\":\"https:\\\/\\\/lesvolcansnews.net\\\/?p=71255#breadcrumb\"},\"inLanguage\":\"fr-FR\",\"potentialAction\":[{\"@type\":\"ReadAction\",\"target\":[\"https:\\\/\\\/lesvolcansnews.net\\\/?p=71255\"]}]},{\"@type\":\"BreadcrumbList\",\"@id\":\"https:\\\/\\\/lesvolcansnews.net\\\/?p=71255#breadcrumb\",\"itemListElement\":[{\"@type\":\"ListItem\",\"position\":1,\"name\":\"Accueil\",\"item\":\"https:\\\/\\\/lesvolcansnews.net\\\/\"},{\"@type\":\"ListItem\",\"position\":2,\"name\":\"Le Groupe de Contact International appelle \u00e0 un cessez-le-feu imm\u00e9diat dans l&#8217;Est de la RDC et demande \u00e0 Kigali et au M23 de stopper leur offensive\"}]},{\"@type\":\"WebSite\",\"@id\":\"https:\\\/\\\/lesvolcansnews.net\\\/#website\",\"url\":\"https:\\\/\\\/lesvolcansnews.net\\\/\",\"name\":\"LES VOLCANS NEWS\",\"description\":\"L&#039;INFORMATION C&#039;EST NOUS\",\"potentialAction\":[{\"@type\":\"SearchAction\",\"target\":{\"@type\":\"EntryPoint\",\"urlTemplate\":\"https:\\\/\\\/lesvolcansnews.net\\\/?s={search_term_string}\"},\"query-input\":{\"@type\":\"PropertyValueSpecification\",\"valueRequired\":true,\"valueName\":\"search_term_string\"}}],\"inLanguage\":\"fr-FR\"},{\"@type\":\"Person\",\"@id\":\"https:\\\/\\\/lesvolcansnews.net\\\/#\\\/schema\\\/person\\\/82c8bed2e77879ecf6cca63441f57354\",\"name\":\"R\u00e9daction - Les Volcans News\",\"image\":{\"@type\":\"ImageObject\",\"inLanguage\":\"fr-FR\",\"@id\":\"https:\\\/\\\/secure.gravatar.com\\\/avatar\\\/8408942dd851e8a9c09f3d382a661bc05d2b3cd9002139bc1795b9528cdc6c80?s=96&d=mm&r=g\",\"url\":\"https:\\\/\\\/secure.gravatar.com\\\/avatar\\\/8408942dd851e8a9c09f3d382a661bc05d2b3cd9002139bc1795b9528cdc6c80?s=96&d=mm&r=g\",\"contentUrl\":\"https:\\\/\\\/secure.gravatar.com\\\/avatar\\\/8408942dd851e8a9c09f3d382a661bc05d2b3cd9002139bc1795b9528cdc6c80?s=96&d=mm&r=g\",\"caption\":\"R\u00e9daction - Les Volcans News\"},\"url\":\"https:\\\/\\\/lesvolcansnews.net\\\/?author=14\"}]}<\/script>\n<!-- \/ Yoast SEO plugin. -->","yoast_head_json":{"title":"Le Groupe de Contact International appelle \u00e0 un cessez-le-feu imm\u00e9diat dans l'Est de la RDC et demande \u00e0 Kigali et au M23 de stopper leur offensive - LES VOLCANS NEWS","robots":{"index":"index","follow":"follow","max-snippet":"max-snippet:-1","max-image-preview":"max-image-preview:large","max-video-preview":"max-video-preview:-1"},"canonical":"https:\/\/lesvolcansnews.net\/?p=71255","og_locale":"fr_FR","og_type":"article","og_title":"Le Groupe de Contact International appelle \u00e0 un cessez-le-feu imm\u00e9diat dans l'Est de la RDC et demande \u00e0 Kigali et au M23 de stopper leur offensive - LES VOLCANS NEWS","og_description":"Les pays membres du Groupe de Contact International (GCI) pour la r\u00e9gion des Grands Lacs ont demand\u00e9 ce mardi au Rwanda et au groupe rebelle M23 de mettre fin sans","og_url":"https:\/\/lesvolcansnews.net\/?p=71255","og_site_name":"LES VOLCANS NEWS","article_published_time":"2025-12-10T06:48:35+00:00","author":"R\u00e9daction - Les Volcans News","twitter_card":"summary_large_image","twitter_misc":{"\u00c9crit par":"R\u00e9daction - Les Volcans News","Dur\u00e9e de lecture estim\u00e9e":"4 minutes"},"schema":{"@context":"https:\/\/schema.org","@graph":[{"@type":"Article","@id":"https:\/\/lesvolcansnews.net\/?p=71255#article","isPartOf":{"@id":"https:\/\/lesvolcansnews.net\/?p=71255"},"author":{"name":"R\u00e9daction - Les Volcans News","@id":"https:\/\/lesvolcansnews.net\/#\/schema\/person\/82c8bed2e77879ecf6cca63441f57354"},"headline":"Le Groupe de Contact International appelle \u00e0 un cessez-le-feu imm\u00e9diat dans l&#8217;Est de la RDC et demande \u00e0 Kigali et au M23 de stopper leur offensive","datePublished":"2025-12-10T06:48:35+00:00","mainEntityOfPage":{"@id":"https:\/\/lesvolcansnews.net\/?p=71255"},"wordCount":793,"commentCount":0,"articleSection":["ACTUALIT\u00c9"],"inLanguage":"fr-FR","potentialAction":[{"@type":"CommentAction","name":"Comment","target":["https:\/\/lesvolcansnews.net\/?p=71255#respond"]}]},{"@type":"WebPage","@id":"https:\/\/lesvolcansnews.net\/?p=71255","url":"https:\/\/lesvolcansnews.net\/?p=71255","name":"Le Groupe de Contact International appelle \u00e0 un cessez-le-feu imm\u00e9diat dans l'Est de la RDC et demande \u00e0 Kigali et au M23 de stopper leur offensive - LES VOLCANS NEWS","isPartOf":{"@id":"https:\/\/lesvolcansnews.net\/#website"},"datePublished":"2025-12-10T06:48:35+00:00","author":{"@id":"https:\/\/lesvolcansnews.net\/#\/schema\/person\/82c8bed2e77879ecf6cca63441f57354"},"breadcrumb":{"@id":"https:\/\/lesvolcansnews.net\/?p=71255#breadcrumb"},"inLanguage":"fr-FR","potentialAction":[{"@type":"ReadAction","target":["https:\/\/lesvolcansnews.net\/?p=71255"]}]},{"@type":"BreadcrumbList","@id":"https:\/\/lesvolcansnews.net\/?p=71255#breadcrumb","itemListElement":[{"@type":"ListItem","position":1,"name":"Accueil","item":"https:\/\/lesvolcansnews.net\/"},{"@type":"ListItem","position":2,"name":"Le Groupe de Contact International appelle \u00e0 un cessez-le-feu imm\u00e9diat dans l&#8217;Est de la RDC et demande \u00e0 Kigali et au M23 de stopper leur offensive"}]},{"@type":"WebSite","@id":"https:\/\/lesvolcansnews.net\/#website","url":"https:\/\/lesvolcansnews.net\/","name":"LES VOLCANS NEWS","description":"L&#039;INFORMATION C&#039;EST NOUS","potentialAction":[{"@type":"SearchAction","target":{"@type":"EntryPoint","urlTemplate":"https:\/\/lesvolcansnews.net\/?s={search_term_string}"},"query-input":{"@type":"PropertyValueSpecification","valueRequired":true,"valueName":"search_term_string"}}],"inLanguage":"fr-FR"},{"@type":"Person","@id":"https:\/\/lesvolcansnews.net\/#\/schema\/person\/82c8bed2e77879ecf6cca63441f57354","name":"R\u00e9daction - Les Volcans News","image":{"@type":"ImageObject","inLanguage":"fr-FR","@id":"https:\/\/secure.gravatar.com\/avatar\/8408942dd851e8a9c09f3d382a661bc05d2b3cd9002139bc1795b9528cdc6c80?s=96&d=mm&r=g","url":"https:\/\/secure.gravatar.com\/avatar\/8408942dd851e8a9c09f3d382a661bc05d2b3cd9002139bc1795b9528cdc6c80?s=96&d=mm&r=g","contentUrl":"https:\/\/secure.gravatar.com\/avatar\/8408942dd851e8a9c09f3d382a661bc05d2b3cd9002139bc1795b9528cdc6c80?s=96&d=mm&r=g","caption":"R\u00e9daction - Les Volcans News"},"url":"https:\/\/lesvolcansnews.net\/?author=14"}]}},"_links":{"self":[{"href":"https:\/\/lesvolcansnews.net\/index.php?rest_route=\/wp\/v2\/posts\/71255","targetHints":{"allow":["GET"]}}],"collection":[{"href":"https:\/\/lesvolcansnews.net\/index.php?rest_route=\/wp\/v2\/posts"}],"about":[{"href":"https:\/\/lesvolcansnews.net\/index.php?rest_route=\/wp\/v2\/types\/post"}],"author":[{"embeddable":true,"href":"https:\/\/lesvolcansnews.net\/index.php?rest_route=\/wp\/v2\/users\/14"}],"replies":[{"embeddable":true,"href":"https:\/\/lesvolcansnews.net\/index.php?rest_route=%2Fwp%2Fv2%2Fcomments&post=71255"}],"version-history":[{"count":0,"href":"https:\/\/lesvolcansnews.net\/index.php?rest_route=\/wp\/v2\/posts\/71255\/revisions"}],"wp:attachment":[{"href":"https:\/\/lesvolcansnews.net\/index.php?rest_route=%2Fwp%2Fv2%2Fmedia&parent=71255"}],"wp:term":[{"taxonomy":"category","embeddable":true,"href":"https:\/\/lesvolcansnews.net\/index.php?rest_route=%2Fwp%2Fv2%2Fcategories&post=71255"},{"taxonomy":"post_tag","embeddable":true,"href":"https:\/\/lesvolcansnews.net\/index.php?rest_route=%2Fwp%2Fv2%2Ftags&post=71255"}],"curies":[{"name":"wp","href":"https:\/\/api.w.org\/{rel}","templated":true}]}}