{"id":71253,"date":"2025-12-10T00:16:06","date_gmt":"2025-12-09T22:16:06","guid":{"rendered":"https:\/\/lesvolcansnews.net\/2025\/12\/10\/journee-internationale-des-droits-de-lhomme-clarisse-miruho-exige-justice-pour-lest-de-la-rdc\/"},"modified":"2025-12-10T08:42:53","modified_gmt":"2025-12-10T06:42:53","slug":"journee-internationale-des-droits-de-lhomme-clarisse-miruho-exige-justice-pour-lest-de-la-rdc","status":"publish","type":"post","link":"https:\/\/lesvolcansnews.net\/?p=71253","title":{"rendered":"Journ\u00e9e Internationale des Droits de l&#8217;Homme : Clarisse Miruho exige justice pour l&#8217;Est de la RDC"},"content":{"rendered":"\n<p> <strong>\u00c0 l\u2019occasion de la Journ\u00e9e Internationale des Droits de l&#8217;Homme, Clarisse Miruho, militante pour les droits des femmes et la justice sociale, a interpell\u00e9 la communaut\u00e9 internationale sur les exactions persistantes commises dans l\u2019Est de la R\u00e9publique D\u00e9mocratique du Congo (RDC), notamment au Nord et au Sud-Kivu.<\/strong><\/p>\n\n\n\n<p>Lors d&#8217;un entretien \u00e0 l&#8217;occasion de cette journ\u00e9e, Clarisse a d\u00e9nonc\u00e9 l\u2019impunit\u00e9 qui caract\u00e9rise les actes de violence perp\u00e9tr\u00e9s contre les civils, en particulier les femmes et les enfants, et exig\u00e9 des enqu\u00eates ind\u00e9pendantes pour faire la lumi\u00e8re sur ces atrocit\u00e9s. <\/p>\n\n\n\n<p><br \/>Clarisse Miruho a appel\u00e9 la communaut\u00e9 internationale et les autorit\u00e9s congolaises \u00e0 traduire en justice les responsables des massacres du 30 ao\u00fbt dernier \u00e0 Ndosho dans la ville touristique de Goma au Nord-Kivu dans la partie Est de la RDC. <\/p>\n\n\n\n<p>Ce carnage, qui a co\u00fbt\u00e9 la vie \u00e0 de nombreux innocents, reste impuni malgr\u00e9 les nombreux t\u00e9moignages faisant \u00e9tat de l\u2019implication directe des forces arm\u00e9es congolaises (FARDC).<\/p>\n\n\n\n<p> Elle a exig\u00e9 la mise en place d&#8217;enqu\u00eates judiciaires impartiales pour \u00e9tablir les responsabilit\u00e9s et rendre justice aux victimes.<\/p>\n\n\n\n<p><br \/>Miruho a \u00e9galement \u00e9voqu\u00e9 la trag\u00e9die survenue \u00e0 la prison centrale de Munzenze, o\u00f9 des centaines de personnes, dont des femmes et des enfants, ont p\u00e9ri dans un incendie myst\u00e9rieux, survenu lors des affrontements entre les FARDC et le M23\/AFC.<\/p>\n\n\n\n<p> Des accusations de complicit\u00e9 entre les deux bellig\u00e9rants circulent, mais aucune enqu\u00eate ind\u00e9pendante n&#8217;a encore permis d&#8217;\u00e9tablir clairement les responsabilit\u00e9s.<\/p>\n\n\n\n<p> \u00ab Nous exigeons une enqu\u00eate exhaustive sur ce drame afin que la v\u00e9rit\u00e9 soit r\u00e9v\u00e9l\u00e9e. La communaut\u00e9 internationale doit se saisir de cette affaire \u00bb, a d\u00e9clar\u00e9 Claris Miruho.<\/p>\n\n\n\n<p>Selon elle, la communaut\u00e9 internationale et la Cour P\u00e9nale Internationale (CPI) ont un r\u00f4le crucial \u00e0 jouer pour stopper l&#8217;impunit\u00e9 qui r\u00e8gne dans l\u2019Est du pays.<\/p>\n\n\n\n<p><br \/>Clarisse Miruho n&#8217;a pas manqu\u00e9 de d\u00e9noncer l&#8217;ampleur des crimes de guerre commis contre les femmes et les enfants dans la plaine de la Ruzizi, zone fortement touch\u00e9e par les combats entre les FARDC et le M23.<\/p>\n\n\n\n<p> \u00ab Ces atrocit\u00e9s constituent des crimes contre l\u2019humanit\u00e9. Les femmes et les enfants,&nbsp; vuln\u00e9rables, sont les premi\u00e8res victimes de ces violences. Il est crucial que les responsables de ces massacres, qu&#8217;ils soient membres des FARDC ou du M23, soient jug\u00e9s et sanctionn\u00e9s \u00bb, a-t-elle d\u00e9clar\u00e9.<\/p>\n\n\n\n<p><br \/>Dans le cadre de cette journ\u00e9e comm\u00e9morative, l\u2019activiste a \u00e9galement renouvel\u00e9 son plaidoyer en faveur de la reconnaissance internationale des g\u00e9nocides commis sur le territoire congolais, plaidant pour une prise en charge rapide de la situation par les instances internationales. <\/p>\n\n\n\n<p>Elle a rappel\u00e9 que la RDC, malgr\u00e9 les nombreux rapports d\u2019organisations humanitaires et des Nations Unies, demeure dans l\u2019ombre de l\u2019impunit\u00e9, et que les victimes de violences restent sans justice. \u00ab <em>L\u2019absence de justice est une forme de violence. Nous demandons \u00e0 la communaut\u00e9 internationale et \u00e0 la CPI de se saisir de ces crimes pour qu\u2019enfin, les responsables soient traduits devant les instances judiciaires \u00bb,<\/em> a conclu Claris Miruho.<\/p>\n\n\n\n<p> L&#8217;activiste a insist\u00e9 sur l\u2019urgence d&#8217;une r\u00e9ponse concr\u00e8te de la communaut\u00e9 internationale face \u00e0 l&#8217;ampleur des exactions, afin d\u2019emp\u00eacher que de nouvelles trag\u00e9dies ne se produisent.<\/p>\n\n\n\n<p> \u00ab Il ne suffit pas de comm\u00e9morer les droits de l&#8217;homme, il faut les d\u00e9fendre. Nous devons agir pour les victimes de ces violences \u00bb, a-t-elle conclu.<\/p>\n\n\n\n<p>La journ\u00e9e du 10 d\u00e9cembre, marqu\u00e9e par des rassemblements \u00e0 travers le monde en l\u2019honneur de la dignit\u00e9 humaine, a offert \u00e0 Claris Miruho l&#8217;occasion de lancer un appel&nbsp; \u00e0 la justice pour toutes les victimes des violences de l\u2019Est de la RDC, en esp\u00e9rant que les promesses de la communaut\u00e9 internationale se traduiront enfin en actes concrets.<\/p>\n\n\n\n<p>La r\u00e9daction <\/p>\n","protected":false},"excerpt":{"rendered":"<p>\u00c0 l\u2019occasion de la Journ\u00e9e Internationale des Droits de l&#8217;Homme, Clarisse Miruho, militante pour les droits des femmes et la justice sociale, a interpell\u00e9 la communaut\u00e9 internationale sur les exactions<\/p>\n","protected":false},"author":14,"featured_media":71251,"comment_status":"open","ping_status":"open","sticky":false,"template":"","format":"standard","meta":{"footnotes":""},"categories":[78,71],"tags":[],"class_list":["post-71253","post","type-post","status-publish","format-standard","has-post-thumbnail","hentry","category-droits-humains","category-non-aux-discours-haineux"],"yoast_head":"<!-- This site is optimized with the Yoast SEO plugin v27.5 - https:\/\/yoast.com\/product\/yoast-seo-wordpress\/ -->\n<title>Journ\u00e9e Internationale des Droits de l&#039;Homme : Clarisse Miruho exige justice pour l&#039;Est de la RDC - LES VOLCANS NEWS<\/title>\n<meta name=\"robots\" content=\"index, follow, max-snippet:-1, max-image-preview:large, max-video-preview:-1\" \/>\n<link rel=\"canonical\" href=\"https:\/\/lesvolcansnews.net\/?p=71253\" \/>\n<meta property=\"og:locale\" content=\"fr_FR\" \/>\n<meta property=\"og:type\" content=\"article\" \/>\n<meta property=\"og:title\" content=\"Journ\u00e9e Internationale des Droits de l&#039;Homme : Clarisse Miruho exige justice pour l&#039;Est de la RDC - LES VOLCANS NEWS\" \/>\n<meta property=\"og:description\" content=\"\u00c0 l\u2019occasion de la Journ\u00e9e Internationale des Droits de l&#8217;Homme, Clarisse Miruho, militante pour les droits des femmes et la justice sociale, a interpell\u00e9 la communaut\u00e9 internationale sur les exactions\" \/>\n<meta property=\"og:url\" content=\"https:\/\/lesvolcansnews.net\/?p=71253\" \/>\n<meta property=\"og:site_name\" content=\"LES VOLCANS NEWS\" \/>\n<meta property=\"article:published_time\" content=\"2025-12-09T22:16:06+00:00\" \/>\n<meta property=\"article:modified_time\" content=\"2025-12-10T06:42:53+00:00\" \/>\n<meta property=\"og:image\" content=\"https:\/\/lesvolcansnews.net\/wp-content\/uploads\/2025\/12\/4384409.jpeg\" \/>\n\t<meta property=\"og:image:width\" content=\"864\" \/>\n\t<meta property=\"og:image:height\" content=\"486\" \/>\n\t<meta property=\"og:image:type\" content=\"image\/jpeg\" \/>\n<meta name=\"author\" content=\"R\u00e9daction - Les Volcans News\" \/>\n<meta name=\"twitter:card\" content=\"summary_large_image\" \/>\n<meta name=\"twitter:label1\" content=\"\u00c9crit par\" \/>\n\t<meta name=\"twitter:data1\" content=\"R\u00e9daction - Les Volcans News\" \/>\n\t<meta name=\"twitter:label2\" content=\"Dur\u00e9e de lecture estim\u00e9e\" \/>\n\t<meta name=\"twitter:data2\" content=\"3 minutes\" \/>\n<script type=\"application\/ld+json\" class=\"yoast-schema-graph\">{\"@context\":\"https:\\\/\\\/schema.org\",\"@graph\":[{\"@type\":\"Article\",\"@id\":\"https:\\\/\\\/lesvolcansnews.net\\\/?p=71253#article\",\"isPartOf\":{\"@id\":\"https:\\\/\\\/lesvolcansnews.net\\\/?p=71253\"},\"author\":{\"name\":\"R\u00e9daction - Les Volcans News\",\"@id\":\"https:\\\/\\\/lesvolcansnews.net\\\/#\\\/schema\\\/person\\\/82c8bed2e77879ecf6cca63441f57354\"},\"headline\":\"Journ\u00e9e Internationale des Droits de l&#8217;Homme : Clarisse Miruho exige justice pour l&#8217;Est de la RDC\",\"datePublished\":\"2025-12-09T22:16:06+00:00\",\"dateModified\":\"2025-12-10T06:42:53+00:00\",\"mainEntityOfPage\":{\"@id\":\"https:\\\/\\\/lesvolcansnews.net\\\/?p=71253\"},\"wordCount\":680,\"commentCount\":0,\"image\":{\"@id\":\"https:\\\/\\\/lesvolcansnews.net\\\/?p=71253#primaryimage\"},\"thumbnailUrl\":\"https:\\\/\\\/lesvolcansnews.net\\\/wp-content\\\/uploads\\\/2025\\\/12\\\/4384409.jpeg\",\"articleSection\":[\"DROITS HUMAINS\",\"NON AUX DISCOURS HAINEUX\"],\"inLanguage\":\"fr-FR\",\"potentialAction\":[{\"@type\":\"CommentAction\",\"name\":\"Comment\",\"target\":[\"https:\\\/\\\/lesvolcansnews.net\\\/?p=71253#respond\"]}]},{\"@type\":\"WebPage\",\"@id\":\"https:\\\/\\\/lesvolcansnews.net\\\/?p=71253\",\"url\":\"https:\\\/\\\/lesvolcansnews.net\\\/?p=71253\",\"name\":\"Journ\u00e9e Internationale des Droits de l'Homme : Clarisse Miruho exige justice pour l'Est de la RDC - LES VOLCANS NEWS\",\"isPartOf\":{\"@id\":\"https:\\\/\\\/lesvolcansnews.net\\\/#website\"},\"primaryImageOfPage\":{\"@id\":\"https:\\\/\\\/lesvolcansnews.net\\\/?p=71253#primaryimage\"},\"image\":{\"@id\":\"https:\\\/\\\/lesvolcansnews.net\\\/?p=71253#primaryimage\"},\"thumbnailUrl\":\"https:\\\/\\\/lesvolcansnews.net\\\/wp-content\\\/uploads\\\/2025\\\/12\\\/4384409.jpeg\",\"datePublished\":\"2025-12-09T22:16:06+00:00\",\"dateModified\":\"2025-12-10T06:42:53+00:00\",\"author\":{\"@id\":\"https:\\\/\\\/lesvolcansnews.net\\\/#\\\/schema\\\/person\\\/82c8bed2e77879ecf6cca63441f57354\"},\"breadcrumb\":{\"@id\":\"https:\\\/\\\/lesvolcansnews.net\\\/?p=71253#breadcrumb\"},\"inLanguage\":\"fr-FR\",\"potentialAction\":[{\"@type\":\"ReadAction\",\"target\":[\"https:\\\/\\\/lesvolcansnews.net\\\/?p=71253\"]}]},{\"@type\":\"ImageObject\",\"inLanguage\":\"fr-FR\",\"@id\":\"https:\\\/\\\/lesvolcansnews.net\\\/?p=71253#primaryimage\",\"url\":\"https:\\\/\\\/lesvolcansnews.net\\\/wp-content\\\/uploads\\\/2025\\\/12\\\/4384409.jpeg\",\"contentUrl\":\"https:\\\/\\\/lesvolcansnews.net\\\/wp-content\\\/uploads\\\/2025\\\/12\\\/4384409.jpeg\",\"width\":864,\"height\":486},{\"@type\":\"BreadcrumbList\",\"@id\":\"https:\\\/\\\/lesvolcansnews.net\\\/?p=71253#breadcrumb\",\"itemListElement\":[{\"@type\":\"ListItem\",\"position\":1,\"name\":\"Accueil\",\"item\":\"https:\\\/\\\/lesvolcansnews.net\\\/\"},{\"@type\":\"ListItem\",\"position\":2,\"name\":\"Journ\u00e9e Internationale des Droits de l&#8217;Homme : Clarisse Miruho exige justice pour l&#8217;Est de la RDC\"}]},{\"@type\":\"WebSite\",\"@id\":\"https:\\\/\\\/lesvolcansnews.net\\\/#website\",\"url\":\"https:\\\/\\\/lesvolcansnews.net\\\/\",\"name\":\"LES VOLCANS NEWS\",\"description\":\"L&#039;INFORMATION C&#039;EST NOUS\",\"potentialAction\":[{\"@type\":\"SearchAction\",\"target\":{\"@type\":\"EntryPoint\",\"urlTemplate\":\"https:\\\/\\\/lesvolcansnews.net\\\/?s={search_term_string}\"},\"query-input\":{\"@type\":\"PropertyValueSpecification\",\"valueRequired\":true,\"valueName\":\"search_term_string\"}}],\"inLanguage\":\"fr-FR\"},{\"@type\":\"Person\",\"@id\":\"https:\\\/\\\/lesvolcansnews.net\\\/#\\\/schema\\\/person\\\/82c8bed2e77879ecf6cca63441f57354\",\"name\":\"R\u00e9daction - Les Volcans News\",\"image\":{\"@type\":\"ImageObject\",\"inLanguage\":\"fr-FR\",\"@id\":\"https:\\\/\\\/secure.gravatar.com\\\/avatar\\\/8408942dd851e8a9c09f3d382a661bc05d2b3cd9002139bc1795b9528cdc6c80?s=96&d=mm&r=g\",\"url\":\"https:\\\/\\\/secure.gravatar.com\\\/avatar\\\/8408942dd851e8a9c09f3d382a661bc05d2b3cd9002139bc1795b9528cdc6c80?s=96&d=mm&r=g\",\"contentUrl\":\"https:\\\/\\\/secure.gravatar.com\\\/avatar\\\/8408942dd851e8a9c09f3d382a661bc05d2b3cd9002139bc1795b9528cdc6c80?s=96&d=mm&r=g\",\"caption\":\"R\u00e9daction - Les Volcans News\"},\"url\":\"https:\\\/\\\/lesvolcansnews.net\\\/?author=14\"}]}<\/script>\n<!-- \/ Yoast SEO plugin. -->","yoast_head_json":{"title":"Journ\u00e9e Internationale des Droits de l'Homme : Clarisse Miruho exige justice pour l'Est de la RDC - LES VOLCANS NEWS","robots":{"index":"index","follow":"follow","max-snippet":"max-snippet:-1","max-image-preview":"max-image-preview:large","max-video-preview":"max-video-preview:-1"},"canonical":"https:\/\/lesvolcansnews.net\/?p=71253","og_locale":"fr_FR","og_type":"article","og_title":"Journ\u00e9e Internationale des Droits de l'Homme : Clarisse Miruho exige justice pour l'Est de la RDC - LES VOLCANS NEWS","og_description":"\u00c0 l\u2019occasion de la Journ\u00e9e Internationale des Droits de l&#8217;Homme, Clarisse Miruho, militante pour les droits des femmes et la justice sociale, a interpell\u00e9 la communaut\u00e9 internationale sur les exactions","og_url":"https:\/\/lesvolcansnews.net\/?p=71253","og_site_name":"LES VOLCANS NEWS","article_published_time":"2025-12-09T22:16:06+00:00","article_modified_time":"2025-12-10T06:42:53+00:00","og_image":[{"width":864,"height":486,"url":"https:\/\/lesvolcansnews.net\/wp-content\/uploads\/2025\/12\/4384409.jpeg","type":"image\/jpeg"}],"author":"R\u00e9daction - Les Volcans News","twitter_card":"summary_large_image","twitter_misc":{"\u00c9crit par":"R\u00e9daction - Les Volcans News","Dur\u00e9e de lecture estim\u00e9e":"3 minutes"},"schema":{"@context":"https:\/\/schema.org","@graph":[{"@type":"Article","@id":"https:\/\/lesvolcansnews.net\/?p=71253#article","isPartOf":{"@id":"https:\/\/lesvolcansnews.net\/?p=71253"},"author":{"name":"R\u00e9daction - Les Volcans News","@id":"https:\/\/lesvolcansnews.net\/#\/schema\/person\/82c8bed2e77879ecf6cca63441f57354"},"headline":"Journ\u00e9e Internationale des Droits de l&#8217;Homme : Clarisse Miruho exige justice pour l&#8217;Est de la RDC","datePublished":"2025-12-09T22:16:06+00:00","dateModified":"2025-12-10T06:42:53+00:00","mainEntityOfPage":{"@id":"https:\/\/lesvolcansnews.net\/?p=71253"},"wordCount":680,"commentCount":0,"image":{"@id":"https:\/\/lesvolcansnews.net\/?p=71253#primaryimage"},"thumbnailUrl":"https:\/\/lesvolcansnews.net\/wp-content\/uploads\/2025\/12\/4384409.jpeg","articleSection":["DROITS HUMAINS","NON AUX DISCOURS HAINEUX"],"inLanguage":"fr-FR","potentialAction":[{"@type":"CommentAction","name":"Comment","target":["https:\/\/lesvolcansnews.net\/?p=71253#respond"]}]},{"@type":"WebPage","@id":"https:\/\/lesvolcansnews.net\/?p=71253","url":"https:\/\/lesvolcansnews.net\/?p=71253","name":"Journ\u00e9e Internationale des Droits de l'Homme : Clarisse Miruho exige justice pour l'Est de la RDC - LES VOLCANS NEWS","isPartOf":{"@id":"https:\/\/lesvolcansnews.net\/#website"},"primaryImageOfPage":{"@id":"https:\/\/lesvolcansnews.net\/?p=71253#primaryimage"},"image":{"@id":"https:\/\/lesvolcansnews.net\/?p=71253#primaryimage"},"thumbnailUrl":"https:\/\/lesvolcansnews.net\/wp-content\/uploads\/2025\/12\/4384409.jpeg","datePublished":"2025-12-09T22:16:06+00:00","dateModified":"2025-12-10T06:42:53+00:00","author":{"@id":"https:\/\/lesvolcansnews.net\/#\/schema\/person\/82c8bed2e77879ecf6cca63441f57354"},"breadcrumb":{"@id":"https:\/\/lesvolcansnews.net\/?p=71253#breadcrumb"},"inLanguage":"fr-FR","potentialAction":[{"@type":"ReadAction","target":["https:\/\/lesvolcansnews.net\/?p=71253"]}]},{"@type":"ImageObject","inLanguage":"fr-FR","@id":"https:\/\/lesvolcansnews.net\/?p=71253#primaryimage","url":"https:\/\/lesvolcansnews.net\/wp-content\/uploads\/2025\/12\/4384409.jpeg","contentUrl":"https:\/\/lesvolcansnews.net\/wp-content\/uploads\/2025\/12\/4384409.jpeg","width":864,"height":486},{"@type":"BreadcrumbList","@id":"https:\/\/lesvolcansnews.net\/?p=71253#breadcrumb","itemListElement":[{"@type":"ListItem","position":1,"name":"Accueil","item":"https:\/\/lesvolcansnews.net\/"},{"@type":"ListItem","position":2,"name":"Journ\u00e9e Internationale des Droits de l&#8217;Homme : Clarisse Miruho exige justice pour l&#8217;Est de la RDC"}]},{"@type":"WebSite","@id":"https:\/\/lesvolcansnews.net\/#website","url":"https:\/\/lesvolcansnews.net\/","name":"LES VOLCANS NEWS","description":"L&#039;INFORMATION C&#039;EST NOUS","potentialAction":[{"@type":"SearchAction","target":{"@type":"EntryPoint","urlTemplate":"https:\/\/lesvolcansnews.net\/?s={search_term_string}"},"query-input":{"@type":"PropertyValueSpecification","valueRequired":true,"valueName":"search_term_string"}}],"inLanguage":"fr-FR"},{"@type":"Person","@id":"https:\/\/lesvolcansnews.net\/#\/schema\/person\/82c8bed2e77879ecf6cca63441f57354","name":"R\u00e9daction - Les Volcans News","image":{"@type":"ImageObject","inLanguage":"fr-FR","@id":"https:\/\/secure.gravatar.com\/avatar\/8408942dd851e8a9c09f3d382a661bc05d2b3cd9002139bc1795b9528cdc6c80?s=96&d=mm&r=g","url":"https:\/\/secure.gravatar.com\/avatar\/8408942dd851e8a9c09f3d382a661bc05d2b3cd9002139bc1795b9528cdc6c80?s=96&d=mm&r=g","contentUrl":"https:\/\/secure.gravatar.com\/avatar\/8408942dd851e8a9c09f3d382a661bc05d2b3cd9002139bc1795b9528cdc6c80?s=96&d=mm&r=g","caption":"R\u00e9daction - Les Volcans News"},"url":"https:\/\/lesvolcansnews.net\/?author=14"}]}},"_links":{"self":[{"href":"https:\/\/lesvolcansnews.net\/index.php?rest_route=\/wp\/v2\/posts\/71253","targetHints":{"allow":["GET"]}}],"collection":[{"href":"https:\/\/lesvolcansnews.net\/index.php?rest_route=\/wp\/v2\/posts"}],"about":[{"href":"https:\/\/lesvolcansnews.net\/index.php?rest_route=\/wp\/v2\/types\/post"}],"author":[{"embeddable":true,"href":"https:\/\/lesvolcansnews.net\/index.php?rest_route=\/wp\/v2\/users\/14"}],"replies":[{"embeddable":true,"href":"https:\/\/lesvolcansnews.net\/index.php?rest_route=%2Fwp%2Fv2%2Fcomments&post=71253"}],"version-history":[{"count":1,"href":"https:\/\/lesvolcansnews.net\/index.php?rest_route=\/wp\/v2\/posts\/71253\/revisions"}],"predecessor-version":[{"id":71254,"href":"https:\/\/lesvolcansnews.net\/index.php?rest_route=\/wp\/v2\/posts\/71253\/revisions\/71254"}],"wp:featuredmedia":[{"embeddable":true,"href":"https:\/\/lesvolcansnews.net\/index.php?rest_route=\/wp\/v2\/media\/71251"}],"wp:attachment":[{"href":"https:\/\/lesvolcansnews.net\/index.php?rest_route=%2Fwp%2Fv2%2Fmedia&parent=71253"}],"wp:term":[{"taxonomy":"category","embeddable":true,"href":"https:\/\/lesvolcansnews.net\/index.php?rest_route=%2Fwp%2Fv2%2Fcategories&post=71253"},{"taxonomy":"post_tag","embeddable":true,"href":"https:\/\/lesvolcansnews.net\/index.php?rest_route=%2Fwp%2Fv2%2Ftags&post=71253"}],"curies":[{"name":"wp","href":"https:\/\/api.w.org\/{rel}","templated":true}]}}