{"id":71250,"date":"2025-12-09T17:28:42","date_gmt":"2025-12-09T15:28:42","guid":{"rendered":"https:\/\/lesvolcansnews.net\/2025\/12\/09\/ituri-nord-kivu-3-ans-apres-le-trafic-sur-la-route-komanda-luna-reprend-suite-a-lamelioration-de-la-situation-securitaire\/"},"modified":"2025-12-09T17:28:42","modified_gmt":"2025-12-09T15:28:42","slug":"ituri-nord-kivu-3-ans-apres-le-trafic-sur-la-route-komanda-luna-reprend-suite-a-lamelioration-de-la-situation-securitaire","status":"publish","type":"post","link":"https:\/\/lesvolcansnews.net\/?p=71250","title":{"rendered":"Ituri\/Nord-Kivu : 3 ans apr\u00e8s, le trafic sur la route Komanda-Luna reprend suite \u00e0 l&#8217;am\u00e9lioration de la situation s\u00e9curitaire"},"content":{"rendered":"\n<p><strong>Apr\u00e8s 3 ans de suspension, principalement en raison de l&#8217;ins\u00e9curit\u00e9 et, dans une moindre mesure, du d\u00e9labrement de la route, le trafic vient de reprendre officiellement ce mardi 9 d\u00e9cembre 2025 sur la route nationale num\u00e9ro 4, axe Komanda-Luna.<\/strong><\/p>\n\n\n\n<p>La c\u00e9r\u00e9monie officielle de cette r\u00e9ouverture du trafic a \u00e9t\u00e9 co-pr\u00e9sid\u00e9e \u00e0 Luna-\u00c9tat, \u00e0 la limite entre l&#8217;Ituri et le Nord-Kivu, par l&#8217;administrateur militaire d&#8217;Irumu et l&#8217;administrateur adjoint du territoire de Beni, tous deux repr\u00e9sentants leurs gouverneurs respectifs des provinces.<\/p>\n\n\n\n<p>Le colonel Siro Simba Bunga Jean d&#8217;Irumu, qui a pris la parole au nom de ces deux entit\u00e9s, s&#8217;en r\u00e9jouit et appelle chacun \u00e0 assumer ses responsabilit\u00e9s pour contribuer \u00e0 la s\u00e9curit\u00e9 des personnes et de leurs biens sur cette route d&#8217;une importance capitale pour les \u00e9changes interprovinciaux.<\/p>\n\n\n\n<p>Une immense joie pour les associations des conducteurs, qui ont remerci\u00e9 les autorit\u00e9s militaires pour la s\u00e9curisation de la route, bien entendu avec l&#8217;appui de leurs homologues de l&#8217;Uganda People&#8217;s Defence Force (UPDF).<\/p>\n\n\n\n<p>\u00ab La reprise du trafic sur le tron\u00e7on Komanda-Luna est le fruit de la stabilisation s\u00e9curitaire \u00bb, ont reconnu ces conducteurs dans des propos recueillis par la cellule de communication de l&#8217;administrateur militaire du territoire d&#8217;Irumu.<\/p>\n\n\n\n<p>Il faut pr\u00e9ciser que cette route relie plusieurs villages qui \u00e9taient jadis des mouroirs \u00e0 cause du ph\u00e9nom\u00e8ne ADF, notamment Butani, Monge, Chani Chani, Ndalya, Ndimo, Otomaber, Idohu, Mambelenga, Luna, et d&#8217;autres encore.<\/p>\n\n\n\n<p>La r\u00e9daction <\/p>\n","protected":false},"excerpt":{"rendered":"<p>Apr\u00e8s 3 ans de suspension, principalement en raison de l&#8217;ins\u00e9curit\u00e9 et, dans une moindre mesure, du d\u00e9labrement de la route, le trafic vient de reprendre officiellement ce mardi 9 d\u00e9cembre<\/p>\n","protected":false},"author":14,"featured_media":71249,"comment_status":"open","ping_status":"open","sticky":false,"template":"","format":"standard","meta":{"footnotes":""},"categories":[32],"tags":[],"class_list":["post-71250","post","type-post","status-publish","format-standard","has-post-thumbnail","hentry","category-securite"],"yoast_head":"<!-- This site is optimized with the Yoast SEO plugin v27.3 - https:\/\/yoast.com\/product\/yoast-seo-wordpress\/ -->\n<title>Ituri\/Nord-Kivu : 3 ans apr\u00e8s, le trafic sur la route Komanda-Luna reprend suite \u00e0 l&#039;am\u00e9lioration de la situation s\u00e9curitaire - LES VOLCANS NEWS<\/title>\n<meta name=\"robots\" content=\"index, follow, max-snippet:-1, max-image-preview:large, max-video-preview:-1\" \/>\n<link rel=\"canonical\" href=\"https:\/\/lesvolcansnews.net\/?p=71250\" \/>\n<meta property=\"og:locale\" content=\"fr_FR\" \/>\n<meta property=\"og:type\" content=\"article\" \/>\n<meta property=\"og:title\" content=\"Ituri\/Nord-Kivu : 3 ans apr\u00e8s, le trafic sur la route Komanda-Luna reprend suite \u00e0 l&#039;am\u00e9lioration de la situation s\u00e9curitaire - LES VOLCANS NEWS\" \/>\n<meta property=\"og:description\" content=\"Apr\u00e8s 3 ans de suspension, principalement en raison de l&#8217;ins\u00e9curit\u00e9 et, dans une moindre mesure, du d\u00e9labrement de la route, le trafic vient de reprendre officiellement ce mardi 9 d\u00e9cembre\" \/>\n<meta property=\"og:url\" content=\"https:\/\/lesvolcansnews.net\/?p=71250\" \/>\n<meta property=\"og:site_name\" content=\"LES VOLCANS NEWS\" \/>\n<meta property=\"article:published_time\" content=\"2025-12-09T15:28:42+00:00\" \/>\n<meta property=\"og:image\" content=\"https:\/\/lesvolcansnews.net\/wp-content\/uploads\/2025\/12\/IMG-20251209-WA0542.jpg\" \/>\n\t<meta property=\"og:image:width\" content=\"1080\" \/>\n\t<meta property=\"og:image:height\" content=\"810\" \/>\n\t<meta property=\"og:image:type\" content=\"image\/jpeg\" \/>\n<meta name=\"author\" content=\"R\u00e9daction - Les Volcans News\" \/>\n<meta name=\"twitter:card\" content=\"summary_large_image\" \/>\n<meta name=\"twitter:label1\" content=\"\u00c9crit par\" \/>\n\t<meta name=\"twitter:data1\" content=\"R\u00e9daction - Les Volcans News\" \/>\n\t<meta name=\"twitter:label2\" content=\"Dur\u00e9e de lecture estim\u00e9e\" \/>\n\t<meta name=\"twitter:data2\" content=\"1 minute\" \/>\n<script type=\"application\/ld+json\" class=\"yoast-schema-graph\">{\"@context\":\"https:\\\/\\\/schema.org\",\"@graph\":[{\"@type\":\"Article\",\"@id\":\"https:\\\/\\\/lesvolcansnews.net\\\/?p=71250#article\",\"isPartOf\":{\"@id\":\"https:\\\/\\\/lesvolcansnews.net\\\/?p=71250\"},\"author\":{\"name\":\"R\u00e9daction - Les Volcans News\",\"@id\":\"https:\\\/\\\/lesvolcansnews.net\\\/#\\\/schema\\\/person\\\/82c8bed2e77879ecf6cca63441f57354\"},\"headline\":\"Ituri\\\/Nord-Kivu : 3 ans apr\u00e8s, le trafic sur la route Komanda-Luna reprend suite \u00e0 l&#8217;am\u00e9lioration de la situation s\u00e9curitaire\",\"datePublished\":\"2025-12-09T15:28:42+00:00\",\"mainEntityOfPage\":{\"@id\":\"https:\\\/\\\/lesvolcansnews.net\\\/?p=71250\"},\"wordCount\":279,\"commentCount\":0,\"image\":{\"@id\":\"https:\\\/\\\/lesvolcansnews.net\\\/?p=71250#primaryimage\"},\"thumbnailUrl\":\"https:\\\/\\\/lesvolcansnews.net\\\/wp-content\\\/uploads\\\/2025\\\/12\\\/IMG-20251209-WA0542.jpg\",\"articleSection\":[\"S\u00c9CURIT\u00c9\"],\"inLanguage\":\"fr-FR\",\"potentialAction\":[{\"@type\":\"CommentAction\",\"name\":\"Comment\",\"target\":[\"https:\\\/\\\/lesvolcansnews.net\\\/?p=71250#respond\"]}]},{\"@type\":\"WebPage\",\"@id\":\"https:\\\/\\\/lesvolcansnews.net\\\/?p=71250\",\"url\":\"https:\\\/\\\/lesvolcansnews.net\\\/?p=71250\",\"name\":\"Ituri\\\/Nord-Kivu : 3 ans apr\u00e8s, le trafic sur la route Komanda-Luna reprend suite \u00e0 l'am\u00e9lioration de la situation s\u00e9curitaire - LES VOLCANS NEWS\",\"isPartOf\":{\"@id\":\"https:\\\/\\\/lesvolcansnews.net\\\/#website\"},\"primaryImageOfPage\":{\"@id\":\"https:\\\/\\\/lesvolcansnews.net\\\/?p=71250#primaryimage\"},\"image\":{\"@id\":\"https:\\\/\\\/lesvolcansnews.net\\\/?p=71250#primaryimage\"},\"thumbnailUrl\":\"https:\\\/\\\/lesvolcansnews.net\\\/wp-content\\\/uploads\\\/2025\\\/12\\\/IMG-20251209-WA0542.jpg\",\"datePublished\":\"2025-12-09T15:28:42+00:00\",\"author\":{\"@id\":\"https:\\\/\\\/lesvolcansnews.net\\\/#\\\/schema\\\/person\\\/82c8bed2e77879ecf6cca63441f57354\"},\"breadcrumb\":{\"@id\":\"https:\\\/\\\/lesvolcansnews.net\\\/?p=71250#breadcrumb\"},\"inLanguage\":\"fr-FR\",\"potentialAction\":[{\"@type\":\"ReadAction\",\"target\":[\"https:\\\/\\\/lesvolcansnews.net\\\/?p=71250\"]}]},{\"@type\":\"ImageObject\",\"inLanguage\":\"fr-FR\",\"@id\":\"https:\\\/\\\/lesvolcansnews.net\\\/?p=71250#primaryimage\",\"url\":\"https:\\\/\\\/lesvolcansnews.net\\\/wp-content\\\/uploads\\\/2025\\\/12\\\/IMG-20251209-WA0542.jpg\",\"contentUrl\":\"https:\\\/\\\/lesvolcansnews.net\\\/wp-content\\\/uploads\\\/2025\\\/12\\\/IMG-20251209-WA0542.jpg\",\"width\":1080,\"height\":810},{\"@type\":\"BreadcrumbList\",\"@id\":\"https:\\\/\\\/lesvolcansnews.net\\\/?p=71250#breadcrumb\",\"itemListElement\":[{\"@type\":\"ListItem\",\"position\":1,\"name\":\"Accueil\",\"item\":\"https:\\\/\\\/lesvolcansnews.net\\\/\"},{\"@type\":\"ListItem\",\"position\":2,\"name\":\"Ituri\\\/Nord-Kivu : 3 ans apr\u00e8s, le trafic sur la route Komanda-Luna reprend suite \u00e0 l&#8217;am\u00e9lioration de la situation s\u00e9curitaire\"}]},{\"@type\":\"WebSite\",\"@id\":\"https:\\\/\\\/lesvolcansnews.net\\\/#website\",\"url\":\"https:\\\/\\\/lesvolcansnews.net\\\/\",\"name\":\"LES VOLCANS NEWS\",\"description\":\"L&#039;INFORMATION C&#039;EST NOUS\",\"potentialAction\":[{\"@type\":\"SearchAction\",\"target\":{\"@type\":\"EntryPoint\",\"urlTemplate\":\"https:\\\/\\\/lesvolcansnews.net\\\/?s={search_term_string}\"},\"query-input\":{\"@type\":\"PropertyValueSpecification\",\"valueRequired\":true,\"valueName\":\"search_term_string\"}}],\"inLanguage\":\"fr-FR\"},{\"@type\":\"Person\",\"@id\":\"https:\\\/\\\/lesvolcansnews.net\\\/#\\\/schema\\\/person\\\/82c8bed2e77879ecf6cca63441f57354\",\"name\":\"R\u00e9daction - Les Volcans News\",\"image\":{\"@type\":\"ImageObject\",\"inLanguage\":\"fr-FR\",\"@id\":\"https:\\\/\\\/secure.gravatar.com\\\/avatar\\\/8408942dd851e8a9c09f3d382a661bc05d2b3cd9002139bc1795b9528cdc6c80?s=96&d=mm&r=g\",\"url\":\"https:\\\/\\\/secure.gravatar.com\\\/avatar\\\/8408942dd851e8a9c09f3d382a661bc05d2b3cd9002139bc1795b9528cdc6c80?s=96&d=mm&r=g\",\"contentUrl\":\"https:\\\/\\\/secure.gravatar.com\\\/avatar\\\/8408942dd851e8a9c09f3d382a661bc05d2b3cd9002139bc1795b9528cdc6c80?s=96&d=mm&r=g\",\"caption\":\"R\u00e9daction - Les Volcans News\"},\"url\":\"https:\\\/\\\/lesvolcansnews.net\\\/?author=14\"}]}<\/script>\n<!-- \/ Yoast SEO plugin. -->","yoast_head_json":{"title":"Ituri\/Nord-Kivu : 3 ans apr\u00e8s, le trafic sur la route Komanda-Luna reprend suite \u00e0 l'am\u00e9lioration de la situation s\u00e9curitaire - LES VOLCANS NEWS","robots":{"index":"index","follow":"follow","max-snippet":"max-snippet:-1","max-image-preview":"max-image-preview:large","max-video-preview":"max-video-preview:-1"},"canonical":"https:\/\/lesvolcansnews.net\/?p=71250","og_locale":"fr_FR","og_type":"article","og_title":"Ituri\/Nord-Kivu : 3 ans apr\u00e8s, le trafic sur la route Komanda-Luna reprend suite \u00e0 l'am\u00e9lioration de la situation s\u00e9curitaire - LES VOLCANS NEWS","og_description":"Apr\u00e8s 3 ans de suspension, principalement en raison de l&#8217;ins\u00e9curit\u00e9 et, dans une moindre mesure, du d\u00e9labrement de la route, le trafic vient de reprendre officiellement ce mardi 9 d\u00e9cembre","og_url":"https:\/\/lesvolcansnews.net\/?p=71250","og_site_name":"LES VOLCANS NEWS","article_published_time":"2025-12-09T15:28:42+00:00","og_image":[{"width":1080,"height":810,"url":"https:\/\/lesvolcansnews.net\/wp-content\/uploads\/2025\/12\/IMG-20251209-WA0542.jpg","type":"image\/jpeg"}],"author":"R\u00e9daction - Les Volcans News","twitter_card":"summary_large_image","twitter_misc":{"\u00c9crit par":"R\u00e9daction - Les Volcans News","Dur\u00e9e de lecture estim\u00e9e":"1 minute"},"schema":{"@context":"https:\/\/schema.org","@graph":[{"@type":"Article","@id":"https:\/\/lesvolcansnews.net\/?p=71250#article","isPartOf":{"@id":"https:\/\/lesvolcansnews.net\/?p=71250"},"author":{"name":"R\u00e9daction - Les Volcans News","@id":"https:\/\/lesvolcansnews.net\/#\/schema\/person\/82c8bed2e77879ecf6cca63441f57354"},"headline":"Ituri\/Nord-Kivu : 3 ans apr\u00e8s, le trafic sur la route Komanda-Luna reprend suite \u00e0 l&#8217;am\u00e9lioration de la situation s\u00e9curitaire","datePublished":"2025-12-09T15:28:42+00:00","mainEntityOfPage":{"@id":"https:\/\/lesvolcansnews.net\/?p=71250"},"wordCount":279,"commentCount":0,"image":{"@id":"https:\/\/lesvolcansnews.net\/?p=71250#primaryimage"},"thumbnailUrl":"https:\/\/lesvolcansnews.net\/wp-content\/uploads\/2025\/12\/IMG-20251209-WA0542.jpg","articleSection":["S\u00c9CURIT\u00c9"],"inLanguage":"fr-FR","potentialAction":[{"@type":"CommentAction","name":"Comment","target":["https:\/\/lesvolcansnews.net\/?p=71250#respond"]}]},{"@type":"WebPage","@id":"https:\/\/lesvolcansnews.net\/?p=71250","url":"https:\/\/lesvolcansnews.net\/?p=71250","name":"Ituri\/Nord-Kivu : 3 ans apr\u00e8s, le trafic sur la route Komanda-Luna reprend suite \u00e0 l'am\u00e9lioration de la situation s\u00e9curitaire - LES VOLCANS NEWS","isPartOf":{"@id":"https:\/\/lesvolcansnews.net\/#website"},"primaryImageOfPage":{"@id":"https:\/\/lesvolcansnews.net\/?p=71250#primaryimage"},"image":{"@id":"https:\/\/lesvolcansnews.net\/?p=71250#primaryimage"},"thumbnailUrl":"https:\/\/lesvolcansnews.net\/wp-content\/uploads\/2025\/12\/IMG-20251209-WA0542.jpg","datePublished":"2025-12-09T15:28:42+00:00","author":{"@id":"https:\/\/lesvolcansnews.net\/#\/schema\/person\/82c8bed2e77879ecf6cca63441f57354"},"breadcrumb":{"@id":"https:\/\/lesvolcansnews.net\/?p=71250#breadcrumb"},"inLanguage":"fr-FR","potentialAction":[{"@type":"ReadAction","target":["https:\/\/lesvolcansnews.net\/?p=71250"]}]},{"@type":"ImageObject","inLanguage":"fr-FR","@id":"https:\/\/lesvolcansnews.net\/?p=71250#primaryimage","url":"https:\/\/lesvolcansnews.net\/wp-content\/uploads\/2025\/12\/IMG-20251209-WA0542.jpg","contentUrl":"https:\/\/lesvolcansnews.net\/wp-content\/uploads\/2025\/12\/IMG-20251209-WA0542.jpg","width":1080,"height":810},{"@type":"BreadcrumbList","@id":"https:\/\/lesvolcansnews.net\/?p=71250#breadcrumb","itemListElement":[{"@type":"ListItem","position":1,"name":"Accueil","item":"https:\/\/lesvolcansnews.net\/"},{"@type":"ListItem","position":2,"name":"Ituri\/Nord-Kivu : 3 ans apr\u00e8s, le trafic sur la route Komanda-Luna reprend suite \u00e0 l&#8217;am\u00e9lioration de la situation s\u00e9curitaire"}]},{"@type":"WebSite","@id":"https:\/\/lesvolcansnews.net\/#website","url":"https:\/\/lesvolcansnews.net\/","name":"LES VOLCANS NEWS","description":"L&#039;INFORMATION C&#039;EST NOUS","potentialAction":[{"@type":"SearchAction","target":{"@type":"EntryPoint","urlTemplate":"https:\/\/lesvolcansnews.net\/?s={search_term_string}"},"query-input":{"@type":"PropertyValueSpecification","valueRequired":true,"valueName":"search_term_string"}}],"inLanguage":"fr-FR"},{"@type":"Person","@id":"https:\/\/lesvolcansnews.net\/#\/schema\/person\/82c8bed2e77879ecf6cca63441f57354","name":"R\u00e9daction - Les Volcans News","image":{"@type":"ImageObject","inLanguage":"fr-FR","@id":"https:\/\/secure.gravatar.com\/avatar\/8408942dd851e8a9c09f3d382a661bc05d2b3cd9002139bc1795b9528cdc6c80?s=96&d=mm&r=g","url":"https:\/\/secure.gravatar.com\/avatar\/8408942dd851e8a9c09f3d382a661bc05d2b3cd9002139bc1795b9528cdc6c80?s=96&d=mm&r=g","contentUrl":"https:\/\/secure.gravatar.com\/avatar\/8408942dd851e8a9c09f3d382a661bc05d2b3cd9002139bc1795b9528cdc6c80?s=96&d=mm&r=g","caption":"R\u00e9daction - Les Volcans News"},"url":"https:\/\/lesvolcansnews.net\/?author=14"}]}},"_links":{"self":[{"href":"https:\/\/lesvolcansnews.net\/index.php?rest_route=\/wp\/v2\/posts\/71250","targetHints":{"allow":["GET"]}}],"collection":[{"href":"https:\/\/lesvolcansnews.net\/index.php?rest_route=\/wp\/v2\/posts"}],"about":[{"href":"https:\/\/lesvolcansnews.net\/index.php?rest_route=\/wp\/v2\/types\/post"}],"author":[{"embeddable":true,"href":"https:\/\/lesvolcansnews.net\/index.php?rest_route=\/wp\/v2\/users\/14"}],"replies":[{"embeddable":true,"href":"https:\/\/lesvolcansnews.net\/index.php?rest_route=%2Fwp%2Fv2%2Fcomments&post=71250"}],"version-history":[{"count":0,"href":"https:\/\/lesvolcansnews.net\/index.php?rest_route=\/wp\/v2\/posts\/71250\/revisions"}],"wp:featuredmedia":[{"embeddable":true,"href":"https:\/\/lesvolcansnews.net\/index.php?rest_route=\/wp\/v2\/media\/71249"}],"wp:attachment":[{"href":"https:\/\/lesvolcansnews.net\/index.php?rest_route=%2Fwp%2Fv2%2Fmedia&parent=71250"}],"wp:term":[{"taxonomy":"category","embeddable":true,"href":"https:\/\/lesvolcansnews.net\/index.php?rest_route=%2Fwp%2Fv2%2Fcategories&post=71250"},{"taxonomy":"post_tag","embeddable":true,"href":"https:\/\/lesvolcansnews.net\/index.php?rest_route=%2Fwp%2Fv2%2Ftags&post=71250"}],"curies":[{"name":"wp","href":"https:\/\/api.w.org\/{rel}","templated":true}]}}