{"id":71243,"date":"2025-12-09T13:50:07","date_gmt":"2025-12-09T11:50:07","guid":{"rendered":"https:\/\/lesvolcansnews.net\/2025\/12\/09\/lubero-une-campagne-de-vaccination-annoncee-a-partir-du-11-decembre\/"},"modified":"2025-12-09T13:50:07","modified_gmt":"2025-12-09T11:50:07","slug":"lubero-une-campagne-de-vaccination-annoncee-a-partir-du-11-decembre","status":"publish","type":"post","link":"https:\/\/lesvolcansnews.net\/?p=71243","title":{"rendered":"Lubero : Une campagne de vaccination annonc\u00e9e \u00e0 partir du 11 d\u00e9cembre"},"content":{"rendered":"\n<p><strong>Une campagne de vaccination contre la poliomy\u00e9lite ciblera les enfants de 0 \u00e0 5 ans \u00e0 partir de ce jeudi 11 d\u00e9cembre 2025, dans le territoire de Lubero(Nord-Kivu).<\/strong><\/p>\n\n\n\n<p>C\u2019est ce qu\u2019annonce le m\u00e9decin chef de zone, qui souhaite prot\u00e9ger les enfants de cette partie du Nord-Kivu contre cette maladie qui rend infirme.<\/p>\n\n\n\n<p>Le docteur Charles Kaviri indique que beaucoup d\u2019enfants de la zone n\u2019ont pas pu b\u00e9n\u00e9ficier des pr\u00e9c\u00e9dentes campagnes \u00e0 cause des d\u00e9placements massifs de leurs parents suite \u00e0 la guerre. Cette campagne, qui va durer trois jours, a pour objectif de les atteindre, ajoute ce professionnel de la sant\u00e9. Il r\u00e9v\u00e8le que les \u00e9quipes de vaccination proc\u00e9deront par la strat\u00e9gie du porte-\u00e0-porte.<\/p>\n\n\n\n<p>\u00ab <em>J\u2019aimerais informer toute la population que, dans la zone de sant\u00e9, nous sommes en train de pr\u00e9parer la campagne de vaccination de nos enfants contre la poliomy\u00e9lite. La poliomy\u00e9lite rend infirme pour toute la vie. Cette activit\u00e9 est pr\u00e9vue du jeudi 11 d\u00e9cembre au samedi 13 d\u00e9cembre 2025. La cible, ce sont les enfants de 0 \u00e0 59 mois. Parents, nous devons pr\u00e9parer les enfants \u00e0 recevoir ce vaccin, parce que si tous les enfants de la zone de sant\u00e9 de Lubero re\u00e7oivent ce vaccin, il y aura moins de risques qu\u2019un enfant de notre entit\u00e9 soit atteint de cette maladie qui peut le rendre infirme pour toute sa vie<\/em> \u00bb, fait-il savoir.<\/p>\n\n\n\n<p>C\u2019est depuis 2017 que la RDC fait face \u00e0 l\u2019\u00e9pid\u00e9mie de poliomy\u00e9lite, avec 988 cas de la souche poliovirus vaccinal. Le virus se transmet principalement par voie oro-f\u00e9cale ou, plus rarement, par une voie commune, selon l\u2019OMS.<\/p>\n\n\n\n<p>Ses premiers signes sont : la fi\u00e8vre, la fatigue, les c\u00e9phal\u00e9es, les vomissements, une raideur de la nuque et des douleurs dans les membres. Une infection sur 200 entra\u00eene une paralysie irr\u00e9versible et 5 \u00e0 10 % des personnes atteintes de la polio d\u00e9c\u00e8dent \u00e0 la suite d\u2019une paralysie des muscles respiratoires, pr\u00e9cisent les experts en sant\u00e9.<\/p>\n\n\n\n<p><strong>Victoire Muliwavyo<\/strong><\/p>\n","protected":false},"excerpt":{"rendered":"<p>Une campagne de vaccination contre la poliomy\u00e9lite ciblera les enfants de 0 \u00e0 5 ans \u00e0 partir de ce jeudi 11 d\u00e9cembre 2025, dans le territoire de Lubero(Nord-Kivu). C\u2019est ce<\/p>\n","protected":false},"author":14,"featured_media":71242,"comment_status":"open","ping_status":"open","sticky":false,"template":"","format":"standard","meta":{"footnotes":""},"categories":[29],"tags":[],"class_list":["post-71243","post","type-post","status-publish","format-standard","has-post-thumbnail","hentry","category-sante"],"yoast_head":"<!-- This site is optimized with the Yoast SEO plugin v27.3 - https:\/\/yoast.com\/product\/yoast-seo-wordpress\/ -->\n<title>Lubero : Une campagne de vaccination annonc\u00e9e \u00e0 partir du 11 d\u00e9cembre - LES VOLCANS NEWS<\/title>\n<meta name=\"robots\" content=\"index, follow, max-snippet:-1, max-image-preview:large, max-video-preview:-1\" \/>\n<link rel=\"canonical\" href=\"https:\/\/lesvolcansnews.net\/?p=71243\" \/>\n<meta property=\"og:locale\" content=\"fr_FR\" \/>\n<meta property=\"og:type\" content=\"article\" \/>\n<meta property=\"og:title\" content=\"Lubero : Une campagne de vaccination annonc\u00e9e \u00e0 partir du 11 d\u00e9cembre - LES VOLCANS NEWS\" \/>\n<meta property=\"og:description\" content=\"Une campagne de vaccination contre la poliomy\u00e9lite ciblera les enfants de 0 \u00e0 5 ans \u00e0 partir de ce jeudi 11 d\u00e9cembre 2025, dans le territoire de Lubero(Nord-Kivu). C\u2019est ce\" \/>\n<meta property=\"og:url\" content=\"https:\/\/lesvolcansnews.net\/?p=71243\" \/>\n<meta property=\"og:site_name\" content=\"LES VOLCANS NEWS\" \/>\n<meta property=\"article:published_time\" content=\"2025-12-09T11:50:07+00:00\" \/>\n<meta property=\"og:image\" content=\"https:\/\/lesvolcansnews.net\/wp-content\/uploads\/2025\/12\/IMG-20251209-WA0309.jpg\" \/>\n\t<meta property=\"og:image:width\" content=\"739\" \/>\n\t<meta property=\"og:image:height\" content=\"415\" \/>\n\t<meta property=\"og:image:type\" content=\"image\/jpeg\" \/>\n<meta name=\"author\" content=\"R\u00e9daction - Les Volcans News\" \/>\n<meta name=\"twitter:card\" content=\"summary_large_image\" \/>\n<meta name=\"twitter:label1\" content=\"\u00c9crit par\" \/>\n\t<meta name=\"twitter:data1\" content=\"R\u00e9daction - Les Volcans News\" \/>\n\t<meta name=\"twitter:label2\" content=\"Dur\u00e9e de lecture estim\u00e9e\" \/>\n\t<meta name=\"twitter:data2\" content=\"2 minutes\" \/>\n<script type=\"application\/ld+json\" class=\"yoast-schema-graph\">{\"@context\":\"https:\\\/\\\/schema.org\",\"@graph\":[{\"@type\":\"Article\",\"@id\":\"https:\\\/\\\/lesvolcansnews.net\\\/?p=71243#article\",\"isPartOf\":{\"@id\":\"https:\\\/\\\/lesvolcansnews.net\\\/?p=71243\"},\"author\":{\"name\":\"R\u00e9daction - Les Volcans News\",\"@id\":\"https:\\\/\\\/lesvolcansnews.net\\\/#\\\/schema\\\/person\\\/82c8bed2e77879ecf6cca63441f57354\"},\"headline\":\"Lubero : Une campagne de vaccination annonc\u00e9e \u00e0 partir du 11 d\u00e9cembre\",\"datePublished\":\"2025-12-09T11:50:07+00:00\",\"mainEntityOfPage\":{\"@id\":\"https:\\\/\\\/lesvolcansnews.net\\\/?p=71243\"},\"wordCount\":352,\"commentCount\":0,\"image\":{\"@id\":\"https:\\\/\\\/lesvolcansnews.net\\\/?p=71243#primaryimage\"},\"thumbnailUrl\":\"https:\\\/\\\/lesvolcansnews.net\\\/wp-content\\\/uploads\\\/2025\\\/12\\\/IMG-20251209-WA0309.jpg\",\"articleSection\":[\"SANT\u00c9\"],\"inLanguage\":\"fr-FR\",\"potentialAction\":[{\"@type\":\"CommentAction\",\"name\":\"Comment\",\"target\":[\"https:\\\/\\\/lesvolcansnews.net\\\/?p=71243#respond\"]}]},{\"@type\":\"WebPage\",\"@id\":\"https:\\\/\\\/lesvolcansnews.net\\\/?p=71243\",\"url\":\"https:\\\/\\\/lesvolcansnews.net\\\/?p=71243\",\"name\":\"Lubero : Une campagne de vaccination annonc\u00e9e \u00e0 partir du 11 d\u00e9cembre - LES VOLCANS NEWS\",\"isPartOf\":{\"@id\":\"https:\\\/\\\/lesvolcansnews.net\\\/#website\"},\"primaryImageOfPage\":{\"@id\":\"https:\\\/\\\/lesvolcansnews.net\\\/?p=71243#primaryimage\"},\"image\":{\"@id\":\"https:\\\/\\\/lesvolcansnews.net\\\/?p=71243#primaryimage\"},\"thumbnailUrl\":\"https:\\\/\\\/lesvolcansnews.net\\\/wp-content\\\/uploads\\\/2025\\\/12\\\/IMG-20251209-WA0309.jpg\",\"datePublished\":\"2025-12-09T11:50:07+00:00\",\"author\":{\"@id\":\"https:\\\/\\\/lesvolcansnews.net\\\/#\\\/schema\\\/person\\\/82c8bed2e77879ecf6cca63441f57354\"},\"breadcrumb\":{\"@id\":\"https:\\\/\\\/lesvolcansnews.net\\\/?p=71243#breadcrumb\"},\"inLanguage\":\"fr-FR\",\"potentialAction\":[{\"@type\":\"ReadAction\",\"target\":[\"https:\\\/\\\/lesvolcansnews.net\\\/?p=71243\"]}]},{\"@type\":\"ImageObject\",\"inLanguage\":\"fr-FR\",\"@id\":\"https:\\\/\\\/lesvolcansnews.net\\\/?p=71243#primaryimage\",\"url\":\"https:\\\/\\\/lesvolcansnews.net\\\/wp-content\\\/uploads\\\/2025\\\/12\\\/IMG-20251209-WA0309.jpg\",\"contentUrl\":\"https:\\\/\\\/lesvolcansnews.net\\\/wp-content\\\/uploads\\\/2025\\\/12\\\/IMG-20251209-WA0309.jpg\",\"width\":739,\"height\":415},{\"@type\":\"BreadcrumbList\",\"@id\":\"https:\\\/\\\/lesvolcansnews.net\\\/?p=71243#breadcrumb\",\"itemListElement\":[{\"@type\":\"ListItem\",\"position\":1,\"name\":\"Accueil\",\"item\":\"https:\\\/\\\/lesvolcansnews.net\\\/\"},{\"@type\":\"ListItem\",\"position\":2,\"name\":\"Lubero : Une campagne de vaccination annonc\u00e9e \u00e0 partir du 11 d\u00e9cembre\"}]},{\"@type\":\"WebSite\",\"@id\":\"https:\\\/\\\/lesvolcansnews.net\\\/#website\",\"url\":\"https:\\\/\\\/lesvolcansnews.net\\\/\",\"name\":\"LES VOLCANS NEWS\",\"description\":\"L&#039;INFORMATION C&#039;EST NOUS\",\"potentialAction\":[{\"@type\":\"SearchAction\",\"target\":{\"@type\":\"EntryPoint\",\"urlTemplate\":\"https:\\\/\\\/lesvolcansnews.net\\\/?s={search_term_string}\"},\"query-input\":{\"@type\":\"PropertyValueSpecification\",\"valueRequired\":true,\"valueName\":\"search_term_string\"}}],\"inLanguage\":\"fr-FR\"},{\"@type\":\"Person\",\"@id\":\"https:\\\/\\\/lesvolcansnews.net\\\/#\\\/schema\\\/person\\\/82c8bed2e77879ecf6cca63441f57354\",\"name\":\"R\u00e9daction - Les Volcans News\",\"image\":{\"@type\":\"ImageObject\",\"inLanguage\":\"fr-FR\",\"@id\":\"https:\\\/\\\/secure.gravatar.com\\\/avatar\\\/8408942dd851e8a9c09f3d382a661bc05d2b3cd9002139bc1795b9528cdc6c80?s=96&d=mm&r=g\",\"url\":\"https:\\\/\\\/secure.gravatar.com\\\/avatar\\\/8408942dd851e8a9c09f3d382a661bc05d2b3cd9002139bc1795b9528cdc6c80?s=96&d=mm&r=g\",\"contentUrl\":\"https:\\\/\\\/secure.gravatar.com\\\/avatar\\\/8408942dd851e8a9c09f3d382a661bc05d2b3cd9002139bc1795b9528cdc6c80?s=96&d=mm&r=g\",\"caption\":\"R\u00e9daction - Les Volcans News\"},\"url\":\"https:\\\/\\\/lesvolcansnews.net\\\/?author=14\"}]}<\/script>\n<!-- \/ Yoast SEO plugin. -->","yoast_head_json":{"title":"Lubero : Une campagne de vaccination annonc\u00e9e \u00e0 partir du 11 d\u00e9cembre - LES VOLCANS NEWS","robots":{"index":"index","follow":"follow","max-snippet":"max-snippet:-1","max-image-preview":"max-image-preview:large","max-video-preview":"max-video-preview:-1"},"canonical":"https:\/\/lesvolcansnews.net\/?p=71243","og_locale":"fr_FR","og_type":"article","og_title":"Lubero : Une campagne de vaccination annonc\u00e9e \u00e0 partir du 11 d\u00e9cembre - LES VOLCANS NEWS","og_description":"Une campagne de vaccination contre la poliomy\u00e9lite ciblera les enfants de 0 \u00e0 5 ans \u00e0 partir de ce jeudi 11 d\u00e9cembre 2025, dans le territoire de Lubero(Nord-Kivu). C\u2019est ce","og_url":"https:\/\/lesvolcansnews.net\/?p=71243","og_site_name":"LES VOLCANS NEWS","article_published_time":"2025-12-09T11:50:07+00:00","og_image":[{"width":739,"height":415,"url":"https:\/\/lesvolcansnews.net\/wp-content\/uploads\/2025\/12\/IMG-20251209-WA0309.jpg","type":"image\/jpeg"}],"author":"R\u00e9daction - Les Volcans News","twitter_card":"summary_large_image","twitter_misc":{"\u00c9crit par":"R\u00e9daction - Les Volcans News","Dur\u00e9e de lecture estim\u00e9e":"2 minutes"},"schema":{"@context":"https:\/\/schema.org","@graph":[{"@type":"Article","@id":"https:\/\/lesvolcansnews.net\/?p=71243#article","isPartOf":{"@id":"https:\/\/lesvolcansnews.net\/?p=71243"},"author":{"name":"R\u00e9daction - Les Volcans News","@id":"https:\/\/lesvolcansnews.net\/#\/schema\/person\/82c8bed2e77879ecf6cca63441f57354"},"headline":"Lubero : Une campagne de vaccination annonc\u00e9e \u00e0 partir du 11 d\u00e9cembre","datePublished":"2025-12-09T11:50:07+00:00","mainEntityOfPage":{"@id":"https:\/\/lesvolcansnews.net\/?p=71243"},"wordCount":352,"commentCount":0,"image":{"@id":"https:\/\/lesvolcansnews.net\/?p=71243#primaryimage"},"thumbnailUrl":"https:\/\/lesvolcansnews.net\/wp-content\/uploads\/2025\/12\/IMG-20251209-WA0309.jpg","articleSection":["SANT\u00c9"],"inLanguage":"fr-FR","potentialAction":[{"@type":"CommentAction","name":"Comment","target":["https:\/\/lesvolcansnews.net\/?p=71243#respond"]}]},{"@type":"WebPage","@id":"https:\/\/lesvolcansnews.net\/?p=71243","url":"https:\/\/lesvolcansnews.net\/?p=71243","name":"Lubero : Une campagne de vaccination annonc\u00e9e \u00e0 partir du 11 d\u00e9cembre - LES VOLCANS NEWS","isPartOf":{"@id":"https:\/\/lesvolcansnews.net\/#website"},"primaryImageOfPage":{"@id":"https:\/\/lesvolcansnews.net\/?p=71243#primaryimage"},"image":{"@id":"https:\/\/lesvolcansnews.net\/?p=71243#primaryimage"},"thumbnailUrl":"https:\/\/lesvolcansnews.net\/wp-content\/uploads\/2025\/12\/IMG-20251209-WA0309.jpg","datePublished":"2025-12-09T11:50:07+00:00","author":{"@id":"https:\/\/lesvolcansnews.net\/#\/schema\/person\/82c8bed2e77879ecf6cca63441f57354"},"breadcrumb":{"@id":"https:\/\/lesvolcansnews.net\/?p=71243#breadcrumb"},"inLanguage":"fr-FR","potentialAction":[{"@type":"ReadAction","target":["https:\/\/lesvolcansnews.net\/?p=71243"]}]},{"@type":"ImageObject","inLanguage":"fr-FR","@id":"https:\/\/lesvolcansnews.net\/?p=71243#primaryimage","url":"https:\/\/lesvolcansnews.net\/wp-content\/uploads\/2025\/12\/IMG-20251209-WA0309.jpg","contentUrl":"https:\/\/lesvolcansnews.net\/wp-content\/uploads\/2025\/12\/IMG-20251209-WA0309.jpg","width":739,"height":415},{"@type":"BreadcrumbList","@id":"https:\/\/lesvolcansnews.net\/?p=71243#breadcrumb","itemListElement":[{"@type":"ListItem","position":1,"name":"Accueil","item":"https:\/\/lesvolcansnews.net\/"},{"@type":"ListItem","position":2,"name":"Lubero : Une campagne de vaccination annonc\u00e9e \u00e0 partir du 11 d\u00e9cembre"}]},{"@type":"WebSite","@id":"https:\/\/lesvolcansnews.net\/#website","url":"https:\/\/lesvolcansnews.net\/","name":"LES VOLCANS NEWS","description":"L&#039;INFORMATION C&#039;EST NOUS","potentialAction":[{"@type":"SearchAction","target":{"@type":"EntryPoint","urlTemplate":"https:\/\/lesvolcansnews.net\/?s={search_term_string}"},"query-input":{"@type":"PropertyValueSpecification","valueRequired":true,"valueName":"search_term_string"}}],"inLanguage":"fr-FR"},{"@type":"Person","@id":"https:\/\/lesvolcansnews.net\/#\/schema\/person\/82c8bed2e77879ecf6cca63441f57354","name":"R\u00e9daction - Les Volcans News","image":{"@type":"ImageObject","inLanguage":"fr-FR","@id":"https:\/\/secure.gravatar.com\/avatar\/8408942dd851e8a9c09f3d382a661bc05d2b3cd9002139bc1795b9528cdc6c80?s=96&d=mm&r=g","url":"https:\/\/secure.gravatar.com\/avatar\/8408942dd851e8a9c09f3d382a661bc05d2b3cd9002139bc1795b9528cdc6c80?s=96&d=mm&r=g","contentUrl":"https:\/\/secure.gravatar.com\/avatar\/8408942dd851e8a9c09f3d382a661bc05d2b3cd9002139bc1795b9528cdc6c80?s=96&d=mm&r=g","caption":"R\u00e9daction - Les Volcans News"},"url":"https:\/\/lesvolcansnews.net\/?author=14"}]}},"_links":{"self":[{"href":"https:\/\/lesvolcansnews.net\/index.php?rest_route=\/wp\/v2\/posts\/71243","targetHints":{"allow":["GET"]}}],"collection":[{"href":"https:\/\/lesvolcansnews.net\/index.php?rest_route=\/wp\/v2\/posts"}],"about":[{"href":"https:\/\/lesvolcansnews.net\/index.php?rest_route=\/wp\/v2\/types\/post"}],"author":[{"embeddable":true,"href":"https:\/\/lesvolcansnews.net\/index.php?rest_route=\/wp\/v2\/users\/14"}],"replies":[{"embeddable":true,"href":"https:\/\/lesvolcansnews.net\/index.php?rest_route=%2Fwp%2Fv2%2Fcomments&post=71243"}],"version-history":[{"count":0,"href":"https:\/\/lesvolcansnews.net\/index.php?rest_route=\/wp\/v2\/posts\/71243\/revisions"}],"wp:featuredmedia":[{"embeddable":true,"href":"https:\/\/lesvolcansnews.net\/index.php?rest_route=\/wp\/v2\/media\/71242"}],"wp:attachment":[{"href":"https:\/\/lesvolcansnews.net\/index.php?rest_route=%2Fwp%2Fv2%2Fmedia&parent=71243"}],"wp:term":[{"taxonomy":"category","embeddable":true,"href":"https:\/\/lesvolcansnews.net\/index.php?rest_route=%2Fwp%2Fv2%2Fcategories&post=71243"},{"taxonomy":"post_tag","embeddable":true,"href":"https:\/\/lesvolcansnews.net\/index.php?rest_route=%2Fwp%2Fv2%2Ftags&post=71243"}],"curies":[{"name":"wp","href":"https:\/\/api.w.org\/{rel}","templated":true}]}}