{"id":71231,"date":"2025-12-09T11:58:42","date_gmt":"2025-12-09T09:58:42","guid":{"rendered":"https:\/\/lesvolcansnews.net\/2025\/12\/09\/cholera-a-masisi-le-transferement-des-malades-par-moto-aggrave-la-situation\/"},"modified":"2025-12-09T12:00:59","modified_gmt":"2025-12-09T10:00:59","slug":"cholera-a-masisi-le-transferement-des-malades-par-moto-aggrave-la-situation","status":"publish","type":"post","link":"https:\/\/lesvolcansnews.net\/?p=71231","title":{"rendered":"Chol\u00e9ra \u00e0 Masisi : le transf\u00e8rement des malades par moto aggrave la situation"},"content":{"rendered":"\n<p><\/p>\n\n\n\n<p><strong>Le transfert des malades d&#8217;une aire de sant\u00e9 vers l&#8217;h\u00f4pital de r\u00e9f\u00e9rence de Masisi et le centre de sant\u00e9 de Masisi demeure une pratique habituelle dans la zone de sant\u00e9 portant le m\u00eame nom.<\/strong><\/p>\n\n\n\n<p>Cette pratique se fait souvent sur des motos, et certains malades sont transport\u00e9s sur des brancards. La majorit\u00e9 d&#8217;entre eux sont des femmes enceintes vivant dans des aires de sant\u00e9 \u00e9loign\u00e9es de l&#8217;h\u00f4pital g\u00e9n\u00e9ral de r\u00e9f\u00e9rence de Masisi, situ\u00e9 dans le territoire de Masisi.<\/p>\n\n\n\n<p>\u00c0 l&#8217;instar de l&#8217;aire de sant\u00e9 de Kitsule (Groupement Biiri), situ\u00e9e \u00e0 environ 5 kilom\u00e8tres de Masisi centre, la population a l&#8217;habitude de transf\u00e9rer les patients vers le centre de sant\u00e9 de Masisi ou vers l&#8217;h\u00f4pital g\u00e9n\u00e9ral de r\u00e9f\u00e9rence de la place.<\/p>\n\n\n\n<p>\u00ab Dans l&#8217;aire de sant\u00e9 de Kitsule, nous avons un probl\u00e8me s\u00e9rieux. La population de ma zone d&#8217;intervention pr\u00e9f\u00e8re se faire soigner \u00e0 Masisi centre. Les malades sont souvent transport\u00e9s sur des motos et sur des civi\u00e8res. Imaginez-vous, lorsque le patient est d\u00e9pos\u00e9, la moto va transporter d&#8217;autres clients, et tous ces clients seront expos\u00e9s \u00e0 la contamination, de m\u00eame qu&#8217;un malade qui sera transf\u00e9r\u00e9 sur le brancard \u00bb, renseigne Serugendo Safari, infirmier titulaire du centre de sant\u00e9 de Kitsule.<\/p>\n\n\n\n<p>Face \u00e0 la recrudescence des cas de chol\u00e9ra dans cette entit\u00e9, cet acteur de sant\u00e9 appelle la population de la zone d&#8217;intervention \u00e0 abandonner cette pratique qui favorise la propagation de la maladie. Il plaide \u00e9galement pour la dotation de cette zone en ambulances m\u00e9dicalis\u00e9es, afin de contribuer au transf\u00e8rement des cas.<\/p>\n\n\n\n<p>\u00ab Pour couper la cha\u00eene de contamination, nous demandons \u00e0 la population de ne plus transf\u00e9rer les malades souffrant de diarrh\u00e9e \u00e0 l&#8217;HGR Masisi. Dans le domaine m\u00e9dical, c&#8217;est intol\u00e9rable de transf\u00e9rer un malade qui \u00e9met toute forme de diarrh\u00e9e d&#8217;une aire de sant\u00e9 \u00e0 une autre. Nous profitons de l&#8217;occasion pour demander qu&#8217;on nous dote d&#8217;ambulances adapt\u00e9es \u00e0 ce travail, car elles sont sp\u00e9cifiquement con\u00e7ues pour cela \u00bb, plaide-t-il.<\/p>\n\n\n\n<p>Il convient de noter que depuis la r\u00e9surgence de l&#8217;\u00e9pid\u00e9mie de chol\u00e9ra dans la zone de sant\u00e9 de Masisi, il y a plus d&#8217;un mois, plus de 300 cas ont d\u00e9j\u00e0 \u00e9t\u00e9 confirm\u00e9s, parmi lesquels 4 d\u00e9c\u00e8s communautaires : deux \u00e0 Miandja et deux autres \u00e0 Buguri, en groupement Bapfuna, rapportent nos sources.<\/p>\n\n\n\n<p><strong>Victoire Muliwavyo<\/strong><\/p>\n","protected":false},"excerpt":{"rendered":"<p>Le transfert des malades d&#8217;une aire de sant\u00e9 vers l&#8217;h\u00f4pital de r\u00e9f\u00e9rence de Masisi et le centre de sant\u00e9 de Masisi demeure une pratique habituelle dans la zone de sant\u00e9<\/p>\n","protected":false},"author":14,"featured_media":71232,"comment_status":"open","ping_status":"open","sticky":false,"template":"","format":"standard","meta":{"footnotes":""},"categories":[1,29],"tags":[],"class_list":["post-71231","post","type-post","status-publish","format-standard","has-post-thumbnail","hentry","category-actualite","category-sante"],"yoast_head":"<!-- This site is optimized with the Yoast SEO plugin v27.5 - https:\/\/yoast.com\/product\/yoast-seo-wordpress\/ -->\n<title>Chol\u00e9ra \u00e0 Masisi : le transf\u00e8rement des malades par moto aggrave la situation - LES VOLCANS NEWS<\/title>\n<meta name=\"robots\" content=\"index, follow, max-snippet:-1, max-image-preview:large, max-video-preview:-1\" \/>\n<link rel=\"canonical\" href=\"https:\/\/lesvolcansnews.net\/?p=71231\" \/>\n<meta property=\"og:locale\" content=\"fr_FR\" \/>\n<meta property=\"og:type\" content=\"article\" \/>\n<meta property=\"og:title\" content=\"Chol\u00e9ra \u00e0 Masisi : le transf\u00e8rement des malades par moto aggrave la situation - LES VOLCANS NEWS\" \/>\n<meta property=\"og:description\" content=\"Le transfert des malades d&#8217;une aire de sant\u00e9 vers l&#8217;h\u00f4pital de r\u00e9f\u00e9rence de Masisi et le centre de sant\u00e9 de Masisi demeure une pratique habituelle dans la zone de sant\u00e9\" \/>\n<meta property=\"og:url\" content=\"https:\/\/lesvolcansnews.net\/?p=71231\" \/>\n<meta property=\"og:site_name\" content=\"LES VOLCANS NEWS\" \/>\n<meta property=\"article:published_time\" content=\"2025-12-09T09:58:42+00:00\" \/>\n<meta property=\"article:modified_time\" content=\"2025-12-09T10:00:59+00:00\" \/>\n<meta property=\"og:image\" content=\"https:\/\/lesvolcansnews.net\/wp-content\/uploads\/2025\/12\/IMG-20251209-WA0241.jpg\" \/>\n\t<meta property=\"og:image:width\" content=\"1080\" \/>\n\t<meta property=\"og:image:height\" content=\"810\" \/>\n\t<meta property=\"og:image:type\" content=\"image\/jpeg\" \/>\n<meta name=\"author\" content=\"R\u00e9daction - Les Volcans News\" \/>\n<meta name=\"twitter:card\" content=\"summary_large_image\" \/>\n<meta name=\"twitter:label1\" content=\"\u00c9crit par\" \/>\n\t<meta name=\"twitter:data1\" content=\"R\u00e9daction - Les Volcans News\" \/>\n\t<meta name=\"twitter:label2\" content=\"Dur\u00e9e de lecture estim\u00e9e\" \/>\n\t<meta name=\"twitter:data2\" content=\"2 minutes\" \/>\n<script type=\"application\/ld+json\" class=\"yoast-schema-graph\">{\"@context\":\"https:\\\/\\\/schema.org\",\"@graph\":[{\"@type\":\"Article\",\"@id\":\"https:\\\/\\\/lesvolcansnews.net\\\/?p=71231#article\",\"isPartOf\":{\"@id\":\"https:\\\/\\\/lesvolcansnews.net\\\/?p=71231\"},\"author\":{\"name\":\"R\u00e9daction - Les Volcans News\",\"@id\":\"https:\\\/\\\/lesvolcansnews.net\\\/#\\\/schema\\\/person\\\/82c8bed2e77879ecf6cca63441f57354\"},\"headline\":\"Chol\u00e9ra \u00e0 Masisi : le transf\u00e8rement des malades par moto aggrave la situation\",\"datePublished\":\"2025-12-09T09:58:42+00:00\",\"dateModified\":\"2025-12-09T10:00:59+00:00\",\"mainEntityOfPage\":{\"@id\":\"https:\\\/\\\/lesvolcansnews.net\\\/?p=71231\"},\"wordCount\":441,\"commentCount\":0,\"image\":{\"@id\":\"https:\\\/\\\/lesvolcansnews.net\\\/?p=71231#primaryimage\"},\"thumbnailUrl\":\"https:\\\/\\\/lesvolcansnews.net\\\/wp-content\\\/uploads\\\/2025\\\/12\\\/IMG-20251209-WA0241.jpg\",\"articleSection\":[\"ACTUALIT\u00c9\",\"SANT\u00c9\"],\"inLanguage\":\"fr-FR\",\"potentialAction\":[{\"@type\":\"CommentAction\",\"name\":\"Comment\",\"target\":[\"https:\\\/\\\/lesvolcansnews.net\\\/?p=71231#respond\"]}]},{\"@type\":\"WebPage\",\"@id\":\"https:\\\/\\\/lesvolcansnews.net\\\/?p=71231\",\"url\":\"https:\\\/\\\/lesvolcansnews.net\\\/?p=71231\",\"name\":\"Chol\u00e9ra \u00e0 Masisi : le transf\u00e8rement des malades par moto aggrave la situation - LES VOLCANS NEWS\",\"isPartOf\":{\"@id\":\"https:\\\/\\\/lesvolcansnews.net\\\/#website\"},\"primaryImageOfPage\":{\"@id\":\"https:\\\/\\\/lesvolcansnews.net\\\/?p=71231#primaryimage\"},\"image\":{\"@id\":\"https:\\\/\\\/lesvolcansnews.net\\\/?p=71231#primaryimage\"},\"thumbnailUrl\":\"https:\\\/\\\/lesvolcansnews.net\\\/wp-content\\\/uploads\\\/2025\\\/12\\\/IMG-20251209-WA0241.jpg\",\"datePublished\":\"2025-12-09T09:58:42+00:00\",\"dateModified\":\"2025-12-09T10:00:59+00:00\",\"author\":{\"@id\":\"https:\\\/\\\/lesvolcansnews.net\\\/#\\\/schema\\\/person\\\/82c8bed2e77879ecf6cca63441f57354\"},\"breadcrumb\":{\"@id\":\"https:\\\/\\\/lesvolcansnews.net\\\/?p=71231#breadcrumb\"},\"inLanguage\":\"fr-FR\",\"potentialAction\":[{\"@type\":\"ReadAction\",\"target\":[\"https:\\\/\\\/lesvolcansnews.net\\\/?p=71231\"]}]},{\"@type\":\"ImageObject\",\"inLanguage\":\"fr-FR\",\"@id\":\"https:\\\/\\\/lesvolcansnews.net\\\/?p=71231#primaryimage\",\"url\":\"https:\\\/\\\/lesvolcansnews.net\\\/wp-content\\\/uploads\\\/2025\\\/12\\\/IMG-20251209-WA0241.jpg\",\"contentUrl\":\"https:\\\/\\\/lesvolcansnews.net\\\/wp-content\\\/uploads\\\/2025\\\/12\\\/IMG-20251209-WA0241.jpg\",\"width\":1080,\"height\":810},{\"@type\":\"BreadcrumbList\",\"@id\":\"https:\\\/\\\/lesvolcansnews.net\\\/?p=71231#breadcrumb\",\"itemListElement\":[{\"@type\":\"ListItem\",\"position\":1,\"name\":\"Accueil\",\"item\":\"https:\\\/\\\/lesvolcansnews.net\\\/\"},{\"@type\":\"ListItem\",\"position\":2,\"name\":\"Chol\u00e9ra \u00e0 Masisi : le transf\u00e8rement des malades par moto aggrave la situation\"}]},{\"@type\":\"WebSite\",\"@id\":\"https:\\\/\\\/lesvolcansnews.net\\\/#website\",\"url\":\"https:\\\/\\\/lesvolcansnews.net\\\/\",\"name\":\"LES VOLCANS NEWS\",\"description\":\"L&#039;INFORMATION C&#039;EST NOUS\",\"potentialAction\":[{\"@type\":\"SearchAction\",\"target\":{\"@type\":\"EntryPoint\",\"urlTemplate\":\"https:\\\/\\\/lesvolcansnews.net\\\/?s={search_term_string}\"},\"query-input\":{\"@type\":\"PropertyValueSpecification\",\"valueRequired\":true,\"valueName\":\"search_term_string\"}}],\"inLanguage\":\"fr-FR\"},{\"@type\":\"Person\",\"@id\":\"https:\\\/\\\/lesvolcansnews.net\\\/#\\\/schema\\\/person\\\/82c8bed2e77879ecf6cca63441f57354\",\"name\":\"R\u00e9daction - Les Volcans News\",\"image\":{\"@type\":\"ImageObject\",\"inLanguage\":\"fr-FR\",\"@id\":\"https:\\\/\\\/secure.gravatar.com\\\/avatar\\\/8408942dd851e8a9c09f3d382a661bc05d2b3cd9002139bc1795b9528cdc6c80?s=96&d=mm&r=g\",\"url\":\"https:\\\/\\\/secure.gravatar.com\\\/avatar\\\/8408942dd851e8a9c09f3d382a661bc05d2b3cd9002139bc1795b9528cdc6c80?s=96&d=mm&r=g\",\"contentUrl\":\"https:\\\/\\\/secure.gravatar.com\\\/avatar\\\/8408942dd851e8a9c09f3d382a661bc05d2b3cd9002139bc1795b9528cdc6c80?s=96&d=mm&r=g\",\"caption\":\"R\u00e9daction - Les Volcans News\"},\"url\":\"https:\\\/\\\/lesvolcansnews.net\\\/?author=14\"}]}<\/script>\n<!-- \/ Yoast SEO plugin. -->","yoast_head_json":{"title":"Chol\u00e9ra \u00e0 Masisi : le transf\u00e8rement des malades par moto aggrave la situation - LES VOLCANS NEWS","robots":{"index":"index","follow":"follow","max-snippet":"max-snippet:-1","max-image-preview":"max-image-preview:large","max-video-preview":"max-video-preview:-1"},"canonical":"https:\/\/lesvolcansnews.net\/?p=71231","og_locale":"fr_FR","og_type":"article","og_title":"Chol\u00e9ra \u00e0 Masisi : le transf\u00e8rement des malades par moto aggrave la situation - LES VOLCANS NEWS","og_description":"Le transfert des malades d&#8217;une aire de sant\u00e9 vers l&#8217;h\u00f4pital de r\u00e9f\u00e9rence de Masisi et le centre de sant\u00e9 de Masisi demeure une pratique habituelle dans la zone de sant\u00e9","og_url":"https:\/\/lesvolcansnews.net\/?p=71231","og_site_name":"LES VOLCANS NEWS","article_published_time":"2025-12-09T09:58:42+00:00","article_modified_time":"2025-12-09T10:00:59+00:00","og_image":[{"width":1080,"height":810,"url":"https:\/\/lesvolcansnews.net\/wp-content\/uploads\/2025\/12\/IMG-20251209-WA0241.jpg","type":"image\/jpeg"}],"author":"R\u00e9daction - Les Volcans News","twitter_card":"summary_large_image","twitter_misc":{"\u00c9crit par":"R\u00e9daction - Les Volcans News","Dur\u00e9e de lecture estim\u00e9e":"2 minutes"},"schema":{"@context":"https:\/\/schema.org","@graph":[{"@type":"Article","@id":"https:\/\/lesvolcansnews.net\/?p=71231#article","isPartOf":{"@id":"https:\/\/lesvolcansnews.net\/?p=71231"},"author":{"name":"R\u00e9daction - Les Volcans News","@id":"https:\/\/lesvolcansnews.net\/#\/schema\/person\/82c8bed2e77879ecf6cca63441f57354"},"headline":"Chol\u00e9ra \u00e0 Masisi : le transf\u00e8rement des malades par moto aggrave la situation","datePublished":"2025-12-09T09:58:42+00:00","dateModified":"2025-12-09T10:00:59+00:00","mainEntityOfPage":{"@id":"https:\/\/lesvolcansnews.net\/?p=71231"},"wordCount":441,"commentCount":0,"image":{"@id":"https:\/\/lesvolcansnews.net\/?p=71231#primaryimage"},"thumbnailUrl":"https:\/\/lesvolcansnews.net\/wp-content\/uploads\/2025\/12\/IMG-20251209-WA0241.jpg","articleSection":["ACTUALIT\u00c9","SANT\u00c9"],"inLanguage":"fr-FR","potentialAction":[{"@type":"CommentAction","name":"Comment","target":["https:\/\/lesvolcansnews.net\/?p=71231#respond"]}]},{"@type":"WebPage","@id":"https:\/\/lesvolcansnews.net\/?p=71231","url":"https:\/\/lesvolcansnews.net\/?p=71231","name":"Chol\u00e9ra \u00e0 Masisi : le transf\u00e8rement des malades par moto aggrave la situation - LES VOLCANS NEWS","isPartOf":{"@id":"https:\/\/lesvolcansnews.net\/#website"},"primaryImageOfPage":{"@id":"https:\/\/lesvolcansnews.net\/?p=71231#primaryimage"},"image":{"@id":"https:\/\/lesvolcansnews.net\/?p=71231#primaryimage"},"thumbnailUrl":"https:\/\/lesvolcansnews.net\/wp-content\/uploads\/2025\/12\/IMG-20251209-WA0241.jpg","datePublished":"2025-12-09T09:58:42+00:00","dateModified":"2025-12-09T10:00:59+00:00","author":{"@id":"https:\/\/lesvolcansnews.net\/#\/schema\/person\/82c8bed2e77879ecf6cca63441f57354"},"breadcrumb":{"@id":"https:\/\/lesvolcansnews.net\/?p=71231#breadcrumb"},"inLanguage":"fr-FR","potentialAction":[{"@type":"ReadAction","target":["https:\/\/lesvolcansnews.net\/?p=71231"]}]},{"@type":"ImageObject","inLanguage":"fr-FR","@id":"https:\/\/lesvolcansnews.net\/?p=71231#primaryimage","url":"https:\/\/lesvolcansnews.net\/wp-content\/uploads\/2025\/12\/IMG-20251209-WA0241.jpg","contentUrl":"https:\/\/lesvolcansnews.net\/wp-content\/uploads\/2025\/12\/IMG-20251209-WA0241.jpg","width":1080,"height":810},{"@type":"BreadcrumbList","@id":"https:\/\/lesvolcansnews.net\/?p=71231#breadcrumb","itemListElement":[{"@type":"ListItem","position":1,"name":"Accueil","item":"https:\/\/lesvolcansnews.net\/"},{"@type":"ListItem","position":2,"name":"Chol\u00e9ra \u00e0 Masisi : le transf\u00e8rement des malades par moto aggrave la situation"}]},{"@type":"WebSite","@id":"https:\/\/lesvolcansnews.net\/#website","url":"https:\/\/lesvolcansnews.net\/","name":"LES VOLCANS NEWS","description":"L&#039;INFORMATION C&#039;EST NOUS","potentialAction":[{"@type":"SearchAction","target":{"@type":"EntryPoint","urlTemplate":"https:\/\/lesvolcansnews.net\/?s={search_term_string}"},"query-input":{"@type":"PropertyValueSpecification","valueRequired":true,"valueName":"search_term_string"}}],"inLanguage":"fr-FR"},{"@type":"Person","@id":"https:\/\/lesvolcansnews.net\/#\/schema\/person\/82c8bed2e77879ecf6cca63441f57354","name":"R\u00e9daction - Les Volcans News","image":{"@type":"ImageObject","inLanguage":"fr-FR","@id":"https:\/\/secure.gravatar.com\/avatar\/8408942dd851e8a9c09f3d382a661bc05d2b3cd9002139bc1795b9528cdc6c80?s=96&d=mm&r=g","url":"https:\/\/secure.gravatar.com\/avatar\/8408942dd851e8a9c09f3d382a661bc05d2b3cd9002139bc1795b9528cdc6c80?s=96&d=mm&r=g","contentUrl":"https:\/\/secure.gravatar.com\/avatar\/8408942dd851e8a9c09f3d382a661bc05d2b3cd9002139bc1795b9528cdc6c80?s=96&d=mm&r=g","caption":"R\u00e9daction - Les Volcans News"},"url":"https:\/\/lesvolcansnews.net\/?author=14"}]}},"_links":{"self":[{"href":"https:\/\/lesvolcansnews.net\/index.php?rest_route=\/wp\/v2\/posts\/71231","targetHints":{"allow":["GET"]}}],"collection":[{"href":"https:\/\/lesvolcansnews.net\/index.php?rest_route=\/wp\/v2\/posts"}],"about":[{"href":"https:\/\/lesvolcansnews.net\/index.php?rest_route=\/wp\/v2\/types\/post"}],"author":[{"embeddable":true,"href":"https:\/\/lesvolcansnews.net\/index.php?rest_route=\/wp\/v2\/users\/14"}],"replies":[{"embeddable":true,"href":"https:\/\/lesvolcansnews.net\/index.php?rest_route=%2Fwp%2Fv2%2Fcomments&post=71231"}],"version-history":[{"count":1,"href":"https:\/\/lesvolcansnews.net\/index.php?rest_route=\/wp\/v2\/posts\/71231\/revisions"}],"predecessor-version":[{"id":71233,"href":"https:\/\/lesvolcansnews.net\/index.php?rest_route=\/wp\/v2\/posts\/71231\/revisions\/71233"}],"wp:featuredmedia":[{"embeddable":true,"href":"https:\/\/lesvolcansnews.net\/index.php?rest_route=\/wp\/v2\/media\/71232"}],"wp:attachment":[{"href":"https:\/\/lesvolcansnews.net\/index.php?rest_route=%2Fwp%2Fv2%2Fmedia&parent=71231"}],"wp:term":[{"taxonomy":"category","embeddable":true,"href":"https:\/\/lesvolcansnews.net\/index.php?rest_route=%2Fwp%2Fv2%2Fcategories&post=71231"},{"taxonomy":"post_tag","embeddable":true,"href":"https:\/\/lesvolcansnews.net\/index.php?rest_route=%2Fwp%2Fv2%2Ftags&post=71231"}],"curies":[{"name":"wp","href":"https:\/\/api.w.org\/{rel}","templated":true}]}}