{"id":71210,"date":"2025-12-08T19:06:33","date_gmt":"2025-12-08T17:06:33","guid":{"rendered":"https:\/\/lesvolcansnews.net\/2025\/12\/08\/rdc-tshisekedi-annonce-le-lancement-de-huit-poles-agricoles-pour-reduire-la-dependance-aux-importations\/"},"modified":"2025-12-08T19:06:33","modified_gmt":"2025-12-08T17:06:33","slug":"rdc-tshisekedi-annonce-le-lancement-de-huit-poles-agricoles-pour-reduire-la-dependance-aux-importations","status":"publish","type":"post","link":"https:\/\/lesvolcansnews.net\/?p=71210","title":{"rendered":"RDC : Tshisekedi annonce le lancement de huit p\u00f4les agricoles pour r\u00e9duire la d\u00e9pendance aux importations"},"content":{"rendered":"\n<p> <strong>Le pr\u00e9sident de la R\u00e9publique d\u00e9mocratique du Congo, F\u00e9lix-Antoine Tshisekedi, a annonc\u00e9 lundi 8 d\u00e9cembre la mise en place de huit p\u00f4les agricoles dans plusieurs villes du pays, un projet destin\u00e9 \u00e0 diminuer la d\u00e9pendance aux importations alimentaires et \u00e0 soutenir des milliers de petits \u00e9leveurs. Il s\u2019exprimait devant les \u00e9lus r\u00e9unis en Congr\u00e8s \u00e0 Kinshasa lors de son discours sur l\u2019\u00e9tat de la nation.<\/strong><\/p>\n\n\n\n<p>\u00ab <em>Nous avons \u00e9galement lanc\u00e9 le d\u00e9veloppement de 8 p\u00f4les agricoles \u00e0 Kinshasa, Togumashi, Mujimai, Kutembo, Chikapa, Badolit\u00e9, Kisangani et Mokavu pour r\u00e9duire notre d\u00e9pendance aux importations de produits agricoles, structurer des cha\u00eenes de valeurs compl\u00e8tes fermes parentales, alimentation, abattage, transformation et offrir des opportunit\u00e9s \u00e0 des milliers de petits \u00e9leveurs<\/em> \u00bb, a d\u00e9clar\u00e9 le chef de l\u2019\u00c9tat.<\/p>\n\n\n\n<p>Ces p\u00f4les agricoles, pr\u00e9sent\u00e9s comme un levier majeur pour la s\u00e9curit\u00e9 alimentaire, visent \u00e0 renforcer la production locale dans un pays o\u00f9 les importations continuent de repr\u00e9senter une part importante de l\u2019approvisionnement en produits de base.<\/p>\n\n\n\n<p>Tshisekedi a toutefois reconnu que des obstacles persistent. Selon lui, \u00ab <em>la productivit\u00e9 reste faible, les co\u00fbts logistiques \u00e9lev\u00e9s et la d\u00e9pendance aux importations de certains produits de base demeurent<\/em> \u00bb.<\/p>\n\n\n\n<p>Le pr\u00e9sident a soulign\u00e9 que les progr\u00e8s enregistr\u00e9s ces derni\u00e8res ann\u00e9es t\u00e9moignent n\u00e9anmoins d\u2019un changement de cap, en faveur d\u2019une \u00e9conomie agricole nationale plus robuste. Il a assur\u00e9 que les efforts d\u00e9ploy\u00e9s s\u2019inscrivent dans une d\u00e9marche visant \u00ab <em>\u00e0 produire davantage localement, \u00e0 prot\u00e9ger les producteurs et \u00e0 s\u00e9curiser les fili\u00e8res<\/em> \u00bb.<\/p>\n\n\n\n<p>Le secteur agricole, longtemps sous-exploit\u00e9 malgr\u00e9 le potentiel du pays, est consid\u00e9r\u00e9 par les autorit\u00e9s comme l\u2019un des piliers de la diversification \u00e9conomique, dans un contexte o\u00f9 la RDC cherche \u00e0 r\u00e9duire sa vuln\u00e9rabilit\u00e9 aux fluctuations du march\u00e9 minier.<\/p>\n\n\n\n<p>La r\u00e9daction <\/p>\n","protected":false},"excerpt":{"rendered":"<p>Le pr\u00e9sident de la R\u00e9publique d\u00e9mocratique du Congo, F\u00e9lix-Antoine Tshisekedi, a annonc\u00e9 lundi 8 d\u00e9cembre la mise en place de huit p\u00f4les agricoles dans plusieurs villes du pays, un projet<\/p>\n","protected":false},"author":14,"featured_media":71209,"comment_status":"open","ping_status":"open","sticky":false,"template":"","format":"standard","meta":{"footnotes":""},"categories":[1],"tags":[],"class_list":["post-71210","post","type-post","status-publish","format-standard","has-post-thumbnail","hentry","category-actualite"],"yoast_head":"<!-- This site is optimized with the Yoast SEO plugin v27.3 - https:\/\/yoast.com\/product\/yoast-seo-wordpress\/ -->\n<title>RDC : Tshisekedi annonce le lancement de huit p\u00f4les agricoles pour r\u00e9duire la d\u00e9pendance aux importations - LES VOLCANS NEWS<\/title>\n<meta name=\"robots\" content=\"index, follow, max-snippet:-1, max-image-preview:large, max-video-preview:-1\" \/>\n<link rel=\"canonical\" href=\"https:\/\/lesvolcansnews.net\/?p=71210\" \/>\n<meta property=\"og:locale\" content=\"fr_FR\" \/>\n<meta property=\"og:type\" content=\"article\" \/>\n<meta property=\"og:title\" content=\"RDC : Tshisekedi annonce le lancement de huit p\u00f4les agricoles pour r\u00e9duire la d\u00e9pendance aux importations - LES VOLCANS NEWS\" \/>\n<meta property=\"og:description\" content=\"Le pr\u00e9sident de la R\u00e9publique d\u00e9mocratique du Congo, F\u00e9lix-Antoine Tshisekedi, a annonc\u00e9 lundi 8 d\u00e9cembre la mise en place de huit p\u00f4les agricoles dans plusieurs villes du pays, un projet\" \/>\n<meta property=\"og:url\" content=\"https:\/\/lesvolcansnews.net\/?p=71210\" \/>\n<meta property=\"og:site_name\" content=\"LES VOLCANS NEWS\" \/>\n<meta property=\"article:published_time\" content=\"2025-12-08T17:06:33+00:00\" \/>\n<meta property=\"og:image\" content=\"https:\/\/lesvolcansnews.net\/wp-content\/uploads\/2025\/12\/20251208_174504-1.jpg\" \/>\n\t<meta property=\"og:image:width\" content=\"2048\" \/>\n\t<meta property=\"og:image:height\" content=\"1348\" \/>\n\t<meta property=\"og:image:type\" content=\"image\/jpeg\" \/>\n<meta name=\"author\" content=\"R\u00e9daction - Les Volcans News\" \/>\n<meta name=\"twitter:card\" content=\"summary_large_image\" \/>\n<meta name=\"twitter:label1\" content=\"\u00c9crit par\" \/>\n\t<meta name=\"twitter:data1\" content=\"R\u00e9daction - Les Volcans News\" \/>\n\t<meta name=\"twitter:label2\" content=\"Dur\u00e9e de lecture estim\u00e9e\" \/>\n\t<meta name=\"twitter:data2\" content=\"2 minutes\" \/>\n<script type=\"application\/ld+json\" class=\"yoast-schema-graph\">{\"@context\":\"https:\\\/\\\/schema.org\",\"@graph\":[{\"@type\":\"Article\",\"@id\":\"https:\\\/\\\/lesvolcansnews.net\\\/?p=71210#article\",\"isPartOf\":{\"@id\":\"https:\\\/\\\/lesvolcansnews.net\\\/?p=71210\"},\"author\":{\"name\":\"R\u00e9daction - Les Volcans News\",\"@id\":\"https:\\\/\\\/lesvolcansnews.net\\\/#\\\/schema\\\/person\\\/82c8bed2e77879ecf6cca63441f57354\"},\"headline\":\"RDC : Tshisekedi annonce le lancement de huit p\u00f4les agricoles pour r\u00e9duire la d\u00e9pendance aux importations\",\"datePublished\":\"2025-12-08T17:06:33+00:00\",\"mainEntityOfPage\":{\"@id\":\"https:\\\/\\\/lesvolcansnews.net\\\/?p=71210\"},\"wordCount\":334,\"commentCount\":0,\"image\":{\"@id\":\"https:\\\/\\\/lesvolcansnews.net\\\/?p=71210#primaryimage\"},\"thumbnailUrl\":\"https:\\\/\\\/lesvolcansnews.net\\\/wp-content\\\/uploads\\\/2025\\\/12\\\/20251208_174504-1.jpg\",\"articleSection\":[\"ACTUALIT\u00c9\"],\"inLanguage\":\"fr-FR\",\"potentialAction\":[{\"@type\":\"CommentAction\",\"name\":\"Comment\",\"target\":[\"https:\\\/\\\/lesvolcansnews.net\\\/?p=71210#respond\"]}]},{\"@type\":\"WebPage\",\"@id\":\"https:\\\/\\\/lesvolcansnews.net\\\/?p=71210\",\"url\":\"https:\\\/\\\/lesvolcansnews.net\\\/?p=71210\",\"name\":\"RDC : Tshisekedi annonce le lancement de huit p\u00f4les agricoles pour r\u00e9duire la d\u00e9pendance aux importations - LES VOLCANS NEWS\",\"isPartOf\":{\"@id\":\"https:\\\/\\\/lesvolcansnews.net\\\/#website\"},\"primaryImageOfPage\":{\"@id\":\"https:\\\/\\\/lesvolcansnews.net\\\/?p=71210#primaryimage\"},\"image\":{\"@id\":\"https:\\\/\\\/lesvolcansnews.net\\\/?p=71210#primaryimage\"},\"thumbnailUrl\":\"https:\\\/\\\/lesvolcansnews.net\\\/wp-content\\\/uploads\\\/2025\\\/12\\\/20251208_174504-1.jpg\",\"datePublished\":\"2025-12-08T17:06:33+00:00\",\"author\":{\"@id\":\"https:\\\/\\\/lesvolcansnews.net\\\/#\\\/schema\\\/person\\\/82c8bed2e77879ecf6cca63441f57354\"},\"breadcrumb\":{\"@id\":\"https:\\\/\\\/lesvolcansnews.net\\\/?p=71210#breadcrumb\"},\"inLanguage\":\"fr-FR\",\"potentialAction\":[{\"@type\":\"ReadAction\",\"target\":[\"https:\\\/\\\/lesvolcansnews.net\\\/?p=71210\"]}]},{\"@type\":\"ImageObject\",\"inLanguage\":\"fr-FR\",\"@id\":\"https:\\\/\\\/lesvolcansnews.net\\\/?p=71210#primaryimage\",\"url\":\"https:\\\/\\\/lesvolcansnews.net\\\/wp-content\\\/uploads\\\/2025\\\/12\\\/20251208_174504-1.jpg\",\"contentUrl\":\"https:\\\/\\\/lesvolcansnews.net\\\/wp-content\\\/uploads\\\/2025\\\/12\\\/20251208_174504-1.jpg\",\"width\":2048,\"height\":1348},{\"@type\":\"BreadcrumbList\",\"@id\":\"https:\\\/\\\/lesvolcansnews.net\\\/?p=71210#breadcrumb\",\"itemListElement\":[{\"@type\":\"ListItem\",\"position\":1,\"name\":\"Accueil\",\"item\":\"https:\\\/\\\/lesvolcansnews.net\\\/\"},{\"@type\":\"ListItem\",\"position\":2,\"name\":\"RDC : Tshisekedi annonce le lancement de huit p\u00f4les agricoles pour r\u00e9duire la d\u00e9pendance aux importations\"}]},{\"@type\":\"WebSite\",\"@id\":\"https:\\\/\\\/lesvolcansnews.net\\\/#website\",\"url\":\"https:\\\/\\\/lesvolcansnews.net\\\/\",\"name\":\"LES VOLCANS NEWS\",\"description\":\"L&#039;INFORMATION C&#039;EST NOUS\",\"potentialAction\":[{\"@type\":\"SearchAction\",\"target\":{\"@type\":\"EntryPoint\",\"urlTemplate\":\"https:\\\/\\\/lesvolcansnews.net\\\/?s={search_term_string}\"},\"query-input\":{\"@type\":\"PropertyValueSpecification\",\"valueRequired\":true,\"valueName\":\"search_term_string\"}}],\"inLanguage\":\"fr-FR\"},{\"@type\":\"Person\",\"@id\":\"https:\\\/\\\/lesvolcansnews.net\\\/#\\\/schema\\\/person\\\/82c8bed2e77879ecf6cca63441f57354\",\"name\":\"R\u00e9daction - Les Volcans News\",\"image\":{\"@type\":\"ImageObject\",\"inLanguage\":\"fr-FR\",\"@id\":\"https:\\\/\\\/secure.gravatar.com\\\/avatar\\\/8408942dd851e8a9c09f3d382a661bc05d2b3cd9002139bc1795b9528cdc6c80?s=96&d=mm&r=g\",\"url\":\"https:\\\/\\\/secure.gravatar.com\\\/avatar\\\/8408942dd851e8a9c09f3d382a661bc05d2b3cd9002139bc1795b9528cdc6c80?s=96&d=mm&r=g\",\"contentUrl\":\"https:\\\/\\\/secure.gravatar.com\\\/avatar\\\/8408942dd851e8a9c09f3d382a661bc05d2b3cd9002139bc1795b9528cdc6c80?s=96&d=mm&r=g\",\"caption\":\"R\u00e9daction - Les Volcans News\"},\"url\":\"https:\\\/\\\/lesvolcansnews.net\\\/?author=14\"}]}<\/script>\n<!-- \/ Yoast SEO plugin. -->","yoast_head_json":{"title":"RDC : Tshisekedi annonce le lancement de huit p\u00f4les agricoles pour r\u00e9duire la d\u00e9pendance aux importations - LES VOLCANS NEWS","robots":{"index":"index","follow":"follow","max-snippet":"max-snippet:-1","max-image-preview":"max-image-preview:large","max-video-preview":"max-video-preview:-1"},"canonical":"https:\/\/lesvolcansnews.net\/?p=71210","og_locale":"fr_FR","og_type":"article","og_title":"RDC : Tshisekedi annonce le lancement de huit p\u00f4les agricoles pour r\u00e9duire la d\u00e9pendance aux importations - LES VOLCANS NEWS","og_description":"Le pr\u00e9sident de la R\u00e9publique d\u00e9mocratique du Congo, F\u00e9lix-Antoine Tshisekedi, a annonc\u00e9 lundi 8 d\u00e9cembre la mise en place de huit p\u00f4les agricoles dans plusieurs villes du pays, un projet","og_url":"https:\/\/lesvolcansnews.net\/?p=71210","og_site_name":"LES VOLCANS NEWS","article_published_time":"2025-12-08T17:06:33+00:00","og_image":[{"width":2048,"height":1348,"url":"https:\/\/lesvolcansnews.net\/wp-content\/uploads\/2025\/12\/20251208_174504-1.jpg","type":"image\/jpeg"}],"author":"R\u00e9daction - Les Volcans News","twitter_card":"summary_large_image","twitter_misc":{"\u00c9crit par":"R\u00e9daction - Les Volcans News","Dur\u00e9e de lecture estim\u00e9e":"2 minutes"},"schema":{"@context":"https:\/\/schema.org","@graph":[{"@type":"Article","@id":"https:\/\/lesvolcansnews.net\/?p=71210#article","isPartOf":{"@id":"https:\/\/lesvolcansnews.net\/?p=71210"},"author":{"name":"R\u00e9daction - Les Volcans News","@id":"https:\/\/lesvolcansnews.net\/#\/schema\/person\/82c8bed2e77879ecf6cca63441f57354"},"headline":"RDC : Tshisekedi annonce le lancement de huit p\u00f4les agricoles pour r\u00e9duire la d\u00e9pendance aux importations","datePublished":"2025-12-08T17:06:33+00:00","mainEntityOfPage":{"@id":"https:\/\/lesvolcansnews.net\/?p=71210"},"wordCount":334,"commentCount":0,"image":{"@id":"https:\/\/lesvolcansnews.net\/?p=71210#primaryimage"},"thumbnailUrl":"https:\/\/lesvolcansnews.net\/wp-content\/uploads\/2025\/12\/20251208_174504-1.jpg","articleSection":["ACTUALIT\u00c9"],"inLanguage":"fr-FR","potentialAction":[{"@type":"CommentAction","name":"Comment","target":["https:\/\/lesvolcansnews.net\/?p=71210#respond"]}]},{"@type":"WebPage","@id":"https:\/\/lesvolcansnews.net\/?p=71210","url":"https:\/\/lesvolcansnews.net\/?p=71210","name":"RDC : Tshisekedi annonce le lancement de huit p\u00f4les agricoles pour r\u00e9duire la d\u00e9pendance aux importations - LES VOLCANS NEWS","isPartOf":{"@id":"https:\/\/lesvolcansnews.net\/#website"},"primaryImageOfPage":{"@id":"https:\/\/lesvolcansnews.net\/?p=71210#primaryimage"},"image":{"@id":"https:\/\/lesvolcansnews.net\/?p=71210#primaryimage"},"thumbnailUrl":"https:\/\/lesvolcansnews.net\/wp-content\/uploads\/2025\/12\/20251208_174504-1.jpg","datePublished":"2025-12-08T17:06:33+00:00","author":{"@id":"https:\/\/lesvolcansnews.net\/#\/schema\/person\/82c8bed2e77879ecf6cca63441f57354"},"breadcrumb":{"@id":"https:\/\/lesvolcansnews.net\/?p=71210#breadcrumb"},"inLanguage":"fr-FR","potentialAction":[{"@type":"ReadAction","target":["https:\/\/lesvolcansnews.net\/?p=71210"]}]},{"@type":"ImageObject","inLanguage":"fr-FR","@id":"https:\/\/lesvolcansnews.net\/?p=71210#primaryimage","url":"https:\/\/lesvolcansnews.net\/wp-content\/uploads\/2025\/12\/20251208_174504-1.jpg","contentUrl":"https:\/\/lesvolcansnews.net\/wp-content\/uploads\/2025\/12\/20251208_174504-1.jpg","width":2048,"height":1348},{"@type":"BreadcrumbList","@id":"https:\/\/lesvolcansnews.net\/?p=71210#breadcrumb","itemListElement":[{"@type":"ListItem","position":1,"name":"Accueil","item":"https:\/\/lesvolcansnews.net\/"},{"@type":"ListItem","position":2,"name":"RDC : Tshisekedi annonce le lancement de huit p\u00f4les agricoles pour r\u00e9duire la d\u00e9pendance aux importations"}]},{"@type":"WebSite","@id":"https:\/\/lesvolcansnews.net\/#website","url":"https:\/\/lesvolcansnews.net\/","name":"LES VOLCANS NEWS","description":"L&#039;INFORMATION C&#039;EST NOUS","potentialAction":[{"@type":"SearchAction","target":{"@type":"EntryPoint","urlTemplate":"https:\/\/lesvolcansnews.net\/?s={search_term_string}"},"query-input":{"@type":"PropertyValueSpecification","valueRequired":true,"valueName":"search_term_string"}}],"inLanguage":"fr-FR"},{"@type":"Person","@id":"https:\/\/lesvolcansnews.net\/#\/schema\/person\/82c8bed2e77879ecf6cca63441f57354","name":"R\u00e9daction - Les Volcans News","image":{"@type":"ImageObject","inLanguage":"fr-FR","@id":"https:\/\/secure.gravatar.com\/avatar\/8408942dd851e8a9c09f3d382a661bc05d2b3cd9002139bc1795b9528cdc6c80?s=96&d=mm&r=g","url":"https:\/\/secure.gravatar.com\/avatar\/8408942dd851e8a9c09f3d382a661bc05d2b3cd9002139bc1795b9528cdc6c80?s=96&d=mm&r=g","contentUrl":"https:\/\/secure.gravatar.com\/avatar\/8408942dd851e8a9c09f3d382a661bc05d2b3cd9002139bc1795b9528cdc6c80?s=96&d=mm&r=g","caption":"R\u00e9daction - Les Volcans News"},"url":"https:\/\/lesvolcansnews.net\/?author=14"}]}},"_links":{"self":[{"href":"https:\/\/lesvolcansnews.net\/index.php?rest_route=\/wp\/v2\/posts\/71210","targetHints":{"allow":["GET"]}}],"collection":[{"href":"https:\/\/lesvolcansnews.net\/index.php?rest_route=\/wp\/v2\/posts"}],"about":[{"href":"https:\/\/lesvolcansnews.net\/index.php?rest_route=\/wp\/v2\/types\/post"}],"author":[{"embeddable":true,"href":"https:\/\/lesvolcansnews.net\/index.php?rest_route=\/wp\/v2\/users\/14"}],"replies":[{"embeddable":true,"href":"https:\/\/lesvolcansnews.net\/index.php?rest_route=%2Fwp%2Fv2%2Fcomments&post=71210"}],"version-history":[{"count":0,"href":"https:\/\/lesvolcansnews.net\/index.php?rest_route=\/wp\/v2\/posts\/71210\/revisions"}],"wp:featuredmedia":[{"embeddable":true,"href":"https:\/\/lesvolcansnews.net\/index.php?rest_route=\/wp\/v2\/media\/71209"}],"wp:attachment":[{"href":"https:\/\/lesvolcansnews.net\/index.php?rest_route=%2Fwp%2Fv2%2Fmedia&parent=71210"}],"wp:term":[{"taxonomy":"category","embeddable":true,"href":"https:\/\/lesvolcansnews.net\/index.php?rest_route=%2Fwp%2Fv2%2Fcategories&post=71210"},{"taxonomy":"post_tag","embeddable":true,"href":"https:\/\/lesvolcansnews.net\/index.php?rest_route=%2Fwp%2Fv2%2Ftags&post=71210"}],"curies":[{"name":"wp","href":"https:\/\/api.w.org\/{rel}","templated":true}]}}