{"id":71208,"date":"2025-12-08T18:58:50","date_gmt":"2025-12-08T16:58:50","guid":{"rendered":"https:\/\/lesvolcansnews.net\/2025\/12\/08\/amende-record-pour-x-lue-replique-aux-critiques-virulentes-delon-musk\/"},"modified":"2025-12-08T18:58:50","modified_gmt":"2025-12-08T16:58:50","slug":"amende-record-pour-x-lue-replique-aux-critiques-virulentes-delon-musk","status":"publish","type":"post","link":"https:\/\/lesvolcansnews.net\/?p=71208","title":{"rendered":"Amende record pour X : l\u2019UE r\u00e9plique aux critiques virulentes d\u2019Elon Musk"},"content":{"rendered":"\n<p><strong>UE d\u00e9fend la libert\u00e9 d\u2019expression apr\u00e8s les attaques du patron de xAI sur l\u2019amende inflig\u00e9e \u00e0 X<\/strong> L\u2019Union europ\u00e9enne a d\u00e9fendu lundi la libert\u00e9 d\u2019expression \u00e0 la suite des critiques d\u2019Elon Musk, patron de xAI et propri\u00e9taire de la plateforme X, qui a vivement r\u00e9agi \u00e0 l\u2019amende de 120 millions d\u2019euros impos\u00e9e \u00e0 son entreprise pour tromperie li\u00e9e aux coches bleues utilis\u00e9es pour certifier les comptes, ont rapport\u00e9 plusieurs m\u00e9dias internationaux.<\/p>\n\n\n\n<p> L\u2019Union europ\u00e9enne a d\u00e9fendu lundi la libert\u00e9 d\u2019expression \u00e0 la suite des critiques d\u2019Elon Musk, patron de xAI et propri\u00e9taire de la plateforme X, qui a vivement r\u00e9agi \u00e0 l\u2019amende de 120 millions d\u2019euros impos\u00e9e \u00e0 son entreprise pour tromperie li\u00e9e aux coches bleues utilis\u00e9es pour certifier les comptes, ont rapport\u00e9 plusieurs m\u00e9dias internationaux.<\/p>\n\n\n\n<p>\u00ab <em>Cela fait partie de la libert\u00e9 d&#8217;expression que nous ch\u00e9rissons dans l&#8217;UE, et qui permet les d\u00e9clarations les plus folles<\/em> \u00bb, a d\u00e9clar\u00e9 Paula Pinho, porte-parole de la Commission europ\u00e9enne, interrog\u00e9e sur les propos de Musk.<\/p>\n\n\n\n<p>Le dirigeant de xAI avait affirm\u00e9 que l\u2019Union europ\u00e9enne \u00ab devrait \u00eatre abolie \u00bb apr\u00e8s l\u2019annonce de cette sanction. \u00ab <em>L\u2019UE devrait \u00eatre abolie et la souverainet\u00e9 rendue aux \u00c9tats, pour que les gouvernements repr\u00e9sentent mieux leur peuple<\/em> \u00bb, a-t-il \u00e9crit sur X.<\/p>\n\n\n\n<h3 class=\"wp-block-heading\">Pressions transatlantiques<\/h3>\n\n\n\n<p>La d\u00e9cision europ\u00e9enne a suscit\u00e9 de vives r\u00e9actions \u00e0 Washington, o\u00f9 l\u2019administration Trump a d\u00e9nonc\u00e9 une attaque contre les entreprises technologiques am\u00e9ricaines.<\/p>\n\n\n\n<p>\u00ab <em>L\u2019amende inflig\u00e9e par la Commission europ\u00e9enne n\u2019est pas seulement une attaque contre X, c\u2019est une attaque contre toutes les plateformes technologiques am\u00e9ricaines et le peuple am\u00e9ricain par des gouvernements \u00e9trangers<\/em> \u00bb, a affirm\u00e9 Marco Rubio, secr\u00e9taire d\u2019\u00c9tat am\u00e9ricain.<\/p>\n\n\n\n<h3 class=\"wp-block-heading\">Premi\u00e8re sanction au titre du r\u00e8glement sur les services num\u00e9riques<\/h3>\n\n\n\n<p>L\u2019amende contre X constitue la premi\u00e8re mesure prise dans le cadre du r\u00e8glement sur les services num\u00e9riques (DSA), entr\u00e9 en vigueur en 2023. Ce texte impose aux grandes plateformes des obligations accrues pour lutter contre les contenus ill\u00e9gaux, la d\u00e9sinformation et le manque de transparence en ligne.<\/p>\n\n\n\n<p>L\u2019UE reproche notamment \u00e0 X d\u2019avoir modifi\u00e9 l\u2019usage des coches bleues apr\u00e8s le rachat de Twitter en 2022 par un consortium men\u00e9 par Musk. Ces badges, auparavant attribu\u00e9s \u00e0 l\u2019issue d\u2019un processus de v\u00e9rification, ont \u00e9t\u00e9 rendus accessibles aux abonn\u00e9s payants, brouillant selon Bruxelles la compr\u00e9hension des utilisateurs sur l\u2019authenticit\u00e9 des sources d\u2019information.<\/p>\n\n\n\n<p>En plus de la sanction d\u00e9j\u00e0 prononc\u00e9e, l\u2019Union europ\u00e9enne poursuit ses investigations sur X pour des soup\u00e7ons de non-respect de ses obligations en mati\u00e8re de transparence publicitaire et d\u2019acc\u00e8s aux donn\u00e9es pour les chercheurs agr\u00e9\u00e9s. L\u2019enqu\u00eate a \u00e9galement \u00e9t\u00e9 \u00e9tendue \u00e0 de possibles manquements concernant la lutte contre les contenus ill\u00e9gaux et la d\u00e9sinformation.<\/p>\n\n\n\n<p>La r\u00e9daction <\/p>\n","protected":false},"excerpt":{"rendered":"<p>UE d\u00e9fend la libert\u00e9 d\u2019expression apr\u00e8s les attaques du patron de xAI sur l\u2019amende inflig\u00e9e \u00e0 X L\u2019Union europ\u00e9enne a d\u00e9fendu lundi la libert\u00e9 d\u2019expression \u00e0 la suite des critiques<\/p>\n","protected":false},"author":14,"featured_media":71207,"comment_status":"open","ping_status":"open","sticky":false,"template":"","format":"standard","meta":{"footnotes":""},"categories":[1],"tags":[],"class_list":["post-71208","post","type-post","status-publish","format-standard","has-post-thumbnail","hentry","category-actualite"],"yoast_head":"<!-- This site is optimized with the Yoast SEO plugin v27.3 - https:\/\/yoast.com\/product\/yoast-seo-wordpress\/ -->\n<title>Amende record pour X : l\u2019UE r\u00e9plique aux critiques virulentes d\u2019Elon Musk - LES VOLCANS NEWS<\/title>\n<meta name=\"robots\" content=\"index, follow, max-snippet:-1, max-image-preview:large, max-video-preview:-1\" \/>\n<link rel=\"canonical\" href=\"https:\/\/lesvolcansnews.net\/?p=71208\" \/>\n<meta property=\"og:locale\" content=\"fr_FR\" \/>\n<meta property=\"og:type\" content=\"article\" \/>\n<meta property=\"og:title\" content=\"Amende record pour X : l\u2019UE r\u00e9plique aux critiques virulentes d\u2019Elon Musk - LES VOLCANS NEWS\" \/>\n<meta property=\"og:description\" content=\"UE d\u00e9fend la libert\u00e9 d\u2019expression apr\u00e8s les attaques du patron de xAI sur l\u2019amende inflig\u00e9e \u00e0 X L\u2019Union europ\u00e9enne a d\u00e9fendu lundi la libert\u00e9 d\u2019expression \u00e0 la suite des critiques\" \/>\n<meta property=\"og:url\" content=\"https:\/\/lesvolcansnews.net\/?p=71208\" \/>\n<meta property=\"og:site_name\" content=\"LES VOLCANS NEWS\" \/>\n<meta property=\"article:published_time\" content=\"2025-12-08T16:58:50+00:00\" \/>\n<meta property=\"og:image\" content=\"https:\/\/lesvolcansnews.net\/wp-content\/uploads\/2025\/12\/JYTWH56N5JHFBL2OBASVJBAEQU.jpg\" \/>\n\t<meta property=\"og:image:width\" content=\"932\" \/>\n\t<meta property=\"og:image:height\" content=\"582\" \/>\n\t<meta property=\"og:image:type\" content=\"image\/jpeg\" \/>\n<meta name=\"author\" content=\"R\u00e9daction - Les Volcans News\" \/>\n<meta name=\"twitter:card\" content=\"summary_large_image\" \/>\n<meta name=\"twitter:label1\" content=\"\u00c9crit par\" \/>\n\t<meta name=\"twitter:data1\" content=\"R\u00e9daction - Les Volcans News\" \/>\n\t<meta name=\"twitter:label2\" content=\"Dur\u00e9e de lecture estim\u00e9e\" \/>\n\t<meta name=\"twitter:data2\" content=\"3 minutes\" \/>\n<script type=\"application\/ld+json\" class=\"yoast-schema-graph\">{\"@context\":\"https:\\\/\\\/schema.org\",\"@graph\":[{\"@type\":\"Article\",\"@id\":\"https:\\\/\\\/lesvolcansnews.net\\\/?p=71208#article\",\"isPartOf\":{\"@id\":\"https:\\\/\\\/lesvolcansnews.net\\\/?p=71208\"},\"author\":{\"name\":\"R\u00e9daction - Les Volcans News\",\"@id\":\"https:\\\/\\\/lesvolcansnews.net\\\/#\\\/schema\\\/person\\\/82c8bed2e77879ecf6cca63441f57354\"},\"headline\":\"Amende record pour X : l\u2019UE r\u00e9plique aux critiques virulentes d\u2019Elon Musk\",\"datePublished\":\"2025-12-08T16:58:50+00:00\",\"mainEntityOfPage\":{\"@id\":\"https:\\\/\\\/lesvolcansnews.net\\\/?p=71208\"},\"wordCount\":521,\"commentCount\":0,\"image\":{\"@id\":\"https:\\\/\\\/lesvolcansnews.net\\\/?p=71208#primaryimage\"},\"thumbnailUrl\":\"https:\\\/\\\/lesvolcansnews.net\\\/wp-content\\\/uploads\\\/2025\\\/12\\\/JYTWH56N5JHFBL2OBASVJBAEQU.jpg\",\"articleSection\":[\"ACTUALIT\u00c9\"],\"inLanguage\":\"fr-FR\",\"potentialAction\":[{\"@type\":\"CommentAction\",\"name\":\"Comment\",\"target\":[\"https:\\\/\\\/lesvolcansnews.net\\\/?p=71208#respond\"]}]},{\"@type\":\"WebPage\",\"@id\":\"https:\\\/\\\/lesvolcansnews.net\\\/?p=71208\",\"url\":\"https:\\\/\\\/lesvolcansnews.net\\\/?p=71208\",\"name\":\"Amende record pour X : l\u2019UE r\u00e9plique aux critiques virulentes d\u2019Elon Musk - LES VOLCANS NEWS\",\"isPartOf\":{\"@id\":\"https:\\\/\\\/lesvolcansnews.net\\\/#website\"},\"primaryImageOfPage\":{\"@id\":\"https:\\\/\\\/lesvolcansnews.net\\\/?p=71208#primaryimage\"},\"image\":{\"@id\":\"https:\\\/\\\/lesvolcansnews.net\\\/?p=71208#primaryimage\"},\"thumbnailUrl\":\"https:\\\/\\\/lesvolcansnews.net\\\/wp-content\\\/uploads\\\/2025\\\/12\\\/JYTWH56N5JHFBL2OBASVJBAEQU.jpg\",\"datePublished\":\"2025-12-08T16:58:50+00:00\",\"author\":{\"@id\":\"https:\\\/\\\/lesvolcansnews.net\\\/#\\\/schema\\\/person\\\/82c8bed2e77879ecf6cca63441f57354\"},\"breadcrumb\":{\"@id\":\"https:\\\/\\\/lesvolcansnews.net\\\/?p=71208#breadcrumb\"},\"inLanguage\":\"fr-FR\",\"potentialAction\":[{\"@type\":\"ReadAction\",\"target\":[\"https:\\\/\\\/lesvolcansnews.net\\\/?p=71208\"]}]},{\"@type\":\"ImageObject\",\"inLanguage\":\"fr-FR\",\"@id\":\"https:\\\/\\\/lesvolcansnews.net\\\/?p=71208#primaryimage\",\"url\":\"https:\\\/\\\/lesvolcansnews.net\\\/wp-content\\\/uploads\\\/2025\\\/12\\\/JYTWH56N5JHFBL2OBASVJBAEQU.jpg\",\"contentUrl\":\"https:\\\/\\\/lesvolcansnews.net\\\/wp-content\\\/uploads\\\/2025\\\/12\\\/JYTWH56N5JHFBL2OBASVJBAEQU.jpg\",\"width\":932,\"height\":582,\"caption\":\"(FILES) This combination of pictures created on October 10, 2023, shows (L) SpaceX, Twitter and electric car maker Tesla CEO Elon Musk during his visit at the Vivatech technology startups and innovation fair at the Porte de Versailles exhibition center in Paris, on June 16, 2023 and (R) the new Twitter logo rebranded as X, pictured on a screen in Paris on July 24, 2023.. The EU's tech chief on December 5, 2025 denied a US charge it was engaging in \\\"censorship\\\" by fining Elon Musk's X platform for breaking the bloc's rules on digital content. (Photo by Alain JOCARD \\\/ AFP)\"},{\"@type\":\"BreadcrumbList\",\"@id\":\"https:\\\/\\\/lesvolcansnews.net\\\/?p=71208#breadcrumb\",\"itemListElement\":[{\"@type\":\"ListItem\",\"position\":1,\"name\":\"Accueil\",\"item\":\"https:\\\/\\\/lesvolcansnews.net\\\/\"},{\"@type\":\"ListItem\",\"position\":2,\"name\":\"Amende record pour X : l\u2019UE r\u00e9plique aux critiques virulentes d\u2019Elon Musk\"}]},{\"@type\":\"WebSite\",\"@id\":\"https:\\\/\\\/lesvolcansnews.net\\\/#website\",\"url\":\"https:\\\/\\\/lesvolcansnews.net\\\/\",\"name\":\"LES VOLCANS NEWS\",\"description\":\"L&#039;INFORMATION C&#039;EST NOUS\",\"potentialAction\":[{\"@type\":\"SearchAction\",\"target\":{\"@type\":\"EntryPoint\",\"urlTemplate\":\"https:\\\/\\\/lesvolcansnews.net\\\/?s={search_term_string}\"},\"query-input\":{\"@type\":\"PropertyValueSpecification\",\"valueRequired\":true,\"valueName\":\"search_term_string\"}}],\"inLanguage\":\"fr-FR\"},{\"@type\":\"Person\",\"@id\":\"https:\\\/\\\/lesvolcansnews.net\\\/#\\\/schema\\\/person\\\/82c8bed2e77879ecf6cca63441f57354\",\"name\":\"R\u00e9daction - Les Volcans News\",\"image\":{\"@type\":\"ImageObject\",\"inLanguage\":\"fr-FR\",\"@id\":\"https:\\\/\\\/secure.gravatar.com\\\/avatar\\\/8408942dd851e8a9c09f3d382a661bc05d2b3cd9002139bc1795b9528cdc6c80?s=96&d=mm&r=g\",\"url\":\"https:\\\/\\\/secure.gravatar.com\\\/avatar\\\/8408942dd851e8a9c09f3d382a661bc05d2b3cd9002139bc1795b9528cdc6c80?s=96&d=mm&r=g\",\"contentUrl\":\"https:\\\/\\\/secure.gravatar.com\\\/avatar\\\/8408942dd851e8a9c09f3d382a661bc05d2b3cd9002139bc1795b9528cdc6c80?s=96&d=mm&r=g\",\"caption\":\"R\u00e9daction - Les Volcans News\"},\"url\":\"https:\\\/\\\/lesvolcansnews.net\\\/?author=14\"}]}<\/script>\n<!-- \/ Yoast SEO plugin. -->","yoast_head_json":{"title":"Amende record pour X : l\u2019UE r\u00e9plique aux critiques virulentes d\u2019Elon Musk - LES VOLCANS NEWS","robots":{"index":"index","follow":"follow","max-snippet":"max-snippet:-1","max-image-preview":"max-image-preview:large","max-video-preview":"max-video-preview:-1"},"canonical":"https:\/\/lesvolcansnews.net\/?p=71208","og_locale":"fr_FR","og_type":"article","og_title":"Amende record pour X : l\u2019UE r\u00e9plique aux critiques virulentes d\u2019Elon Musk - LES VOLCANS NEWS","og_description":"UE d\u00e9fend la libert\u00e9 d\u2019expression apr\u00e8s les attaques du patron de xAI sur l\u2019amende inflig\u00e9e \u00e0 X L\u2019Union europ\u00e9enne a d\u00e9fendu lundi la libert\u00e9 d\u2019expression \u00e0 la suite des critiques","og_url":"https:\/\/lesvolcansnews.net\/?p=71208","og_site_name":"LES VOLCANS NEWS","article_published_time":"2025-12-08T16:58:50+00:00","og_image":[{"width":932,"height":582,"url":"https:\/\/lesvolcansnews.net\/wp-content\/uploads\/2025\/12\/JYTWH56N5JHFBL2OBASVJBAEQU.jpg","type":"image\/jpeg"}],"author":"R\u00e9daction - Les Volcans News","twitter_card":"summary_large_image","twitter_misc":{"\u00c9crit par":"R\u00e9daction - Les Volcans News","Dur\u00e9e de lecture estim\u00e9e":"3 minutes"},"schema":{"@context":"https:\/\/schema.org","@graph":[{"@type":"Article","@id":"https:\/\/lesvolcansnews.net\/?p=71208#article","isPartOf":{"@id":"https:\/\/lesvolcansnews.net\/?p=71208"},"author":{"name":"R\u00e9daction - Les Volcans News","@id":"https:\/\/lesvolcansnews.net\/#\/schema\/person\/82c8bed2e77879ecf6cca63441f57354"},"headline":"Amende record pour X : l\u2019UE r\u00e9plique aux critiques virulentes d\u2019Elon Musk","datePublished":"2025-12-08T16:58:50+00:00","mainEntityOfPage":{"@id":"https:\/\/lesvolcansnews.net\/?p=71208"},"wordCount":521,"commentCount":0,"image":{"@id":"https:\/\/lesvolcansnews.net\/?p=71208#primaryimage"},"thumbnailUrl":"https:\/\/lesvolcansnews.net\/wp-content\/uploads\/2025\/12\/JYTWH56N5JHFBL2OBASVJBAEQU.jpg","articleSection":["ACTUALIT\u00c9"],"inLanguage":"fr-FR","potentialAction":[{"@type":"CommentAction","name":"Comment","target":["https:\/\/lesvolcansnews.net\/?p=71208#respond"]}]},{"@type":"WebPage","@id":"https:\/\/lesvolcansnews.net\/?p=71208","url":"https:\/\/lesvolcansnews.net\/?p=71208","name":"Amende record pour X : l\u2019UE r\u00e9plique aux critiques virulentes d\u2019Elon Musk - LES VOLCANS NEWS","isPartOf":{"@id":"https:\/\/lesvolcansnews.net\/#website"},"primaryImageOfPage":{"@id":"https:\/\/lesvolcansnews.net\/?p=71208#primaryimage"},"image":{"@id":"https:\/\/lesvolcansnews.net\/?p=71208#primaryimage"},"thumbnailUrl":"https:\/\/lesvolcansnews.net\/wp-content\/uploads\/2025\/12\/JYTWH56N5JHFBL2OBASVJBAEQU.jpg","datePublished":"2025-12-08T16:58:50+00:00","author":{"@id":"https:\/\/lesvolcansnews.net\/#\/schema\/person\/82c8bed2e77879ecf6cca63441f57354"},"breadcrumb":{"@id":"https:\/\/lesvolcansnews.net\/?p=71208#breadcrumb"},"inLanguage":"fr-FR","potentialAction":[{"@type":"ReadAction","target":["https:\/\/lesvolcansnews.net\/?p=71208"]}]},{"@type":"ImageObject","inLanguage":"fr-FR","@id":"https:\/\/lesvolcansnews.net\/?p=71208#primaryimage","url":"https:\/\/lesvolcansnews.net\/wp-content\/uploads\/2025\/12\/JYTWH56N5JHFBL2OBASVJBAEQU.jpg","contentUrl":"https:\/\/lesvolcansnews.net\/wp-content\/uploads\/2025\/12\/JYTWH56N5JHFBL2OBASVJBAEQU.jpg","width":932,"height":582,"caption":"(FILES) This combination of pictures created on October 10, 2023, shows (L) SpaceX, Twitter and electric car maker Tesla CEO Elon Musk during his visit at the Vivatech technology startups and innovation fair at the Porte de Versailles exhibition center in Paris, on June 16, 2023 and (R) the new Twitter logo rebranded as X, pictured on a screen in Paris on July 24, 2023.. The EU's tech chief on December 5, 2025 denied a US charge it was engaging in \"censorship\" by fining Elon Musk's X platform for breaking the bloc's rules on digital content. (Photo by Alain JOCARD \/ AFP)"},{"@type":"BreadcrumbList","@id":"https:\/\/lesvolcansnews.net\/?p=71208#breadcrumb","itemListElement":[{"@type":"ListItem","position":1,"name":"Accueil","item":"https:\/\/lesvolcansnews.net\/"},{"@type":"ListItem","position":2,"name":"Amende record pour X : l\u2019UE r\u00e9plique aux critiques virulentes d\u2019Elon Musk"}]},{"@type":"WebSite","@id":"https:\/\/lesvolcansnews.net\/#website","url":"https:\/\/lesvolcansnews.net\/","name":"LES VOLCANS NEWS","description":"L&#039;INFORMATION C&#039;EST NOUS","potentialAction":[{"@type":"SearchAction","target":{"@type":"EntryPoint","urlTemplate":"https:\/\/lesvolcansnews.net\/?s={search_term_string}"},"query-input":{"@type":"PropertyValueSpecification","valueRequired":true,"valueName":"search_term_string"}}],"inLanguage":"fr-FR"},{"@type":"Person","@id":"https:\/\/lesvolcansnews.net\/#\/schema\/person\/82c8bed2e77879ecf6cca63441f57354","name":"R\u00e9daction - Les Volcans News","image":{"@type":"ImageObject","inLanguage":"fr-FR","@id":"https:\/\/secure.gravatar.com\/avatar\/8408942dd851e8a9c09f3d382a661bc05d2b3cd9002139bc1795b9528cdc6c80?s=96&d=mm&r=g","url":"https:\/\/secure.gravatar.com\/avatar\/8408942dd851e8a9c09f3d382a661bc05d2b3cd9002139bc1795b9528cdc6c80?s=96&d=mm&r=g","contentUrl":"https:\/\/secure.gravatar.com\/avatar\/8408942dd851e8a9c09f3d382a661bc05d2b3cd9002139bc1795b9528cdc6c80?s=96&d=mm&r=g","caption":"R\u00e9daction - Les Volcans News"},"url":"https:\/\/lesvolcansnews.net\/?author=14"}]}},"_links":{"self":[{"href":"https:\/\/lesvolcansnews.net\/index.php?rest_route=\/wp\/v2\/posts\/71208","targetHints":{"allow":["GET"]}}],"collection":[{"href":"https:\/\/lesvolcansnews.net\/index.php?rest_route=\/wp\/v2\/posts"}],"about":[{"href":"https:\/\/lesvolcansnews.net\/index.php?rest_route=\/wp\/v2\/types\/post"}],"author":[{"embeddable":true,"href":"https:\/\/lesvolcansnews.net\/index.php?rest_route=\/wp\/v2\/users\/14"}],"replies":[{"embeddable":true,"href":"https:\/\/lesvolcansnews.net\/index.php?rest_route=%2Fwp%2Fv2%2Fcomments&post=71208"}],"version-history":[{"count":0,"href":"https:\/\/lesvolcansnews.net\/index.php?rest_route=\/wp\/v2\/posts\/71208\/revisions"}],"wp:featuredmedia":[{"embeddable":true,"href":"https:\/\/lesvolcansnews.net\/index.php?rest_route=\/wp\/v2\/media\/71207"}],"wp:attachment":[{"href":"https:\/\/lesvolcansnews.net\/index.php?rest_route=%2Fwp%2Fv2%2Fmedia&parent=71208"}],"wp:term":[{"taxonomy":"category","embeddable":true,"href":"https:\/\/lesvolcansnews.net\/index.php?rest_route=%2Fwp%2Fv2%2Fcategories&post=71208"},{"taxonomy":"post_tag","embeddable":true,"href":"https:\/\/lesvolcansnews.net\/index.php?rest_route=%2Fwp%2Fv2%2Ftags&post=71208"}],"curies":[{"name":"wp","href":"https:\/\/api.w.org\/{rel}","templated":true}]}}