{"id":71188,"date":"2025-12-07T18:49:27","date_gmt":"2025-12-07T16:49:27","guid":{"rendered":"https:\/\/lesvolcansnews.net\/?p=71188"},"modified":"2025-12-07T18:49:51","modified_gmt":"2025-12-07T16:49:51","slug":"sud-kivu-voici-la-situation-sur-differents-axes-apres-les-combats-du-7-decembre","status":"publish","type":"post","link":"https:\/\/lesvolcansnews.net\/?p=71188","title":{"rendered":"Sud-Kivu : voici la situation sur diff\u00e9rents axes apr\u00e8s les combats du 7 d\u00e9cembre"},"content":{"rendered":"\n<p><strong>Un calme pr\u00e9caire r\u00e9gnait dimanche 7 d\u00e9cembre dans plusieurs localit\u00e9s de la plaine de la Ruzizi, o\u00f9 des habitants ont signal\u00e9 une progression des troupes de l\u2019AFC\/M23 dans le territoire d\u2019Uvira dans la province du sud-kivu dans l&#8217;est de la R\u00e9publique d\u00e9mocratique du Congo. <\/strong><\/p>\n\n\n\n<p>Des r\u00e9sidents de Katogota ont indiqu\u00e9 que les combattants avaient avanc\u00e9 jusqu\u2019\u00e0 Luberizi et contr\u00f4laient une grande partie de Luvungi et de Lubarika, tandis que les FARDC, les groupes Wazalendo et des soldats burundais n\u2019\u00e9taient plus visibles depuis la soir\u00e9e du 6 d\u00e9cembre, selon leurs t\u00e9moignages.<\/p>\n\n\n\n<p>Des rumeurs faisant \u00e9tat d\u2019une possible attaque de combattants Wazalendo avaient circul\u00e9 samedi, appelant les habitants \u00e0 rester chez eux et \u00e0 ne payer aucune taxe, ont expliqu\u00e9 plusieurs sources locales.<\/p>\n\n\n\n<p>\u00c0 Mudaka, dans le territoire de Kabare, les activit\u00e9s \u00e9conomiques sont rest\u00e9es paralys\u00e9es dimanche, jour de grand march\u00e9, selon Radio Maendeleo. <\/p>\n\n\n\n<p>Les offices religieux ont enregistr\u00e9 une faible participation, tandis que des \u00e9l\u00e9ments de l\u2019AFC\/M23 patrouillaient en nombre sur la route et dans l\u2019enceinte du march\u00e9, a indiqu\u00e9 la radio.<\/p>\n\n\n\n<p>Dans la cit\u00e9 de Kamanyola et la chefferie de Kaziba, en territoire de Walungu, les activit\u00e9s ont repris timidement apr\u00e8s plusieurs jours d\u2019affrontements entre l\u2019AFC\/M23 et les forces arm\u00e9es congolaises appuy\u00e9es par des Wazalendo et des militaires burundais.<\/p>\n\n\n\n<p>\u00c0 Kamanyola, des habitants sont revenus dans les rues t\u00f4t dimanche matin.<\/p>\n\n\n\n<p> Certaines pharmacies, boutiques et commerces ont rouvert. Aucun tir n\u2019a \u00e9t\u00e9 entendu depuis vendredi, ont rapport\u00e9 plusieurs r\u00e9sidents. Des habitants qui tentaient de traverser la rivi\u00e8re Ruzizi vers le Burundi ou le Rwanda sont retourn\u00e9s dans leurs maisons, selon un t\u00e9moin.<\/p>\n\n\n\n<p>Si les c\u00e9r\u00e9monies religieuses se sont d\u00e9roul\u00e9es \u00e0 un rythme r\u00e9duit, une accalmie a \u00e9t\u00e9 observ\u00e9e dans l\u2019ensemble de la cit\u00e9.<\/p>\n\n\n\n<p>Dans la chefferie de Kaziba, le calme est revenu depuis jeudi, apr\u00e8s des bombardements qui avaient fait plus de 20 morts et caus\u00e9 d\u2019importants d\u00e9g\u00e2ts mat\u00e9riels, selon des sources locales. <\/p>\n\n\n\n<p>Le transport entre Kaziba et Bukavu a repris bien que les prix aient augment\u00e9, a d\u00e9clar\u00e9 un d\u00e9fenseur des droits humains. Les commerces fonctionnent et les cultes ont \u00e9t\u00e9 organis\u00e9s dans plusieurs \u00e9glises, ont ajout\u00e9 les m\u00eames sources.<\/p>\n\n\n\n<p>La r\u00e9daction <\/p>\n","protected":false},"excerpt":{"rendered":"<p>Un calme pr\u00e9caire r\u00e9gnait dimanche 7 d\u00e9cembre dans plusieurs localit\u00e9s de la plaine de la Ruzizi, o\u00f9 des habitants ont signal\u00e9 une progression des troupes de l\u2019AFC\/M23 dans le territoire<\/p>\n","protected":false},"author":14,"featured_media":71189,"comment_status":"open","ping_status":"open","sticky":false,"template":"","format":"standard","meta":{"footnotes":""},"categories":[1],"tags":[],"class_list":["post-71188","post","type-post","status-publish","format-standard","has-post-thumbnail","hentry","category-actualite"],"yoast_head":"<!-- This site is optimized with the Yoast SEO plugin v27.5 - https:\/\/yoast.com\/product\/yoast-seo-wordpress\/ -->\n<title>Sud-Kivu : voici la situation sur diff\u00e9rents axes apr\u00e8s les combats du 7 d\u00e9cembre - LES VOLCANS NEWS<\/title>\n<meta name=\"robots\" content=\"index, follow, max-snippet:-1, max-image-preview:large, max-video-preview:-1\" \/>\n<link rel=\"canonical\" href=\"https:\/\/lesvolcansnews.net\/?p=71188\" \/>\n<meta property=\"og:locale\" content=\"fr_FR\" \/>\n<meta property=\"og:type\" content=\"article\" \/>\n<meta property=\"og:title\" content=\"Sud-Kivu : voici la situation sur diff\u00e9rents axes apr\u00e8s les combats du 7 d\u00e9cembre - LES VOLCANS NEWS\" \/>\n<meta property=\"og:description\" content=\"Un calme pr\u00e9caire r\u00e9gnait dimanche 7 d\u00e9cembre dans plusieurs localit\u00e9s de la plaine de la Ruzizi, o\u00f9 des habitants ont signal\u00e9 une progression des troupes de l\u2019AFC\/M23 dans le territoire\" \/>\n<meta property=\"og:url\" content=\"https:\/\/lesvolcansnews.net\/?p=71188\" \/>\n<meta property=\"og:site_name\" content=\"LES VOLCANS NEWS\" \/>\n<meta property=\"article:published_time\" content=\"2025-12-07T16:49:27+00:00\" \/>\n<meta property=\"article:modified_time\" content=\"2025-12-07T16:49:51+00:00\" \/>\n<meta property=\"og:image\" content=\"https:\/\/lesvolcansnews.net\/wp-content\/uploads\/2025\/12\/FB_IMG_1765097969709.jpg\" \/>\n\t<meta property=\"og:image:width\" content=\"480\" \/>\n\t<meta property=\"og:image:height\" content=\"320\" \/>\n\t<meta property=\"og:image:type\" content=\"image\/jpeg\" \/>\n<meta name=\"author\" content=\"R\u00e9daction - Les Volcans News\" \/>\n<meta name=\"twitter:card\" content=\"summary_large_image\" \/>\n<meta name=\"twitter:label1\" content=\"\u00c9crit par\" \/>\n\t<meta name=\"twitter:data1\" content=\"R\u00e9daction - Les Volcans News\" \/>\n\t<meta name=\"twitter:label2\" content=\"Dur\u00e9e de lecture estim\u00e9e\" \/>\n\t<meta name=\"twitter:data2\" content=\"2 minutes\" \/>\n<script type=\"application\/ld+json\" class=\"yoast-schema-graph\">{\"@context\":\"https:\\\/\\\/schema.org\",\"@graph\":[{\"@type\":\"Article\",\"@id\":\"https:\\\/\\\/lesvolcansnews.net\\\/?p=71188#article\",\"isPartOf\":{\"@id\":\"https:\\\/\\\/lesvolcansnews.net\\\/?p=71188\"},\"author\":{\"name\":\"R\u00e9daction - Les Volcans News\",\"@id\":\"https:\\\/\\\/lesvolcansnews.net\\\/#\\\/schema\\\/person\\\/82c8bed2e77879ecf6cca63441f57354\"},\"headline\":\"Sud-Kivu : voici la situation sur diff\u00e9rents axes apr\u00e8s les combats du 7 d\u00e9cembre\",\"datePublished\":\"2025-12-07T16:49:27+00:00\",\"dateModified\":\"2025-12-07T16:49:51+00:00\",\"mainEntityOfPage\":{\"@id\":\"https:\\\/\\\/lesvolcansnews.net\\\/?p=71188\"},\"wordCount\":414,\"commentCount\":0,\"image\":{\"@id\":\"https:\\\/\\\/lesvolcansnews.net\\\/?p=71188#primaryimage\"},\"thumbnailUrl\":\"https:\\\/\\\/lesvolcansnews.net\\\/wp-content\\\/uploads\\\/2025\\\/12\\\/FB_IMG_1765097969709.jpg\",\"articleSection\":[\"ACTUALIT\u00c9\"],\"inLanguage\":\"fr-FR\",\"potentialAction\":[{\"@type\":\"CommentAction\",\"name\":\"Comment\",\"target\":[\"https:\\\/\\\/lesvolcansnews.net\\\/?p=71188#respond\"]}]},{\"@type\":\"WebPage\",\"@id\":\"https:\\\/\\\/lesvolcansnews.net\\\/?p=71188\",\"url\":\"https:\\\/\\\/lesvolcansnews.net\\\/?p=71188\",\"name\":\"Sud-Kivu : voici la situation sur diff\u00e9rents axes apr\u00e8s les combats du 7 d\u00e9cembre - LES VOLCANS NEWS\",\"isPartOf\":{\"@id\":\"https:\\\/\\\/lesvolcansnews.net\\\/#website\"},\"primaryImageOfPage\":{\"@id\":\"https:\\\/\\\/lesvolcansnews.net\\\/?p=71188#primaryimage\"},\"image\":{\"@id\":\"https:\\\/\\\/lesvolcansnews.net\\\/?p=71188#primaryimage\"},\"thumbnailUrl\":\"https:\\\/\\\/lesvolcansnews.net\\\/wp-content\\\/uploads\\\/2025\\\/12\\\/FB_IMG_1765097969709.jpg\",\"datePublished\":\"2025-12-07T16:49:27+00:00\",\"dateModified\":\"2025-12-07T16:49:51+00:00\",\"author\":{\"@id\":\"https:\\\/\\\/lesvolcansnews.net\\\/#\\\/schema\\\/person\\\/82c8bed2e77879ecf6cca63441f57354\"},\"breadcrumb\":{\"@id\":\"https:\\\/\\\/lesvolcansnews.net\\\/?p=71188#breadcrumb\"},\"inLanguage\":\"fr-FR\",\"potentialAction\":[{\"@type\":\"ReadAction\",\"target\":[\"https:\\\/\\\/lesvolcansnews.net\\\/?p=71188\"]}]},{\"@type\":\"ImageObject\",\"inLanguage\":\"fr-FR\",\"@id\":\"https:\\\/\\\/lesvolcansnews.net\\\/?p=71188#primaryimage\",\"url\":\"https:\\\/\\\/lesvolcansnews.net\\\/wp-content\\\/uploads\\\/2025\\\/12\\\/FB_IMG_1765097969709.jpg\",\"contentUrl\":\"https:\\\/\\\/lesvolcansnews.net\\\/wp-content\\\/uploads\\\/2025\\\/12\\\/FB_IMG_1765097969709.jpg\",\"width\":480,\"height\":320},{\"@type\":\"BreadcrumbList\",\"@id\":\"https:\\\/\\\/lesvolcansnews.net\\\/?p=71188#breadcrumb\",\"itemListElement\":[{\"@type\":\"ListItem\",\"position\":1,\"name\":\"Accueil\",\"item\":\"https:\\\/\\\/lesvolcansnews.net\\\/\"},{\"@type\":\"ListItem\",\"position\":2,\"name\":\"Sud-Kivu : voici la situation sur diff\u00e9rents axes apr\u00e8s les combats du 7 d\u00e9cembre\"}]},{\"@type\":\"WebSite\",\"@id\":\"https:\\\/\\\/lesvolcansnews.net\\\/#website\",\"url\":\"https:\\\/\\\/lesvolcansnews.net\\\/\",\"name\":\"LES VOLCANS NEWS\",\"description\":\"L&#039;INFORMATION C&#039;EST NOUS\",\"potentialAction\":[{\"@type\":\"SearchAction\",\"target\":{\"@type\":\"EntryPoint\",\"urlTemplate\":\"https:\\\/\\\/lesvolcansnews.net\\\/?s={search_term_string}\"},\"query-input\":{\"@type\":\"PropertyValueSpecification\",\"valueRequired\":true,\"valueName\":\"search_term_string\"}}],\"inLanguage\":\"fr-FR\"},{\"@type\":\"Person\",\"@id\":\"https:\\\/\\\/lesvolcansnews.net\\\/#\\\/schema\\\/person\\\/82c8bed2e77879ecf6cca63441f57354\",\"name\":\"R\u00e9daction - Les Volcans News\",\"image\":{\"@type\":\"ImageObject\",\"inLanguage\":\"fr-FR\",\"@id\":\"https:\\\/\\\/secure.gravatar.com\\\/avatar\\\/8408942dd851e8a9c09f3d382a661bc05d2b3cd9002139bc1795b9528cdc6c80?s=96&d=mm&r=g\",\"url\":\"https:\\\/\\\/secure.gravatar.com\\\/avatar\\\/8408942dd851e8a9c09f3d382a661bc05d2b3cd9002139bc1795b9528cdc6c80?s=96&d=mm&r=g\",\"contentUrl\":\"https:\\\/\\\/secure.gravatar.com\\\/avatar\\\/8408942dd851e8a9c09f3d382a661bc05d2b3cd9002139bc1795b9528cdc6c80?s=96&d=mm&r=g\",\"caption\":\"R\u00e9daction - Les Volcans News\"},\"url\":\"https:\\\/\\\/lesvolcansnews.net\\\/?author=14\"}]}<\/script>\n<!-- \/ Yoast SEO plugin. -->","yoast_head_json":{"title":"Sud-Kivu : voici la situation sur diff\u00e9rents axes apr\u00e8s les combats du 7 d\u00e9cembre - LES VOLCANS NEWS","robots":{"index":"index","follow":"follow","max-snippet":"max-snippet:-1","max-image-preview":"max-image-preview:large","max-video-preview":"max-video-preview:-1"},"canonical":"https:\/\/lesvolcansnews.net\/?p=71188","og_locale":"fr_FR","og_type":"article","og_title":"Sud-Kivu : voici la situation sur diff\u00e9rents axes apr\u00e8s les combats du 7 d\u00e9cembre - LES VOLCANS NEWS","og_description":"Un calme pr\u00e9caire r\u00e9gnait dimanche 7 d\u00e9cembre dans plusieurs localit\u00e9s de la plaine de la Ruzizi, o\u00f9 des habitants ont signal\u00e9 une progression des troupes de l\u2019AFC\/M23 dans le territoire","og_url":"https:\/\/lesvolcansnews.net\/?p=71188","og_site_name":"LES VOLCANS NEWS","article_published_time":"2025-12-07T16:49:27+00:00","article_modified_time":"2025-12-07T16:49:51+00:00","og_image":[{"width":480,"height":320,"url":"https:\/\/lesvolcansnews.net\/wp-content\/uploads\/2025\/12\/FB_IMG_1765097969709.jpg","type":"image\/jpeg"}],"author":"R\u00e9daction - Les Volcans News","twitter_card":"summary_large_image","twitter_misc":{"\u00c9crit par":"R\u00e9daction - Les Volcans News","Dur\u00e9e de lecture estim\u00e9e":"2 minutes"},"schema":{"@context":"https:\/\/schema.org","@graph":[{"@type":"Article","@id":"https:\/\/lesvolcansnews.net\/?p=71188#article","isPartOf":{"@id":"https:\/\/lesvolcansnews.net\/?p=71188"},"author":{"name":"R\u00e9daction - Les Volcans News","@id":"https:\/\/lesvolcansnews.net\/#\/schema\/person\/82c8bed2e77879ecf6cca63441f57354"},"headline":"Sud-Kivu : voici la situation sur diff\u00e9rents axes apr\u00e8s les combats du 7 d\u00e9cembre","datePublished":"2025-12-07T16:49:27+00:00","dateModified":"2025-12-07T16:49:51+00:00","mainEntityOfPage":{"@id":"https:\/\/lesvolcansnews.net\/?p=71188"},"wordCount":414,"commentCount":0,"image":{"@id":"https:\/\/lesvolcansnews.net\/?p=71188#primaryimage"},"thumbnailUrl":"https:\/\/lesvolcansnews.net\/wp-content\/uploads\/2025\/12\/FB_IMG_1765097969709.jpg","articleSection":["ACTUALIT\u00c9"],"inLanguage":"fr-FR","potentialAction":[{"@type":"CommentAction","name":"Comment","target":["https:\/\/lesvolcansnews.net\/?p=71188#respond"]}]},{"@type":"WebPage","@id":"https:\/\/lesvolcansnews.net\/?p=71188","url":"https:\/\/lesvolcansnews.net\/?p=71188","name":"Sud-Kivu : voici la situation sur diff\u00e9rents axes apr\u00e8s les combats du 7 d\u00e9cembre - LES VOLCANS NEWS","isPartOf":{"@id":"https:\/\/lesvolcansnews.net\/#website"},"primaryImageOfPage":{"@id":"https:\/\/lesvolcansnews.net\/?p=71188#primaryimage"},"image":{"@id":"https:\/\/lesvolcansnews.net\/?p=71188#primaryimage"},"thumbnailUrl":"https:\/\/lesvolcansnews.net\/wp-content\/uploads\/2025\/12\/FB_IMG_1765097969709.jpg","datePublished":"2025-12-07T16:49:27+00:00","dateModified":"2025-12-07T16:49:51+00:00","author":{"@id":"https:\/\/lesvolcansnews.net\/#\/schema\/person\/82c8bed2e77879ecf6cca63441f57354"},"breadcrumb":{"@id":"https:\/\/lesvolcansnews.net\/?p=71188#breadcrumb"},"inLanguage":"fr-FR","potentialAction":[{"@type":"ReadAction","target":["https:\/\/lesvolcansnews.net\/?p=71188"]}]},{"@type":"ImageObject","inLanguage":"fr-FR","@id":"https:\/\/lesvolcansnews.net\/?p=71188#primaryimage","url":"https:\/\/lesvolcansnews.net\/wp-content\/uploads\/2025\/12\/FB_IMG_1765097969709.jpg","contentUrl":"https:\/\/lesvolcansnews.net\/wp-content\/uploads\/2025\/12\/FB_IMG_1765097969709.jpg","width":480,"height":320},{"@type":"BreadcrumbList","@id":"https:\/\/lesvolcansnews.net\/?p=71188#breadcrumb","itemListElement":[{"@type":"ListItem","position":1,"name":"Accueil","item":"https:\/\/lesvolcansnews.net\/"},{"@type":"ListItem","position":2,"name":"Sud-Kivu : voici la situation sur diff\u00e9rents axes apr\u00e8s les combats du 7 d\u00e9cembre"}]},{"@type":"WebSite","@id":"https:\/\/lesvolcansnews.net\/#website","url":"https:\/\/lesvolcansnews.net\/","name":"LES VOLCANS NEWS","description":"L&#039;INFORMATION C&#039;EST NOUS","potentialAction":[{"@type":"SearchAction","target":{"@type":"EntryPoint","urlTemplate":"https:\/\/lesvolcansnews.net\/?s={search_term_string}"},"query-input":{"@type":"PropertyValueSpecification","valueRequired":true,"valueName":"search_term_string"}}],"inLanguage":"fr-FR"},{"@type":"Person","@id":"https:\/\/lesvolcansnews.net\/#\/schema\/person\/82c8bed2e77879ecf6cca63441f57354","name":"R\u00e9daction - Les Volcans News","image":{"@type":"ImageObject","inLanguage":"fr-FR","@id":"https:\/\/secure.gravatar.com\/avatar\/8408942dd851e8a9c09f3d382a661bc05d2b3cd9002139bc1795b9528cdc6c80?s=96&d=mm&r=g","url":"https:\/\/secure.gravatar.com\/avatar\/8408942dd851e8a9c09f3d382a661bc05d2b3cd9002139bc1795b9528cdc6c80?s=96&d=mm&r=g","contentUrl":"https:\/\/secure.gravatar.com\/avatar\/8408942dd851e8a9c09f3d382a661bc05d2b3cd9002139bc1795b9528cdc6c80?s=96&d=mm&r=g","caption":"R\u00e9daction - Les Volcans News"},"url":"https:\/\/lesvolcansnews.net\/?author=14"}]}},"_links":{"self":[{"href":"https:\/\/lesvolcansnews.net\/index.php?rest_route=\/wp\/v2\/posts\/71188","targetHints":{"allow":["GET"]}}],"collection":[{"href":"https:\/\/lesvolcansnews.net\/index.php?rest_route=\/wp\/v2\/posts"}],"about":[{"href":"https:\/\/lesvolcansnews.net\/index.php?rest_route=\/wp\/v2\/types\/post"}],"author":[{"embeddable":true,"href":"https:\/\/lesvolcansnews.net\/index.php?rest_route=\/wp\/v2\/users\/14"}],"replies":[{"embeddable":true,"href":"https:\/\/lesvolcansnews.net\/index.php?rest_route=%2Fwp%2Fv2%2Fcomments&post=71188"}],"version-history":[{"count":1,"href":"https:\/\/lesvolcansnews.net\/index.php?rest_route=\/wp\/v2\/posts\/71188\/revisions"}],"predecessor-version":[{"id":71190,"href":"https:\/\/lesvolcansnews.net\/index.php?rest_route=\/wp\/v2\/posts\/71188\/revisions\/71190"}],"wp:featuredmedia":[{"embeddable":true,"href":"https:\/\/lesvolcansnews.net\/index.php?rest_route=\/wp\/v2\/media\/71189"}],"wp:attachment":[{"href":"https:\/\/lesvolcansnews.net\/index.php?rest_route=%2Fwp%2Fv2%2Fmedia&parent=71188"}],"wp:term":[{"taxonomy":"category","embeddable":true,"href":"https:\/\/lesvolcansnews.net\/index.php?rest_route=%2Fwp%2Fv2%2Fcategories&post=71188"},{"taxonomy":"post_tag","embeddable":true,"href":"https:\/\/lesvolcansnews.net\/index.php?rest_route=%2Fwp%2Fv2%2Ftags&post=71188"}],"curies":[{"name":"wp","href":"https:\/\/api.w.org\/{rel}","templated":true}]}}