{"id":71187,"date":"2025-12-07T14:19:15","date_gmt":"2025-12-07T12:19:15","guid":{"rendered":"https:\/\/lesvolcansnews.net\/2025\/12\/07\/accord-de-paix-rdc-rwanda-lactiviste-citoyen-se-montre-pessimiste\/"},"modified":"2025-12-07T14:19:15","modified_gmt":"2025-12-07T12:19:15","slug":"accord-de-paix-rdc-rwanda-lactiviste-citoyen-se-montre-pessimiste","status":"publish","type":"post","link":"https:\/\/lesvolcansnews.net\/?p=71187","title":{"rendered":"Accord de paix RDC\u2013Rwanda : l\u2019activiste citoyen&nbsp; se montre pessimiste"},"content":{"rendered":"\n<p><strong>La R\u00e9publique d\u00e9mocratique du Congo et le Rwanda ont ent\u00e9rin\u00e9 l\u2019accord de paix et de prosp\u00e9rit\u00e9 entre les deux pays.<\/strong><\/p>\n\n\n\n<p>C\u2019\u00e9tait le 4 d\u00e9cembre dernier \u00e0 Washington, sous les bons offices du pr\u00e9sident am\u00e9ricain Donald Trump. Cependant, quelques jours apr\u00e8s l\u2019ent\u00e9rinement de cet accord, les r\u00e9actions ne cessent de jaillir.<\/p>\n\n\n\n<p>Dans une interview accord\u00e9e ce dimanche 7 d\u00e9cembre, l\u2019activiste citoyen et d\u00e9fenseur des droits de l\u2019homme Jack Sinzahera encourage les efforts fournis pour pacifier l\u2019Est de la RDC, mais s\u2019interroge tout de m\u00eame sur les conditions d\u2019acceptation de cet accord, conform\u00e9ment \u00e0 l\u2019article 214 de la Constitution congolaise.<\/p>\n\n\n\n<p>Cet activiste reste pessimiste quant au retour de la paix dans le pays, car selon lui, la population n\u2019a pas \u00e9t\u00e9 consult\u00e9e pour discuter de la racine du probl\u00e8me.<\/p>\n\n\n\n<p>\u00ab Cet accord devrait d\u2019abord passer au Parlement avant d\u2019\u00eatre sign\u00e9 puis ratifi\u00e9 par la RDC. N\u00e9anmoins, on se demande : qu\u2019est-ce que la paix ? Est-ce que la paix, c\u2019est seulement le silence des armes ? C\u2019est une autre question, parce qu\u2019ils se sont r\u00e9unis aux \u00c9tats-Unis pour signer un accord, et oui, c\u2019est un pas vers la paix. Mais la grande question \u00e0 se poser est : est-ce que cet accord inclut la participation citoyenne ? Est-ce qu\u2019il aborde la question de la gouvernance ? Pour qu\u2019il y ait un retour effectif de la paix, il faut que nos dirigeants d\u00e9sarment leurs c\u0153urs et qu\u2019ils gouvernent le pays avec patriotisme et amour \u00bb, estime cet activiste.<\/p>\n\n\n\n<p>Notez que l\u2019accord de paix de Washington, ent\u00e9rin\u00e9 par le pr\u00e9sident F\u00e9lix Tshisekedi de la RDC et Paul Kagame du Rwanda, comprend cinq dispositions principales : le respect de l\u2019int\u00e9grit\u00e9 territoriale ; la cessation des hostilit\u00e9s ; le d\u00e9sengagement et le d\u00e9sarmement des groupes arm\u00e9s non \u00e9tatiques ; l\u2019int\u00e9gration conditionnelle de ces groupes ; et la cr\u00e9ation d\u2019un cadre de coop\u00e9ration \u00e9conomique r\u00e9gionale entre Kinshasa et Kigali.<\/p>\n\n\n\n<p>Il pr\u00e9voit en outre la mise en place d\u2019un m\u00e9canisme conjoint de coordination s\u00e9curitaire incluant le Concept des op\u00e9rations (CONOPS), un cadre d\u2019\u00e9change de renseignements n\u00e9goci\u00e9 \u00e0 Luanda en octobre 2024.<\/p>\n\n\n\n<p><strong>Victoire Muliwavyo<\/strong><\/p>\n","protected":false},"excerpt":{"rendered":"<p>La R\u00e9publique d\u00e9mocratique du Congo et le Rwanda ont ent\u00e9rin\u00e9 l\u2019accord de paix et de prosp\u00e9rit\u00e9 entre les deux pays. C\u2019\u00e9tait le 4 d\u00e9cembre dernier \u00e0 Washington, sous les bons<\/p>\n","protected":false},"author":14,"featured_media":71186,"comment_status":"open","ping_status":"open","sticky":false,"template":"","format":"standard","meta":{"footnotes":""},"categories":[27,9],"tags":[],"class_list":["post-71187","post","type-post","status-publish","format-standard","has-post-thumbnail","hentry","category-politique","category-societe"],"yoast_head":"<!-- This site is optimized with the Yoast SEO plugin v27.3 - https:\/\/yoast.com\/product\/yoast-seo-wordpress\/ -->\n<title>Accord de paix RDC\u2013Rwanda : l\u2019activiste citoyen&nbsp; se montre pessimiste - LES VOLCANS NEWS<\/title>\n<meta name=\"robots\" content=\"index, follow, max-snippet:-1, max-image-preview:large, max-video-preview:-1\" \/>\n<link rel=\"canonical\" href=\"https:\/\/lesvolcansnews.net\/?p=71187\" \/>\n<meta property=\"og:locale\" content=\"fr_FR\" \/>\n<meta property=\"og:type\" content=\"article\" \/>\n<meta property=\"og:title\" content=\"Accord de paix RDC\u2013Rwanda : l\u2019activiste citoyen&nbsp; se montre pessimiste - LES VOLCANS NEWS\" \/>\n<meta property=\"og:description\" content=\"La R\u00e9publique d\u00e9mocratique du Congo et le Rwanda ont ent\u00e9rin\u00e9 l\u2019accord de paix et de prosp\u00e9rit\u00e9 entre les deux pays. C\u2019\u00e9tait le 4 d\u00e9cembre dernier \u00e0 Washington, sous les bons\" \/>\n<meta property=\"og:url\" content=\"https:\/\/lesvolcansnews.net\/?p=71187\" \/>\n<meta property=\"og:site_name\" content=\"LES VOLCANS NEWS\" \/>\n<meta property=\"article:published_time\" content=\"2025-12-07T12:19:15+00:00\" \/>\n<meta property=\"og:image\" content=\"https:\/\/lesvolcansnews.net\/wp-content\/uploads\/2025\/12\/IMG-20251207-WA0450.jpg\" \/>\n\t<meta property=\"og:image:width\" content=\"238\" \/>\n\t<meta property=\"og:image:height\" content=\"212\" \/>\n\t<meta property=\"og:image:type\" content=\"image\/jpeg\" \/>\n<meta name=\"author\" content=\"R\u00e9daction - Les Volcans News\" \/>\n<meta name=\"twitter:card\" content=\"summary_large_image\" \/>\n<meta name=\"twitter:label1\" content=\"\u00c9crit par\" \/>\n\t<meta name=\"twitter:data1\" content=\"R\u00e9daction - Les Volcans News\" \/>\n\t<meta name=\"twitter:label2\" content=\"Dur\u00e9e de lecture estim\u00e9e\" \/>\n\t<meta name=\"twitter:data2\" content=\"2 minutes\" \/>\n<script type=\"application\/ld+json\" class=\"yoast-schema-graph\">{\"@context\":\"https:\\\/\\\/schema.org\",\"@graph\":[{\"@type\":\"Article\",\"@id\":\"https:\\\/\\\/lesvolcansnews.net\\\/?p=71187#article\",\"isPartOf\":{\"@id\":\"https:\\\/\\\/lesvolcansnews.net\\\/?p=71187\"},\"author\":{\"name\":\"R\u00e9daction - Les Volcans News\",\"@id\":\"https:\\\/\\\/lesvolcansnews.net\\\/#\\\/schema\\\/person\\\/82c8bed2e77879ecf6cca63441f57354\"},\"headline\":\"Accord de paix RDC\u2013Rwanda : l\u2019activiste citoyen&nbsp; se montre pessimiste\",\"datePublished\":\"2025-12-07T12:19:15+00:00\",\"mainEntityOfPage\":{\"@id\":\"https:\\\/\\\/lesvolcansnews.net\\\/?p=71187\"},\"wordCount\":400,\"commentCount\":0,\"image\":{\"@id\":\"https:\\\/\\\/lesvolcansnews.net\\\/?p=71187#primaryimage\"},\"thumbnailUrl\":\"https:\\\/\\\/lesvolcansnews.net\\\/wp-content\\\/uploads\\\/2025\\\/12\\\/IMG-20251207-WA0450.jpg\",\"articleSection\":[\"POLITIQUE\",\"SOCIET\u00c9\"],\"inLanguage\":\"fr-FR\",\"potentialAction\":[{\"@type\":\"CommentAction\",\"name\":\"Comment\",\"target\":[\"https:\\\/\\\/lesvolcansnews.net\\\/?p=71187#respond\"]}]},{\"@type\":\"WebPage\",\"@id\":\"https:\\\/\\\/lesvolcansnews.net\\\/?p=71187\",\"url\":\"https:\\\/\\\/lesvolcansnews.net\\\/?p=71187\",\"name\":\"Accord de paix RDC\u2013Rwanda : l\u2019activiste citoyen&nbsp; se montre pessimiste - LES VOLCANS NEWS\",\"isPartOf\":{\"@id\":\"https:\\\/\\\/lesvolcansnews.net\\\/#website\"},\"primaryImageOfPage\":{\"@id\":\"https:\\\/\\\/lesvolcansnews.net\\\/?p=71187#primaryimage\"},\"image\":{\"@id\":\"https:\\\/\\\/lesvolcansnews.net\\\/?p=71187#primaryimage\"},\"thumbnailUrl\":\"https:\\\/\\\/lesvolcansnews.net\\\/wp-content\\\/uploads\\\/2025\\\/12\\\/IMG-20251207-WA0450.jpg\",\"datePublished\":\"2025-12-07T12:19:15+00:00\",\"author\":{\"@id\":\"https:\\\/\\\/lesvolcansnews.net\\\/#\\\/schema\\\/person\\\/82c8bed2e77879ecf6cca63441f57354\"},\"breadcrumb\":{\"@id\":\"https:\\\/\\\/lesvolcansnews.net\\\/?p=71187#breadcrumb\"},\"inLanguage\":\"fr-FR\",\"potentialAction\":[{\"@type\":\"ReadAction\",\"target\":[\"https:\\\/\\\/lesvolcansnews.net\\\/?p=71187\"]}]},{\"@type\":\"ImageObject\",\"inLanguage\":\"fr-FR\",\"@id\":\"https:\\\/\\\/lesvolcansnews.net\\\/?p=71187#primaryimage\",\"url\":\"https:\\\/\\\/lesvolcansnews.net\\\/wp-content\\\/uploads\\\/2025\\\/12\\\/IMG-20251207-WA0450.jpg\",\"contentUrl\":\"https:\\\/\\\/lesvolcansnews.net\\\/wp-content\\\/uploads\\\/2025\\\/12\\\/IMG-20251207-WA0450.jpg\",\"width\":238,\"height\":212},{\"@type\":\"BreadcrumbList\",\"@id\":\"https:\\\/\\\/lesvolcansnews.net\\\/?p=71187#breadcrumb\",\"itemListElement\":[{\"@type\":\"ListItem\",\"position\":1,\"name\":\"Accueil\",\"item\":\"https:\\\/\\\/lesvolcansnews.net\\\/\"},{\"@type\":\"ListItem\",\"position\":2,\"name\":\"Accord de paix RDC\u2013Rwanda : l\u2019activiste citoyen&nbsp; se montre pessimiste\"}]},{\"@type\":\"WebSite\",\"@id\":\"https:\\\/\\\/lesvolcansnews.net\\\/#website\",\"url\":\"https:\\\/\\\/lesvolcansnews.net\\\/\",\"name\":\"LES VOLCANS NEWS\",\"description\":\"L&#039;INFORMATION C&#039;EST NOUS\",\"potentialAction\":[{\"@type\":\"SearchAction\",\"target\":{\"@type\":\"EntryPoint\",\"urlTemplate\":\"https:\\\/\\\/lesvolcansnews.net\\\/?s={search_term_string}\"},\"query-input\":{\"@type\":\"PropertyValueSpecification\",\"valueRequired\":true,\"valueName\":\"search_term_string\"}}],\"inLanguage\":\"fr-FR\"},{\"@type\":\"Person\",\"@id\":\"https:\\\/\\\/lesvolcansnews.net\\\/#\\\/schema\\\/person\\\/82c8bed2e77879ecf6cca63441f57354\",\"name\":\"R\u00e9daction - Les Volcans News\",\"image\":{\"@type\":\"ImageObject\",\"inLanguage\":\"fr-FR\",\"@id\":\"https:\\\/\\\/secure.gravatar.com\\\/avatar\\\/8408942dd851e8a9c09f3d382a661bc05d2b3cd9002139bc1795b9528cdc6c80?s=96&d=mm&r=g\",\"url\":\"https:\\\/\\\/secure.gravatar.com\\\/avatar\\\/8408942dd851e8a9c09f3d382a661bc05d2b3cd9002139bc1795b9528cdc6c80?s=96&d=mm&r=g\",\"contentUrl\":\"https:\\\/\\\/secure.gravatar.com\\\/avatar\\\/8408942dd851e8a9c09f3d382a661bc05d2b3cd9002139bc1795b9528cdc6c80?s=96&d=mm&r=g\",\"caption\":\"R\u00e9daction - Les Volcans News\"},\"url\":\"https:\\\/\\\/lesvolcansnews.net\\\/?author=14\"}]}<\/script>\n<!-- \/ Yoast SEO plugin. -->","yoast_head_json":{"title":"Accord de paix RDC\u2013Rwanda : l\u2019activiste citoyen&nbsp; se montre pessimiste - LES VOLCANS NEWS","robots":{"index":"index","follow":"follow","max-snippet":"max-snippet:-1","max-image-preview":"max-image-preview:large","max-video-preview":"max-video-preview:-1"},"canonical":"https:\/\/lesvolcansnews.net\/?p=71187","og_locale":"fr_FR","og_type":"article","og_title":"Accord de paix RDC\u2013Rwanda : l\u2019activiste citoyen&nbsp; se montre pessimiste - LES VOLCANS NEWS","og_description":"La R\u00e9publique d\u00e9mocratique du Congo et le Rwanda ont ent\u00e9rin\u00e9 l\u2019accord de paix et de prosp\u00e9rit\u00e9 entre les deux pays. C\u2019\u00e9tait le 4 d\u00e9cembre dernier \u00e0 Washington, sous les bons","og_url":"https:\/\/lesvolcansnews.net\/?p=71187","og_site_name":"LES VOLCANS NEWS","article_published_time":"2025-12-07T12:19:15+00:00","og_image":[{"width":238,"height":212,"url":"https:\/\/lesvolcansnews.net\/wp-content\/uploads\/2025\/12\/IMG-20251207-WA0450.jpg","type":"image\/jpeg"}],"author":"R\u00e9daction - Les Volcans News","twitter_card":"summary_large_image","twitter_misc":{"\u00c9crit par":"R\u00e9daction - Les Volcans News","Dur\u00e9e de lecture estim\u00e9e":"2 minutes"},"schema":{"@context":"https:\/\/schema.org","@graph":[{"@type":"Article","@id":"https:\/\/lesvolcansnews.net\/?p=71187#article","isPartOf":{"@id":"https:\/\/lesvolcansnews.net\/?p=71187"},"author":{"name":"R\u00e9daction - Les Volcans News","@id":"https:\/\/lesvolcansnews.net\/#\/schema\/person\/82c8bed2e77879ecf6cca63441f57354"},"headline":"Accord de paix RDC\u2013Rwanda : l\u2019activiste citoyen&nbsp; se montre pessimiste","datePublished":"2025-12-07T12:19:15+00:00","mainEntityOfPage":{"@id":"https:\/\/lesvolcansnews.net\/?p=71187"},"wordCount":400,"commentCount":0,"image":{"@id":"https:\/\/lesvolcansnews.net\/?p=71187#primaryimage"},"thumbnailUrl":"https:\/\/lesvolcansnews.net\/wp-content\/uploads\/2025\/12\/IMG-20251207-WA0450.jpg","articleSection":["POLITIQUE","SOCIET\u00c9"],"inLanguage":"fr-FR","potentialAction":[{"@type":"CommentAction","name":"Comment","target":["https:\/\/lesvolcansnews.net\/?p=71187#respond"]}]},{"@type":"WebPage","@id":"https:\/\/lesvolcansnews.net\/?p=71187","url":"https:\/\/lesvolcansnews.net\/?p=71187","name":"Accord de paix RDC\u2013Rwanda : l\u2019activiste citoyen&nbsp; se montre pessimiste - LES VOLCANS NEWS","isPartOf":{"@id":"https:\/\/lesvolcansnews.net\/#website"},"primaryImageOfPage":{"@id":"https:\/\/lesvolcansnews.net\/?p=71187#primaryimage"},"image":{"@id":"https:\/\/lesvolcansnews.net\/?p=71187#primaryimage"},"thumbnailUrl":"https:\/\/lesvolcansnews.net\/wp-content\/uploads\/2025\/12\/IMG-20251207-WA0450.jpg","datePublished":"2025-12-07T12:19:15+00:00","author":{"@id":"https:\/\/lesvolcansnews.net\/#\/schema\/person\/82c8bed2e77879ecf6cca63441f57354"},"breadcrumb":{"@id":"https:\/\/lesvolcansnews.net\/?p=71187#breadcrumb"},"inLanguage":"fr-FR","potentialAction":[{"@type":"ReadAction","target":["https:\/\/lesvolcansnews.net\/?p=71187"]}]},{"@type":"ImageObject","inLanguage":"fr-FR","@id":"https:\/\/lesvolcansnews.net\/?p=71187#primaryimage","url":"https:\/\/lesvolcansnews.net\/wp-content\/uploads\/2025\/12\/IMG-20251207-WA0450.jpg","contentUrl":"https:\/\/lesvolcansnews.net\/wp-content\/uploads\/2025\/12\/IMG-20251207-WA0450.jpg","width":238,"height":212},{"@type":"BreadcrumbList","@id":"https:\/\/lesvolcansnews.net\/?p=71187#breadcrumb","itemListElement":[{"@type":"ListItem","position":1,"name":"Accueil","item":"https:\/\/lesvolcansnews.net\/"},{"@type":"ListItem","position":2,"name":"Accord de paix RDC\u2013Rwanda : l\u2019activiste citoyen&nbsp; se montre pessimiste"}]},{"@type":"WebSite","@id":"https:\/\/lesvolcansnews.net\/#website","url":"https:\/\/lesvolcansnews.net\/","name":"LES VOLCANS NEWS","description":"L&#039;INFORMATION C&#039;EST NOUS","potentialAction":[{"@type":"SearchAction","target":{"@type":"EntryPoint","urlTemplate":"https:\/\/lesvolcansnews.net\/?s={search_term_string}"},"query-input":{"@type":"PropertyValueSpecification","valueRequired":true,"valueName":"search_term_string"}}],"inLanguage":"fr-FR"},{"@type":"Person","@id":"https:\/\/lesvolcansnews.net\/#\/schema\/person\/82c8bed2e77879ecf6cca63441f57354","name":"R\u00e9daction - Les Volcans News","image":{"@type":"ImageObject","inLanguage":"fr-FR","@id":"https:\/\/secure.gravatar.com\/avatar\/8408942dd851e8a9c09f3d382a661bc05d2b3cd9002139bc1795b9528cdc6c80?s=96&d=mm&r=g","url":"https:\/\/secure.gravatar.com\/avatar\/8408942dd851e8a9c09f3d382a661bc05d2b3cd9002139bc1795b9528cdc6c80?s=96&d=mm&r=g","contentUrl":"https:\/\/secure.gravatar.com\/avatar\/8408942dd851e8a9c09f3d382a661bc05d2b3cd9002139bc1795b9528cdc6c80?s=96&d=mm&r=g","caption":"R\u00e9daction - Les Volcans News"},"url":"https:\/\/lesvolcansnews.net\/?author=14"}]}},"_links":{"self":[{"href":"https:\/\/lesvolcansnews.net\/index.php?rest_route=\/wp\/v2\/posts\/71187","targetHints":{"allow":["GET"]}}],"collection":[{"href":"https:\/\/lesvolcansnews.net\/index.php?rest_route=\/wp\/v2\/posts"}],"about":[{"href":"https:\/\/lesvolcansnews.net\/index.php?rest_route=\/wp\/v2\/types\/post"}],"author":[{"embeddable":true,"href":"https:\/\/lesvolcansnews.net\/index.php?rest_route=\/wp\/v2\/users\/14"}],"replies":[{"embeddable":true,"href":"https:\/\/lesvolcansnews.net\/index.php?rest_route=%2Fwp%2Fv2%2Fcomments&post=71187"}],"version-history":[{"count":0,"href":"https:\/\/lesvolcansnews.net\/index.php?rest_route=\/wp\/v2\/posts\/71187\/revisions"}],"wp:featuredmedia":[{"embeddable":true,"href":"https:\/\/lesvolcansnews.net\/index.php?rest_route=\/wp\/v2\/media\/71186"}],"wp:attachment":[{"href":"https:\/\/lesvolcansnews.net\/index.php?rest_route=%2Fwp%2Fv2%2Fmedia&parent=71187"}],"wp:term":[{"taxonomy":"category","embeddable":true,"href":"https:\/\/lesvolcansnews.net\/index.php?rest_route=%2Fwp%2Fv2%2Fcategories&post=71187"},{"taxonomy":"post_tag","embeddable":true,"href":"https:\/\/lesvolcansnews.net\/index.php?rest_route=%2Fwp%2Fv2%2Ftags&post=71187"}],"curies":[{"name":"wp","href":"https:\/\/api.w.org\/{rel}","templated":true}]}}