{"id":71161,"date":"2025-12-06T06:39:54","date_gmt":"2025-12-06T04:39:54","guid":{"rendered":"https:\/\/lesvolcansnews.net\/2025\/12\/06\/goma-une-organisation-lance-30-jours-de-priere-pour-invoquer-la-justice-divine-face-a-la-souffrance-du-peuple\/"},"modified":"2025-12-06T06:39:54","modified_gmt":"2025-12-06T04:39:54","slug":"goma-une-organisation-lance-30-jours-de-priere-pour-invoquer-la-justice-divine-face-a-la-souffrance-du-peuple","status":"publish","type":"post","link":"https:\/\/lesvolcansnews.net\/?p=71161","title":{"rendered":"Goma :une organisation lance 30 jours de pri\u00e8re pour invoquer la justice divine face \u00e0 la souffrance du peuple"},"content":{"rendered":"\n<p><\/p>\n\n\n\n<p><strong>Une organisation qui se nomme Mouvement de Fraternit\u00e9 congolaise \u0153uvrant en ville de Goma, a lanc\u00e9 un message appelant les citoyens de la R\u00e9publique d\u00e9mocratique du Congo \u00e0 participer \u00e0 une campagne de pri\u00e8re de 30 jours \u00e0 partir du 10 d\u00e9cembre 2025, affirmant vouloir invoquer la \u201cjustice divine\u201d face aux souffrances de la po<\/strong>pulation.<\/p>\n\n\n\n<p>Dans un entretien avec lesvolcansnews.net, le mouvement affirme que \u201cl\u2019heure de la vengeance de ta souffrance a sonn\u00e9\u201d, invitant les Congolais \u00e0 interpr\u00e9ter le message dans leur langue maternelle et \u00e0 le partager.<\/p>\n\n\n\n<p>Selon le mouvement, la RDC \u201csouffre \u00e0 cause de l&#8217;inconscience d&#8217;une certaine classe de gens qui cachent leur m\u00e9chancet\u00e9 derri\u00e8re un patriotisme hypocrite\u201d, tout en estimant que \u201cl\u2019ann\u00e9e 2026 doit \u00eatre une ann\u00e9e de justice\u201d.<\/p>\n\n\n\n<p>Alidor Pilipili, pr\u00e9sent\u00e9 comme l\u2019un des responsables du mouvement, d\u00e9clare que l\u2019initiative vise \u00e0 unir les croyants dans un effort spirituel collectif.<\/p>\n\n\n\n<p> \u201cLes mouvements des fraternit\u00e9s invitent tous les Congolais, au pays comme \u00e0 l&#8217;\u00e9tranger, \u00e0 prendre seulement trois minutes de pri\u00e8re \u00e0 partir du 10 d\u00e9cembre 2025\u201d, affirme-t-il.<\/p>\n\n\n\n<p>Il pr\u00e9cise que la pri\u00e8re doit \u00eatre effectu\u00e9e deux fois par jour, \u201centre 6 h et 7 h, puis entre 18 h et 19 h, pendant trois minutes\u201d, en gardant un contact symbolique avec le sol. <\/p>\n\n\n\n<p>Cette pratique, selon lui, doit permettre que \u201cles sangs des innocents vers\u00e9s, les larmes \u00e9coul\u00e9es et la souffrance des Congolais soient veng\u00e9s\u201d.<\/p>\n\n\n\n<p>Le mouvement affirme \u00e9galement que la guerre dans l\u2019est du pays aurait, selon lui, une dimension spirituelle.<\/p>\n\n\n\n<p> \u201cDieu a permis que cette guerre arrive pour mettre au d\u00e9fi le chantage de la mont\u00e9e en puissance de l&#8217;arm\u00e9e et toutes les autres propagandes ma\u00e7onniques\u201d, dit Alidor , sans fournir d\u2019\u00e9l\u00e9ments permettant de v\u00e9rifier ces affirmations.<\/p>\n\n\n\n<p>La d\u00e9claration appelle par ailleurs les croyants \u00e0 prier pour que \u201cl\u2019autorit\u00e9, venant de Dieu, soit appliqu\u00e9e pour le bien commun et non pour soi\u201d, et demande de \u201cpasser \u00e0 la vitesse sup\u00e9rieure en demandant \u00e0 Dieu d&#8217;appliquer sa propre justice\u201d.<\/p>\n\n\n\n<p>Le mouvement indique que cette campagne comporte \u201cquatre \u00e9tapes\u201d et que le message diffus\u00e9 constitue \u201cla premi\u00e8re\u201d.<\/p>\n\n\n\n<p>Pour les observateurs, on notera qu&#8217;il y a mont\u00e9e r\u00e9guli\u00e8re, ces derni\u00e8res ann\u00e9es, de messages m\u00ealant spiritualit\u00e9 et discours politiques dans l\u2019espace public du pays.<\/p>\n\n\n\n<p>La r\u00e9daction <\/p>\n","protected":false},"excerpt":{"rendered":"<p>Une organisation qui se nomme Mouvement de Fraternit\u00e9 congolaise \u0153uvrant en ville de Goma, a lanc\u00e9 un message appelant les citoyens de la R\u00e9publique d\u00e9mocratique du Congo \u00e0 participer \u00e0<\/p>\n","protected":false},"author":14,"featured_media":71160,"comment_status":"open","ping_status":"open","sticky":false,"template":"","format":"standard","meta":{"footnotes":""},"categories":[1],"tags":[],"class_list":["post-71161","post","type-post","status-publish","format-standard","has-post-thumbnail","hentry","category-actualite"],"yoast_head":"<!-- This site is optimized with the Yoast SEO plugin v27.5 - https:\/\/yoast.com\/product\/yoast-seo-wordpress\/ -->\n<title>Goma :une organisation lance 30 jours de pri\u00e8re pour invoquer la justice divine face \u00e0 la souffrance du peuple - LES VOLCANS NEWS<\/title>\n<meta name=\"robots\" content=\"index, follow, max-snippet:-1, max-image-preview:large, max-video-preview:-1\" \/>\n<link rel=\"canonical\" href=\"https:\/\/lesvolcansnews.net\/?p=71161\" \/>\n<meta property=\"og:locale\" content=\"fr_FR\" \/>\n<meta property=\"og:type\" content=\"article\" \/>\n<meta property=\"og:title\" content=\"Goma :une organisation lance 30 jours de pri\u00e8re pour invoquer la justice divine face \u00e0 la souffrance du peuple - LES VOLCANS NEWS\" \/>\n<meta property=\"og:description\" content=\"Une organisation qui se nomme Mouvement de Fraternit\u00e9 congolaise \u0153uvrant en ville de Goma, a lanc\u00e9 un message appelant les citoyens de la R\u00e9publique d\u00e9mocratique du Congo \u00e0 participer \u00e0\" \/>\n<meta property=\"og:url\" content=\"https:\/\/lesvolcansnews.net\/?p=71161\" \/>\n<meta property=\"og:site_name\" content=\"LES VOLCANS NEWS\" \/>\n<meta property=\"article:published_time\" content=\"2025-12-06T04:39:54+00:00\" \/>\n<meta property=\"og:image\" content=\"https:\/\/lesvolcansnews.net\/wp-content\/uploads\/2025\/12\/Screenshot_20251206-001349.png\" \/>\n\t<meta property=\"og:image:width\" content=\"864\" \/>\n\t<meta property=\"og:image:height\" content=\"713\" \/>\n\t<meta property=\"og:image:type\" content=\"image\/png\" \/>\n<meta name=\"author\" content=\"R\u00e9daction - Les Volcans News\" \/>\n<meta name=\"twitter:card\" content=\"summary_large_image\" \/>\n<meta name=\"twitter:label1\" content=\"\u00c9crit par\" \/>\n\t<meta name=\"twitter:data1\" content=\"R\u00e9daction - Les Volcans News\" \/>\n\t<meta name=\"twitter:label2\" content=\"Dur\u00e9e de lecture estim\u00e9e\" \/>\n\t<meta name=\"twitter:data2\" content=\"2 minutes\" \/>\n<script type=\"application\/ld+json\" class=\"yoast-schema-graph\">{\"@context\":\"https:\\\/\\\/schema.org\",\"@graph\":[{\"@type\":\"Article\",\"@id\":\"https:\\\/\\\/lesvolcansnews.net\\\/?p=71161#article\",\"isPartOf\":{\"@id\":\"https:\\\/\\\/lesvolcansnews.net\\\/?p=71161\"},\"author\":{\"name\":\"R\u00e9daction - Les Volcans News\",\"@id\":\"https:\\\/\\\/lesvolcansnews.net\\\/#\\\/schema\\\/person\\\/82c8bed2e77879ecf6cca63441f57354\"},\"headline\":\"Goma :une organisation lance 30 jours de pri\u00e8re pour invoquer la justice divine face \u00e0 la souffrance du peuple\",\"datePublished\":\"2025-12-06T04:39:54+00:00\",\"mainEntityOfPage\":{\"@id\":\"https:\\\/\\\/lesvolcansnews.net\\\/?p=71161\"},\"wordCount\":415,\"commentCount\":0,\"image\":{\"@id\":\"https:\\\/\\\/lesvolcansnews.net\\\/?p=71161#primaryimage\"},\"thumbnailUrl\":\"https:\\\/\\\/lesvolcansnews.net\\\/wp-content\\\/uploads\\\/2025\\\/12\\\/Screenshot_20251206-001349.png\",\"articleSection\":[\"ACTUALIT\u00c9\"],\"inLanguage\":\"fr-FR\",\"potentialAction\":[{\"@type\":\"CommentAction\",\"name\":\"Comment\",\"target\":[\"https:\\\/\\\/lesvolcansnews.net\\\/?p=71161#respond\"]}]},{\"@type\":\"WebPage\",\"@id\":\"https:\\\/\\\/lesvolcansnews.net\\\/?p=71161\",\"url\":\"https:\\\/\\\/lesvolcansnews.net\\\/?p=71161\",\"name\":\"Goma :une organisation lance 30 jours de pri\u00e8re pour invoquer la justice divine face \u00e0 la souffrance du peuple - LES VOLCANS NEWS\",\"isPartOf\":{\"@id\":\"https:\\\/\\\/lesvolcansnews.net\\\/#website\"},\"primaryImageOfPage\":{\"@id\":\"https:\\\/\\\/lesvolcansnews.net\\\/?p=71161#primaryimage\"},\"image\":{\"@id\":\"https:\\\/\\\/lesvolcansnews.net\\\/?p=71161#primaryimage\"},\"thumbnailUrl\":\"https:\\\/\\\/lesvolcansnews.net\\\/wp-content\\\/uploads\\\/2025\\\/12\\\/Screenshot_20251206-001349.png\",\"datePublished\":\"2025-12-06T04:39:54+00:00\",\"author\":{\"@id\":\"https:\\\/\\\/lesvolcansnews.net\\\/#\\\/schema\\\/person\\\/82c8bed2e77879ecf6cca63441f57354\"},\"breadcrumb\":{\"@id\":\"https:\\\/\\\/lesvolcansnews.net\\\/?p=71161#breadcrumb\"},\"inLanguage\":\"fr-FR\",\"potentialAction\":[{\"@type\":\"ReadAction\",\"target\":[\"https:\\\/\\\/lesvolcansnews.net\\\/?p=71161\"]}]},{\"@type\":\"ImageObject\",\"inLanguage\":\"fr-FR\",\"@id\":\"https:\\\/\\\/lesvolcansnews.net\\\/?p=71161#primaryimage\",\"url\":\"https:\\\/\\\/lesvolcansnews.net\\\/wp-content\\\/uploads\\\/2025\\\/12\\\/Screenshot_20251206-001349.png\",\"contentUrl\":\"https:\\\/\\\/lesvolcansnews.net\\\/wp-content\\\/uploads\\\/2025\\\/12\\\/Screenshot_20251206-001349.png\",\"width\":864,\"height\":713},{\"@type\":\"BreadcrumbList\",\"@id\":\"https:\\\/\\\/lesvolcansnews.net\\\/?p=71161#breadcrumb\",\"itemListElement\":[{\"@type\":\"ListItem\",\"position\":1,\"name\":\"Accueil\",\"item\":\"https:\\\/\\\/lesvolcansnews.net\\\/\"},{\"@type\":\"ListItem\",\"position\":2,\"name\":\"Goma :une organisation lance 30 jours de pri\u00e8re pour invoquer la justice divine face \u00e0 la souffrance du peuple\"}]},{\"@type\":\"WebSite\",\"@id\":\"https:\\\/\\\/lesvolcansnews.net\\\/#website\",\"url\":\"https:\\\/\\\/lesvolcansnews.net\\\/\",\"name\":\"LES VOLCANS NEWS\",\"description\":\"L&#039;INFORMATION C&#039;EST NOUS\",\"potentialAction\":[{\"@type\":\"SearchAction\",\"target\":{\"@type\":\"EntryPoint\",\"urlTemplate\":\"https:\\\/\\\/lesvolcansnews.net\\\/?s={search_term_string}\"},\"query-input\":{\"@type\":\"PropertyValueSpecification\",\"valueRequired\":true,\"valueName\":\"search_term_string\"}}],\"inLanguage\":\"fr-FR\"},{\"@type\":\"Person\",\"@id\":\"https:\\\/\\\/lesvolcansnews.net\\\/#\\\/schema\\\/person\\\/82c8bed2e77879ecf6cca63441f57354\",\"name\":\"R\u00e9daction - Les Volcans News\",\"image\":{\"@type\":\"ImageObject\",\"inLanguage\":\"fr-FR\",\"@id\":\"https:\\\/\\\/secure.gravatar.com\\\/avatar\\\/8408942dd851e8a9c09f3d382a661bc05d2b3cd9002139bc1795b9528cdc6c80?s=96&d=mm&r=g\",\"url\":\"https:\\\/\\\/secure.gravatar.com\\\/avatar\\\/8408942dd851e8a9c09f3d382a661bc05d2b3cd9002139bc1795b9528cdc6c80?s=96&d=mm&r=g\",\"contentUrl\":\"https:\\\/\\\/secure.gravatar.com\\\/avatar\\\/8408942dd851e8a9c09f3d382a661bc05d2b3cd9002139bc1795b9528cdc6c80?s=96&d=mm&r=g\",\"caption\":\"R\u00e9daction - Les Volcans News\"},\"url\":\"https:\\\/\\\/lesvolcansnews.net\\\/?author=14\"}]}<\/script>\n<!-- \/ Yoast SEO plugin. -->","yoast_head_json":{"title":"Goma :une organisation lance 30 jours de pri\u00e8re pour invoquer la justice divine face \u00e0 la souffrance du peuple - LES VOLCANS NEWS","robots":{"index":"index","follow":"follow","max-snippet":"max-snippet:-1","max-image-preview":"max-image-preview:large","max-video-preview":"max-video-preview:-1"},"canonical":"https:\/\/lesvolcansnews.net\/?p=71161","og_locale":"fr_FR","og_type":"article","og_title":"Goma :une organisation lance 30 jours de pri\u00e8re pour invoquer la justice divine face \u00e0 la souffrance du peuple - LES VOLCANS NEWS","og_description":"Une organisation qui se nomme Mouvement de Fraternit\u00e9 congolaise \u0153uvrant en ville de Goma, a lanc\u00e9 un message appelant les citoyens de la R\u00e9publique d\u00e9mocratique du Congo \u00e0 participer \u00e0","og_url":"https:\/\/lesvolcansnews.net\/?p=71161","og_site_name":"LES VOLCANS NEWS","article_published_time":"2025-12-06T04:39:54+00:00","og_image":[{"width":864,"height":713,"url":"https:\/\/lesvolcansnews.net\/wp-content\/uploads\/2025\/12\/Screenshot_20251206-001349.png","type":"image\/png"}],"author":"R\u00e9daction - Les Volcans News","twitter_card":"summary_large_image","twitter_misc":{"\u00c9crit par":"R\u00e9daction - Les Volcans News","Dur\u00e9e de lecture estim\u00e9e":"2 minutes"},"schema":{"@context":"https:\/\/schema.org","@graph":[{"@type":"Article","@id":"https:\/\/lesvolcansnews.net\/?p=71161#article","isPartOf":{"@id":"https:\/\/lesvolcansnews.net\/?p=71161"},"author":{"name":"R\u00e9daction - Les Volcans News","@id":"https:\/\/lesvolcansnews.net\/#\/schema\/person\/82c8bed2e77879ecf6cca63441f57354"},"headline":"Goma :une organisation lance 30 jours de pri\u00e8re pour invoquer la justice divine face \u00e0 la souffrance du peuple","datePublished":"2025-12-06T04:39:54+00:00","mainEntityOfPage":{"@id":"https:\/\/lesvolcansnews.net\/?p=71161"},"wordCount":415,"commentCount":0,"image":{"@id":"https:\/\/lesvolcansnews.net\/?p=71161#primaryimage"},"thumbnailUrl":"https:\/\/lesvolcansnews.net\/wp-content\/uploads\/2025\/12\/Screenshot_20251206-001349.png","articleSection":["ACTUALIT\u00c9"],"inLanguage":"fr-FR","potentialAction":[{"@type":"CommentAction","name":"Comment","target":["https:\/\/lesvolcansnews.net\/?p=71161#respond"]}]},{"@type":"WebPage","@id":"https:\/\/lesvolcansnews.net\/?p=71161","url":"https:\/\/lesvolcansnews.net\/?p=71161","name":"Goma :une organisation lance 30 jours de pri\u00e8re pour invoquer la justice divine face \u00e0 la souffrance du peuple - LES VOLCANS NEWS","isPartOf":{"@id":"https:\/\/lesvolcansnews.net\/#website"},"primaryImageOfPage":{"@id":"https:\/\/lesvolcansnews.net\/?p=71161#primaryimage"},"image":{"@id":"https:\/\/lesvolcansnews.net\/?p=71161#primaryimage"},"thumbnailUrl":"https:\/\/lesvolcansnews.net\/wp-content\/uploads\/2025\/12\/Screenshot_20251206-001349.png","datePublished":"2025-12-06T04:39:54+00:00","author":{"@id":"https:\/\/lesvolcansnews.net\/#\/schema\/person\/82c8bed2e77879ecf6cca63441f57354"},"breadcrumb":{"@id":"https:\/\/lesvolcansnews.net\/?p=71161#breadcrumb"},"inLanguage":"fr-FR","potentialAction":[{"@type":"ReadAction","target":["https:\/\/lesvolcansnews.net\/?p=71161"]}]},{"@type":"ImageObject","inLanguage":"fr-FR","@id":"https:\/\/lesvolcansnews.net\/?p=71161#primaryimage","url":"https:\/\/lesvolcansnews.net\/wp-content\/uploads\/2025\/12\/Screenshot_20251206-001349.png","contentUrl":"https:\/\/lesvolcansnews.net\/wp-content\/uploads\/2025\/12\/Screenshot_20251206-001349.png","width":864,"height":713},{"@type":"BreadcrumbList","@id":"https:\/\/lesvolcansnews.net\/?p=71161#breadcrumb","itemListElement":[{"@type":"ListItem","position":1,"name":"Accueil","item":"https:\/\/lesvolcansnews.net\/"},{"@type":"ListItem","position":2,"name":"Goma :une organisation lance 30 jours de pri\u00e8re pour invoquer la justice divine face \u00e0 la souffrance du peuple"}]},{"@type":"WebSite","@id":"https:\/\/lesvolcansnews.net\/#website","url":"https:\/\/lesvolcansnews.net\/","name":"LES VOLCANS NEWS","description":"L&#039;INFORMATION C&#039;EST NOUS","potentialAction":[{"@type":"SearchAction","target":{"@type":"EntryPoint","urlTemplate":"https:\/\/lesvolcansnews.net\/?s={search_term_string}"},"query-input":{"@type":"PropertyValueSpecification","valueRequired":true,"valueName":"search_term_string"}}],"inLanguage":"fr-FR"},{"@type":"Person","@id":"https:\/\/lesvolcansnews.net\/#\/schema\/person\/82c8bed2e77879ecf6cca63441f57354","name":"R\u00e9daction - Les Volcans News","image":{"@type":"ImageObject","inLanguage":"fr-FR","@id":"https:\/\/secure.gravatar.com\/avatar\/8408942dd851e8a9c09f3d382a661bc05d2b3cd9002139bc1795b9528cdc6c80?s=96&d=mm&r=g","url":"https:\/\/secure.gravatar.com\/avatar\/8408942dd851e8a9c09f3d382a661bc05d2b3cd9002139bc1795b9528cdc6c80?s=96&d=mm&r=g","contentUrl":"https:\/\/secure.gravatar.com\/avatar\/8408942dd851e8a9c09f3d382a661bc05d2b3cd9002139bc1795b9528cdc6c80?s=96&d=mm&r=g","caption":"R\u00e9daction - Les Volcans News"},"url":"https:\/\/lesvolcansnews.net\/?author=14"}]}},"_links":{"self":[{"href":"https:\/\/lesvolcansnews.net\/index.php?rest_route=\/wp\/v2\/posts\/71161","targetHints":{"allow":["GET"]}}],"collection":[{"href":"https:\/\/lesvolcansnews.net\/index.php?rest_route=\/wp\/v2\/posts"}],"about":[{"href":"https:\/\/lesvolcansnews.net\/index.php?rest_route=\/wp\/v2\/types\/post"}],"author":[{"embeddable":true,"href":"https:\/\/lesvolcansnews.net\/index.php?rest_route=\/wp\/v2\/users\/14"}],"replies":[{"embeddable":true,"href":"https:\/\/lesvolcansnews.net\/index.php?rest_route=%2Fwp%2Fv2%2Fcomments&post=71161"}],"version-history":[{"count":0,"href":"https:\/\/lesvolcansnews.net\/index.php?rest_route=\/wp\/v2\/posts\/71161\/revisions"}],"wp:featuredmedia":[{"embeddable":true,"href":"https:\/\/lesvolcansnews.net\/index.php?rest_route=\/wp\/v2\/media\/71160"}],"wp:attachment":[{"href":"https:\/\/lesvolcansnews.net\/index.php?rest_route=%2Fwp%2Fv2%2Fmedia&parent=71161"}],"wp:term":[{"taxonomy":"category","embeddable":true,"href":"https:\/\/lesvolcansnews.net\/index.php?rest_route=%2Fwp%2Fv2%2Fcategories&post=71161"},{"taxonomy":"post_tag","embeddable":true,"href":"https:\/\/lesvolcansnews.net\/index.php?rest_route=%2Fwp%2Fv2%2Ftags&post=71161"}],"curies":[{"name":"wp","href":"https:\/\/api.w.org\/{rel}","templated":true}]}}