{"id":71158,"date":"2025-12-06T10:53:04","date_gmt":"2025-12-06T08:53:04","guid":{"rendered":"https:\/\/lesvolcansnews.net\/?p=71158"},"modified":"2025-12-06T10:53:04","modified_gmt":"2025-12-06T08:53:04","slug":"bujumbura-accuse-lafc-m23-davoir-bombarde-son-territoire","status":"publish","type":"post","link":"https:\/\/lesvolcansnews.net\/?p=71158","title":{"rendered":"Bujumbura accuse l\u2019AFC\/M23 d\u2019avoir bombard\u00e9 son territoire"},"content":{"rendered":"<p><strong>Les affrontements entre\u00a0 l\u2019AFC\/M23 et les Forces arm\u00e9es de la R\u00e9publique d\u00e9mocratique du Congo (FARDC), appuy\u00e9es par des groupes d\u2019autod\u00e9fense \u00ab wazalendo \u00bb et l\u2019arm\u00e9e burundaise, se sont intensifi\u00e9s depuis cinq jours dans la plaine de la Ruzizi, dans l\u2019est de la RDC.<\/strong><\/p>\n<p>Ces combats commencent d\u00e9sormais \u00e0 avoir des r\u00e9percussions au-del\u00e0 des fronti\u00e8res congolaises, selon les autorit\u00e9s burundaises.<\/p>\n<p>Le Burundi a accus\u00e9 vendredi l\u2019AFC\/M23 d\u2019avoir bombard\u00e9 son territoire.<br \/>\n\u00ab Les terroristes de l\u2019AFC\/M23 soutenus par le Rwanda ont largu\u00e9 une bombe sur le territoire burundais ce 4\/12\/2025 \u00bb, a d\u00e9clar\u00e9 le ministre burundais des Affaires \u00e9trang\u00e8res, Edouard Bizimana.<\/p>\n<p>Selon plusieurs sources locales, des projectiles tir\u00e9s depuis la RDC ont touch\u00e9 la province burundaise de Cibitoke.<\/p>\n<p><em> \u00ab Une telle provocation est inacceptable et des actions appropri\u00e9es seront prises pour prot\u00e9ger la population burundaise \u00bb<\/em>, a ajout\u00e9 le chef de la diplomatie burundaise, sans fournir davantage de d\u00e9tails.<\/p>\n<p>L\u2019arm\u00e9e burundaise est d\u00e9ploy\u00e9e en territoire congolais aux c\u00f4t\u00e9s des FARDC dans le cadre d\u2019un accord bilat\u00e9ral de coop\u00e9ration s\u00e9curitaire conclu entre Bujumbura et Kinshasa.<\/p>\n<p>L\u2019AFC\/M23 a, de son c\u00f4t\u00e9, accus\u00e9 vendredi les forces conjointes FARDC\u2013Burundi d\u2019avoir proc\u00e9d\u00e9 \u00e0 des bombardements depuis le territoire burundais.<\/p>\n<p>Dans un communiqu\u00e9, le mouvement a affirm\u00e9 que ces op\u00e9rations \u00e9taient \u00ab<em> \u00e0 l\u2019origine des d\u00e9placements massifs des populations civiles fuyant pour se r\u00e9fugier \u00e0 Bukavu et au Rwanda \u00bb.<\/em><\/p>\n<p>Aucune \u00e9valuation ind\u00e9pendante du bombardement rapport\u00e9 par Bujumbura ou des accusations de l\u2019AFC\/M23 n\u2019\u00e9tait disponible dans l\u2019imm\u00e9diat.<\/p>\n<p><strong>la r\u00e9daction<\/strong><\/p>\n","protected":false},"excerpt":{"rendered":"<p>Les affrontements entre\u00a0 l\u2019AFC\/M23 et les Forces arm\u00e9es de la R\u00e9publique d\u00e9mocratique du Congo (FARDC), appuy\u00e9es par des groupes d\u2019autod\u00e9fense \u00ab wazalendo \u00bb et l\u2019arm\u00e9e burundaise, se sont intensifi\u00e9s depuis<\/p>\n","protected":false},"author":14,"featured_media":71166,"comment_status":"open","ping_status":"open","sticky":false,"template":"","format":"standard","meta":{"footnotes":""},"categories":[1],"tags":[],"class_list":["post-71158","post","type-post","status-publish","format-standard","has-post-thumbnail","hentry","category-actualite"],"yoast_head":"<!-- This site is optimized with the Yoast SEO plugin v27.3 - https:\/\/yoast.com\/product\/yoast-seo-wordpress\/ -->\n<title>Bujumbura accuse l\u2019AFC\/M23 d\u2019avoir bombard\u00e9 son territoire - LES VOLCANS NEWS<\/title>\n<meta name=\"robots\" content=\"index, follow, max-snippet:-1, max-image-preview:large, max-video-preview:-1\" \/>\n<link rel=\"canonical\" href=\"https:\/\/lesvolcansnews.net\/?p=71158\" \/>\n<meta property=\"og:locale\" content=\"fr_FR\" \/>\n<meta property=\"og:type\" content=\"article\" \/>\n<meta property=\"og:title\" content=\"Bujumbura accuse l\u2019AFC\/M23 d\u2019avoir bombard\u00e9 son territoire - LES VOLCANS NEWS\" \/>\n<meta property=\"og:description\" content=\"Les affrontements entre\u00a0 l\u2019AFC\/M23 et les Forces arm\u00e9es de la R\u00e9publique d\u00e9mocratique du Congo (FARDC), appuy\u00e9es par des groupes d\u2019autod\u00e9fense \u00ab wazalendo \u00bb et l\u2019arm\u00e9e burundaise, se sont intensifi\u00e9s depuis\" \/>\n<meta property=\"og:url\" content=\"https:\/\/lesvolcansnews.net\/?p=71158\" \/>\n<meta property=\"og:site_name\" content=\"LES VOLCANS NEWS\" \/>\n<meta property=\"article:published_time\" content=\"2025-12-06T08:53:04+00:00\" \/>\n<meta property=\"og:image\" content=\"https:\/\/i0.wp.com\/lesvolcansnews.net\/wp-content\/uploads\/2025\/12\/burundais-.png?fit=1924%2C1075&ssl=1\" \/>\n\t<meta property=\"og:image:width\" content=\"1924\" \/>\n\t<meta property=\"og:image:height\" content=\"1075\" \/>\n\t<meta property=\"og:image:type\" content=\"image\/png\" \/>\n<meta name=\"author\" content=\"R\u00e9daction - Les Volcans News\" \/>\n<meta name=\"twitter:card\" content=\"summary_large_image\" \/>\n<meta name=\"twitter:label1\" content=\"\u00c9crit par\" \/>\n\t<meta name=\"twitter:data1\" content=\"R\u00e9daction - Les Volcans News\" \/>\n\t<meta name=\"twitter:label2\" content=\"Dur\u00e9e de lecture estim\u00e9e\" \/>\n\t<meta name=\"twitter:data2\" content=\"1 minute\" \/>\n<script type=\"application\/ld+json\" class=\"yoast-schema-graph\">{\"@context\":\"https:\\\/\\\/schema.org\",\"@graph\":[{\"@type\":\"Article\",\"@id\":\"https:\\\/\\\/lesvolcansnews.net\\\/?p=71158#article\",\"isPartOf\":{\"@id\":\"https:\\\/\\\/lesvolcansnews.net\\\/?p=71158\"},\"author\":{\"name\":\"R\u00e9daction - Les Volcans News\",\"@id\":\"https:\\\/\\\/lesvolcansnews.net\\\/#\\\/schema\\\/person\\\/82c8bed2e77879ecf6cca63441f57354\"},\"headline\":\"Bujumbura accuse l\u2019AFC\\\/M23 d\u2019avoir bombard\u00e9 son territoire\",\"datePublished\":\"2025-12-06T08:53:04+00:00\",\"mainEntityOfPage\":{\"@id\":\"https:\\\/\\\/lesvolcansnews.net\\\/?p=71158\"},\"wordCount\":292,\"commentCount\":0,\"image\":{\"@id\":\"https:\\\/\\\/lesvolcansnews.net\\\/?p=71158#primaryimage\"},\"thumbnailUrl\":\"https:\\\/\\\/lesvolcansnews.net\\\/wp-content\\\/uploads\\\/2025\\\/12\\\/burundais-.png\",\"articleSection\":[\"ACTUALIT\u00c9\"],\"inLanguage\":\"fr-FR\",\"potentialAction\":[{\"@type\":\"CommentAction\",\"name\":\"Comment\",\"target\":[\"https:\\\/\\\/lesvolcansnews.net\\\/?p=71158#respond\"]}]},{\"@type\":\"WebPage\",\"@id\":\"https:\\\/\\\/lesvolcansnews.net\\\/?p=71158\",\"url\":\"https:\\\/\\\/lesvolcansnews.net\\\/?p=71158\",\"name\":\"Bujumbura accuse l\u2019AFC\\\/M23 d\u2019avoir bombard\u00e9 son territoire - LES VOLCANS NEWS\",\"isPartOf\":{\"@id\":\"https:\\\/\\\/lesvolcansnews.net\\\/#website\"},\"primaryImageOfPage\":{\"@id\":\"https:\\\/\\\/lesvolcansnews.net\\\/?p=71158#primaryimage\"},\"image\":{\"@id\":\"https:\\\/\\\/lesvolcansnews.net\\\/?p=71158#primaryimage\"},\"thumbnailUrl\":\"https:\\\/\\\/lesvolcansnews.net\\\/wp-content\\\/uploads\\\/2025\\\/12\\\/burundais-.png\",\"datePublished\":\"2025-12-06T08:53:04+00:00\",\"author\":{\"@id\":\"https:\\\/\\\/lesvolcansnews.net\\\/#\\\/schema\\\/person\\\/82c8bed2e77879ecf6cca63441f57354\"},\"breadcrumb\":{\"@id\":\"https:\\\/\\\/lesvolcansnews.net\\\/?p=71158#breadcrumb\"},\"inLanguage\":\"fr-FR\",\"potentialAction\":[{\"@type\":\"ReadAction\",\"target\":[\"https:\\\/\\\/lesvolcansnews.net\\\/?p=71158\"]}]},{\"@type\":\"ImageObject\",\"inLanguage\":\"fr-FR\",\"@id\":\"https:\\\/\\\/lesvolcansnews.net\\\/?p=71158#primaryimage\",\"url\":\"https:\\\/\\\/lesvolcansnews.net\\\/wp-content\\\/uploads\\\/2025\\\/12\\\/burundais-.png\",\"contentUrl\":\"https:\\\/\\\/lesvolcansnews.net\\\/wp-content\\\/uploads\\\/2025\\\/12\\\/burundais-.png\",\"width\":1924,\"height\":1075},{\"@type\":\"BreadcrumbList\",\"@id\":\"https:\\\/\\\/lesvolcansnews.net\\\/?p=71158#breadcrumb\",\"itemListElement\":[{\"@type\":\"ListItem\",\"position\":1,\"name\":\"Accueil\",\"item\":\"https:\\\/\\\/lesvolcansnews.net\\\/\"},{\"@type\":\"ListItem\",\"position\":2,\"name\":\"Bujumbura accuse l\u2019AFC\\\/M23 d\u2019avoir bombard\u00e9 son territoire\"}]},{\"@type\":\"WebSite\",\"@id\":\"https:\\\/\\\/lesvolcansnews.net\\\/#website\",\"url\":\"https:\\\/\\\/lesvolcansnews.net\\\/\",\"name\":\"LES VOLCANS NEWS\",\"description\":\"L&#039;INFORMATION C&#039;EST NOUS\",\"potentialAction\":[{\"@type\":\"SearchAction\",\"target\":{\"@type\":\"EntryPoint\",\"urlTemplate\":\"https:\\\/\\\/lesvolcansnews.net\\\/?s={search_term_string}\"},\"query-input\":{\"@type\":\"PropertyValueSpecification\",\"valueRequired\":true,\"valueName\":\"search_term_string\"}}],\"inLanguage\":\"fr-FR\"},{\"@type\":\"Person\",\"@id\":\"https:\\\/\\\/lesvolcansnews.net\\\/#\\\/schema\\\/person\\\/82c8bed2e77879ecf6cca63441f57354\",\"name\":\"R\u00e9daction - Les Volcans News\",\"image\":{\"@type\":\"ImageObject\",\"inLanguage\":\"fr-FR\",\"@id\":\"https:\\\/\\\/secure.gravatar.com\\\/avatar\\\/8408942dd851e8a9c09f3d382a661bc05d2b3cd9002139bc1795b9528cdc6c80?s=96&d=mm&r=g\",\"url\":\"https:\\\/\\\/secure.gravatar.com\\\/avatar\\\/8408942dd851e8a9c09f3d382a661bc05d2b3cd9002139bc1795b9528cdc6c80?s=96&d=mm&r=g\",\"contentUrl\":\"https:\\\/\\\/secure.gravatar.com\\\/avatar\\\/8408942dd851e8a9c09f3d382a661bc05d2b3cd9002139bc1795b9528cdc6c80?s=96&d=mm&r=g\",\"caption\":\"R\u00e9daction - Les Volcans News\"},\"url\":\"https:\\\/\\\/lesvolcansnews.net\\\/?author=14\"}]}<\/script>\n<!-- \/ Yoast SEO plugin. -->","yoast_head_json":{"title":"Bujumbura accuse l\u2019AFC\/M23 d\u2019avoir bombard\u00e9 son territoire - LES VOLCANS NEWS","robots":{"index":"index","follow":"follow","max-snippet":"max-snippet:-1","max-image-preview":"max-image-preview:large","max-video-preview":"max-video-preview:-1"},"canonical":"https:\/\/lesvolcansnews.net\/?p=71158","og_locale":"fr_FR","og_type":"article","og_title":"Bujumbura accuse l\u2019AFC\/M23 d\u2019avoir bombard\u00e9 son territoire - LES VOLCANS NEWS","og_description":"Les affrontements entre\u00a0 l\u2019AFC\/M23 et les Forces arm\u00e9es de la R\u00e9publique d\u00e9mocratique du Congo (FARDC), appuy\u00e9es par des groupes d\u2019autod\u00e9fense \u00ab wazalendo \u00bb et l\u2019arm\u00e9e burundaise, se sont intensifi\u00e9s depuis","og_url":"https:\/\/lesvolcansnews.net\/?p=71158","og_site_name":"LES VOLCANS NEWS","article_published_time":"2025-12-06T08:53:04+00:00","og_image":[{"width":1924,"height":1075,"url":"https:\/\/i0.wp.com\/lesvolcansnews.net\/wp-content\/uploads\/2025\/12\/burundais-.png?fit=1924%2C1075&ssl=1","type":"image\/png"}],"author":"R\u00e9daction - Les Volcans News","twitter_card":"summary_large_image","twitter_misc":{"\u00c9crit par":"R\u00e9daction - Les Volcans News","Dur\u00e9e de lecture estim\u00e9e":"1 minute"},"schema":{"@context":"https:\/\/schema.org","@graph":[{"@type":"Article","@id":"https:\/\/lesvolcansnews.net\/?p=71158#article","isPartOf":{"@id":"https:\/\/lesvolcansnews.net\/?p=71158"},"author":{"name":"R\u00e9daction - Les Volcans News","@id":"https:\/\/lesvolcansnews.net\/#\/schema\/person\/82c8bed2e77879ecf6cca63441f57354"},"headline":"Bujumbura accuse l\u2019AFC\/M23 d\u2019avoir bombard\u00e9 son territoire","datePublished":"2025-12-06T08:53:04+00:00","mainEntityOfPage":{"@id":"https:\/\/lesvolcansnews.net\/?p=71158"},"wordCount":292,"commentCount":0,"image":{"@id":"https:\/\/lesvolcansnews.net\/?p=71158#primaryimage"},"thumbnailUrl":"https:\/\/lesvolcansnews.net\/wp-content\/uploads\/2025\/12\/burundais-.png","articleSection":["ACTUALIT\u00c9"],"inLanguage":"fr-FR","potentialAction":[{"@type":"CommentAction","name":"Comment","target":["https:\/\/lesvolcansnews.net\/?p=71158#respond"]}]},{"@type":"WebPage","@id":"https:\/\/lesvolcansnews.net\/?p=71158","url":"https:\/\/lesvolcansnews.net\/?p=71158","name":"Bujumbura accuse l\u2019AFC\/M23 d\u2019avoir bombard\u00e9 son territoire - LES VOLCANS NEWS","isPartOf":{"@id":"https:\/\/lesvolcansnews.net\/#website"},"primaryImageOfPage":{"@id":"https:\/\/lesvolcansnews.net\/?p=71158#primaryimage"},"image":{"@id":"https:\/\/lesvolcansnews.net\/?p=71158#primaryimage"},"thumbnailUrl":"https:\/\/lesvolcansnews.net\/wp-content\/uploads\/2025\/12\/burundais-.png","datePublished":"2025-12-06T08:53:04+00:00","author":{"@id":"https:\/\/lesvolcansnews.net\/#\/schema\/person\/82c8bed2e77879ecf6cca63441f57354"},"breadcrumb":{"@id":"https:\/\/lesvolcansnews.net\/?p=71158#breadcrumb"},"inLanguage":"fr-FR","potentialAction":[{"@type":"ReadAction","target":["https:\/\/lesvolcansnews.net\/?p=71158"]}]},{"@type":"ImageObject","inLanguage":"fr-FR","@id":"https:\/\/lesvolcansnews.net\/?p=71158#primaryimage","url":"https:\/\/lesvolcansnews.net\/wp-content\/uploads\/2025\/12\/burundais-.png","contentUrl":"https:\/\/lesvolcansnews.net\/wp-content\/uploads\/2025\/12\/burundais-.png","width":1924,"height":1075},{"@type":"BreadcrumbList","@id":"https:\/\/lesvolcansnews.net\/?p=71158#breadcrumb","itemListElement":[{"@type":"ListItem","position":1,"name":"Accueil","item":"https:\/\/lesvolcansnews.net\/"},{"@type":"ListItem","position":2,"name":"Bujumbura accuse l\u2019AFC\/M23 d\u2019avoir bombard\u00e9 son territoire"}]},{"@type":"WebSite","@id":"https:\/\/lesvolcansnews.net\/#website","url":"https:\/\/lesvolcansnews.net\/","name":"LES VOLCANS NEWS","description":"L&#039;INFORMATION C&#039;EST NOUS","potentialAction":[{"@type":"SearchAction","target":{"@type":"EntryPoint","urlTemplate":"https:\/\/lesvolcansnews.net\/?s={search_term_string}"},"query-input":{"@type":"PropertyValueSpecification","valueRequired":true,"valueName":"search_term_string"}}],"inLanguage":"fr-FR"},{"@type":"Person","@id":"https:\/\/lesvolcansnews.net\/#\/schema\/person\/82c8bed2e77879ecf6cca63441f57354","name":"R\u00e9daction - Les Volcans News","image":{"@type":"ImageObject","inLanguage":"fr-FR","@id":"https:\/\/secure.gravatar.com\/avatar\/8408942dd851e8a9c09f3d382a661bc05d2b3cd9002139bc1795b9528cdc6c80?s=96&d=mm&r=g","url":"https:\/\/secure.gravatar.com\/avatar\/8408942dd851e8a9c09f3d382a661bc05d2b3cd9002139bc1795b9528cdc6c80?s=96&d=mm&r=g","contentUrl":"https:\/\/secure.gravatar.com\/avatar\/8408942dd851e8a9c09f3d382a661bc05d2b3cd9002139bc1795b9528cdc6c80?s=96&d=mm&r=g","caption":"R\u00e9daction - Les Volcans News"},"url":"https:\/\/lesvolcansnews.net\/?author=14"}]}},"_links":{"self":[{"href":"https:\/\/lesvolcansnews.net\/index.php?rest_route=\/wp\/v2\/posts\/71158","targetHints":{"allow":["GET"]}}],"collection":[{"href":"https:\/\/lesvolcansnews.net\/index.php?rest_route=\/wp\/v2\/posts"}],"about":[{"href":"https:\/\/lesvolcansnews.net\/index.php?rest_route=\/wp\/v2\/types\/post"}],"author":[{"embeddable":true,"href":"https:\/\/lesvolcansnews.net\/index.php?rest_route=\/wp\/v2\/users\/14"}],"replies":[{"embeddable":true,"href":"https:\/\/lesvolcansnews.net\/index.php?rest_route=%2Fwp%2Fv2%2Fcomments&post=71158"}],"version-history":[{"count":1,"href":"https:\/\/lesvolcansnews.net\/index.php?rest_route=\/wp\/v2\/posts\/71158\/revisions"}],"predecessor-version":[{"id":71167,"href":"https:\/\/lesvolcansnews.net\/index.php?rest_route=\/wp\/v2\/posts\/71158\/revisions\/71167"}],"wp:featuredmedia":[{"embeddable":true,"href":"https:\/\/lesvolcansnews.net\/index.php?rest_route=\/wp\/v2\/media\/71166"}],"wp:attachment":[{"href":"https:\/\/lesvolcansnews.net\/index.php?rest_route=%2Fwp%2Fv2%2Fmedia&parent=71158"}],"wp:term":[{"taxonomy":"category","embeddable":true,"href":"https:\/\/lesvolcansnews.net\/index.php?rest_route=%2Fwp%2Fv2%2Fcategories&post=71158"},{"taxonomy":"post_tag","embeddable":true,"href":"https:\/\/lesvolcansnews.net\/index.php?rest_route=%2Fwp%2Fv2%2Ftags&post=71158"}],"curies":[{"name":"wp","href":"https:\/\/api.w.org\/{rel}","templated":true}]}}