{"id":71155,"date":"2025-12-05T21:41:52","date_gmt":"2025-12-05T19:41:52","guid":{"rendered":"https:\/\/lesvolcansnews.net\/2025\/12\/05\/accord-rdc-rwanda-chantal-faida-salue-la-percee-diplomatique-mais-alerte-sur-un-processus-sans-ancrage-democratique\/"},"modified":"2025-12-05T21:41:52","modified_gmt":"2025-12-05T19:41:52","slug":"accord-rdc-rwanda-chantal-faida-salue-la-percee-diplomatique-mais-alerte-sur-un-processus-sans-ancrage-democratique","status":"publish","type":"post","link":"https:\/\/lesvolcansnews.net\/?p=71155","title":{"rendered":"Accord RDC\u2013Rwanda : Chantal Faida salue la perc\u00e9e diplomatique mais alerte sur un processus \u201csans ancrage d\u00e9mocratique"},"content":{"rendered":"\n<p><\/p>\n\n\n\n<p><strong>L\u2019activiste congolaise Chantal Faida, reconnue pour son engagement en faveur des droits des femmes et de la gouvernance inclusive, a vivement critiqu\u00e9 jeudi 4 d\u00e9cembre, l\u2019accord de paix sign\u00e9 entre la R\u00e9publique d\u00e9mocratique du Congo (RDC) et le Rwanda \u00e0 Washington, sous la m\u00e9diation du pr\u00e9sident am\u00e9ricain.<\/strong><\/p>\n\n\n\n<p>Invit\u00e9e sur le plateau de B One TV pour un d\u00e9bat sp\u00e9cial, elle a salu\u00e9 la progression diplomatique, tout en mettant en garde contre un processus qu\u2019elle juge incomplet et insuffisamment ancr\u00e9 au sein des institutions congolaises.<\/p>\n\n\n\n<p>\u00ab J\u2019ai eu l\u2019immense honneur de contribuer au d\u00e9bat sur un dossier d\u2019une importance strat\u00e9gique majeure \u00bb, a-t-elle d\u00e9clar\u00e9.<\/p>\n\n\n\n<p>\u00ab Il est encourageant de voir la diplomatie progresser \u00e0 ce niveau. Cependant, je dois souligner un point critique pour la durabilit\u00e9 de cet engagement. Les solutions politiques et militaires restent toujours \u00e0 la port\u00e9e de tout \u00c9tat qui se veut souverain. \u00bb<\/p>\n\n\n\n<p>Faida estime que la validation de l\u2019accord par l\u2019ex\u00e9cutif ne constitue qu\u2019une premi\u00e8re \u00e9tape.<\/p>\n\n\n\n<p>Pour que le texte devienne un v\u00e9ritable instrument de stabilit\u00e9 r\u00e9gionale, le Parlement doit \u00eatre pleinement impliqu\u00e9. \u00ab Le processus ne peut s\u2019arr\u00eater \u00e0 la validation ex\u00e9cutive. L\u2019implication enti\u00e8re du Parlement n\u2019est pas seulement souhaitable, elle est imp\u00e9rative \u00bb, a-t-elle insist\u00e9.<\/p>\n\n\n\n<p>Selon elle, la ratification parlementaire doit permettre de \u00ab garantir sa l\u00e9gitimit\u00e9 d\u00e9mocratique et son ancrage national \u00bb tout en assurant \u00ab sa parfaite conformit\u00e9 aux textes constitutionnels, l\u00e9gislatifs et aux engagements r\u00e9gionaux existants \u00bb.<\/p>\n\n\n\n<p>Faida, r\u00e9guli\u00e8rement engag\u00e9e sur les questions de participation citoyenne et d\u2019inclusion des femmes dans les processus politiques, a rappel\u00e9 que la paix durable ne pouvait \u00eatre l\u2019apanage exclusif des dirigeants.<\/p>\n\n\n\n<p>\u00ab La paix n\u2019est pas qu\u2019une affaire de chefs d\u2019\u00c9tat. C\u2019est un engagement de la nation, valid\u00e9 par ses repr\u00e9sentants. C\u2019est le fondement de la stabilit\u00e9 \u00bb, a-t-elle affirm\u00e9.<\/p>\n\n\n\n<p>Elle a \u00e9galement appel\u00e9 \u00e0 des \u00e9tapes post-accord claires, incluant une communication transparente sur le contenu du trait\u00e9, un suivi parlementaire rigoureux et une participation active de la soci\u00e9t\u00e9 civile.<\/p>\n\n\n\n<p>\u00ab Les communaut\u00e9s doivent se saisir de ce moment. L\u2019appropriation populaire et institutionnelle est essentielle pour que ce trait\u00e9 devienne un outil partag\u00e9 et accept\u00e9 \u00bb, a-t-elle d\u00e9clar\u00e9.<\/p>\n\n\n\n<p>Interpellant le public, Faida a conclu en invitant les citoyens \u00e0 prendre part au d\u00e9bat national : \u00ab \u00c0 vous la parole, communaut\u00e9. La paix durable se construit collectivement. \u00bb<\/p>\n\n\n\n<p>La r\u00e9daction<\/p>\n","protected":false},"excerpt":{"rendered":"<p>L\u2019activiste congolaise Chantal Faida, reconnue pour son engagement en faveur des droits des femmes et de la gouvernance inclusive, a vivement critiqu\u00e9 jeudi 4 d\u00e9cembre, l\u2019accord de paix sign\u00e9 entre<\/p>\n","protected":false},"author":14,"featured_media":71154,"comment_status":"open","ping_status":"open","sticky":false,"template":"","format":"standard","meta":{"footnotes":""},"categories":[49,27],"tags":[],"class_list":["post-71155","post","type-post","status-publish","format-standard","has-post-thumbnail","hentry","category-genre","category-politique"],"yoast_head":"<!-- This site is optimized with the Yoast SEO plugin v27.5 - https:\/\/yoast.com\/product\/yoast-seo-wordpress\/ -->\n<title>Accord RDC\u2013Rwanda : Chantal Faida salue la perc\u00e9e diplomatique mais alerte sur un processus \u201csans ancrage d\u00e9mocratique - LES VOLCANS NEWS<\/title>\n<meta name=\"robots\" content=\"index, follow, max-snippet:-1, max-image-preview:large, max-video-preview:-1\" \/>\n<link rel=\"canonical\" href=\"https:\/\/lesvolcansnews.net\/?p=71155\" \/>\n<meta property=\"og:locale\" content=\"fr_FR\" \/>\n<meta property=\"og:type\" content=\"article\" \/>\n<meta property=\"og:title\" content=\"Accord RDC\u2013Rwanda : Chantal Faida salue la perc\u00e9e diplomatique mais alerte sur un processus \u201csans ancrage d\u00e9mocratique - LES VOLCANS NEWS\" \/>\n<meta property=\"og:description\" content=\"L\u2019activiste congolaise Chantal Faida, reconnue pour son engagement en faveur des droits des femmes et de la gouvernance inclusive, a vivement critiqu\u00e9 jeudi 4 d\u00e9cembre, l\u2019accord de paix sign\u00e9 entre\" \/>\n<meta property=\"og:url\" content=\"https:\/\/lesvolcansnews.net\/?p=71155\" \/>\n<meta property=\"og:site_name\" content=\"LES VOLCANS NEWS\" \/>\n<meta property=\"article:published_time\" content=\"2025-12-05T19:41:52+00:00\" \/>\n<meta property=\"og:image\" content=\"https:\/\/lesvolcansnews.net\/wp-content\/uploads\/2025\/12\/image_editor_output_image774871358-1764963717740.jpg\" \/>\n\t<meta property=\"og:image:width\" content=\"719\" \/>\n\t<meta property=\"og:image:height\" content=\"587\" \/>\n\t<meta property=\"og:image:type\" content=\"image\/jpeg\" \/>\n<meta name=\"author\" content=\"R\u00e9daction - Les Volcans News\" \/>\n<meta name=\"twitter:card\" content=\"summary_large_image\" \/>\n<meta name=\"twitter:label1\" content=\"\u00c9crit par\" \/>\n\t<meta name=\"twitter:data1\" content=\"R\u00e9daction - Les Volcans News\" \/>\n\t<meta name=\"twitter:label2\" content=\"Dur\u00e9e de lecture estim\u00e9e\" \/>\n\t<meta name=\"twitter:data2\" content=\"2 minutes\" \/>\n<script type=\"application\/ld+json\" class=\"yoast-schema-graph\">{\"@context\":\"https:\\\/\\\/schema.org\",\"@graph\":[{\"@type\":\"Article\",\"@id\":\"https:\\\/\\\/lesvolcansnews.net\\\/?p=71155#article\",\"isPartOf\":{\"@id\":\"https:\\\/\\\/lesvolcansnews.net\\\/?p=71155\"},\"author\":{\"name\":\"R\u00e9daction - Les Volcans News\",\"@id\":\"https:\\\/\\\/lesvolcansnews.net\\\/#\\\/schema\\\/person\\\/82c8bed2e77879ecf6cca63441f57354\"},\"headline\":\"Accord RDC\u2013Rwanda : Chantal Faida salue la perc\u00e9e diplomatique mais alerte sur un processus \u201csans ancrage d\u00e9mocratique\",\"datePublished\":\"2025-12-05T19:41:52+00:00\",\"mainEntityOfPage\":{\"@id\":\"https:\\\/\\\/lesvolcansnews.net\\\/?p=71155\"},\"wordCount\":433,\"commentCount\":0,\"image\":{\"@id\":\"https:\\\/\\\/lesvolcansnews.net\\\/?p=71155#primaryimage\"},\"thumbnailUrl\":\"https:\\\/\\\/lesvolcansnews.net\\\/wp-content\\\/uploads\\\/2025\\\/12\\\/image_editor_output_image774871358-1764963717740.jpg\",\"articleSection\":[\"GENRE\",\"POLITIQUE\"],\"inLanguage\":\"fr-FR\",\"potentialAction\":[{\"@type\":\"CommentAction\",\"name\":\"Comment\",\"target\":[\"https:\\\/\\\/lesvolcansnews.net\\\/?p=71155#respond\"]}]},{\"@type\":\"WebPage\",\"@id\":\"https:\\\/\\\/lesvolcansnews.net\\\/?p=71155\",\"url\":\"https:\\\/\\\/lesvolcansnews.net\\\/?p=71155\",\"name\":\"Accord RDC\u2013Rwanda : Chantal Faida salue la perc\u00e9e diplomatique mais alerte sur un processus \u201csans ancrage d\u00e9mocratique - LES VOLCANS NEWS\",\"isPartOf\":{\"@id\":\"https:\\\/\\\/lesvolcansnews.net\\\/#website\"},\"primaryImageOfPage\":{\"@id\":\"https:\\\/\\\/lesvolcansnews.net\\\/?p=71155#primaryimage\"},\"image\":{\"@id\":\"https:\\\/\\\/lesvolcansnews.net\\\/?p=71155#primaryimage\"},\"thumbnailUrl\":\"https:\\\/\\\/lesvolcansnews.net\\\/wp-content\\\/uploads\\\/2025\\\/12\\\/image_editor_output_image774871358-1764963717740.jpg\",\"datePublished\":\"2025-12-05T19:41:52+00:00\",\"author\":{\"@id\":\"https:\\\/\\\/lesvolcansnews.net\\\/#\\\/schema\\\/person\\\/82c8bed2e77879ecf6cca63441f57354\"},\"breadcrumb\":{\"@id\":\"https:\\\/\\\/lesvolcansnews.net\\\/?p=71155#breadcrumb\"},\"inLanguage\":\"fr-FR\",\"potentialAction\":[{\"@type\":\"ReadAction\",\"target\":[\"https:\\\/\\\/lesvolcansnews.net\\\/?p=71155\"]}]},{\"@type\":\"ImageObject\",\"inLanguage\":\"fr-FR\",\"@id\":\"https:\\\/\\\/lesvolcansnews.net\\\/?p=71155#primaryimage\",\"url\":\"https:\\\/\\\/lesvolcansnews.net\\\/wp-content\\\/uploads\\\/2025\\\/12\\\/image_editor_output_image774871358-1764963717740.jpg\",\"contentUrl\":\"https:\\\/\\\/lesvolcansnews.net\\\/wp-content\\\/uploads\\\/2025\\\/12\\\/image_editor_output_image774871358-1764963717740.jpg\",\"width\":719,\"height\":587},{\"@type\":\"BreadcrumbList\",\"@id\":\"https:\\\/\\\/lesvolcansnews.net\\\/?p=71155#breadcrumb\",\"itemListElement\":[{\"@type\":\"ListItem\",\"position\":1,\"name\":\"Accueil\",\"item\":\"https:\\\/\\\/lesvolcansnews.net\\\/\"},{\"@type\":\"ListItem\",\"position\":2,\"name\":\"Accord RDC\u2013Rwanda : Chantal Faida salue la perc\u00e9e diplomatique mais alerte sur un processus \u201csans ancrage d\u00e9mocratique\"}]},{\"@type\":\"WebSite\",\"@id\":\"https:\\\/\\\/lesvolcansnews.net\\\/#website\",\"url\":\"https:\\\/\\\/lesvolcansnews.net\\\/\",\"name\":\"LES VOLCANS NEWS\",\"description\":\"L&#039;INFORMATION C&#039;EST NOUS\",\"potentialAction\":[{\"@type\":\"SearchAction\",\"target\":{\"@type\":\"EntryPoint\",\"urlTemplate\":\"https:\\\/\\\/lesvolcansnews.net\\\/?s={search_term_string}\"},\"query-input\":{\"@type\":\"PropertyValueSpecification\",\"valueRequired\":true,\"valueName\":\"search_term_string\"}}],\"inLanguage\":\"fr-FR\"},{\"@type\":\"Person\",\"@id\":\"https:\\\/\\\/lesvolcansnews.net\\\/#\\\/schema\\\/person\\\/82c8bed2e77879ecf6cca63441f57354\",\"name\":\"R\u00e9daction - Les Volcans News\",\"image\":{\"@type\":\"ImageObject\",\"inLanguage\":\"fr-FR\",\"@id\":\"https:\\\/\\\/secure.gravatar.com\\\/avatar\\\/8408942dd851e8a9c09f3d382a661bc05d2b3cd9002139bc1795b9528cdc6c80?s=96&d=mm&r=g\",\"url\":\"https:\\\/\\\/secure.gravatar.com\\\/avatar\\\/8408942dd851e8a9c09f3d382a661bc05d2b3cd9002139bc1795b9528cdc6c80?s=96&d=mm&r=g\",\"contentUrl\":\"https:\\\/\\\/secure.gravatar.com\\\/avatar\\\/8408942dd851e8a9c09f3d382a661bc05d2b3cd9002139bc1795b9528cdc6c80?s=96&d=mm&r=g\",\"caption\":\"R\u00e9daction - Les Volcans News\"},\"url\":\"https:\\\/\\\/lesvolcansnews.net\\\/?author=14\"}]}<\/script>\n<!-- \/ Yoast SEO plugin. -->","yoast_head_json":{"title":"Accord RDC\u2013Rwanda : Chantal Faida salue la perc\u00e9e diplomatique mais alerte sur un processus \u201csans ancrage d\u00e9mocratique - LES VOLCANS NEWS","robots":{"index":"index","follow":"follow","max-snippet":"max-snippet:-1","max-image-preview":"max-image-preview:large","max-video-preview":"max-video-preview:-1"},"canonical":"https:\/\/lesvolcansnews.net\/?p=71155","og_locale":"fr_FR","og_type":"article","og_title":"Accord RDC\u2013Rwanda : Chantal Faida salue la perc\u00e9e diplomatique mais alerte sur un processus \u201csans ancrage d\u00e9mocratique - LES VOLCANS NEWS","og_description":"L\u2019activiste congolaise Chantal Faida, reconnue pour son engagement en faveur des droits des femmes et de la gouvernance inclusive, a vivement critiqu\u00e9 jeudi 4 d\u00e9cembre, l\u2019accord de paix sign\u00e9 entre","og_url":"https:\/\/lesvolcansnews.net\/?p=71155","og_site_name":"LES VOLCANS NEWS","article_published_time":"2025-12-05T19:41:52+00:00","og_image":[{"width":719,"height":587,"url":"https:\/\/lesvolcansnews.net\/wp-content\/uploads\/2025\/12\/image_editor_output_image774871358-1764963717740.jpg","type":"image\/jpeg"}],"author":"R\u00e9daction - Les Volcans News","twitter_card":"summary_large_image","twitter_misc":{"\u00c9crit par":"R\u00e9daction - Les Volcans News","Dur\u00e9e de lecture estim\u00e9e":"2 minutes"},"schema":{"@context":"https:\/\/schema.org","@graph":[{"@type":"Article","@id":"https:\/\/lesvolcansnews.net\/?p=71155#article","isPartOf":{"@id":"https:\/\/lesvolcansnews.net\/?p=71155"},"author":{"name":"R\u00e9daction - Les Volcans News","@id":"https:\/\/lesvolcansnews.net\/#\/schema\/person\/82c8bed2e77879ecf6cca63441f57354"},"headline":"Accord RDC\u2013Rwanda : Chantal Faida salue la perc\u00e9e diplomatique mais alerte sur un processus \u201csans ancrage d\u00e9mocratique","datePublished":"2025-12-05T19:41:52+00:00","mainEntityOfPage":{"@id":"https:\/\/lesvolcansnews.net\/?p=71155"},"wordCount":433,"commentCount":0,"image":{"@id":"https:\/\/lesvolcansnews.net\/?p=71155#primaryimage"},"thumbnailUrl":"https:\/\/lesvolcansnews.net\/wp-content\/uploads\/2025\/12\/image_editor_output_image774871358-1764963717740.jpg","articleSection":["GENRE","POLITIQUE"],"inLanguage":"fr-FR","potentialAction":[{"@type":"CommentAction","name":"Comment","target":["https:\/\/lesvolcansnews.net\/?p=71155#respond"]}]},{"@type":"WebPage","@id":"https:\/\/lesvolcansnews.net\/?p=71155","url":"https:\/\/lesvolcansnews.net\/?p=71155","name":"Accord RDC\u2013Rwanda : Chantal Faida salue la perc\u00e9e diplomatique mais alerte sur un processus \u201csans ancrage d\u00e9mocratique - LES VOLCANS NEWS","isPartOf":{"@id":"https:\/\/lesvolcansnews.net\/#website"},"primaryImageOfPage":{"@id":"https:\/\/lesvolcansnews.net\/?p=71155#primaryimage"},"image":{"@id":"https:\/\/lesvolcansnews.net\/?p=71155#primaryimage"},"thumbnailUrl":"https:\/\/lesvolcansnews.net\/wp-content\/uploads\/2025\/12\/image_editor_output_image774871358-1764963717740.jpg","datePublished":"2025-12-05T19:41:52+00:00","author":{"@id":"https:\/\/lesvolcansnews.net\/#\/schema\/person\/82c8bed2e77879ecf6cca63441f57354"},"breadcrumb":{"@id":"https:\/\/lesvolcansnews.net\/?p=71155#breadcrumb"},"inLanguage":"fr-FR","potentialAction":[{"@type":"ReadAction","target":["https:\/\/lesvolcansnews.net\/?p=71155"]}]},{"@type":"ImageObject","inLanguage":"fr-FR","@id":"https:\/\/lesvolcansnews.net\/?p=71155#primaryimage","url":"https:\/\/lesvolcansnews.net\/wp-content\/uploads\/2025\/12\/image_editor_output_image774871358-1764963717740.jpg","contentUrl":"https:\/\/lesvolcansnews.net\/wp-content\/uploads\/2025\/12\/image_editor_output_image774871358-1764963717740.jpg","width":719,"height":587},{"@type":"BreadcrumbList","@id":"https:\/\/lesvolcansnews.net\/?p=71155#breadcrumb","itemListElement":[{"@type":"ListItem","position":1,"name":"Accueil","item":"https:\/\/lesvolcansnews.net\/"},{"@type":"ListItem","position":2,"name":"Accord RDC\u2013Rwanda : Chantal Faida salue la perc\u00e9e diplomatique mais alerte sur un processus \u201csans ancrage d\u00e9mocratique"}]},{"@type":"WebSite","@id":"https:\/\/lesvolcansnews.net\/#website","url":"https:\/\/lesvolcansnews.net\/","name":"LES VOLCANS NEWS","description":"L&#039;INFORMATION C&#039;EST NOUS","potentialAction":[{"@type":"SearchAction","target":{"@type":"EntryPoint","urlTemplate":"https:\/\/lesvolcansnews.net\/?s={search_term_string}"},"query-input":{"@type":"PropertyValueSpecification","valueRequired":true,"valueName":"search_term_string"}}],"inLanguage":"fr-FR"},{"@type":"Person","@id":"https:\/\/lesvolcansnews.net\/#\/schema\/person\/82c8bed2e77879ecf6cca63441f57354","name":"R\u00e9daction - Les Volcans News","image":{"@type":"ImageObject","inLanguage":"fr-FR","@id":"https:\/\/secure.gravatar.com\/avatar\/8408942dd851e8a9c09f3d382a661bc05d2b3cd9002139bc1795b9528cdc6c80?s=96&d=mm&r=g","url":"https:\/\/secure.gravatar.com\/avatar\/8408942dd851e8a9c09f3d382a661bc05d2b3cd9002139bc1795b9528cdc6c80?s=96&d=mm&r=g","contentUrl":"https:\/\/secure.gravatar.com\/avatar\/8408942dd851e8a9c09f3d382a661bc05d2b3cd9002139bc1795b9528cdc6c80?s=96&d=mm&r=g","caption":"R\u00e9daction - Les Volcans News"},"url":"https:\/\/lesvolcansnews.net\/?author=14"}]}},"_links":{"self":[{"href":"https:\/\/lesvolcansnews.net\/index.php?rest_route=\/wp\/v2\/posts\/71155","targetHints":{"allow":["GET"]}}],"collection":[{"href":"https:\/\/lesvolcansnews.net\/index.php?rest_route=\/wp\/v2\/posts"}],"about":[{"href":"https:\/\/lesvolcansnews.net\/index.php?rest_route=\/wp\/v2\/types\/post"}],"author":[{"embeddable":true,"href":"https:\/\/lesvolcansnews.net\/index.php?rest_route=\/wp\/v2\/users\/14"}],"replies":[{"embeddable":true,"href":"https:\/\/lesvolcansnews.net\/index.php?rest_route=%2Fwp%2Fv2%2Fcomments&post=71155"}],"version-history":[{"count":0,"href":"https:\/\/lesvolcansnews.net\/index.php?rest_route=\/wp\/v2\/posts\/71155\/revisions"}],"wp:featuredmedia":[{"embeddable":true,"href":"https:\/\/lesvolcansnews.net\/index.php?rest_route=\/wp\/v2\/media\/71154"}],"wp:attachment":[{"href":"https:\/\/lesvolcansnews.net\/index.php?rest_route=%2Fwp%2Fv2%2Fmedia&parent=71155"}],"wp:term":[{"taxonomy":"category","embeddable":true,"href":"https:\/\/lesvolcansnews.net\/index.php?rest_route=%2Fwp%2Fv2%2Fcategories&post=71155"},{"taxonomy":"post_tag","embeddable":true,"href":"https:\/\/lesvolcansnews.net\/index.php?rest_route=%2Fwp%2Fv2%2Ftags&post=71155"}],"curies":[{"name":"wp","href":"https:\/\/api.w.org\/{rel}","templated":true}]}}