{"id":71146,"date":"2025-12-05T14:50:06","date_gmt":"2025-12-05T12:50:06","guid":{"rendered":"https:\/\/lesvolcansnews.net\/2025\/12\/05\/ituri-la-base-militaire-de-la-monusco-damee-transferee-aux-fardc\/"},"modified":"2025-12-05T14:50:06","modified_gmt":"2025-12-05T12:50:06","slug":"ituri-la-base-militaire-de-la-monusco-damee-transferee-aux-fardc","status":"publish","type":"post","link":"https:\/\/lesvolcansnews.net\/?p=71146","title":{"rendered":"Ituri : la base militaire de la Monusco d&#8217;Am\u00e9e transf\u00e9r\u00e9e aux FARDC"},"content":{"rendered":"\n<p><\/p>\n\n\n\n<p> <strong>La Mission des Nations Unies pour la stabilisation en R\u00e9publique d\u00e9mocratique du Congo a remis jeudi le contr\u00f4le de sa base d\u2019Amee, \u00e0 plus de 120 km de Bunia, aux Forces arm\u00e9es congolaises, marquant une nouvelle \u00e9tape dans son retrait progressif de la province de l\u2019Ituri.<\/strong><\/p>\n\n\n\n<p>Ce transfert intervient alors que la situation s\u00e9curitaire s\u2019est nettement am\u00e9lior\u00e9e dans cette zone du territoire de Mahagi, autrefois durement touch\u00e9e par les violences du groupe arm\u00e9 Codeco. Les autorit\u00e9s locales affirment que l\u2019accalmie observ\u00e9e depuis deux ans a favoris\u00e9 le retour de milliers de personnes d\u00e9plac\u00e9es et permis une reprise visible des activit\u00e9s quotidiennes.<\/p>\n\n\n\n<p>\u00ab Aujourd\u2019hui, les jeunes ont repris les \u00e9tudes parce que la pr\u00e9sence des Casques bleus a ramen\u00e9 la s\u00e9curit\u00e9 \u00e0 Amee \u00bb, a d\u00e9clar\u00e9 le colonel Faustin Bozibo, charg\u00e9 des op\u00e9rations \u00e0 la 32e r\u00e9gion militaire. \u00ab Si la mission n\u2019\u00e9tait pas install\u00e9e ici, on aurait eu des probl\u00e8mes d\u2019ins\u00e9curit\u00e9. Nous rassurons la population : l\u2019arm\u00e9e va continuer \u00e0 les prot\u00e9ger. \u00bb<\/p>\n\n\n\n<p>Les populations locales \u00e9voquent \u00e9galement une cohabitation apais\u00e9e entre communaut\u00e9s, la r\u00e9ouverture des march\u00e9s et la reprise des activit\u00e9s agricoles. Selon les organisations citoyennes, cette am\u00e9lioration est le r\u00e9sultat d\u2019efforts combin\u00e9s, m\u00ealant op\u00e9rations militaires conjointes et dialogues communautaires.<\/p>\n\n\n\n<p>Christian Ngabomitchu, pr\u00e9sident du Conseil territorial de la Jeunesse de Djugu, estime que la pr\u00e9sence des Casques bleus a jou\u00e9 un r\u00f4le d\u00e9terminant dans la stabilisation : \u00ab Avant leur arriv\u00e9e, la r\u00e9gion \u00e9tait inhabit\u00e9e. Gr\u00e2ce \u00e0 leur pr\u00e9sence, les habitants sont revenus. Ils ont encourag\u00e9 le dialogue et r\u00e9duit l\u2019activisme des groupes arm\u00e9s. Nous appelons notre arm\u00e9e \u00e0 pr\u00e9server ces acquis et \u00e0 \u00e9viter les arrestations arbitraires. \u00bb<\/p>\n\n\n\n<p>La mission onusienne avait install\u00e9 la base en 2020, au pic des exactions de la Codeco. Outre les infrastructures, elle a remis aux FARDC divers \u00e9quipements, dont 30 tentes pour troupes, 15 projecteurs de s\u00e9curit\u00e9 p\u00e9rim\u00e9trique, un groupe \u00e9lectrog\u00e8ne, une cuisine et des installations sanitaires de campagne, ainsi qu\u2019un atelier de r\u00e9paration de v\u00e9hicules.<\/p>\n\n\n\n<p>La r\u00e9daction <\/p>\n","protected":false},"excerpt":{"rendered":"<p>La Mission des Nations Unies pour la stabilisation en R\u00e9publique d\u00e9mocratique du Congo a remis jeudi le contr\u00f4le de sa base d\u2019Amee, \u00e0 plus de 120 km de Bunia, aux<\/p>\n","protected":false},"author":14,"featured_media":71145,"comment_status":"open","ping_status":"open","sticky":false,"template":"","format":"standard","meta":{"footnotes":""},"categories":[32],"tags":[],"class_list":["post-71146","post","type-post","status-publish","format-standard","has-post-thumbnail","hentry","category-securite"],"yoast_head":"<!-- This site is optimized with the Yoast SEO plugin v27.3 - https:\/\/yoast.com\/product\/yoast-seo-wordpress\/ -->\n<title>Ituri : la base militaire de la Monusco d&#039;Am\u00e9e transf\u00e9r\u00e9e aux FARDC - LES VOLCANS NEWS<\/title>\n<meta name=\"robots\" content=\"index, follow, max-snippet:-1, max-image-preview:large, max-video-preview:-1\" \/>\n<link rel=\"canonical\" href=\"https:\/\/lesvolcansnews.net\/?p=71146\" \/>\n<meta property=\"og:locale\" content=\"fr_FR\" \/>\n<meta property=\"og:type\" content=\"article\" \/>\n<meta property=\"og:title\" content=\"Ituri : la base militaire de la Monusco d&#039;Am\u00e9e transf\u00e9r\u00e9e aux FARDC - LES VOLCANS NEWS\" \/>\n<meta property=\"og:description\" content=\"La Mission des Nations Unies pour la stabilisation en R\u00e9publique d\u00e9mocratique du Congo a remis jeudi le contr\u00f4le de sa base d\u2019Amee, \u00e0 plus de 120 km de Bunia, aux\" \/>\n<meta property=\"og:url\" content=\"https:\/\/lesvolcansnews.net\/?p=71146\" \/>\n<meta property=\"og:site_name\" content=\"LES VOLCANS NEWS\" \/>\n<meta property=\"article:published_time\" content=\"2025-12-05T12:50:06+00:00\" \/>\n<meta property=\"og:image\" content=\"https:\/\/lesvolcansnews.net\/wp-content\/uploads\/2025\/12\/IMG-20251205-WA0426.jpg\" \/>\n\t<meta property=\"og:image:width\" content=\"1280\" \/>\n\t<meta property=\"og:image:height\" content=\"729\" \/>\n\t<meta property=\"og:image:type\" content=\"image\/jpeg\" \/>\n<meta name=\"author\" content=\"R\u00e9daction - Les Volcans News\" \/>\n<meta name=\"twitter:card\" content=\"summary_large_image\" \/>\n<meta name=\"twitter:label1\" content=\"\u00c9crit par\" \/>\n\t<meta name=\"twitter:data1\" content=\"R\u00e9daction - Les Volcans News\" \/>\n\t<meta name=\"twitter:label2\" content=\"Dur\u00e9e de lecture estim\u00e9e\" \/>\n\t<meta name=\"twitter:data2\" content=\"2 minutes\" \/>\n<script type=\"application\/ld+json\" class=\"yoast-schema-graph\">{\"@context\":\"https:\\\/\\\/schema.org\",\"@graph\":[{\"@type\":\"Article\",\"@id\":\"https:\\\/\\\/lesvolcansnews.net\\\/?p=71146#article\",\"isPartOf\":{\"@id\":\"https:\\\/\\\/lesvolcansnews.net\\\/?p=71146\"},\"author\":{\"name\":\"R\u00e9daction - Les Volcans News\",\"@id\":\"https:\\\/\\\/lesvolcansnews.net\\\/#\\\/schema\\\/person\\\/82c8bed2e77879ecf6cca63441f57354\"},\"headline\":\"Ituri : la base militaire de la Monusco d&#8217;Am\u00e9e transf\u00e9r\u00e9e aux FARDC\",\"datePublished\":\"2025-12-05T12:50:06+00:00\",\"mainEntityOfPage\":{\"@id\":\"https:\\\/\\\/lesvolcansnews.net\\\/?p=71146\"},\"wordCount\":386,\"commentCount\":0,\"image\":{\"@id\":\"https:\\\/\\\/lesvolcansnews.net\\\/?p=71146#primaryimage\"},\"thumbnailUrl\":\"https:\\\/\\\/lesvolcansnews.net\\\/wp-content\\\/uploads\\\/2025\\\/12\\\/IMG-20251205-WA0426.jpg\",\"articleSection\":[\"S\u00c9CURIT\u00c9\"],\"inLanguage\":\"fr-FR\",\"potentialAction\":[{\"@type\":\"CommentAction\",\"name\":\"Comment\",\"target\":[\"https:\\\/\\\/lesvolcansnews.net\\\/?p=71146#respond\"]}]},{\"@type\":\"WebPage\",\"@id\":\"https:\\\/\\\/lesvolcansnews.net\\\/?p=71146\",\"url\":\"https:\\\/\\\/lesvolcansnews.net\\\/?p=71146\",\"name\":\"Ituri : la base militaire de la Monusco d'Am\u00e9e transf\u00e9r\u00e9e aux FARDC - LES VOLCANS NEWS\",\"isPartOf\":{\"@id\":\"https:\\\/\\\/lesvolcansnews.net\\\/#website\"},\"primaryImageOfPage\":{\"@id\":\"https:\\\/\\\/lesvolcansnews.net\\\/?p=71146#primaryimage\"},\"image\":{\"@id\":\"https:\\\/\\\/lesvolcansnews.net\\\/?p=71146#primaryimage\"},\"thumbnailUrl\":\"https:\\\/\\\/lesvolcansnews.net\\\/wp-content\\\/uploads\\\/2025\\\/12\\\/IMG-20251205-WA0426.jpg\",\"datePublished\":\"2025-12-05T12:50:06+00:00\",\"author\":{\"@id\":\"https:\\\/\\\/lesvolcansnews.net\\\/#\\\/schema\\\/person\\\/82c8bed2e77879ecf6cca63441f57354\"},\"breadcrumb\":{\"@id\":\"https:\\\/\\\/lesvolcansnews.net\\\/?p=71146#breadcrumb\"},\"inLanguage\":\"fr-FR\",\"potentialAction\":[{\"@type\":\"ReadAction\",\"target\":[\"https:\\\/\\\/lesvolcansnews.net\\\/?p=71146\"]}]},{\"@type\":\"ImageObject\",\"inLanguage\":\"fr-FR\",\"@id\":\"https:\\\/\\\/lesvolcansnews.net\\\/?p=71146#primaryimage\",\"url\":\"https:\\\/\\\/lesvolcansnews.net\\\/wp-content\\\/uploads\\\/2025\\\/12\\\/IMG-20251205-WA0426.jpg\",\"contentUrl\":\"https:\\\/\\\/lesvolcansnews.net\\\/wp-content\\\/uploads\\\/2025\\\/12\\\/IMG-20251205-WA0426.jpg\",\"width\":1280,\"height\":729},{\"@type\":\"BreadcrumbList\",\"@id\":\"https:\\\/\\\/lesvolcansnews.net\\\/?p=71146#breadcrumb\",\"itemListElement\":[{\"@type\":\"ListItem\",\"position\":1,\"name\":\"Accueil\",\"item\":\"https:\\\/\\\/lesvolcansnews.net\\\/\"},{\"@type\":\"ListItem\",\"position\":2,\"name\":\"Ituri : la base militaire de la Monusco d&#8217;Am\u00e9e transf\u00e9r\u00e9e aux FARDC\"}]},{\"@type\":\"WebSite\",\"@id\":\"https:\\\/\\\/lesvolcansnews.net\\\/#website\",\"url\":\"https:\\\/\\\/lesvolcansnews.net\\\/\",\"name\":\"LES VOLCANS NEWS\",\"description\":\"L&#039;INFORMATION C&#039;EST NOUS\",\"potentialAction\":[{\"@type\":\"SearchAction\",\"target\":{\"@type\":\"EntryPoint\",\"urlTemplate\":\"https:\\\/\\\/lesvolcansnews.net\\\/?s={search_term_string}\"},\"query-input\":{\"@type\":\"PropertyValueSpecification\",\"valueRequired\":true,\"valueName\":\"search_term_string\"}}],\"inLanguage\":\"fr-FR\"},{\"@type\":\"Person\",\"@id\":\"https:\\\/\\\/lesvolcansnews.net\\\/#\\\/schema\\\/person\\\/82c8bed2e77879ecf6cca63441f57354\",\"name\":\"R\u00e9daction - Les Volcans News\",\"image\":{\"@type\":\"ImageObject\",\"inLanguage\":\"fr-FR\",\"@id\":\"https:\\\/\\\/secure.gravatar.com\\\/avatar\\\/8408942dd851e8a9c09f3d382a661bc05d2b3cd9002139bc1795b9528cdc6c80?s=96&d=mm&r=g\",\"url\":\"https:\\\/\\\/secure.gravatar.com\\\/avatar\\\/8408942dd851e8a9c09f3d382a661bc05d2b3cd9002139bc1795b9528cdc6c80?s=96&d=mm&r=g\",\"contentUrl\":\"https:\\\/\\\/secure.gravatar.com\\\/avatar\\\/8408942dd851e8a9c09f3d382a661bc05d2b3cd9002139bc1795b9528cdc6c80?s=96&d=mm&r=g\",\"caption\":\"R\u00e9daction - Les Volcans News\"},\"url\":\"https:\\\/\\\/lesvolcansnews.net\\\/?author=14\"}]}<\/script>\n<!-- \/ Yoast SEO plugin. -->","yoast_head_json":{"title":"Ituri : la base militaire de la Monusco d'Am\u00e9e transf\u00e9r\u00e9e aux FARDC - LES VOLCANS NEWS","robots":{"index":"index","follow":"follow","max-snippet":"max-snippet:-1","max-image-preview":"max-image-preview:large","max-video-preview":"max-video-preview:-1"},"canonical":"https:\/\/lesvolcansnews.net\/?p=71146","og_locale":"fr_FR","og_type":"article","og_title":"Ituri : la base militaire de la Monusco d'Am\u00e9e transf\u00e9r\u00e9e aux FARDC - LES VOLCANS NEWS","og_description":"La Mission des Nations Unies pour la stabilisation en R\u00e9publique d\u00e9mocratique du Congo a remis jeudi le contr\u00f4le de sa base d\u2019Amee, \u00e0 plus de 120 km de Bunia, aux","og_url":"https:\/\/lesvolcansnews.net\/?p=71146","og_site_name":"LES VOLCANS NEWS","article_published_time":"2025-12-05T12:50:06+00:00","og_image":[{"width":1280,"height":729,"url":"https:\/\/lesvolcansnews.net\/wp-content\/uploads\/2025\/12\/IMG-20251205-WA0426.jpg","type":"image\/jpeg"}],"author":"R\u00e9daction - Les Volcans News","twitter_card":"summary_large_image","twitter_misc":{"\u00c9crit par":"R\u00e9daction - Les Volcans News","Dur\u00e9e de lecture estim\u00e9e":"2 minutes"},"schema":{"@context":"https:\/\/schema.org","@graph":[{"@type":"Article","@id":"https:\/\/lesvolcansnews.net\/?p=71146#article","isPartOf":{"@id":"https:\/\/lesvolcansnews.net\/?p=71146"},"author":{"name":"R\u00e9daction - Les Volcans News","@id":"https:\/\/lesvolcansnews.net\/#\/schema\/person\/82c8bed2e77879ecf6cca63441f57354"},"headline":"Ituri : la base militaire de la Monusco d&#8217;Am\u00e9e transf\u00e9r\u00e9e aux FARDC","datePublished":"2025-12-05T12:50:06+00:00","mainEntityOfPage":{"@id":"https:\/\/lesvolcansnews.net\/?p=71146"},"wordCount":386,"commentCount":0,"image":{"@id":"https:\/\/lesvolcansnews.net\/?p=71146#primaryimage"},"thumbnailUrl":"https:\/\/lesvolcansnews.net\/wp-content\/uploads\/2025\/12\/IMG-20251205-WA0426.jpg","articleSection":["S\u00c9CURIT\u00c9"],"inLanguage":"fr-FR","potentialAction":[{"@type":"CommentAction","name":"Comment","target":["https:\/\/lesvolcansnews.net\/?p=71146#respond"]}]},{"@type":"WebPage","@id":"https:\/\/lesvolcansnews.net\/?p=71146","url":"https:\/\/lesvolcansnews.net\/?p=71146","name":"Ituri : la base militaire de la Monusco d'Am\u00e9e transf\u00e9r\u00e9e aux FARDC - LES VOLCANS NEWS","isPartOf":{"@id":"https:\/\/lesvolcansnews.net\/#website"},"primaryImageOfPage":{"@id":"https:\/\/lesvolcansnews.net\/?p=71146#primaryimage"},"image":{"@id":"https:\/\/lesvolcansnews.net\/?p=71146#primaryimage"},"thumbnailUrl":"https:\/\/lesvolcansnews.net\/wp-content\/uploads\/2025\/12\/IMG-20251205-WA0426.jpg","datePublished":"2025-12-05T12:50:06+00:00","author":{"@id":"https:\/\/lesvolcansnews.net\/#\/schema\/person\/82c8bed2e77879ecf6cca63441f57354"},"breadcrumb":{"@id":"https:\/\/lesvolcansnews.net\/?p=71146#breadcrumb"},"inLanguage":"fr-FR","potentialAction":[{"@type":"ReadAction","target":["https:\/\/lesvolcansnews.net\/?p=71146"]}]},{"@type":"ImageObject","inLanguage":"fr-FR","@id":"https:\/\/lesvolcansnews.net\/?p=71146#primaryimage","url":"https:\/\/lesvolcansnews.net\/wp-content\/uploads\/2025\/12\/IMG-20251205-WA0426.jpg","contentUrl":"https:\/\/lesvolcansnews.net\/wp-content\/uploads\/2025\/12\/IMG-20251205-WA0426.jpg","width":1280,"height":729},{"@type":"BreadcrumbList","@id":"https:\/\/lesvolcansnews.net\/?p=71146#breadcrumb","itemListElement":[{"@type":"ListItem","position":1,"name":"Accueil","item":"https:\/\/lesvolcansnews.net\/"},{"@type":"ListItem","position":2,"name":"Ituri : la base militaire de la Monusco d&#8217;Am\u00e9e transf\u00e9r\u00e9e aux FARDC"}]},{"@type":"WebSite","@id":"https:\/\/lesvolcansnews.net\/#website","url":"https:\/\/lesvolcansnews.net\/","name":"LES VOLCANS NEWS","description":"L&#039;INFORMATION C&#039;EST NOUS","potentialAction":[{"@type":"SearchAction","target":{"@type":"EntryPoint","urlTemplate":"https:\/\/lesvolcansnews.net\/?s={search_term_string}"},"query-input":{"@type":"PropertyValueSpecification","valueRequired":true,"valueName":"search_term_string"}}],"inLanguage":"fr-FR"},{"@type":"Person","@id":"https:\/\/lesvolcansnews.net\/#\/schema\/person\/82c8bed2e77879ecf6cca63441f57354","name":"R\u00e9daction - Les Volcans News","image":{"@type":"ImageObject","inLanguage":"fr-FR","@id":"https:\/\/secure.gravatar.com\/avatar\/8408942dd851e8a9c09f3d382a661bc05d2b3cd9002139bc1795b9528cdc6c80?s=96&d=mm&r=g","url":"https:\/\/secure.gravatar.com\/avatar\/8408942dd851e8a9c09f3d382a661bc05d2b3cd9002139bc1795b9528cdc6c80?s=96&d=mm&r=g","contentUrl":"https:\/\/secure.gravatar.com\/avatar\/8408942dd851e8a9c09f3d382a661bc05d2b3cd9002139bc1795b9528cdc6c80?s=96&d=mm&r=g","caption":"R\u00e9daction - Les Volcans News"},"url":"https:\/\/lesvolcansnews.net\/?author=14"}]}},"_links":{"self":[{"href":"https:\/\/lesvolcansnews.net\/index.php?rest_route=\/wp\/v2\/posts\/71146","targetHints":{"allow":["GET"]}}],"collection":[{"href":"https:\/\/lesvolcansnews.net\/index.php?rest_route=\/wp\/v2\/posts"}],"about":[{"href":"https:\/\/lesvolcansnews.net\/index.php?rest_route=\/wp\/v2\/types\/post"}],"author":[{"embeddable":true,"href":"https:\/\/lesvolcansnews.net\/index.php?rest_route=\/wp\/v2\/users\/14"}],"replies":[{"embeddable":true,"href":"https:\/\/lesvolcansnews.net\/index.php?rest_route=%2Fwp%2Fv2%2Fcomments&post=71146"}],"version-history":[{"count":0,"href":"https:\/\/lesvolcansnews.net\/index.php?rest_route=\/wp\/v2\/posts\/71146\/revisions"}],"wp:featuredmedia":[{"embeddable":true,"href":"https:\/\/lesvolcansnews.net\/index.php?rest_route=\/wp\/v2\/media\/71145"}],"wp:attachment":[{"href":"https:\/\/lesvolcansnews.net\/index.php?rest_route=%2Fwp%2Fv2%2Fmedia&parent=71146"}],"wp:term":[{"taxonomy":"category","embeddable":true,"href":"https:\/\/lesvolcansnews.net\/index.php?rest_route=%2Fwp%2Fv2%2Fcategories&post=71146"},{"taxonomy":"post_tag","embeddable":true,"href":"https:\/\/lesvolcansnews.net\/index.php?rest_route=%2Fwp%2Fv2%2Ftags&post=71146"}],"curies":[{"name":"wp","href":"https:\/\/api.w.org\/{rel}","templated":true}]}}