{"id":71144,"date":"2025-12-05T14:54:06","date_gmt":"2025-12-05T12:54:06","guid":{"rendered":"https:\/\/lesvolcansnews.net\/?p=71144"},"modified":"2025-12-05T14:54:26","modified_gmt":"2025-12-05T12:54:26","slug":"sud-kivu-un-mouvement-pro-gouvernemental-dement-toute-interdiction-faite-aux-wazalendo-de-combattre-aux-cotes-des-fardc","status":"publish","type":"post","link":"https:\/\/lesvolcansnews.net\/?p=71144","title":{"rendered":"Sud-Kivu : un mouvement pro-gouvernemental d\u00e9ment toute interdiction faite aux \u201cwazalendo\u201d de combattre aux c\u00f4t\u00e9s des FARDC"},"content":{"rendered":"\n<p><\/p>\n\n\n\n<p><strong>Le Mouvement des Patriotes pour la D\u00e9fense de la R\u00e9publique (MPDR) a d\u00e9menti vendredi des informations affirmant que les combattants \u201cwazalendo\u201d auraient \u00e9t\u00e9 interdits de rejoindre les Forces arm\u00e9es de la RDC (FARDC) sur les lignes de front \u00e0 Luvungi.<\/strong><\/p>\n\n\n\n<p>\u00ab C\u2019est totalement faux que le g\u00e9n\u00e9ral Civiri Hamuli, en charge des op\u00e9rations et renseignements, ait interdit aux wazalendo de combattre aux c\u00f4t\u00e9s des FARDC \u00bb, a d\u00e9clar\u00e9 Alexis Byadunia Meshack, cadre du MPDR, lors d\u2019un point de presse \u00e0 Uvira.<\/p>\n\n\n\n<p>Il a accus\u00e9 les auteurs de ces rumeurs de \u00ab travailler pour les int\u00e9r\u00eats de l\u2019ennemi \u00bb, ajoutant que le g\u00e9n\u00e9ral Hamuli \u00e9tait venu transmettre un message de \u00ab r\u00e9confort \u00bb et proc\u00e9der \u00e0 une \u00ab r\u00e9organisation \u00bb des troupes wazalendo. Selon lui, l\u2019officier a convaincu ces combattants de se d\u00e9ployer sur d\u2019autres fronts face aux tentatives de progression de l\u2019ennemi.<\/p>\n\n\n\n<p>Byadunia a affirm\u00e9 que les wazalendo \u00ab ne peuvent \u00eatre en d\u00e9saccord avec l\u2019arm\u00e9e \u00bb, rappelant que leur soutien logistique et alimentaire provient des FARDC. Il a indiqu\u00e9 que les positions militaires restaient stables et que la situation s\u00e9curitaire \u00e9tait \u00ab calme \u00bb \u00e0 Katogota et Luvungi, o\u00f9 les FARDC et des troupes burundaises sont d\u00e9ploy\u00e9es avec l\u2019appui des wazalendo.<\/p>\n\n\n\n<p>Le responsable, \u00e9galement coordonnateur de la R\u00e9serve arm\u00e9e pour la d\u00e9fense de la patrie, a accus\u00e9 le M23 de \u00ab vouloir diviser les wazalendo \u00bb en diffusant de fausses informations sur les r\u00e9seaux sociaux.<\/p>\n\n\n\n<p>Il a insist\u00e9 sur le fait que la communication officielle doit \u00e9maner du porte-parole des FARDC et distingu\u00e9 trois cat\u00e9gories de wazalendo : ceux engag\u00e9s pour l\u2019int\u00e9r\u00eat national, des anciens d\u00e9tenus tentant de se racheter une image, et des infiltr\u00e9s travaillant pour l\u2019ennemi.<\/p>\n\n\n\n<p>Byadunia a enfin demand\u00e9 aux combattants de ne pas utiliser leurs appareils de communication \u00e0 des fins de propagande et de s\u2019en remettre \u00e0 leur hi\u00e9rarchie.<\/p>\n\n\n\n<p>La r\u00e9daction<\/p>\n","protected":false},"excerpt":{"rendered":"<p>Le Mouvement des Patriotes pour la D\u00e9fense de la R\u00e9publique (MPDR) a d\u00e9menti vendredi des informations affirmant que les combattants \u201cwazalendo\u201d auraient \u00e9t\u00e9 interdits de rejoindre les Forces arm\u00e9es de<\/p>\n","protected":false},"author":14,"featured_media":71147,"comment_status":"open","ping_status":"open","sticky":false,"template":"","format":"standard","meta":{"footnotes":""},"categories":[1],"tags":[],"class_list":["post-71144","post","type-post","status-publish","format-standard","has-post-thumbnail","hentry","category-actualite"],"yoast_head":"<!-- This site is optimized with the Yoast SEO plugin v27.3 - https:\/\/yoast.com\/product\/yoast-seo-wordpress\/ -->\n<title>Sud-Kivu : un mouvement pro-gouvernemental d\u00e9ment toute interdiction faite aux \u201cwazalendo\u201d de combattre aux c\u00f4t\u00e9s des FARDC - LES VOLCANS NEWS<\/title>\n<meta name=\"robots\" content=\"index, follow, max-snippet:-1, max-image-preview:large, max-video-preview:-1\" \/>\n<link rel=\"canonical\" href=\"https:\/\/lesvolcansnews.net\/?p=71144\" \/>\n<meta property=\"og:locale\" content=\"fr_FR\" \/>\n<meta property=\"og:type\" content=\"article\" \/>\n<meta property=\"og:title\" content=\"Sud-Kivu : un mouvement pro-gouvernemental d\u00e9ment toute interdiction faite aux \u201cwazalendo\u201d de combattre aux c\u00f4t\u00e9s des FARDC - LES VOLCANS NEWS\" \/>\n<meta property=\"og:description\" content=\"Le Mouvement des Patriotes pour la D\u00e9fense de la R\u00e9publique (MPDR) a d\u00e9menti vendredi des informations affirmant que les combattants \u201cwazalendo\u201d auraient \u00e9t\u00e9 interdits de rejoindre les Forces arm\u00e9es de\" \/>\n<meta property=\"og:url\" content=\"https:\/\/lesvolcansnews.net\/?p=71144\" \/>\n<meta property=\"og:site_name\" content=\"LES VOLCANS NEWS\" \/>\n<meta property=\"article:published_time\" content=\"2025-12-05T12:54:06+00:00\" \/>\n<meta property=\"article:modified_time\" content=\"2025-12-05T12:54:26+00:00\" \/>\n<meta property=\"og:image\" content=\"https:\/\/lesvolcansnews.net\/wp-content\/uploads\/2025\/12\/FB_IMG_1764930114105-1.jpg\" \/>\n\t<meta property=\"og:image:width\" content=\"720\" \/>\n\t<meta property=\"og:image:height\" content=\"512\" \/>\n\t<meta property=\"og:image:type\" content=\"image\/jpeg\" \/>\n<meta name=\"author\" content=\"R\u00e9daction - Les Volcans News\" \/>\n<meta name=\"twitter:card\" content=\"summary_large_image\" \/>\n<meta name=\"twitter:label1\" content=\"\u00c9crit par\" \/>\n\t<meta name=\"twitter:data1\" content=\"R\u00e9daction - Les Volcans News\" \/>\n\t<meta name=\"twitter:label2\" content=\"Dur\u00e9e de lecture estim\u00e9e\" \/>\n\t<meta name=\"twitter:data2\" content=\"2 minutes\" \/>\n<script type=\"application\/ld+json\" class=\"yoast-schema-graph\">{\"@context\":\"https:\\\/\\\/schema.org\",\"@graph\":[{\"@type\":\"Article\",\"@id\":\"https:\\\/\\\/lesvolcansnews.net\\\/?p=71144#article\",\"isPartOf\":{\"@id\":\"https:\\\/\\\/lesvolcansnews.net\\\/?p=71144\"},\"author\":{\"name\":\"R\u00e9daction - Les Volcans News\",\"@id\":\"https:\\\/\\\/lesvolcansnews.net\\\/#\\\/schema\\\/person\\\/82c8bed2e77879ecf6cca63441f57354\"},\"headline\":\"Sud-Kivu : un mouvement pro-gouvernemental d\u00e9ment toute interdiction faite aux \u201cwazalendo\u201d de combattre aux c\u00f4t\u00e9s des FARDC\",\"datePublished\":\"2025-12-05T12:54:06+00:00\",\"dateModified\":\"2025-12-05T12:54:26+00:00\",\"mainEntityOfPage\":{\"@id\":\"https:\\\/\\\/lesvolcansnews.net\\\/?p=71144\"},\"wordCount\":351,\"commentCount\":0,\"image\":{\"@id\":\"https:\\\/\\\/lesvolcansnews.net\\\/?p=71144#primaryimage\"},\"thumbnailUrl\":\"https:\\\/\\\/lesvolcansnews.net\\\/wp-content\\\/uploads\\\/2025\\\/12\\\/FB_IMG_1764930114105-1.jpg\",\"articleSection\":[\"ACTUALIT\u00c9\"],\"inLanguage\":\"fr-FR\",\"potentialAction\":[{\"@type\":\"CommentAction\",\"name\":\"Comment\",\"target\":[\"https:\\\/\\\/lesvolcansnews.net\\\/?p=71144#respond\"]}]},{\"@type\":\"WebPage\",\"@id\":\"https:\\\/\\\/lesvolcansnews.net\\\/?p=71144\",\"url\":\"https:\\\/\\\/lesvolcansnews.net\\\/?p=71144\",\"name\":\"Sud-Kivu : un mouvement pro-gouvernemental d\u00e9ment toute interdiction faite aux \u201cwazalendo\u201d de combattre aux c\u00f4t\u00e9s des FARDC - LES VOLCANS NEWS\",\"isPartOf\":{\"@id\":\"https:\\\/\\\/lesvolcansnews.net\\\/#website\"},\"primaryImageOfPage\":{\"@id\":\"https:\\\/\\\/lesvolcansnews.net\\\/?p=71144#primaryimage\"},\"image\":{\"@id\":\"https:\\\/\\\/lesvolcansnews.net\\\/?p=71144#primaryimage\"},\"thumbnailUrl\":\"https:\\\/\\\/lesvolcansnews.net\\\/wp-content\\\/uploads\\\/2025\\\/12\\\/FB_IMG_1764930114105-1.jpg\",\"datePublished\":\"2025-12-05T12:54:06+00:00\",\"dateModified\":\"2025-12-05T12:54:26+00:00\",\"author\":{\"@id\":\"https:\\\/\\\/lesvolcansnews.net\\\/#\\\/schema\\\/person\\\/82c8bed2e77879ecf6cca63441f57354\"},\"breadcrumb\":{\"@id\":\"https:\\\/\\\/lesvolcansnews.net\\\/?p=71144#breadcrumb\"},\"inLanguage\":\"fr-FR\",\"potentialAction\":[{\"@type\":\"ReadAction\",\"target\":[\"https:\\\/\\\/lesvolcansnews.net\\\/?p=71144\"]}]},{\"@type\":\"ImageObject\",\"inLanguage\":\"fr-FR\",\"@id\":\"https:\\\/\\\/lesvolcansnews.net\\\/?p=71144#primaryimage\",\"url\":\"https:\\\/\\\/lesvolcansnews.net\\\/wp-content\\\/uploads\\\/2025\\\/12\\\/FB_IMG_1764930114105-1.jpg\",\"contentUrl\":\"https:\\\/\\\/lesvolcansnews.net\\\/wp-content\\\/uploads\\\/2025\\\/12\\\/FB_IMG_1764930114105-1.jpg\",\"width\":720,\"height\":512},{\"@type\":\"BreadcrumbList\",\"@id\":\"https:\\\/\\\/lesvolcansnews.net\\\/?p=71144#breadcrumb\",\"itemListElement\":[{\"@type\":\"ListItem\",\"position\":1,\"name\":\"Accueil\",\"item\":\"https:\\\/\\\/lesvolcansnews.net\\\/\"},{\"@type\":\"ListItem\",\"position\":2,\"name\":\"Sud-Kivu : un mouvement pro-gouvernemental d\u00e9ment toute interdiction faite aux \u201cwazalendo\u201d de combattre aux c\u00f4t\u00e9s des FARDC\"}]},{\"@type\":\"WebSite\",\"@id\":\"https:\\\/\\\/lesvolcansnews.net\\\/#website\",\"url\":\"https:\\\/\\\/lesvolcansnews.net\\\/\",\"name\":\"LES VOLCANS NEWS\",\"description\":\"L&#039;INFORMATION C&#039;EST NOUS\",\"potentialAction\":[{\"@type\":\"SearchAction\",\"target\":{\"@type\":\"EntryPoint\",\"urlTemplate\":\"https:\\\/\\\/lesvolcansnews.net\\\/?s={search_term_string}\"},\"query-input\":{\"@type\":\"PropertyValueSpecification\",\"valueRequired\":true,\"valueName\":\"search_term_string\"}}],\"inLanguage\":\"fr-FR\"},{\"@type\":\"Person\",\"@id\":\"https:\\\/\\\/lesvolcansnews.net\\\/#\\\/schema\\\/person\\\/82c8bed2e77879ecf6cca63441f57354\",\"name\":\"R\u00e9daction - Les Volcans News\",\"image\":{\"@type\":\"ImageObject\",\"inLanguage\":\"fr-FR\",\"@id\":\"https:\\\/\\\/secure.gravatar.com\\\/avatar\\\/8408942dd851e8a9c09f3d382a661bc05d2b3cd9002139bc1795b9528cdc6c80?s=96&d=mm&r=g\",\"url\":\"https:\\\/\\\/secure.gravatar.com\\\/avatar\\\/8408942dd851e8a9c09f3d382a661bc05d2b3cd9002139bc1795b9528cdc6c80?s=96&d=mm&r=g\",\"contentUrl\":\"https:\\\/\\\/secure.gravatar.com\\\/avatar\\\/8408942dd851e8a9c09f3d382a661bc05d2b3cd9002139bc1795b9528cdc6c80?s=96&d=mm&r=g\",\"caption\":\"R\u00e9daction - Les Volcans News\"},\"url\":\"https:\\\/\\\/lesvolcansnews.net\\\/?author=14\"}]}<\/script>\n<!-- \/ Yoast SEO plugin. -->","yoast_head_json":{"title":"Sud-Kivu : un mouvement pro-gouvernemental d\u00e9ment toute interdiction faite aux \u201cwazalendo\u201d de combattre aux c\u00f4t\u00e9s des FARDC - LES VOLCANS NEWS","robots":{"index":"index","follow":"follow","max-snippet":"max-snippet:-1","max-image-preview":"max-image-preview:large","max-video-preview":"max-video-preview:-1"},"canonical":"https:\/\/lesvolcansnews.net\/?p=71144","og_locale":"fr_FR","og_type":"article","og_title":"Sud-Kivu : un mouvement pro-gouvernemental d\u00e9ment toute interdiction faite aux \u201cwazalendo\u201d de combattre aux c\u00f4t\u00e9s des FARDC - LES VOLCANS NEWS","og_description":"Le Mouvement des Patriotes pour la D\u00e9fense de la R\u00e9publique (MPDR) a d\u00e9menti vendredi des informations affirmant que les combattants \u201cwazalendo\u201d auraient \u00e9t\u00e9 interdits de rejoindre les Forces arm\u00e9es de","og_url":"https:\/\/lesvolcansnews.net\/?p=71144","og_site_name":"LES VOLCANS NEWS","article_published_time":"2025-12-05T12:54:06+00:00","article_modified_time":"2025-12-05T12:54:26+00:00","og_image":[{"width":720,"height":512,"url":"https:\/\/lesvolcansnews.net\/wp-content\/uploads\/2025\/12\/FB_IMG_1764930114105-1.jpg","type":"image\/jpeg"}],"author":"R\u00e9daction - Les Volcans News","twitter_card":"summary_large_image","twitter_misc":{"\u00c9crit par":"R\u00e9daction - Les Volcans News","Dur\u00e9e de lecture estim\u00e9e":"2 minutes"},"schema":{"@context":"https:\/\/schema.org","@graph":[{"@type":"Article","@id":"https:\/\/lesvolcansnews.net\/?p=71144#article","isPartOf":{"@id":"https:\/\/lesvolcansnews.net\/?p=71144"},"author":{"name":"R\u00e9daction - Les Volcans News","@id":"https:\/\/lesvolcansnews.net\/#\/schema\/person\/82c8bed2e77879ecf6cca63441f57354"},"headline":"Sud-Kivu : un mouvement pro-gouvernemental d\u00e9ment toute interdiction faite aux \u201cwazalendo\u201d de combattre aux c\u00f4t\u00e9s des FARDC","datePublished":"2025-12-05T12:54:06+00:00","dateModified":"2025-12-05T12:54:26+00:00","mainEntityOfPage":{"@id":"https:\/\/lesvolcansnews.net\/?p=71144"},"wordCount":351,"commentCount":0,"image":{"@id":"https:\/\/lesvolcansnews.net\/?p=71144#primaryimage"},"thumbnailUrl":"https:\/\/lesvolcansnews.net\/wp-content\/uploads\/2025\/12\/FB_IMG_1764930114105-1.jpg","articleSection":["ACTUALIT\u00c9"],"inLanguage":"fr-FR","potentialAction":[{"@type":"CommentAction","name":"Comment","target":["https:\/\/lesvolcansnews.net\/?p=71144#respond"]}]},{"@type":"WebPage","@id":"https:\/\/lesvolcansnews.net\/?p=71144","url":"https:\/\/lesvolcansnews.net\/?p=71144","name":"Sud-Kivu : un mouvement pro-gouvernemental d\u00e9ment toute interdiction faite aux \u201cwazalendo\u201d de combattre aux c\u00f4t\u00e9s des FARDC - LES VOLCANS NEWS","isPartOf":{"@id":"https:\/\/lesvolcansnews.net\/#website"},"primaryImageOfPage":{"@id":"https:\/\/lesvolcansnews.net\/?p=71144#primaryimage"},"image":{"@id":"https:\/\/lesvolcansnews.net\/?p=71144#primaryimage"},"thumbnailUrl":"https:\/\/lesvolcansnews.net\/wp-content\/uploads\/2025\/12\/FB_IMG_1764930114105-1.jpg","datePublished":"2025-12-05T12:54:06+00:00","dateModified":"2025-12-05T12:54:26+00:00","author":{"@id":"https:\/\/lesvolcansnews.net\/#\/schema\/person\/82c8bed2e77879ecf6cca63441f57354"},"breadcrumb":{"@id":"https:\/\/lesvolcansnews.net\/?p=71144#breadcrumb"},"inLanguage":"fr-FR","potentialAction":[{"@type":"ReadAction","target":["https:\/\/lesvolcansnews.net\/?p=71144"]}]},{"@type":"ImageObject","inLanguage":"fr-FR","@id":"https:\/\/lesvolcansnews.net\/?p=71144#primaryimage","url":"https:\/\/lesvolcansnews.net\/wp-content\/uploads\/2025\/12\/FB_IMG_1764930114105-1.jpg","contentUrl":"https:\/\/lesvolcansnews.net\/wp-content\/uploads\/2025\/12\/FB_IMG_1764930114105-1.jpg","width":720,"height":512},{"@type":"BreadcrumbList","@id":"https:\/\/lesvolcansnews.net\/?p=71144#breadcrumb","itemListElement":[{"@type":"ListItem","position":1,"name":"Accueil","item":"https:\/\/lesvolcansnews.net\/"},{"@type":"ListItem","position":2,"name":"Sud-Kivu : un mouvement pro-gouvernemental d\u00e9ment toute interdiction faite aux \u201cwazalendo\u201d de combattre aux c\u00f4t\u00e9s des FARDC"}]},{"@type":"WebSite","@id":"https:\/\/lesvolcansnews.net\/#website","url":"https:\/\/lesvolcansnews.net\/","name":"LES VOLCANS NEWS","description":"L&#039;INFORMATION C&#039;EST NOUS","potentialAction":[{"@type":"SearchAction","target":{"@type":"EntryPoint","urlTemplate":"https:\/\/lesvolcansnews.net\/?s={search_term_string}"},"query-input":{"@type":"PropertyValueSpecification","valueRequired":true,"valueName":"search_term_string"}}],"inLanguage":"fr-FR"},{"@type":"Person","@id":"https:\/\/lesvolcansnews.net\/#\/schema\/person\/82c8bed2e77879ecf6cca63441f57354","name":"R\u00e9daction - Les Volcans News","image":{"@type":"ImageObject","inLanguage":"fr-FR","@id":"https:\/\/secure.gravatar.com\/avatar\/8408942dd851e8a9c09f3d382a661bc05d2b3cd9002139bc1795b9528cdc6c80?s=96&d=mm&r=g","url":"https:\/\/secure.gravatar.com\/avatar\/8408942dd851e8a9c09f3d382a661bc05d2b3cd9002139bc1795b9528cdc6c80?s=96&d=mm&r=g","contentUrl":"https:\/\/secure.gravatar.com\/avatar\/8408942dd851e8a9c09f3d382a661bc05d2b3cd9002139bc1795b9528cdc6c80?s=96&d=mm&r=g","caption":"R\u00e9daction - Les Volcans News"},"url":"https:\/\/lesvolcansnews.net\/?author=14"}]}},"_links":{"self":[{"href":"https:\/\/lesvolcansnews.net\/index.php?rest_route=\/wp\/v2\/posts\/71144","targetHints":{"allow":["GET"]}}],"collection":[{"href":"https:\/\/lesvolcansnews.net\/index.php?rest_route=\/wp\/v2\/posts"}],"about":[{"href":"https:\/\/lesvolcansnews.net\/index.php?rest_route=\/wp\/v2\/types\/post"}],"author":[{"embeddable":true,"href":"https:\/\/lesvolcansnews.net\/index.php?rest_route=\/wp\/v2\/users\/14"}],"replies":[{"embeddable":true,"href":"https:\/\/lesvolcansnews.net\/index.php?rest_route=%2Fwp%2Fv2%2Fcomments&post=71144"}],"version-history":[{"count":1,"href":"https:\/\/lesvolcansnews.net\/index.php?rest_route=\/wp\/v2\/posts\/71144\/revisions"}],"predecessor-version":[{"id":71148,"href":"https:\/\/lesvolcansnews.net\/index.php?rest_route=\/wp\/v2\/posts\/71144\/revisions\/71148"}],"wp:featuredmedia":[{"embeddable":true,"href":"https:\/\/lesvolcansnews.net\/index.php?rest_route=\/wp\/v2\/media\/71147"}],"wp:attachment":[{"href":"https:\/\/lesvolcansnews.net\/index.php?rest_route=%2Fwp%2Fv2%2Fmedia&parent=71144"}],"wp:term":[{"taxonomy":"category","embeddable":true,"href":"https:\/\/lesvolcansnews.net\/index.php?rest_route=%2Fwp%2Fv2%2Fcategories&post=71144"},{"taxonomy":"post_tag","embeddable":true,"href":"https:\/\/lesvolcansnews.net\/index.php?rest_route=%2Fwp%2Fv2%2Ftags&post=71144"}],"curies":[{"name":"wp","href":"https:\/\/api.w.org\/{rel}","templated":true}]}}