{"id":71118,"date":"2025-12-04T15:25:17","date_gmt":"2025-12-04T13:25:17","guid":{"rendered":"https:\/\/lesvolcansnews.net\/2025\/12\/04\/sud-kivu-lancement-de-5-infrastructures-frontalieres-financees-par-la-banque-mondiale\/"},"modified":"2025-12-04T15:25:17","modified_gmt":"2025-12-04T13:25:17","slug":"sud-kivu-lancement-de-5-infrastructures-frontalieres-financees-par-la-banque-mondiale","status":"publish","type":"post","link":"https:\/\/lesvolcansnews.net\/?p=71118","title":{"rendered":"Sud-kivu : lancement de 5 infrastructures frontali\u00e8res financ\u00e9es par la Banque mondiale"},"content":{"rendered":"\n<p><strong>RDC\u00a0: PFCIGL, Lancement des travaux de Construction de 5 infrastructures commerciales transfrontali\u00e8res dans la Province du Sud Kivu : Port de Kalundu, les Postes frontaliers de Kamvivira, Nyamoma, Rubenga et le march\u00e9 de Kamvivira financ\u00e9s par la Banque mondiale.<\/strong><\/p>\n\n\n\n<p>La ville d\u2019Uvira dans la Province du Sud Kivu en R\u00e9publique D\u00e9mocratique du Congo a vibr\u00e9 ces 3 et 4 d\u00e9cembre 2025 au rythme de lancement des travaux de Construction de 5 infrastructures commerciales transfrontali\u00e8res dans la Province du Sud Kivu : Port de Kalundu, les Postes frontaliers de Kamvivira \u00e0 Uvira, Nyamoma \u00e0 Sange, Rubenga \u00e0 Luvungi et le march\u00e9 de Kamvivira \u00e0 Kagando. Des travaux financ\u00e9s par la Banque mondiale.\u00a0 Pour le Secr\u00e9taire g\u00e9n\u00e9ral au Ministere du Commerce Ext\u00e9rieur, Jules Muilu et repr\u00e9sentant personnel du Ministre national du Commerce Ext\u00e9rieur, Julien Paluku Kahongya, Jules Muilu\u00a0<\/p>\n\n\n\n<figure class=\"wp-block-image\"><img fetchpriority=\"high\" decoding=\"async\" width=\"300\" height=\"169\" src=\"https:\/\/lesvolcansnews.net\/wp-content\/uploads\/2025\/12\/img-20251204-wa03192302303671094056279-300x169.jpg\" alt=\"\" class=\"wp-image-71114\" srcset=\"https:\/\/lesvolcansnews.net\/wp-content\/uploads\/2025\/12\/img-20251204-wa03192302303671094056279-300x169.jpg 300w, https:\/\/lesvolcansnews.net\/wp-content\/uploads\/2025\/12\/img-20251204-wa03192302303671094056279-768x433.jpg 768w, https:\/\/lesvolcansnews.net\/wp-content\/uploads\/2025\/12\/img-20251204-wa03192302303671094056279-760x429.jpg 760w, https:\/\/lesvolcansnews.net\/wp-content\/uploads\/2025\/12\/img-20251204-wa03192302303671094056279.jpg 778w\" sizes=\"(max-width: 300px) 100vw, 300px\" \/><\/figure>\n\n\n\n<p>Ces infrastructures dans le cadre du PFCIGL sont des atouts strat\u00e9giques, des piliers majeurs de l\u2019int\u00e9gration r\u00e9gionale dans la r\u00e9gion des Grands Lacs, renfor\u00e7ant la stabilit\u00e9, la coop\u00e9ration et le d\u00e9veloppement des pays et des peuples de la R\u00e9gion dans un grand march\u00e9 commun.&nbsp;<\/p>\n\n\n\n<figure class=\"wp-block-image size-large\"><img decoding=\"async\" width=\"778\" height=\"439\" src=\"https:\/\/lesvolcansnews.net\/wp-content\/uploads\/2025\/12\/img-20251204-wa04483430611319472840844.jpg\" alt=\"\" class=\"wp-image-71116\" srcset=\"https:\/\/lesvolcansnews.net\/wp-content\/uploads\/2025\/12\/img-20251204-wa04483430611319472840844.jpg 778w, https:\/\/lesvolcansnews.net\/wp-content\/uploads\/2025\/12\/img-20251204-wa04483430611319472840844-300x169.jpg 300w, https:\/\/lesvolcansnews.net\/wp-content\/uploads\/2025\/12\/img-20251204-wa04483430611319472840844-768x433.jpg 768w, https:\/\/lesvolcansnews.net\/wp-content\/uploads\/2025\/12\/img-20251204-wa04483430611319472840844-760x429.jpg 760w\" sizes=\"(max-width: 778px) 100vw, 778px\" \/><\/figure>\n\n\n\n<p>&#8220;<em>C\u2019est le r\u00e9sultat d\u2019un travail collectif soutenu dans le cadre du partenariat entre la RDC et la Banque mondiale pour booster le d\u00e9veloppement et ainsi relever les populations de la pauvret\u00e9. La connectivit\u00e9 commerciale et migratoire, les \u00e9changes commerciaux et les marches r\u00e9gionaux internationaux entre les pays de la R\u00e9gion. Cela permettra la diversification des march\u00e9s et va relancer les chaines de valeur de certains produits exportables<\/em>&#8221; souligne Jules Muilu.\u00a0<\/p>\n\n\n\n<p>Les dividendes qui sortiront de la conqu\u00eate des march\u00e9s r\u00e9gionaux permettra le d\u00e9veloppement de la population par la cr\u00e9ation des richesses et des emplois surtout les petits producteurs et les petits commer\u00e7ants transfrontaliers. La Construction de ces infrastructures rentre dans le cadre du Projet de Facilitation du Commerce et Int\u00e9gration dans le R\u00e9gion des Grands Lacs, PFCIGL, un projet du gouvernement de la RDC financ\u00e9 par la Banque mondiale. La r\u00e9habilitation et la modernisation de ce port permettra un positionnement \u00e9conomique et strat\u00e9gique du pays. Thierry Kayembe, coordonnateur National du PFCIGL, dans son humilit\u00e9 l\u00e9gendaire, estime que le lancement de travaux est un pas positif mais sa grande satisfaction interviendra les jours des inaugurations des ouvrages finis.&nbsp;&nbsp;<\/p>\n\n\n\n<figure class=\"wp-block-image\"><img decoding=\"async\" width=\"300\" height=\"152\" src=\"https:\/\/lesvolcansnews.net\/wp-content\/uploads\/2025\/12\/img-20251204-wa04493320715580390264757-300x152.jpg\" alt=\"\" class=\"wp-image-71117\" srcset=\"https:\/\/lesvolcansnews.net\/wp-content\/uploads\/2025\/12\/img-20251204-wa04493320715580390264757-300x152.jpg 300w, https:\/\/lesvolcansnews.net\/wp-content\/uploads\/2025\/12\/img-20251204-wa04493320715580390264757.jpg 749w\" sizes=\"(max-width: 300px) 100vw, 300px\" \/><\/figure>\n\n\n\n<p><strong>Dynamiser le commerce transfrontalier\u00a0<\/strong><\/p>\n\n\n\n<p><br \/>Le&nbsp;Port de Kalundu, situ\u00e9 \u00e0 Uvira, dans la province du Sud-Kivu, est un port strat\u00e9gique. <a href=\"https:\/\/www.bing.com\/ck\/a?!&amp;&amp;p=d5578313eb3de0510421b84ace444f15c63556faceb67311d34d45d28ad9ae20JmltdHM9MTc2NDgwNjQwMA&amp;ptn=3&amp;ver=2&amp;hsh=4&amp;fclid=01cc3a6a-40fe-6e0b-1c2f-2fa5417c6f9b&amp;u=a1aHR0cHM6Ly93d3cuYWZyaWNhLWluZm9zLmNkLzIwMjUvMDQvMTIvdXZpcmEtdmVycy1sYS1jb25zdHJ1Y3Rpb24tZXQtbGEtbW9kZXJuaXNhdGlvbi1kdS1wb3J0LXB1YmxpYy1kZS1rYWx1bmR1Lw&amp;ntb=1\">&nbsp;Le port est une soci\u00e9t\u00e9 de transport multimodale qui ouvre la partie orientale de la R\u00e9publique D\u00e9mocratique du Congo au monde ext\u00e9rieur avec une connexion directe avec la Tanzanie, la Zambie et le Burundi. Le port est le deuxi\u00e8me port de la RDC et a \u00e9t\u00e9 le deuxi\u00e8me port de la RDC \u00e0 recevoir une dizaine de bateaux par semaine dans les ann\u00e9es 1990. Le port est \u00e9galement le n\u0153ud principal du \u00ab corridor central de l\u2019Afrique \u00bb destin\u00e9 \u00e0 connecter la RDC \u00e0 la Tanzanie et au port de Dar-es-Salam.<\/a>&nbsp;<\/p>\n\n\n\n<p>Le port soutiendra l\u2019exportation des ressources mini\u00e8res, la relance de l\u2019agriculture et la transformation des produits par le d\u00e9veloppement des chaines de valeur. Les fronti\u00e8res de Rubenga, Kamvivira et Nyamoma permettront aux populations de traverser dignement pour exercer les \u00e9changes commerciaux et renforcer la cohabitation pacifique. Le Gouverneur de la Province du Sud Kivu, Jean Jacques Purisi recommande aux entreprises de construction le respect des d\u00e9lais et des calendriers, l\u2019ex\u00e9cution des ouvrages selon les r\u00e8gles de l\u2019art et le recrutement de la main d\u2019\u0153uvre locale bien pay\u00e9e pour que les emplois cr\u00e9es sortent les populations de la mis\u00e8re.&nbsp;<\/p>\n\n\n\n<p><strong>Meilleure prise en charge des migrants et des marchandises\u00a0<\/strong><\/p>\n\n\n\n<figure class=\"wp-block-image\"><img loading=\"lazy\" decoding=\"async\" width=\"300\" height=\"199\" src=\"https:\/\/lesvolcansnews.net\/wp-content\/uploads\/2025\/12\/img-20251204-wa04517484095769204997038-300x199.jpg\" alt=\"\" class=\"wp-image-71115\" srcset=\"https:\/\/lesvolcansnews.net\/wp-content\/uploads\/2025\/12\/img-20251204-wa04517484095769204997038-300x199.jpg 300w, https:\/\/lesvolcansnews.net\/wp-content\/uploads\/2025\/12\/img-20251204-wa04517484095769204997038.jpg 686w\" sizes=\"(max-width: 300px) 100vw, 300px\" \/><\/figure>\n\n\n\n<p>L\u2019\u00e9rection de ces b\u00e2timents permettra une meilleure prise en charge des migrants, des petits commer\u00e7ants transfrontaliers en particulier et des marchandises. Les agents des services travailleront dans des conditions logistiques acceptables. Des postes frontaliers mieux contr\u00f4l\u00e9s sont les gages de la maximisation des recettes par les services comp\u00e9tents. Ce qui va \u00e0 coup s\u00fbr am\u00e9liorer la manutention et le traitement des marchandises et des personnes. Tous ces \u00e9l\u00e9ments permettront d\u2019am\u00e9liorer la transparence dans la gestion, d\u2019\u00e9viter la corruption et les tracasseries des commer\u00e7ants et des migrants.<\/p>\n\n\n\n<figure class=\"wp-block-image\"><img loading=\"lazy\" decoding=\"async\" width=\"240\" height=\"300\" src=\"https:\/\/lesvolcansnews.net\/wp-content\/uploads\/2025\/12\/img-20251204-wa03215364762800237982308-240x300.jpg\" alt=\"\" class=\"wp-image-71113\" srcset=\"https:\/\/lesvolcansnews.net\/wp-content\/uploads\/2025\/12\/img-20251204-wa03215364762800237982308-240x300.jpg 240w, https:\/\/lesvolcansnews.net\/wp-content\/uploads\/2025\/12\/img-20251204-wa03215364762800237982308.jpg 388w\" sizes=\"(max-width: 240px) 100vw, 240px\" \/><\/figure>\n\n\n\n<p><\/p>\n\n\n\n<p>L\u2019est de la RDC est le berceau d\u2019un commerce florissant de toutes sortes de produits, de m\u00eame qu\u2019il entretient des liens \u00e9troits avec les communaut\u00e9s situ\u00e9es de l\u2019autre c\u00f4t\u00e9 de la fronti\u00e8re. Ces infrastructures permettront de g\u00e9rer les interactions commerciales dans l\u2019est de la RDC et de maitriser les volumes tr\u00e8s importants des \u00e9changes commerciaux, des biens et des services entre la RDC et tous les pays de l\u2019Afrique de l\u2019Est (qui sont dans la Zone de libre-\u00e9change continental africain (ZLECAF), le COMESA et dans l\u2019East african Community ). Le commerce terrestre entre la RDC et les \u00e9conomies voisines d\u2019Afrique de l\u2019Est passe par plusieurs postes fronti\u00e8res, entre autres ceux cit\u00e9s ci haut cit\u00e9s.<\/p>\n\n\n\n<p>Pepe Mikwa&nbsp;<\/p>\n","protected":false},"excerpt":{"rendered":"<p>RDC\u00a0: PFCIGL, Lancement des travaux de Construction de 5 infrastructures commerciales transfrontali\u00e8res dans la Province du Sud Kivu : Port de Kalundu, les Postes frontaliers de Kamvivira, Nyamoma, Rubenga et<\/p>\n","protected":false},"author":14,"featured_media":71112,"comment_status":"open","ping_status":"open","sticky":false,"template":"","format":"standard","meta":{"footnotes":""},"categories":[8],"tags":[],"class_list":["post-71118","post","type-post","status-publish","format-standard","has-post-thumbnail","hentry","category-economie"],"yoast_head":"<!-- This site is optimized with the Yoast SEO plugin v27.5 - https:\/\/yoast.com\/product\/yoast-seo-wordpress\/ -->\n<title>Sud-kivu : lancement de 5 infrastructures frontali\u00e8res financ\u00e9es par la Banque mondiale - LES VOLCANS NEWS<\/title>\n<meta name=\"robots\" content=\"index, follow, max-snippet:-1, max-image-preview:large, max-video-preview:-1\" \/>\n<link rel=\"canonical\" href=\"https:\/\/lesvolcansnews.net\/?p=71118\" \/>\n<meta property=\"og:locale\" content=\"fr_FR\" \/>\n<meta property=\"og:type\" content=\"article\" \/>\n<meta property=\"og:title\" content=\"Sud-kivu : lancement de 5 infrastructures frontali\u00e8res financ\u00e9es par la Banque mondiale - LES VOLCANS NEWS\" \/>\n<meta property=\"og:description\" content=\"RDC\u00a0: PFCIGL, Lancement des travaux de Construction de 5 infrastructures commerciales transfrontali\u00e8res dans la Province du Sud Kivu : Port de Kalundu, les Postes frontaliers de Kamvivira, Nyamoma, Rubenga et\" \/>\n<meta property=\"og:url\" content=\"https:\/\/lesvolcansnews.net\/?p=71118\" \/>\n<meta property=\"og:site_name\" content=\"LES VOLCANS NEWS\" \/>\n<meta property=\"article:published_time\" content=\"2025-12-04T13:25:17+00:00\" \/>\n<meta property=\"og:image\" content=\"https:\/\/lesvolcansnews.net\/wp-content\/uploads\/2025\/12\/IMG-20251204-WA0322.jpg\" \/>\n\t<meta property=\"og:image:width\" content=\"1600\" \/>\n\t<meta property=\"og:image:height\" content=\"1200\" \/>\n\t<meta property=\"og:image:type\" content=\"image\/jpeg\" \/>\n<meta name=\"author\" content=\"R\u00e9daction - Les Volcans News\" \/>\n<meta name=\"twitter:card\" content=\"summary_large_image\" \/>\n<meta name=\"twitter:label1\" content=\"\u00c9crit par\" \/>\n\t<meta name=\"twitter:data1\" content=\"R\u00e9daction - Les Volcans News\" \/>\n\t<meta name=\"twitter:label2\" content=\"Dur\u00e9e de lecture estim\u00e9e\" \/>\n\t<meta name=\"twitter:data2\" content=\"4 minutes\" \/>\n<script type=\"application\/ld+json\" class=\"yoast-schema-graph\">{\"@context\":\"https:\\\/\\\/schema.org\",\"@graph\":[{\"@type\":\"Article\",\"@id\":\"https:\\\/\\\/lesvolcansnews.net\\\/?p=71118#article\",\"isPartOf\":{\"@id\":\"https:\\\/\\\/lesvolcansnews.net\\\/?p=71118\"},\"author\":{\"name\":\"R\u00e9daction - Les Volcans News\",\"@id\":\"https:\\\/\\\/lesvolcansnews.net\\\/#\\\/schema\\\/person\\\/82c8bed2e77879ecf6cca63441f57354\"},\"headline\":\"Sud-kivu : lancement de 5 infrastructures frontali\u00e8res financ\u00e9es par la Banque mondiale\",\"datePublished\":\"2025-12-04T13:25:17+00:00\",\"mainEntityOfPage\":{\"@id\":\"https:\\\/\\\/lesvolcansnews.net\\\/?p=71118\"},\"wordCount\":886,\"commentCount\":0,\"image\":{\"@id\":\"https:\\\/\\\/lesvolcansnews.net\\\/?p=71118#primaryimage\"},\"thumbnailUrl\":\"https:\\\/\\\/lesvolcansnews.net\\\/wp-content\\\/uploads\\\/2025\\\/12\\\/IMG-20251204-WA0322.jpg\",\"articleSection\":[\"\u00c9CONOMIE\"],\"inLanguage\":\"fr-FR\",\"potentialAction\":[{\"@type\":\"CommentAction\",\"name\":\"Comment\",\"target\":[\"https:\\\/\\\/lesvolcansnews.net\\\/?p=71118#respond\"]}]},{\"@type\":\"WebPage\",\"@id\":\"https:\\\/\\\/lesvolcansnews.net\\\/?p=71118\",\"url\":\"https:\\\/\\\/lesvolcansnews.net\\\/?p=71118\",\"name\":\"Sud-kivu : lancement de 5 infrastructures frontali\u00e8res financ\u00e9es par la Banque mondiale - LES VOLCANS NEWS\",\"isPartOf\":{\"@id\":\"https:\\\/\\\/lesvolcansnews.net\\\/#website\"},\"primaryImageOfPage\":{\"@id\":\"https:\\\/\\\/lesvolcansnews.net\\\/?p=71118#primaryimage\"},\"image\":{\"@id\":\"https:\\\/\\\/lesvolcansnews.net\\\/?p=71118#primaryimage\"},\"thumbnailUrl\":\"https:\\\/\\\/lesvolcansnews.net\\\/wp-content\\\/uploads\\\/2025\\\/12\\\/IMG-20251204-WA0322.jpg\",\"datePublished\":\"2025-12-04T13:25:17+00:00\",\"author\":{\"@id\":\"https:\\\/\\\/lesvolcansnews.net\\\/#\\\/schema\\\/person\\\/82c8bed2e77879ecf6cca63441f57354\"},\"breadcrumb\":{\"@id\":\"https:\\\/\\\/lesvolcansnews.net\\\/?p=71118#breadcrumb\"},\"inLanguage\":\"fr-FR\",\"potentialAction\":[{\"@type\":\"ReadAction\",\"target\":[\"https:\\\/\\\/lesvolcansnews.net\\\/?p=71118\"]}]},{\"@type\":\"ImageObject\",\"inLanguage\":\"fr-FR\",\"@id\":\"https:\\\/\\\/lesvolcansnews.net\\\/?p=71118#primaryimage\",\"url\":\"https:\\\/\\\/lesvolcansnews.net\\\/wp-content\\\/uploads\\\/2025\\\/12\\\/IMG-20251204-WA0322.jpg\",\"contentUrl\":\"https:\\\/\\\/lesvolcansnews.net\\\/wp-content\\\/uploads\\\/2025\\\/12\\\/IMG-20251204-WA0322.jpg\",\"width\":1600,\"height\":1200},{\"@type\":\"BreadcrumbList\",\"@id\":\"https:\\\/\\\/lesvolcansnews.net\\\/?p=71118#breadcrumb\",\"itemListElement\":[{\"@type\":\"ListItem\",\"position\":1,\"name\":\"Accueil\",\"item\":\"https:\\\/\\\/lesvolcansnews.net\\\/\"},{\"@type\":\"ListItem\",\"position\":2,\"name\":\"Sud-kivu : lancement de 5 infrastructures frontali\u00e8res financ\u00e9es par la Banque mondiale\"}]},{\"@type\":\"WebSite\",\"@id\":\"https:\\\/\\\/lesvolcansnews.net\\\/#website\",\"url\":\"https:\\\/\\\/lesvolcansnews.net\\\/\",\"name\":\"LES VOLCANS NEWS\",\"description\":\"L&#039;INFORMATION C&#039;EST NOUS\",\"potentialAction\":[{\"@type\":\"SearchAction\",\"target\":{\"@type\":\"EntryPoint\",\"urlTemplate\":\"https:\\\/\\\/lesvolcansnews.net\\\/?s={search_term_string}\"},\"query-input\":{\"@type\":\"PropertyValueSpecification\",\"valueRequired\":true,\"valueName\":\"search_term_string\"}}],\"inLanguage\":\"fr-FR\"},{\"@type\":\"Person\",\"@id\":\"https:\\\/\\\/lesvolcansnews.net\\\/#\\\/schema\\\/person\\\/82c8bed2e77879ecf6cca63441f57354\",\"name\":\"R\u00e9daction - Les Volcans News\",\"image\":{\"@type\":\"ImageObject\",\"inLanguage\":\"fr-FR\",\"@id\":\"https:\\\/\\\/secure.gravatar.com\\\/avatar\\\/8408942dd851e8a9c09f3d382a661bc05d2b3cd9002139bc1795b9528cdc6c80?s=96&d=mm&r=g\",\"url\":\"https:\\\/\\\/secure.gravatar.com\\\/avatar\\\/8408942dd851e8a9c09f3d382a661bc05d2b3cd9002139bc1795b9528cdc6c80?s=96&d=mm&r=g\",\"contentUrl\":\"https:\\\/\\\/secure.gravatar.com\\\/avatar\\\/8408942dd851e8a9c09f3d382a661bc05d2b3cd9002139bc1795b9528cdc6c80?s=96&d=mm&r=g\",\"caption\":\"R\u00e9daction - Les Volcans News\"},\"url\":\"https:\\\/\\\/lesvolcansnews.net\\\/?author=14\"}]}<\/script>\n<!-- \/ Yoast SEO plugin. -->","yoast_head_json":{"title":"Sud-kivu : lancement de 5 infrastructures frontali\u00e8res financ\u00e9es par la Banque mondiale - LES VOLCANS NEWS","robots":{"index":"index","follow":"follow","max-snippet":"max-snippet:-1","max-image-preview":"max-image-preview:large","max-video-preview":"max-video-preview:-1"},"canonical":"https:\/\/lesvolcansnews.net\/?p=71118","og_locale":"fr_FR","og_type":"article","og_title":"Sud-kivu : lancement de 5 infrastructures frontali\u00e8res financ\u00e9es par la Banque mondiale - LES VOLCANS NEWS","og_description":"RDC\u00a0: PFCIGL, Lancement des travaux de Construction de 5 infrastructures commerciales transfrontali\u00e8res dans la Province du Sud Kivu : Port de Kalundu, les Postes frontaliers de Kamvivira, Nyamoma, Rubenga et","og_url":"https:\/\/lesvolcansnews.net\/?p=71118","og_site_name":"LES VOLCANS NEWS","article_published_time":"2025-12-04T13:25:17+00:00","og_image":[{"width":1600,"height":1200,"url":"https:\/\/lesvolcansnews.net\/wp-content\/uploads\/2025\/12\/IMG-20251204-WA0322.jpg","type":"image\/jpeg"}],"author":"R\u00e9daction - Les Volcans News","twitter_card":"summary_large_image","twitter_misc":{"\u00c9crit par":"R\u00e9daction - Les Volcans News","Dur\u00e9e de lecture estim\u00e9e":"4 minutes"},"schema":{"@context":"https:\/\/schema.org","@graph":[{"@type":"Article","@id":"https:\/\/lesvolcansnews.net\/?p=71118#article","isPartOf":{"@id":"https:\/\/lesvolcansnews.net\/?p=71118"},"author":{"name":"R\u00e9daction - Les Volcans News","@id":"https:\/\/lesvolcansnews.net\/#\/schema\/person\/82c8bed2e77879ecf6cca63441f57354"},"headline":"Sud-kivu : lancement de 5 infrastructures frontali\u00e8res financ\u00e9es par la Banque mondiale","datePublished":"2025-12-04T13:25:17+00:00","mainEntityOfPage":{"@id":"https:\/\/lesvolcansnews.net\/?p=71118"},"wordCount":886,"commentCount":0,"image":{"@id":"https:\/\/lesvolcansnews.net\/?p=71118#primaryimage"},"thumbnailUrl":"https:\/\/lesvolcansnews.net\/wp-content\/uploads\/2025\/12\/IMG-20251204-WA0322.jpg","articleSection":["\u00c9CONOMIE"],"inLanguage":"fr-FR","potentialAction":[{"@type":"CommentAction","name":"Comment","target":["https:\/\/lesvolcansnews.net\/?p=71118#respond"]}]},{"@type":"WebPage","@id":"https:\/\/lesvolcansnews.net\/?p=71118","url":"https:\/\/lesvolcansnews.net\/?p=71118","name":"Sud-kivu : lancement de 5 infrastructures frontali\u00e8res financ\u00e9es par la Banque mondiale - LES VOLCANS NEWS","isPartOf":{"@id":"https:\/\/lesvolcansnews.net\/#website"},"primaryImageOfPage":{"@id":"https:\/\/lesvolcansnews.net\/?p=71118#primaryimage"},"image":{"@id":"https:\/\/lesvolcansnews.net\/?p=71118#primaryimage"},"thumbnailUrl":"https:\/\/lesvolcansnews.net\/wp-content\/uploads\/2025\/12\/IMG-20251204-WA0322.jpg","datePublished":"2025-12-04T13:25:17+00:00","author":{"@id":"https:\/\/lesvolcansnews.net\/#\/schema\/person\/82c8bed2e77879ecf6cca63441f57354"},"breadcrumb":{"@id":"https:\/\/lesvolcansnews.net\/?p=71118#breadcrumb"},"inLanguage":"fr-FR","potentialAction":[{"@type":"ReadAction","target":["https:\/\/lesvolcansnews.net\/?p=71118"]}]},{"@type":"ImageObject","inLanguage":"fr-FR","@id":"https:\/\/lesvolcansnews.net\/?p=71118#primaryimage","url":"https:\/\/lesvolcansnews.net\/wp-content\/uploads\/2025\/12\/IMG-20251204-WA0322.jpg","contentUrl":"https:\/\/lesvolcansnews.net\/wp-content\/uploads\/2025\/12\/IMG-20251204-WA0322.jpg","width":1600,"height":1200},{"@type":"BreadcrumbList","@id":"https:\/\/lesvolcansnews.net\/?p=71118#breadcrumb","itemListElement":[{"@type":"ListItem","position":1,"name":"Accueil","item":"https:\/\/lesvolcansnews.net\/"},{"@type":"ListItem","position":2,"name":"Sud-kivu : lancement de 5 infrastructures frontali\u00e8res financ\u00e9es par la Banque mondiale"}]},{"@type":"WebSite","@id":"https:\/\/lesvolcansnews.net\/#website","url":"https:\/\/lesvolcansnews.net\/","name":"LES VOLCANS NEWS","description":"L&#039;INFORMATION C&#039;EST NOUS","potentialAction":[{"@type":"SearchAction","target":{"@type":"EntryPoint","urlTemplate":"https:\/\/lesvolcansnews.net\/?s={search_term_string}"},"query-input":{"@type":"PropertyValueSpecification","valueRequired":true,"valueName":"search_term_string"}}],"inLanguage":"fr-FR"},{"@type":"Person","@id":"https:\/\/lesvolcansnews.net\/#\/schema\/person\/82c8bed2e77879ecf6cca63441f57354","name":"R\u00e9daction - Les Volcans News","image":{"@type":"ImageObject","inLanguage":"fr-FR","@id":"https:\/\/secure.gravatar.com\/avatar\/8408942dd851e8a9c09f3d382a661bc05d2b3cd9002139bc1795b9528cdc6c80?s=96&d=mm&r=g","url":"https:\/\/secure.gravatar.com\/avatar\/8408942dd851e8a9c09f3d382a661bc05d2b3cd9002139bc1795b9528cdc6c80?s=96&d=mm&r=g","contentUrl":"https:\/\/secure.gravatar.com\/avatar\/8408942dd851e8a9c09f3d382a661bc05d2b3cd9002139bc1795b9528cdc6c80?s=96&d=mm&r=g","caption":"R\u00e9daction - Les Volcans News"},"url":"https:\/\/lesvolcansnews.net\/?author=14"}]}},"_links":{"self":[{"href":"https:\/\/lesvolcansnews.net\/index.php?rest_route=\/wp\/v2\/posts\/71118","targetHints":{"allow":["GET"]}}],"collection":[{"href":"https:\/\/lesvolcansnews.net\/index.php?rest_route=\/wp\/v2\/posts"}],"about":[{"href":"https:\/\/lesvolcansnews.net\/index.php?rest_route=\/wp\/v2\/types\/post"}],"author":[{"embeddable":true,"href":"https:\/\/lesvolcansnews.net\/index.php?rest_route=\/wp\/v2\/users\/14"}],"replies":[{"embeddable":true,"href":"https:\/\/lesvolcansnews.net\/index.php?rest_route=%2Fwp%2Fv2%2Fcomments&post=71118"}],"version-history":[{"count":0,"href":"https:\/\/lesvolcansnews.net\/index.php?rest_route=\/wp\/v2\/posts\/71118\/revisions"}],"wp:featuredmedia":[{"embeddable":true,"href":"https:\/\/lesvolcansnews.net\/index.php?rest_route=\/wp\/v2\/media\/71112"}],"wp:attachment":[{"href":"https:\/\/lesvolcansnews.net\/index.php?rest_route=%2Fwp%2Fv2%2Fmedia&parent=71118"}],"wp:term":[{"taxonomy":"category","embeddable":true,"href":"https:\/\/lesvolcansnews.net\/index.php?rest_route=%2Fwp%2Fv2%2Fcategories&post=71118"},{"taxonomy":"post_tag","embeddable":true,"href":"https:\/\/lesvolcansnews.net\/index.php?rest_route=%2Fwp%2Fv2%2Ftags&post=71118"}],"curies":[{"name":"wp","href":"https:\/\/api.w.org\/{rel}","templated":true}]}}