{"id":71105,"date":"2025-12-04T00:40:27","date_gmt":"2025-12-03T22:40:27","guid":{"rendered":"https:\/\/lesvolcansnews.net\/?p=71105"},"modified":"2025-12-04T08:19:49","modified_gmt":"2025-12-04T06:19:49","slug":"commerces-congolais-fermes-a-bruxelles-lambassade-de-la-rdc-offre-son-soutien","status":"publish","type":"post","link":"https:\/\/lesvolcansnews.net\/?p=71105","title":{"rendered":"Commerces congolais ferm\u00e9s \u00e0 Bruxelles : l\u2019ambassade de la RDC offre son soutien"},"content":{"rendered":"\n<p> <strong>L\u2019ambassade de la R\u00e9publique d\u00e9mocratique du Congo (RDC) au Benelux a invit\u00e9 les ressortissants congolais dont les commerces ont \u00e9t\u00e9 ferm\u00e9s r\u00e9cemment dans le quartier Matonge, \u00e0 Bruxelles, \u00e0 se rapprocher de ses services afin de b\u00e9n\u00e9ficier d\u2019une assistance consulaire, selon un communiqu\u00e9 publi\u00e9 mercredi soir.<\/strong><\/p>\n\n\n\n<p>L\u2019ambassade a demand\u00e9 aux propri\u00e9taires qui contestent les motifs de la fermeture de leurs \u00e9tablissements de se manifester, afin de signaler tout comportement jug\u00e9 abusif ou de fournir des informations utiles \u00e0 une commission sp\u00e9ciale cr\u00e9\u00e9e par l\u2019ambassadeur.<\/p>\n\n\n\n<p>Plusieurs magasins, dont certains tenus par des ressortissants congolais, ont \u00e9t\u00e9 scell\u00e9s le 22 novembre lors d\u2019une vaste op\u00e9ration de contr\u00f4le men\u00e9e par diff\u00e9rents services de police et de l\u2019administration belge dans le quartier africain de Matonge, situ\u00e9 dans la commune d\u2019Ixelles.<\/p>\n\n\n\n<p>D\u2019apr\u00e8s l\u2019auditorat du travail de Bruxelles, les autorit\u00e9s ont dress\u00e9 quatorze proc\u00e8s-verbaux pour travail non d\u00e9clar\u00e9, six pour irr\u00e9gularit\u00e9s li\u00e9es au travail \u00e0 temps partiel et cinq pour emploi de personnes d\u00e9pourvues de titre de s\u00e9jour.<\/p>\n\n\n\n<p>Selon la repr\u00e9sentation diplomatique congolaise, les \u00e9changes men\u00e9s avec le gouvernement belge indiquent que cette op\u00e9ration s\u2019inscrit dans une s\u00e9rie de contr\u00f4les cibl\u00e9s organis\u00e9s dans l\u2019ensemble du Royaume.<\/p>\n\n\n\n<p>L\u2019ambassadeur, Christian Ndongala Nkunku, reste en contact r\u00e9gulier avec les autorit\u00e9s belges pour suivre l\u2019\u00e9volution du dossier. Il a r\u00e9affirm\u00e9 sa volont\u00e9 de prot\u00e9ger les ressortissants congolais, dans le respect des conventions internationales, des accords bilat\u00e9raux et des lois en vigueur dans le pays h\u00f4te.<\/p>\n","protected":false},"excerpt":{"rendered":"<p>L\u2019ambassade de la R\u00e9publique d\u00e9mocratique du Congo (RDC) au Benelux a invit\u00e9 les ressortissants congolais dont les commerces ont \u00e9t\u00e9 ferm\u00e9s r\u00e9cemment dans le quartier Matonge, \u00e0 Bruxelles, \u00e0 se<\/p>\n","protected":false},"author":14,"featured_media":71108,"comment_status":"open","ping_status":"open","sticky":false,"template":"","format":"standard","meta":{"footnotes":""},"categories":[1],"tags":[],"class_list":["post-71105","post","type-post","status-publish","format-standard","has-post-thumbnail","hentry","category-actualite"],"yoast_head":"<!-- This site is optimized with the Yoast SEO plugin v27.5 - https:\/\/yoast.com\/product\/yoast-seo-wordpress\/ -->\n<title>Commerces congolais ferm\u00e9s \u00e0 Bruxelles : l\u2019ambassade de la RDC offre son soutien - LES VOLCANS NEWS<\/title>\n<meta name=\"robots\" content=\"index, follow, max-snippet:-1, max-image-preview:large, max-video-preview:-1\" \/>\n<link rel=\"canonical\" href=\"https:\/\/lesvolcansnews.net\/?p=71105\" \/>\n<meta property=\"og:locale\" content=\"fr_FR\" \/>\n<meta property=\"og:type\" content=\"article\" \/>\n<meta property=\"og:title\" content=\"Commerces congolais ferm\u00e9s \u00e0 Bruxelles : l\u2019ambassade de la RDC offre son soutien - LES VOLCANS NEWS\" \/>\n<meta property=\"og:description\" content=\"L\u2019ambassade de la R\u00e9publique d\u00e9mocratique du Congo (RDC) au Benelux a invit\u00e9 les ressortissants congolais dont les commerces ont \u00e9t\u00e9 ferm\u00e9s r\u00e9cemment dans le quartier Matonge, \u00e0 Bruxelles, \u00e0 se\" \/>\n<meta property=\"og:url\" content=\"https:\/\/lesvolcansnews.net\/?p=71105\" \/>\n<meta property=\"og:site_name\" content=\"LES VOLCANS NEWS\" \/>\n<meta property=\"article:published_time\" content=\"2025-12-03T22:40:27+00:00\" \/>\n<meta property=\"article:modified_time\" content=\"2025-12-04T06:19:49+00:00\" \/>\n<meta property=\"og:image\" content=\"https:\/\/lesvolcansnews.net\/wp-content\/uploads\/2025\/12\/IMG-20251203-WA0807.jpg\" \/>\n\t<meta property=\"og:image:width\" content=\"467\" \/>\n\t<meta property=\"og:image:height\" content=\"322\" \/>\n\t<meta property=\"og:image:type\" content=\"image\/jpeg\" \/>\n<meta name=\"author\" content=\"R\u00e9daction - Les Volcans News\" \/>\n<meta name=\"twitter:card\" content=\"summary_large_image\" \/>\n<meta name=\"twitter:label1\" content=\"\u00c9crit par\" \/>\n\t<meta name=\"twitter:data1\" content=\"R\u00e9daction - Les Volcans News\" \/>\n\t<meta name=\"twitter:label2\" content=\"Dur\u00e9e de lecture estim\u00e9e\" \/>\n\t<meta name=\"twitter:data2\" content=\"1 minute\" \/>\n<script type=\"application\/ld+json\" class=\"yoast-schema-graph\">{\"@context\":\"https:\\\/\\\/schema.org\",\"@graph\":[{\"@type\":\"Article\",\"@id\":\"https:\\\/\\\/lesvolcansnews.net\\\/?p=71105#article\",\"isPartOf\":{\"@id\":\"https:\\\/\\\/lesvolcansnews.net\\\/?p=71105\"},\"author\":{\"name\":\"R\u00e9daction - Les Volcans News\",\"@id\":\"https:\\\/\\\/lesvolcansnews.net\\\/#\\\/schema\\\/person\\\/82c8bed2e77879ecf6cca63441f57354\"},\"headline\":\"Commerces congolais ferm\u00e9s \u00e0 Bruxelles : l\u2019ambassade de la RDC offre son soutien\",\"datePublished\":\"2025-12-03T22:40:27+00:00\",\"dateModified\":\"2025-12-04T06:19:49+00:00\",\"mainEntityOfPage\":{\"@id\":\"https:\\\/\\\/lesvolcansnews.net\\\/?p=71105\"},\"wordCount\":292,\"commentCount\":0,\"image\":{\"@id\":\"https:\\\/\\\/lesvolcansnews.net\\\/?p=71105#primaryimage\"},\"thumbnailUrl\":\"https:\\\/\\\/lesvolcansnews.net\\\/wp-content\\\/uploads\\\/2025\\\/12\\\/IMG-20251203-WA0807.jpg\",\"articleSection\":[\"ACTUALIT\u00c9\"],\"inLanguage\":\"fr-FR\",\"potentialAction\":[{\"@type\":\"CommentAction\",\"name\":\"Comment\",\"target\":[\"https:\\\/\\\/lesvolcansnews.net\\\/?p=71105#respond\"]}]},{\"@type\":\"WebPage\",\"@id\":\"https:\\\/\\\/lesvolcansnews.net\\\/?p=71105\",\"url\":\"https:\\\/\\\/lesvolcansnews.net\\\/?p=71105\",\"name\":\"Commerces congolais ferm\u00e9s \u00e0 Bruxelles : l\u2019ambassade de la RDC offre son soutien - LES VOLCANS NEWS\",\"isPartOf\":{\"@id\":\"https:\\\/\\\/lesvolcansnews.net\\\/#website\"},\"primaryImageOfPage\":{\"@id\":\"https:\\\/\\\/lesvolcansnews.net\\\/?p=71105#primaryimage\"},\"image\":{\"@id\":\"https:\\\/\\\/lesvolcansnews.net\\\/?p=71105#primaryimage\"},\"thumbnailUrl\":\"https:\\\/\\\/lesvolcansnews.net\\\/wp-content\\\/uploads\\\/2025\\\/12\\\/IMG-20251203-WA0807.jpg\",\"datePublished\":\"2025-12-03T22:40:27+00:00\",\"dateModified\":\"2025-12-04T06:19:49+00:00\",\"author\":{\"@id\":\"https:\\\/\\\/lesvolcansnews.net\\\/#\\\/schema\\\/person\\\/82c8bed2e77879ecf6cca63441f57354\"},\"breadcrumb\":{\"@id\":\"https:\\\/\\\/lesvolcansnews.net\\\/?p=71105#breadcrumb\"},\"inLanguage\":\"fr-FR\",\"potentialAction\":[{\"@type\":\"ReadAction\",\"target\":[\"https:\\\/\\\/lesvolcansnews.net\\\/?p=71105\"]}]},{\"@type\":\"ImageObject\",\"inLanguage\":\"fr-FR\",\"@id\":\"https:\\\/\\\/lesvolcansnews.net\\\/?p=71105#primaryimage\",\"url\":\"https:\\\/\\\/lesvolcansnews.net\\\/wp-content\\\/uploads\\\/2025\\\/12\\\/IMG-20251203-WA0807.jpg\",\"contentUrl\":\"https:\\\/\\\/lesvolcansnews.net\\\/wp-content\\\/uploads\\\/2025\\\/12\\\/IMG-20251203-WA0807.jpg\",\"width\":467,\"height\":322},{\"@type\":\"BreadcrumbList\",\"@id\":\"https:\\\/\\\/lesvolcansnews.net\\\/?p=71105#breadcrumb\",\"itemListElement\":[{\"@type\":\"ListItem\",\"position\":1,\"name\":\"Accueil\",\"item\":\"https:\\\/\\\/lesvolcansnews.net\\\/\"},{\"@type\":\"ListItem\",\"position\":2,\"name\":\"Commerces congolais ferm\u00e9s \u00e0 Bruxelles : l\u2019ambassade de la RDC offre son soutien\"}]},{\"@type\":\"WebSite\",\"@id\":\"https:\\\/\\\/lesvolcansnews.net\\\/#website\",\"url\":\"https:\\\/\\\/lesvolcansnews.net\\\/\",\"name\":\"LES VOLCANS NEWS\",\"description\":\"L&#039;INFORMATION C&#039;EST NOUS\",\"potentialAction\":[{\"@type\":\"SearchAction\",\"target\":{\"@type\":\"EntryPoint\",\"urlTemplate\":\"https:\\\/\\\/lesvolcansnews.net\\\/?s={search_term_string}\"},\"query-input\":{\"@type\":\"PropertyValueSpecification\",\"valueRequired\":true,\"valueName\":\"search_term_string\"}}],\"inLanguage\":\"fr-FR\"},{\"@type\":\"Person\",\"@id\":\"https:\\\/\\\/lesvolcansnews.net\\\/#\\\/schema\\\/person\\\/82c8bed2e77879ecf6cca63441f57354\",\"name\":\"R\u00e9daction - Les Volcans News\",\"image\":{\"@type\":\"ImageObject\",\"inLanguage\":\"fr-FR\",\"@id\":\"https:\\\/\\\/secure.gravatar.com\\\/avatar\\\/8408942dd851e8a9c09f3d382a661bc05d2b3cd9002139bc1795b9528cdc6c80?s=96&d=mm&r=g\",\"url\":\"https:\\\/\\\/secure.gravatar.com\\\/avatar\\\/8408942dd851e8a9c09f3d382a661bc05d2b3cd9002139bc1795b9528cdc6c80?s=96&d=mm&r=g\",\"contentUrl\":\"https:\\\/\\\/secure.gravatar.com\\\/avatar\\\/8408942dd851e8a9c09f3d382a661bc05d2b3cd9002139bc1795b9528cdc6c80?s=96&d=mm&r=g\",\"caption\":\"R\u00e9daction - Les Volcans News\"},\"url\":\"https:\\\/\\\/lesvolcansnews.net\\\/?author=14\"}]}<\/script>\n<!-- \/ Yoast SEO plugin. -->","yoast_head_json":{"title":"Commerces congolais ferm\u00e9s \u00e0 Bruxelles : l\u2019ambassade de la RDC offre son soutien - LES VOLCANS NEWS","robots":{"index":"index","follow":"follow","max-snippet":"max-snippet:-1","max-image-preview":"max-image-preview:large","max-video-preview":"max-video-preview:-1"},"canonical":"https:\/\/lesvolcansnews.net\/?p=71105","og_locale":"fr_FR","og_type":"article","og_title":"Commerces congolais ferm\u00e9s \u00e0 Bruxelles : l\u2019ambassade de la RDC offre son soutien - LES VOLCANS NEWS","og_description":"L\u2019ambassade de la R\u00e9publique d\u00e9mocratique du Congo (RDC) au Benelux a invit\u00e9 les ressortissants congolais dont les commerces ont \u00e9t\u00e9 ferm\u00e9s r\u00e9cemment dans le quartier Matonge, \u00e0 Bruxelles, \u00e0 se","og_url":"https:\/\/lesvolcansnews.net\/?p=71105","og_site_name":"LES VOLCANS NEWS","article_published_time":"2025-12-03T22:40:27+00:00","article_modified_time":"2025-12-04T06:19:49+00:00","og_image":[{"width":467,"height":322,"url":"https:\/\/lesvolcansnews.net\/wp-content\/uploads\/2025\/12\/IMG-20251203-WA0807.jpg","type":"image\/jpeg"}],"author":"R\u00e9daction - Les Volcans News","twitter_card":"summary_large_image","twitter_misc":{"\u00c9crit par":"R\u00e9daction - Les Volcans News","Dur\u00e9e de lecture estim\u00e9e":"1 minute"},"schema":{"@context":"https:\/\/schema.org","@graph":[{"@type":"Article","@id":"https:\/\/lesvolcansnews.net\/?p=71105#article","isPartOf":{"@id":"https:\/\/lesvolcansnews.net\/?p=71105"},"author":{"name":"R\u00e9daction - Les Volcans News","@id":"https:\/\/lesvolcansnews.net\/#\/schema\/person\/82c8bed2e77879ecf6cca63441f57354"},"headline":"Commerces congolais ferm\u00e9s \u00e0 Bruxelles : l\u2019ambassade de la RDC offre son soutien","datePublished":"2025-12-03T22:40:27+00:00","dateModified":"2025-12-04T06:19:49+00:00","mainEntityOfPage":{"@id":"https:\/\/lesvolcansnews.net\/?p=71105"},"wordCount":292,"commentCount":0,"image":{"@id":"https:\/\/lesvolcansnews.net\/?p=71105#primaryimage"},"thumbnailUrl":"https:\/\/lesvolcansnews.net\/wp-content\/uploads\/2025\/12\/IMG-20251203-WA0807.jpg","articleSection":["ACTUALIT\u00c9"],"inLanguage":"fr-FR","potentialAction":[{"@type":"CommentAction","name":"Comment","target":["https:\/\/lesvolcansnews.net\/?p=71105#respond"]}]},{"@type":"WebPage","@id":"https:\/\/lesvolcansnews.net\/?p=71105","url":"https:\/\/lesvolcansnews.net\/?p=71105","name":"Commerces congolais ferm\u00e9s \u00e0 Bruxelles : l\u2019ambassade de la RDC offre son soutien - LES VOLCANS NEWS","isPartOf":{"@id":"https:\/\/lesvolcansnews.net\/#website"},"primaryImageOfPage":{"@id":"https:\/\/lesvolcansnews.net\/?p=71105#primaryimage"},"image":{"@id":"https:\/\/lesvolcansnews.net\/?p=71105#primaryimage"},"thumbnailUrl":"https:\/\/lesvolcansnews.net\/wp-content\/uploads\/2025\/12\/IMG-20251203-WA0807.jpg","datePublished":"2025-12-03T22:40:27+00:00","dateModified":"2025-12-04T06:19:49+00:00","author":{"@id":"https:\/\/lesvolcansnews.net\/#\/schema\/person\/82c8bed2e77879ecf6cca63441f57354"},"breadcrumb":{"@id":"https:\/\/lesvolcansnews.net\/?p=71105#breadcrumb"},"inLanguage":"fr-FR","potentialAction":[{"@type":"ReadAction","target":["https:\/\/lesvolcansnews.net\/?p=71105"]}]},{"@type":"ImageObject","inLanguage":"fr-FR","@id":"https:\/\/lesvolcansnews.net\/?p=71105#primaryimage","url":"https:\/\/lesvolcansnews.net\/wp-content\/uploads\/2025\/12\/IMG-20251203-WA0807.jpg","contentUrl":"https:\/\/lesvolcansnews.net\/wp-content\/uploads\/2025\/12\/IMG-20251203-WA0807.jpg","width":467,"height":322},{"@type":"BreadcrumbList","@id":"https:\/\/lesvolcansnews.net\/?p=71105#breadcrumb","itemListElement":[{"@type":"ListItem","position":1,"name":"Accueil","item":"https:\/\/lesvolcansnews.net\/"},{"@type":"ListItem","position":2,"name":"Commerces congolais ferm\u00e9s \u00e0 Bruxelles : l\u2019ambassade de la RDC offre son soutien"}]},{"@type":"WebSite","@id":"https:\/\/lesvolcansnews.net\/#website","url":"https:\/\/lesvolcansnews.net\/","name":"LES VOLCANS NEWS","description":"L&#039;INFORMATION C&#039;EST NOUS","potentialAction":[{"@type":"SearchAction","target":{"@type":"EntryPoint","urlTemplate":"https:\/\/lesvolcansnews.net\/?s={search_term_string}"},"query-input":{"@type":"PropertyValueSpecification","valueRequired":true,"valueName":"search_term_string"}}],"inLanguage":"fr-FR"},{"@type":"Person","@id":"https:\/\/lesvolcansnews.net\/#\/schema\/person\/82c8bed2e77879ecf6cca63441f57354","name":"R\u00e9daction - Les Volcans News","image":{"@type":"ImageObject","inLanguage":"fr-FR","@id":"https:\/\/secure.gravatar.com\/avatar\/8408942dd851e8a9c09f3d382a661bc05d2b3cd9002139bc1795b9528cdc6c80?s=96&d=mm&r=g","url":"https:\/\/secure.gravatar.com\/avatar\/8408942dd851e8a9c09f3d382a661bc05d2b3cd9002139bc1795b9528cdc6c80?s=96&d=mm&r=g","contentUrl":"https:\/\/secure.gravatar.com\/avatar\/8408942dd851e8a9c09f3d382a661bc05d2b3cd9002139bc1795b9528cdc6c80?s=96&d=mm&r=g","caption":"R\u00e9daction - Les Volcans News"},"url":"https:\/\/lesvolcansnews.net\/?author=14"}]}},"_links":{"self":[{"href":"https:\/\/lesvolcansnews.net\/index.php?rest_route=\/wp\/v2\/posts\/71105","targetHints":{"allow":["GET"]}}],"collection":[{"href":"https:\/\/lesvolcansnews.net\/index.php?rest_route=\/wp\/v2\/posts"}],"about":[{"href":"https:\/\/lesvolcansnews.net\/index.php?rest_route=\/wp\/v2\/types\/post"}],"author":[{"embeddable":true,"href":"https:\/\/lesvolcansnews.net\/index.php?rest_route=\/wp\/v2\/users\/14"}],"replies":[{"embeddable":true,"href":"https:\/\/lesvolcansnews.net\/index.php?rest_route=%2Fwp%2Fv2%2Fcomments&post=71105"}],"version-history":[{"count":1,"href":"https:\/\/lesvolcansnews.net\/index.php?rest_route=\/wp\/v2\/posts\/71105\/revisions"}],"predecessor-version":[{"id":71106,"href":"https:\/\/lesvolcansnews.net\/index.php?rest_route=\/wp\/v2\/posts\/71105\/revisions\/71106"}],"wp:featuredmedia":[{"embeddable":true,"href":"https:\/\/lesvolcansnews.net\/index.php?rest_route=\/wp\/v2\/media\/71108"}],"wp:attachment":[{"href":"https:\/\/lesvolcansnews.net\/index.php?rest_route=%2Fwp%2Fv2%2Fmedia&parent=71105"}],"wp:term":[{"taxonomy":"category","embeddable":true,"href":"https:\/\/lesvolcansnews.net\/index.php?rest_route=%2Fwp%2Fv2%2Fcategories&post=71105"},{"taxonomy":"post_tag","embeddable":true,"href":"https:\/\/lesvolcansnews.net\/index.php?rest_route=%2Fwp%2Fv2%2Ftags&post=71105"}],"curies":[{"name":"wp","href":"https:\/\/api.w.org\/{rel}","templated":true}]}}