{"id":71075,"date":"2025-12-02T17:11:57","date_gmt":"2025-12-02T15:11:57","guid":{"rendered":"https:\/\/lesvolcansnews.net\/?p=71075"},"modified":"2025-12-02T17:11:57","modified_gmt":"2025-12-02T15:11:57","slug":"mandat-de-bintou-keita-il-y-a-absurdite-entre-ses-propos-et-la-realite-sur-terrain-christophe-muyisa","status":"publish","type":"post","link":"https:\/\/lesvolcansnews.net\/?p=71075","title":{"rendered":"Mandat de Bintou Keita : Il y a absurdit\u00e9 entre ses propos et la r\u00e9alit\u00e9 sur terrain (Christophe MUYISA)"},"content":{"rendered":"<p><strong>L&#8217;Activiste citoyen et chercheur ind\u00e9pendant, Christophe MUYISA trouve une absurdit\u00e9 entre les propos de la cheffe de la Monusco et la r\u00e9alit\u00e9 sur terrain<\/strong>. <\/p>\n<p>Arriv\u00e9e en RDC en mars 2021 pour remplacer l&#8217;alg\u00e9rienne Le\u00efla Zerrougui, la Repr\u00e9sentante sp\u00e9ciale du Secr\u00e9taire g\u00e9n\u00e9ral des Nations Unies en RDC, Bintou Keita est arriv\u00e9e fin mandat le 30 nombre dernier. <\/p>\n<p>S&#8217;exprimant sur bilan, elle a laiss\u00e9 entendre que durant son mandat, la Monusco a prot\u00e9g\u00e9 des milliers de civils et a facilit\u00e9 le d\u00e9ploiement des kits \u00e9lectoraux lors des \u00e9lections de 2023. <\/p>\n<p>Cependant pour cet activiste, ce bilan vant\u00e9 est non seulement mitig\u00e9 mais aussi non r\u00e9aliste au vu de la situation sur terrain. <\/p>\n<p>&#8220;Vous remarquerez que depuis que Bintou Keita est \u00e0 la t\u00eate de la Monusco en RDC, il y&#8217;a plusieurs rat\u00e9es, notamment ce sentiment anti Monusco qui s&#8217;est d\u00e9velopp\u00e9 dans les chefs de la population apr\u00e8s avoir constat\u00e9 plusieurs \u00e9checs. \u00c0 force de voir les manifestations contre l&#8217;inaction de la Monusco, les agents de la Monusco ont en tout cas, tir\u00e9 sur les citoyens, est ce que c&#8217;est \u00e7a prot\u00e9ger les civils ? Au del\u00e0 de \u00e7a, c&#8217;est au courant du mandat de Madame Bintou Keita que la guerre est devenue interminable. C&#8217;est sous le mandat de Bintou Keita qu&#8217;on a bombard\u00e9 un h\u00e9licopt\u00e8re pakistanais de la Monusco dans le territoire de Rutshuru, la chut de la ville de Goma avec leur fameuse op\u00e9ration appel\u00e9e spring bok, tout cela rentre dans le passif de madame Bintou Keita. Et aujourd&#8217;hui on ne peut pas se vanter d&#8217;avoir aid\u00e9 le d\u00e9ploiement de kits \u00e9lectoraux, qui revient \u00e0 la responsabilit\u00e9 r\u00e9galienne de l&#8217;\u00c9tat congolais. Moi je pense madame Bintou Keita a un pass\u00e9 tr\u00e8s sombre pour lequel elle ne pouvait m\u00eame pas \u00eatre fier&#8221; estime Christophe MUYISA <\/p>\n<p>Notez qu&#8217;apres le d\u00e9part de Bintou Keita, c&#8217;est Vivian Van de Perre qui prendra le b\u00e2ton de commande le 28 d\u00e9cembre prochain mais avant cette \u00e9tape, c&#8217;est Bruno les Marquis, Repr\u00e9sentant sp\u00e9cial adjoint du secr\u00e9taire g\u00e9n\u00e9ral de l&#8217;ONU et coordinateur humanitaire de la Monusco qui assumera l&#8217;int\u00e9rim rapportent nos sources. <\/p>\n<p>Victoire Muliwavyo<\/p>\n","protected":false},"excerpt":{"rendered":"<p>L&#8217;Activiste citoyen et chercheur ind\u00e9pendant, Christophe MUYISA trouve une absurdit\u00e9 entre les propos de la cheffe de la Monusco et la r\u00e9alit\u00e9 sur terrain. Arriv\u00e9e en RDC en mars 2021<\/p>\n","protected":false},"author":14,"featured_media":71077,"comment_status":"open","ping_status":"open","sticky":false,"template":"","format":"standard","meta":{"footnotes":""},"categories":[1,32],"tags":[],"class_list":["post-71075","post","type-post","status-publish","format-standard","has-post-thumbnail","hentry","category-actualite","category-securite"],"yoast_head":"<!-- This site is optimized with the Yoast SEO plugin v27.5 - https:\/\/yoast.com\/product\/yoast-seo-wordpress\/ -->\n<title>Mandat de Bintou Keita : Il y a absurdit\u00e9 entre ses propos et la r\u00e9alit\u00e9 sur terrain (Christophe MUYISA) - LES VOLCANS NEWS<\/title>\n<meta name=\"robots\" content=\"index, follow, max-snippet:-1, max-image-preview:large, max-video-preview:-1\" \/>\n<link rel=\"canonical\" href=\"https:\/\/lesvolcansnews.net\/?p=71075\" \/>\n<meta property=\"og:locale\" content=\"fr_FR\" \/>\n<meta property=\"og:type\" content=\"article\" \/>\n<meta property=\"og:title\" content=\"Mandat de Bintou Keita : Il y a absurdit\u00e9 entre ses propos et la r\u00e9alit\u00e9 sur terrain (Christophe MUYISA) - LES VOLCANS NEWS\" \/>\n<meta property=\"og:description\" content=\"L&#8217;Activiste citoyen et chercheur ind\u00e9pendant, Christophe MUYISA trouve une absurdit\u00e9 entre les propos de la cheffe de la Monusco et la r\u00e9alit\u00e9 sur terrain. Arriv\u00e9e en RDC en mars 2021\" \/>\n<meta property=\"og:url\" content=\"https:\/\/lesvolcansnews.net\/?p=71075\" \/>\n<meta property=\"og:site_name\" content=\"LES VOLCANS NEWS\" \/>\n<meta property=\"article:published_time\" content=\"2025-12-02T15:11:57+00:00\" \/>\n<meta property=\"og:image\" content=\"https:\/\/lesvolcansnews.net\/wp-content\/uploads\/2025\/12\/IMG-20251202-WA0110.jpg\" \/>\n\t<meta property=\"og:image:width\" content=\"554\" \/>\n\t<meta property=\"og:image:height\" content=\"554\" \/>\n\t<meta property=\"og:image:type\" content=\"image\/jpeg\" \/>\n<meta name=\"author\" content=\"R\u00e9daction - Les Volcans News\" \/>\n<meta name=\"twitter:card\" content=\"summary_large_image\" \/>\n<meta name=\"twitter:label1\" content=\"\u00c9crit par\" \/>\n\t<meta name=\"twitter:data1\" content=\"R\u00e9daction - Les Volcans News\" \/>\n\t<meta name=\"twitter:label2\" content=\"Dur\u00e9e de lecture estim\u00e9e\" \/>\n\t<meta name=\"twitter:data2\" content=\"2 minutes\" \/>\n<script type=\"application\/ld+json\" class=\"yoast-schema-graph\">{\"@context\":\"https:\\\/\\\/schema.org\",\"@graph\":[{\"@type\":\"Article\",\"@id\":\"https:\\\/\\\/lesvolcansnews.net\\\/?p=71075#article\",\"isPartOf\":{\"@id\":\"https:\\\/\\\/lesvolcansnews.net\\\/?p=71075\"},\"author\":{\"name\":\"R\u00e9daction - Les Volcans News\",\"@id\":\"https:\\\/\\\/lesvolcansnews.net\\\/#\\\/schema\\\/person\\\/82c8bed2e77879ecf6cca63441f57354\"},\"headline\":\"Mandat de Bintou Keita : Il y a absurdit\u00e9 entre ses propos et la r\u00e9alit\u00e9 sur terrain (Christophe MUYISA)\",\"datePublished\":\"2025-12-02T15:11:57+00:00\",\"mainEntityOfPage\":{\"@id\":\"https:\\\/\\\/lesvolcansnews.net\\\/?p=71075\"},\"wordCount\":410,\"commentCount\":0,\"image\":{\"@id\":\"https:\\\/\\\/lesvolcansnews.net\\\/?p=71075#primaryimage\"},\"thumbnailUrl\":\"https:\\\/\\\/lesvolcansnews.net\\\/wp-content\\\/uploads\\\/2025\\\/12\\\/IMG-20251202-WA0110.jpg\",\"articleSection\":[\"ACTUALIT\u00c9\",\"S\u00c9CURIT\u00c9\"],\"inLanguage\":\"fr-FR\",\"potentialAction\":[{\"@type\":\"CommentAction\",\"name\":\"Comment\",\"target\":[\"https:\\\/\\\/lesvolcansnews.net\\\/?p=71075#respond\"]}]},{\"@type\":\"WebPage\",\"@id\":\"https:\\\/\\\/lesvolcansnews.net\\\/?p=71075\",\"url\":\"https:\\\/\\\/lesvolcansnews.net\\\/?p=71075\",\"name\":\"Mandat de Bintou Keita : Il y a absurdit\u00e9 entre ses propos et la r\u00e9alit\u00e9 sur terrain (Christophe MUYISA) - LES VOLCANS NEWS\",\"isPartOf\":{\"@id\":\"https:\\\/\\\/lesvolcansnews.net\\\/#website\"},\"primaryImageOfPage\":{\"@id\":\"https:\\\/\\\/lesvolcansnews.net\\\/?p=71075#primaryimage\"},\"image\":{\"@id\":\"https:\\\/\\\/lesvolcansnews.net\\\/?p=71075#primaryimage\"},\"thumbnailUrl\":\"https:\\\/\\\/lesvolcansnews.net\\\/wp-content\\\/uploads\\\/2025\\\/12\\\/IMG-20251202-WA0110.jpg\",\"datePublished\":\"2025-12-02T15:11:57+00:00\",\"author\":{\"@id\":\"https:\\\/\\\/lesvolcansnews.net\\\/#\\\/schema\\\/person\\\/82c8bed2e77879ecf6cca63441f57354\"},\"breadcrumb\":{\"@id\":\"https:\\\/\\\/lesvolcansnews.net\\\/?p=71075#breadcrumb\"},\"inLanguage\":\"fr-FR\",\"potentialAction\":[{\"@type\":\"ReadAction\",\"target\":[\"https:\\\/\\\/lesvolcansnews.net\\\/?p=71075\"]}]},{\"@type\":\"ImageObject\",\"inLanguage\":\"fr-FR\",\"@id\":\"https:\\\/\\\/lesvolcansnews.net\\\/?p=71075#primaryimage\",\"url\":\"https:\\\/\\\/lesvolcansnews.net\\\/wp-content\\\/uploads\\\/2025\\\/12\\\/IMG-20251202-WA0110.jpg\",\"contentUrl\":\"https:\\\/\\\/lesvolcansnews.net\\\/wp-content\\\/uploads\\\/2025\\\/12\\\/IMG-20251202-WA0110.jpg\",\"width\":554,\"height\":554},{\"@type\":\"BreadcrumbList\",\"@id\":\"https:\\\/\\\/lesvolcansnews.net\\\/?p=71075#breadcrumb\",\"itemListElement\":[{\"@type\":\"ListItem\",\"position\":1,\"name\":\"Accueil\",\"item\":\"https:\\\/\\\/lesvolcansnews.net\\\/\"},{\"@type\":\"ListItem\",\"position\":2,\"name\":\"Mandat de Bintou Keita : Il y a absurdit\u00e9 entre ses propos et la r\u00e9alit\u00e9 sur terrain (Christophe MUYISA)\"}]},{\"@type\":\"WebSite\",\"@id\":\"https:\\\/\\\/lesvolcansnews.net\\\/#website\",\"url\":\"https:\\\/\\\/lesvolcansnews.net\\\/\",\"name\":\"LES VOLCANS NEWS\",\"description\":\"L&#039;INFORMATION C&#039;EST NOUS\",\"potentialAction\":[{\"@type\":\"SearchAction\",\"target\":{\"@type\":\"EntryPoint\",\"urlTemplate\":\"https:\\\/\\\/lesvolcansnews.net\\\/?s={search_term_string}\"},\"query-input\":{\"@type\":\"PropertyValueSpecification\",\"valueRequired\":true,\"valueName\":\"search_term_string\"}}],\"inLanguage\":\"fr-FR\"},{\"@type\":\"Person\",\"@id\":\"https:\\\/\\\/lesvolcansnews.net\\\/#\\\/schema\\\/person\\\/82c8bed2e77879ecf6cca63441f57354\",\"name\":\"R\u00e9daction - Les Volcans News\",\"image\":{\"@type\":\"ImageObject\",\"inLanguage\":\"fr-FR\",\"@id\":\"https:\\\/\\\/secure.gravatar.com\\\/avatar\\\/8408942dd851e8a9c09f3d382a661bc05d2b3cd9002139bc1795b9528cdc6c80?s=96&d=mm&r=g\",\"url\":\"https:\\\/\\\/secure.gravatar.com\\\/avatar\\\/8408942dd851e8a9c09f3d382a661bc05d2b3cd9002139bc1795b9528cdc6c80?s=96&d=mm&r=g\",\"contentUrl\":\"https:\\\/\\\/secure.gravatar.com\\\/avatar\\\/8408942dd851e8a9c09f3d382a661bc05d2b3cd9002139bc1795b9528cdc6c80?s=96&d=mm&r=g\",\"caption\":\"R\u00e9daction - Les Volcans News\"},\"url\":\"https:\\\/\\\/lesvolcansnews.net\\\/?author=14\"}]}<\/script>\n<!-- \/ Yoast SEO plugin. -->","yoast_head_json":{"title":"Mandat de Bintou Keita : Il y a absurdit\u00e9 entre ses propos et la r\u00e9alit\u00e9 sur terrain (Christophe MUYISA) - LES VOLCANS NEWS","robots":{"index":"index","follow":"follow","max-snippet":"max-snippet:-1","max-image-preview":"max-image-preview:large","max-video-preview":"max-video-preview:-1"},"canonical":"https:\/\/lesvolcansnews.net\/?p=71075","og_locale":"fr_FR","og_type":"article","og_title":"Mandat de Bintou Keita : Il y a absurdit\u00e9 entre ses propos et la r\u00e9alit\u00e9 sur terrain (Christophe MUYISA) - LES VOLCANS NEWS","og_description":"L&#8217;Activiste citoyen et chercheur ind\u00e9pendant, Christophe MUYISA trouve une absurdit\u00e9 entre les propos de la cheffe de la Monusco et la r\u00e9alit\u00e9 sur terrain. Arriv\u00e9e en RDC en mars 2021","og_url":"https:\/\/lesvolcansnews.net\/?p=71075","og_site_name":"LES VOLCANS NEWS","article_published_time":"2025-12-02T15:11:57+00:00","og_image":[{"width":554,"height":554,"url":"https:\/\/lesvolcansnews.net\/wp-content\/uploads\/2025\/12\/IMG-20251202-WA0110.jpg","type":"image\/jpeg"}],"author":"R\u00e9daction - Les Volcans News","twitter_card":"summary_large_image","twitter_misc":{"\u00c9crit par":"R\u00e9daction - Les Volcans News","Dur\u00e9e de lecture estim\u00e9e":"2 minutes"},"schema":{"@context":"https:\/\/schema.org","@graph":[{"@type":"Article","@id":"https:\/\/lesvolcansnews.net\/?p=71075#article","isPartOf":{"@id":"https:\/\/lesvolcansnews.net\/?p=71075"},"author":{"name":"R\u00e9daction - Les Volcans News","@id":"https:\/\/lesvolcansnews.net\/#\/schema\/person\/82c8bed2e77879ecf6cca63441f57354"},"headline":"Mandat de Bintou Keita : Il y a absurdit\u00e9 entre ses propos et la r\u00e9alit\u00e9 sur terrain (Christophe MUYISA)","datePublished":"2025-12-02T15:11:57+00:00","mainEntityOfPage":{"@id":"https:\/\/lesvolcansnews.net\/?p=71075"},"wordCount":410,"commentCount":0,"image":{"@id":"https:\/\/lesvolcansnews.net\/?p=71075#primaryimage"},"thumbnailUrl":"https:\/\/lesvolcansnews.net\/wp-content\/uploads\/2025\/12\/IMG-20251202-WA0110.jpg","articleSection":["ACTUALIT\u00c9","S\u00c9CURIT\u00c9"],"inLanguage":"fr-FR","potentialAction":[{"@type":"CommentAction","name":"Comment","target":["https:\/\/lesvolcansnews.net\/?p=71075#respond"]}]},{"@type":"WebPage","@id":"https:\/\/lesvolcansnews.net\/?p=71075","url":"https:\/\/lesvolcansnews.net\/?p=71075","name":"Mandat de Bintou Keita : Il y a absurdit\u00e9 entre ses propos et la r\u00e9alit\u00e9 sur terrain (Christophe MUYISA) - LES VOLCANS NEWS","isPartOf":{"@id":"https:\/\/lesvolcansnews.net\/#website"},"primaryImageOfPage":{"@id":"https:\/\/lesvolcansnews.net\/?p=71075#primaryimage"},"image":{"@id":"https:\/\/lesvolcansnews.net\/?p=71075#primaryimage"},"thumbnailUrl":"https:\/\/lesvolcansnews.net\/wp-content\/uploads\/2025\/12\/IMG-20251202-WA0110.jpg","datePublished":"2025-12-02T15:11:57+00:00","author":{"@id":"https:\/\/lesvolcansnews.net\/#\/schema\/person\/82c8bed2e77879ecf6cca63441f57354"},"breadcrumb":{"@id":"https:\/\/lesvolcansnews.net\/?p=71075#breadcrumb"},"inLanguage":"fr-FR","potentialAction":[{"@type":"ReadAction","target":["https:\/\/lesvolcansnews.net\/?p=71075"]}]},{"@type":"ImageObject","inLanguage":"fr-FR","@id":"https:\/\/lesvolcansnews.net\/?p=71075#primaryimage","url":"https:\/\/lesvolcansnews.net\/wp-content\/uploads\/2025\/12\/IMG-20251202-WA0110.jpg","contentUrl":"https:\/\/lesvolcansnews.net\/wp-content\/uploads\/2025\/12\/IMG-20251202-WA0110.jpg","width":554,"height":554},{"@type":"BreadcrumbList","@id":"https:\/\/lesvolcansnews.net\/?p=71075#breadcrumb","itemListElement":[{"@type":"ListItem","position":1,"name":"Accueil","item":"https:\/\/lesvolcansnews.net\/"},{"@type":"ListItem","position":2,"name":"Mandat de Bintou Keita : Il y a absurdit\u00e9 entre ses propos et la r\u00e9alit\u00e9 sur terrain (Christophe MUYISA)"}]},{"@type":"WebSite","@id":"https:\/\/lesvolcansnews.net\/#website","url":"https:\/\/lesvolcansnews.net\/","name":"LES VOLCANS NEWS","description":"L&#039;INFORMATION C&#039;EST NOUS","potentialAction":[{"@type":"SearchAction","target":{"@type":"EntryPoint","urlTemplate":"https:\/\/lesvolcansnews.net\/?s={search_term_string}"},"query-input":{"@type":"PropertyValueSpecification","valueRequired":true,"valueName":"search_term_string"}}],"inLanguage":"fr-FR"},{"@type":"Person","@id":"https:\/\/lesvolcansnews.net\/#\/schema\/person\/82c8bed2e77879ecf6cca63441f57354","name":"R\u00e9daction - Les Volcans News","image":{"@type":"ImageObject","inLanguage":"fr-FR","@id":"https:\/\/secure.gravatar.com\/avatar\/8408942dd851e8a9c09f3d382a661bc05d2b3cd9002139bc1795b9528cdc6c80?s=96&d=mm&r=g","url":"https:\/\/secure.gravatar.com\/avatar\/8408942dd851e8a9c09f3d382a661bc05d2b3cd9002139bc1795b9528cdc6c80?s=96&d=mm&r=g","contentUrl":"https:\/\/secure.gravatar.com\/avatar\/8408942dd851e8a9c09f3d382a661bc05d2b3cd9002139bc1795b9528cdc6c80?s=96&d=mm&r=g","caption":"R\u00e9daction - Les Volcans News"},"url":"https:\/\/lesvolcansnews.net\/?author=14"}]}},"_links":{"self":[{"href":"https:\/\/lesvolcansnews.net\/index.php?rest_route=\/wp\/v2\/posts\/71075","targetHints":{"allow":["GET"]}}],"collection":[{"href":"https:\/\/lesvolcansnews.net\/index.php?rest_route=\/wp\/v2\/posts"}],"about":[{"href":"https:\/\/lesvolcansnews.net\/index.php?rest_route=\/wp\/v2\/types\/post"}],"author":[{"embeddable":true,"href":"https:\/\/lesvolcansnews.net\/index.php?rest_route=\/wp\/v2\/users\/14"}],"replies":[{"embeddable":true,"href":"https:\/\/lesvolcansnews.net\/index.php?rest_route=%2Fwp%2Fv2%2Fcomments&post=71075"}],"version-history":[{"count":2,"href":"https:\/\/lesvolcansnews.net\/index.php?rest_route=\/wp\/v2\/posts\/71075\/revisions"}],"predecessor-version":[{"id":71079,"href":"https:\/\/lesvolcansnews.net\/index.php?rest_route=\/wp\/v2\/posts\/71075\/revisions\/71079"}],"wp:featuredmedia":[{"embeddable":true,"href":"https:\/\/lesvolcansnews.net\/index.php?rest_route=\/wp\/v2\/media\/71077"}],"wp:attachment":[{"href":"https:\/\/lesvolcansnews.net\/index.php?rest_route=%2Fwp%2Fv2%2Fmedia&parent=71075"}],"wp:term":[{"taxonomy":"category","embeddable":true,"href":"https:\/\/lesvolcansnews.net\/index.php?rest_route=%2Fwp%2Fv2%2Fcategories&post=71075"},{"taxonomy":"post_tag","embeddable":true,"href":"https:\/\/lesvolcansnews.net\/index.php?rest_route=%2Fwp%2Fv2%2Ftags&post=71075"}],"curies":[{"name":"wp","href":"https:\/\/api.w.org\/{rel}","templated":true}]}}