{"id":71074,"date":"2025-12-02T14:03:24","date_gmt":"2025-12-02T12:03:24","guid":{"rendered":"https:\/\/lesvolcansnews.net\/2025\/12\/02\/fardc-nous-avons-deploye-des-renforts-et-la-situation-est-sous-controle-dans-de-nombreux-secteurs\/"},"modified":"2025-12-02T14:03:24","modified_gmt":"2025-12-02T12:03:24","slug":"fardc-nous-avons-deploye-des-renforts-et-la-situation-est-sous-controle-dans-de-nombreux-secteurs","status":"publish","type":"post","link":"https:\/\/lesvolcansnews.net\/?p=71074","title":{"rendered":"FARDC: &#8220;Nous avons d\u00e9ploy\u00e9 des renforts, et la situation est sous contr\u00f4le dans de nombreux secteurs&#8221;"},"content":{"rendered":"\n<p><\/p>\n\n\n\n<p>Ce mardi 02 d\u00e9cembre 2025, des affrontements violents ont \u00e9clat\u00e9 dans la r\u00e9gion du Sud-Kivu, alors que des \u00e9l\u00e9ments de la coalition AFC\/M23 ont lanc\u00e9 plusieurs attaques contre des positions des Forces Arm\u00e9es de la R\u00e9publique D\u00e9mocratique du Congo (FARDC).<\/p>\n\n\n\n<p>Le g\u00e9n\u00e9ral de brigade Ilunga Kabamba Jean-Jacques, commandant de la 33e r\u00e9gion militaire et de la Task Force du Sud-Kivu, a inform\u00e9 la population locale des attaques survenues particuli\u00e8rement le long de l&#8217;axe Katogota-Luvungi, dans le territoire d\u2019Uvira.<\/p>\n\n\n\n<p>Les attaques se sont intensifi\u00e9es t\u00f4t dans la matin\u00e9e, avec l\u2019AFC\/M23 ciblant plusieurs positions strat\u00e9giques des FARDC, notamment \u00e0 Katogota, Luvungi, Minembwe, Kaziba, Kasika, et Civanga-Hombo.<\/p>\n\n\n\n<p>Le g\u00e9n\u00e9ral Ilunga Kabamba a pr\u00e9cis\u00e9 que, malgr\u00e9 la violence des attaques, les FARDC avaient r\u00e9agi avec un grand professionnalisme, d\u00e9ployant des renforts et parvenant \u00e0 stabiliser la situation dans plusieurs secteurs.<\/p>\n\n\n\n<p>&#8220;Les FARDC continuent de d\u00e9fendre vaillamment l&#8217;int\u00e9grit\u00e9 du territoire national&#8221;, a-t-il d\u00e9clar\u00e9.<\/p>\n\n\n\n<p>&#8220;Nous avons d\u00e9ploy\u00e9 des renforts, et la situation est sous contr\u00f4le dans de nombreux secteurs&#8221;, a-t-il ajout\u00e9.<\/p>\n\n\n\n<p>Les FARDC ont exprim\u00e9 leur indignation face \u00e0 ces nouvelles agressions, soulignant qu&#8217;elles contreviennent aux accords de cessation des hostilit\u00e9s sign\u00e9s dans le cadre des n\u00e9gociations de paix soutenues par la communaut\u00e9 internationale, notamment les \u00c9tats-Unis et le Qatar.<\/p>\n\n\n\n<p>Le porte-parole des FARDC, le g\u00e9n\u00e9ral major Sylvain Ekenge Bomusa Efomi, a d\u00e9nonc\u00e9 cette escalade de violence et a accus\u00e9 la coalition AFC\/M23 de chercher \u00e0 saboter les efforts internationaux pour instaurer la paix dans l\u2019Est du pays.<\/p>\n\n\n\n<p>&#8220;Ces attaques d\u00e9montrent clairement la volont\u00e9 de cette coalition de d\u00e9truire les accords de paix de Washington et de Doha, et de perturber les efforts pour la restauration de la paix dans l&#8217;Est de la R\u00e9publique D\u00e9mocratique du Congo&#8221;, a d\u00e9clar\u00e9 Ekenge.<\/p>\n\n\n\n<p>En r\u00e9ponse \u00e0 cette nouvelle menace, le commandant de la 33e r\u00e9gion militaire, le g\u00e9n\u00e9ral Ilunga Kabamba, a appel\u00e9 la population \u00e0 ne pas c\u00e9der \u00e0 la panique ni aux rumeurs qui circulent. Il a r\u00e9affirm\u00e9 la d\u00e9termination des FARDC \u00e0 repousser les forces hostiles, tout en invitant la population \u00e0 se rassembler derri\u00e8re l&#8217;arm\u00e9e pour prot\u00e9ger leur pays.<\/p>\n\n\n\n<p>&#8220;Unis, nous vaincrons l&#8217;ennemi. La paix reste notre priorit\u00e9 et aucun acte de violence ne brisera notre d\u00e9termination&#8221;, a-t-il d\u00e9clar\u00e9.<\/p>\n\n\n\n<p>Les autorit\u00e9s militaires ont aussi encourag\u00e9 la population \u00e0 collaborer activement avec les forces de s\u00e9curit\u00e9, notamment en signalant tout mouvement suspect.<\/p>\n\n\n\n<p>&#8220;Nous invitons la population \u00e0 \u00e9viter les zones \u00e0 risque et \u00e0 rester vigilante face \u00e0 toute tentative de d\u00e9stabilisation&#8221;, a ajout\u00e9 le g\u00e9n\u00e9ral Ilunga.<\/p>\n\n\n\n<p>Les services de s\u00e9curit\u00e9 de la r\u00e9gion ont renforc\u00e9 les mesures de protection pour les civils et leurs biens.<\/p>\n\n\n\n<p>La situation demeure tendue, mais les autorit\u00e9s militaires assurent que les efforts pour maintenir l&#8217;ordre et la s\u00e9curit\u00e9 restent une priorit\u00e9. Le g\u00e9n\u00e9ral Kabamba a appel\u00e9 les forces de d\u00e9fense et de s\u00e9curit\u00e9 \u00e0 rester sur le qui-vive face \u00e0 toute nouvelle agression.<\/p>\n\n\n\n<p>Les tensions entre le Rwanda, la RDC et les groupes arm\u00e9s dans l&#8217;Est de la R\u00e9publique D\u00e9mocratique du Congo se sont intensifi\u00e9es ces derni\u00e8res ann\u00e9es, mettant en p\u00e9ril les efforts de paix soutenus par des acteurs internationaux tels que l&#8217;ONU et les pays de la r\u00e9gion des Grands Lacs. Les autorit\u00e9s congolaises ont r\u00e9it\u00e9r\u00e9 leur appel \u00e0 la communaut\u00e9 internationale pour exercer des pressions sur le Rwanda afin de mettre fin \u00e0 son soutien aux groupes arm\u00e9s op\u00e9rant dans l&#8217;Est du pays.<\/p>\n\n\n\n<p>r\u00e9daction<br \/>La<\/p>\n","protected":false},"excerpt":{"rendered":"<p>Ce mardi 02 d\u00e9cembre 2025, des affrontements violents ont \u00e9clat\u00e9 dans la r\u00e9gion du Sud-Kivu, alors que des \u00e9l\u00e9ments de la coalition AFC\/M23 ont lanc\u00e9 plusieurs attaques contre des positions<\/p>\n","protected":false},"author":14,"featured_media":71073,"comment_status":"open","ping_status":"open","sticky":false,"template":"","format":"standard","meta":{"footnotes":""},"categories":[1],"tags":[],"class_list":["post-71074","post","type-post","status-publish","format-standard","has-post-thumbnail","hentry","category-actualite"],"yoast_head":"<!-- This site is optimized with the Yoast SEO plugin v27.5 - https:\/\/yoast.com\/product\/yoast-seo-wordpress\/ -->\n<title>FARDC: &quot;Nous avons d\u00e9ploy\u00e9 des renforts, et la situation est sous contr\u00f4le dans de nombreux secteurs&quot; - LES VOLCANS NEWS<\/title>\n<meta name=\"robots\" content=\"index, follow, max-snippet:-1, max-image-preview:large, max-video-preview:-1\" \/>\n<link rel=\"canonical\" href=\"https:\/\/lesvolcansnews.net\/?p=71074\" \/>\n<meta property=\"og:locale\" content=\"fr_FR\" \/>\n<meta property=\"og:type\" content=\"article\" \/>\n<meta property=\"og:title\" content=\"FARDC: &quot;Nous avons d\u00e9ploy\u00e9 des renforts, et la situation est sous contr\u00f4le dans de nombreux secteurs&quot; - LES VOLCANS NEWS\" \/>\n<meta property=\"og:description\" content=\"Ce mardi 02 d\u00e9cembre 2025, des affrontements violents ont \u00e9clat\u00e9 dans la r\u00e9gion du Sud-Kivu, alors que des \u00e9l\u00e9ments de la coalition AFC\/M23 ont lanc\u00e9 plusieurs attaques contre des positions\" \/>\n<meta property=\"og:url\" content=\"https:\/\/lesvolcansnews.net\/?p=71074\" \/>\n<meta property=\"og:site_name\" content=\"LES VOLCANS NEWS\" \/>\n<meta property=\"article:published_time\" content=\"2025-12-02T12:03:24+00:00\" \/>\n<meta property=\"og:image\" content=\"https:\/\/lesvolcansnews.net\/wp-content\/uploads\/2025\/12\/image_editor_output_image1597257588-1764677014101.jpg\" \/>\n\t<meta property=\"og:image:width\" content=\"485\" \/>\n\t<meta property=\"og:image:height\" content=\"458\" \/>\n\t<meta property=\"og:image:type\" content=\"image\/jpeg\" \/>\n<meta name=\"author\" content=\"R\u00e9daction - Les Volcans News\" \/>\n<meta name=\"twitter:card\" content=\"summary_large_image\" \/>\n<meta name=\"twitter:label1\" content=\"\u00c9crit par\" \/>\n\t<meta name=\"twitter:data1\" content=\"R\u00e9daction - Les Volcans News\" \/>\n\t<meta name=\"twitter:label2\" content=\"Dur\u00e9e de lecture estim\u00e9e\" \/>\n\t<meta name=\"twitter:data2\" content=\"3 minutes\" \/>\n<script type=\"application\/ld+json\" class=\"yoast-schema-graph\">{\"@context\":\"https:\\\/\\\/schema.org\",\"@graph\":[{\"@type\":\"Article\",\"@id\":\"https:\\\/\\\/lesvolcansnews.net\\\/?p=71074#article\",\"isPartOf\":{\"@id\":\"https:\\\/\\\/lesvolcansnews.net\\\/?p=71074\"},\"author\":{\"name\":\"R\u00e9daction - Les Volcans News\",\"@id\":\"https:\\\/\\\/lesvolcansnews.net\\\/#\\\/schema\\\/person\\\/82c8bed2e77879ecf6cca63441f57354\"},\"headline\":\"FARDC: &#8220;Nous avons d\u00e9ploy\u00e9 des renforts, et la situation est sous contr\u00f4le dans de nombreux secteurs&#8221;\",\"datePublished\":\"2025-12-02T12:03:24+00:00\",\"mainEntityOfPage\":{\"@id\":\"https:\\\/\\\/lesvolcansnews.net\\\/?p=71074\"},\"wordCount\":643,\"commentCount\":0,\"image\":{\"@id\":\"https:\\\/\\\/lesvolcansnews.net\\\/?p=71074#primaryimage\"},\"thumbnailUrl\":\"https:\\\/\\\/lesvolcansnews.net\\\/wp-content\\\/uploads\\\/2025\\\/12\\\/image_editor_output_image1597257588-1764677014101.jpg\",\"articleSection\":[\"ACTUALIT\u00c9\"],\"inLanguage\":\"fr-FR\",\"potentialAction\":[{\"@type\":\"CommentAction\",\"name\":\"Comment\",\"target\":[\"https:\\\/\\\/lesvolcansnews.net\\\/?p=71074#respond\"]}]},{\"@type\":\"WebPage\",\"@id\":\"https:\\\/\\\/lesvolcansnews.net\\\/?p=71074\",\"url\":\"https:\\\/\\\/lesvolcansnews.net\\\/?p=71074\",\"name\":\"FARDC: \\\"Nous avons d\u00e9ploy\u00e9 des renforts, et la situation est sous contr\u00f4le dans de nombreux secteurs\\\" - LES VOLCANS NEWS\",\"isPartOf\":{\"@id\":\"https:\\\/\\\/lesvolcansnews.net\\\/#website\"},\"primaryImageOfPage\":{\"@id\":\"https:\\\/\\\/lesvolcansnews.net\\\/?p=71074#primaryimage\"},\"image\":{\"@id\":\"https:\\\/\\\/lesvolcansnews.net\\\/?p=71074#primaryimage\"},\"thumbnailUrl\":\"https:\\\/\\\/lesvolcansnews.net\\\/wp-content\\\/uploads\\\/2025\\\/12\\\/image_editor_output_image1597257588-1764677014101.jpg\",\"datePublished\":\"2025-12-02T12:03:24+00:00\",\"author\":{\"@id\":\"https:\\\/\\\/lesvolcansnews.net\\\/#\\\/schema\\\/person\\\/82c8bed2e77879ecf6cca63441f57354\"},\"breadcrumb\":{\"@id\":\"https:\\\/\\\/lesvolcansnews.net\\\/?p=71074#breadcrumb\"},\"inLanguage\":\"fr-FR\",\"potentialAction\":[{\"@type\":\"ReadAction\",\"target\":[\"https:\\\/\\\/lesvolcansnews.net\\\/?p=71074\"]}]},{\"@type\":\"ImageObject\",\"inLanguage\":\"fr-FR\",\"@id\":\"https:\\\/\\\/lesvolcansnews.net\\\/?p=71074#primaryimage\",\"url\":\"https:\\\/\\\/lesvolcansnews.net\\\/wp-content\\\/uploads\\\/2025\\\/12\\\/image_editor_output_image1597257588-1764677014101.jpg\",\"contentUrl\":\"https:\\\/\\\/lesvolcansnews.net\\\/wp-content\\\/uploads\\\/2025\\\/12\\\/image_editor_output_image1597257588-1764677014101.jpg\",\"width\":485,\"height\":458},{\"@type\":\"BreadcrumbList\",\"@id\":\"https:\\\/\\\/lesvolcansnews.net\\\/?p=71074#breadcrumb\",\"itemListElement\":[{\"@type\":\"ListItem\",\"position\":1,\"name\":\"Accueil\",\"item\":\"https:\\\/\\\/lesvolcansnews.net\\\/\"},{\"@type\":\"ListItem\",\"position\":2,\"name\":\"FARDC: &#8220;Nous avons d\u00e9ploy\u00e9 des renforts, et la situation est sous contr\u00f4le dans de nombreux secteurs&#8221;\"}]},{\"@type\":\"WebSite\",\"@id\":\"https:\\\/\\\/lesvolcansnews.net\\\/#website\",\"url\":\"https:\\\/\\\/lesvolcansnews.net\\\/\",\"name\":\"LES VOLCANS NEWS\",\"description\":\"L&#039;INFORMATION C&#039;EST NOUS\",\"potentialAction\":[{\"@type\":\"SearchAction\",\"target\":{\"@type\":\"EntryPoint\",\"urlTemplate\":\"https:\\\/\\\/lesvolcansnews.net\\\/?s={search_term_string}\"},\"query-input\":{\"@type\":\"PropertyValueSpecification\",\"valueRequired\":true,\"valueName\":\"search_term_string\"}}],\"inLanguage\":\"fr-FR\"},{\"@type\":\"Person\",\"@id\":\"https:\\\/\\\/lesvolcansnews.net\\\/#\\\/schema\\\/person\\\/82c8bed2e77879ecf6cca63441f57354\",\"name\":\"R\u00e9daction - Les Volcans News\",\"image\":{\"@type\":\"ImageObject\",\"inLanguage\":\"fr-FR\",\"@id\":\"https:\\\/\\\/secure.gravatar.com\\\/avatar\\\/8408942dd851e8a9c09f3d382a661bc05d2b3cd9002139bc1795b9528cdc6c80?s=96&d=mm&r=g\",\"url\":\"https:\\\/\\\/secure.gravatar.com\\\/avatar\\\/8408942dd851e8a9c09f3d382a661bc05d2b3cd9002139bc1795b9528cdc6c80?s=96&d=mm&r=g\",\"contentUrl\":\"https:\\\/\\\/secure.gravatar.com\\\/avatar\\\/8408942dd851e8a9c09f3d382a661bc05d2b3cd9002139bc1795b9528cdc6c80?s=96&d=mm&r=g\",\"caption\":\"R\u00e9daction - Les Volcans News\"},\"url\":\"https:\\\/\\\/lesvolcansnews.net\\\/?author=14\"}]}<\/script>\n<!-- \/ Yoast SEO plugin. -->","yoast_head_json":{"title":"FARDC: \"Nous avons d\u00e9ploy\u00e9 des renforts, et la situation est sous contr\u00f4le dans de nombreux secteurs\" - LES VOLCANS NEWS","robots":{"index":"index","follow":"follow","max-snippet":"max-snippet:-1","max-image-preview":"max-image-preview:large","max-video-preview":"max-video-preview:-1"},"canonical":"https:\/\/lesvolcansnews.net\/?p=71074","og_locale":"fr_FR","og_type":"article","og_title":"FARDC: \"Nous avons d\u00e9ploy\u00e9 des renforts, et la situation est sous contr\u00f4le dans de nombreux secteurs\" - LES VOLCANS NEWS","og_description":"Ce mardi 02 d\u00e9cembre 2025, des affrontements violents ont \u00e9clat\u00e9 dans la r\u00e9gion du Sud-Kivu, alors que des \u00e9l\u00e9ments de la coalition AFC\/M23 ont lanc\u00e9 plusieurs attaques contre des positions","og_url":"https:\/\/lesvolcansnews.net\/?p=71074","og_site_name":"LES VOLCANS NEWS","article_published_time":"2025-12-02T12:03:24+00:00","og_image":[{"width":485,"height":458,"url":"https:\/\/lesvolcansnews.net\/wp-content\/uploads\/2025\/12\/image_editor_output_image1597257588-1764677014101.jpg","type":"image\/jpeg"}],"author":"R\u00e9daction - Les Volcans News","twitter_card":"summary_large_image","twitter_misc":{"\u00c9crit par":"R\u00e9daction - Les Volcans News","Dur\u00e9e de lecture estim\u00e9e":"3 minutes"},"schema":{"@context":"https:\/\/schema.org","@graph":[{"@type":"Article","@id":"https:\/\/lesvolcansnews.net\/?p=71074#article","isPartOf":{"@id":"https:\/\/lesvolcansnews.net\/?p=71074"},"author":{"name":"R\u00e9daction - Les Volcans News","@id":"https:\/\/lesvolcansnews.net\/#\/schema\/person\/82c8bed2e77879ecf6cca63441f57354"},"headline":"FARDC: &#8220;Nous avons d\u00e9ploy\u00e9 des renforts, et la situation est sous contr\u00f4le dans de nombreux secteurs&#8221;","datePublished":"2025-12-02T12:03:24+00:00","mainEntityOfPage":{"@id":"https:\/\/lesvolcansnews.net\/?p=71074"},"wordCount":643,"commentCount":0,"image":{"@id":"https:\/\/lesvolcansnews.net\/?p=71074#primaryimage"},"thumbnailUrl":"https:\/\/lesvolcansnews.net\/wp-content\/uploads\/2025\/12\/image_editor_output_image1597257588-1764677014101.jpg","articleSection":["ACTUALIT\u00c9"],"inLanguage":"fr-FR","potentialAction":[{"@type":"CommentAction","name":"Comment","target":["https:\/\/lesvolcansnews.net\/?p=71074#respond"]}]},{"@type":"WebPage","@id":"https:\/\/lesvolcansnews.net\/?p=71074","url":"https:\/\/lesvolcansnews.net\/?p=71074","name":"FARDC: \"Nous avons d\u00e9ploy\u00e9 des renforts, et la situation est sous contr\u00f4le dans de nombreux secteurs\" - LES VOLCANS NEWS","isPartOf":{"@id":"https:\/\/lesvolcansnews.net\/#website"},"primaryImageOfPage":{"@id":"https:\/\/lesvolcansnews.net\/?p=71074#primaryimage"},"image":{"@id":"https:\/\/lesvolcansnews.net\/?p=71074#primaryimage"},"thumbnailUrl":"https:\/\/lesvolcansnews.net\/wp-content\/uploads\/2025\/12\/image_editor_output_image1597257588-1764677014101.jpg","datePublished":"2025-12-02T12:03:24+00:00","author":{"@id":"https:\/\/lesvolcansnews.net\/#\/schema\/person\/82c8bed2e77879ecf6cca63441f57354"},"breadcrumb":{"@id":"https:\/\/lesvolcansnews.net\/?p=71074#breadcrumb"},"inLanguage":"fr-FR","potentialAction":[{"@type":"ReadAction","target":["https:\/\/lesvolcansnews.net\/?p=71074"]}]},{"@type":"ImageObject","inLanguage":"fr-FR","@id":"https:\/\/lesvolcansnews.net\/?p=71074#primaryimage","url":"https:\/\/lesvolcansnews.net\/wp-content\/uploads\/2025\/12\/image_editor_output_image1597257588-1764677014101.jpg","contentUrl":"https:\/\/lesvolcansnews.net\/wp-content\/uploads\/2025\/12\/image_editor_output_image1597257588-1764677014101.jpg","width":485,"height":458},{"@type":"BreadcrumbList","@id":"https:\/\/lesvolcansnews.net\/?p=71074#breadcrumb","itemListElement":[{"@type":"ListItem","position":1,"name":"Accueil","item":"https:\/\/lesvolcansnews.net\/"},{"@type":"ListItem","position":2,"name":"FARDC: &#8220;Nous avons d\u00e9ploy\u00e9 des renforts, et la situation est sous contr\u00f4le dans de nombreux secteurs&#8221;"}]},{"@type":"WebSite","@id":"https:\/\/lesvolcansnews.net\/#website","url":"https:\/\/lesvolcansnews.net\/","name":"LES VOLCANS NEWS","description":"L&#039;INFORMATION C&#039;EST NOUS","potentialAction":[{"@type":"SearchAction","target":{"@type":"EntryPoint","urlTemplate":"https:\/\/lesvolcansnews.net\/?s={search_term_string}"},"query-input":{"@type":"PropertyValueSpecification","valueRequired":true,"valueName":"search_term_string"}}],"inLanguage":"fr-FR"},{"@type":"Person","@id":"https:\/\/lesvolcansnews.net\/#\/schema\/person\/82c8bed2e77879ecf6cca63441f57354","name":"R\u00e9daction - Les Volcans News","image":{"@type":"ImageObject","inLanguage":"fr-FR","@id":"https:\/\/secure.gravatar.com\/avatar\/8408942dd851e8a9c09f3d382a661bc05d2b3cd9002139bc1795b9528cdc6c80?s=96&d=mm&r=g","url":"https:\/\/secure.gravatar.com\/avatar\/8408942dd851e8a9c09f3d382a661bc05d2b3cd9002139bc1795b9528cdc6c80?s=96&d=mm&r=g","contentUrl":"https:\/\/secure.gravatar.com\/avatar\/8408942dd851e8a9c09f3d382a661bc05d2b3cd9002139bc1795b9528cdc6c80?s=96&d=mm&r=g","caption":"R\u00e9daction - Les Volcans News"},"url":"https:\/\/lesvolcansnews.net\/?author=14"}]}},"_links":{"self":[{"href":"https:\/\/lesvolcansnews.net\/index.php?rest_route=\/wp\/v2\/posts\/71074","targetHints":{"allow":["GET"]}}],"collection":[{"href":"https:\/\/lesvolcansnews.net\/index.php?rest_route=\/wp\/v2\/posts"}],"about":[{"href":"https:\/\/lesvolcansnews.net\/index.php?rest_route=\/wp\/v2\/types\/post"}],"author":[{"embeddable":true,"href":"https:\/\/lesvolcansnews.net\/index.php?rest_route=\/wp\/v2\/users\/14"}],"replies":[{"embeddable":true,"href":"https:\/\/lesvolcansnews.net\/index.php?rest_route=%2Fwp%2Fv2%2Fcomments&post=71074"}],"version-history":[{"count":0,"href":"https:\/\/lesvolcansnews.net\/index.php?rest_route=\/wp\/v2\/posts\/71074\/revisions"}],"wp:featuredmedia":[{"embeddable":true,"href":"https:\/\/lesvolcansnews.net\/index.php?rest_route=\/wp\/v2\/media\/71073"}],"wp:attachment":[{"href":"https:\/\/lesvolcansnews.net\/index.php?rest_route=%2Fwp%2Fv2%2Fmedia&parent=71074"}],"wp:term":[{"taxonomy":"category","embeddable":true,"href":"https:\/\/lesvolcansnews.net\/index.php?rest_route=%2Fwp%2Fv2%2Fcategories&post=71074"},{"taxonomy":"post_tag","embeddable":true,"href":"https:\/\/lesvolcansnews.net\/index.php?rest_route=%2Fwp%2Fv2%2Ftags&post=71074"}],"curies":[{"name":"wp","href":"https:\/\/api.w.org\/{rel}","templated":true}]}}