{"id":71066,"date":"2025-12-02T13:04:35","date_gmt":"2025-12-02T11:04:35","guid":{"rendered":"https:\/\/lesvolcansnews.net\/?p=71066"},"modified":"2025-12-02T13:04:35","modified_gmt":"2025-12-02T11:04:35","slug":"journee-mondiale-contre-le-sida-il-faut-renforcer-les-sensibilisations-olivier-mahirwe","status":"publish","type":"post","link":"https:\/\/lesvolcansnews.net\/?p=71066","title":{"rendered":"Journ\u00e9e Mondiale contre le SIDA : il faut renforcer les sensibilisations (Olivier Mahirwe)"},"content":{"rendered":"<p><strong>Les sensibilisations doivent \u00eatre renforc\u00e9es afin de pr\u00e9venir la propagation de la maladie du VIH\/Sida, estime le d\u00e9l\u00e9gu\u00e9 facultaire adjoint de l&#8217;\u00e9cole de sant\u00e9 publique de l&#8217;universit\u00e9 de Goma<\/strong>. <\/p>\n<p>Olivier Mahirwe interpelle la communaut\u00e9 \u00e0 l&#8217;occasion de la journ\u00e9e mondiale de lutte contre le VIH\/SIDA c\u00e9l\u00e9br\u00e9e le 1er d\u00e9cembre de chaque ann\u00e9e. <\/p>\n<p>Cette maladie constitue actuellement un grand probl\u00e8me de sant\u00e9 avec olus de 40 millions de personnes qui en souffrent dans le monde selon l&#8217;ONU SIDA.  L&#8217;ann\u00e9e derni\u00e8re, plusieurs malades n&#8217;ont pas re\u00e7ues de traitement suite \u00e0 la baisse de financement de la riposte au niveau international notamment l&#8217;arr\u00eat brutal du financement des USA. <\/p>\n<p>Devant ce defis, Olivier Mahirwe, pense qu&#8217;il faudrait que les acteurs puissent multiplier les s\u00e9ances de sensibilisation surtout dans les coins chauds de la ville de Goma afin de mobiliser la population, surtout les jeunes au d\u00e9pistage volontaire<\/p>\n<p>&#8220;<em>Apr\u00e8s les sensibilisations, nous serons en train d&#8217;orienter les gens sensibilis\u00e9es \u00e0 un lit de d\u00e9pistage. Parce que le r\u00e9sultat attendue de cette sensibilisation, nous serons en train de voir le nombre de personnes ayant \u00e9t\u00e9 d\u00e9pist\u00e9es, le 12 de ce mois, nous aurons aussi un webinaire en ligne pour d\u00e9battre des enjeux li\u00e9s au VIH SIDA<\/em>&#8221; fait savoir cet acteur de la sant\u00e9 publique <\/p>\n<p>Il faut dire que le journ\u00e9e mondiale de lutte contre le Sida est c\u00e9l\u00e9br\u00e9e le 1er d\u00e9cembre de l&#8217;ann\u00e9e depuis 1988 dans l&#8217;objectif de mobiliser les communaut\u00e9s dans l&#8217;\u00e9radication de cette maladie combien dangereuse. <\/p>\n<p>Pour cette ann\u00e9e, la journ\u00e9e s&#8217;est c\u00e9l\u00e9br\u00e9e sous le th\u00e8me : surmonter les perturbations, transformer la riposte au sida&#8221;. <\/p>\n<p>Victoire Muliwavyo<\/p>\n","protected":false},"excerpt":{"rendered":"<p>Les sensibilisations doivent \u00eatre renforc\u00e9es afin de pr\u00e9venir la propagation de la maladie du VIH\/Sida, estime le d\u00e9l\u00e9gu\u00e9 facultaire adjoint de l&#8217;\u00e9cole de sant\u00e9 publique de l&#8217;universit\u00e9 de Goma. Olivier<\/p>\n","protected":false},"author":14,"featured_media":71068,"comment_status":"open","ping_status":"open","sticky":false,"template":"","format":"standard","meta":{"footnotes":""},"categories":[1,29],"tags":[],"class_list":["post-71066","post","type-post","status-publish","format-standard","has-post-thumbnail","hentry","category-actualite","category-sante"],"yoast_head":"<!-- This site is optimized with the Yoast SEO plugin v27.5 - https:\/\/yoast.com\/product\/yoast-seo-wordpress\/ -->\n<title>Journ\u00e9e Mondiale contre le SIDA : il faut renforcer les sensibilisations (Olivier Mahirwe) - LES VOLCANS NEWS<\/title>\n<meta name=\"robots\" content=\"index, follow, max-snippet:-1, max-image-preview:large, max-video-preview:-1\" \/>\n<link rel=\"canonical\" href=\"https:\/\/lesvolcansnews.net\/?p=71066\" \/>\n<meta property=\"og:locale\" content=\"fr_FR\" \/>\n<meta property=\"og:type\" content=\"article\" \/>\n<meta property=\"og:title\" content=\"Journ\u00e9e Mondiale contre le SIDA : il faut renforcer les sensibilisations (Olivier Mahirwe) - LES VOLCANS NEWS\" \/>\n<meta property=\"og:description\" content=\"Les sensibilisations doivent \u00eatre renforc\u00e9es afin de pr\u00e9venir la propagation de la maladie du VIH\/Sida, estime le d\u00e9l\u00e9gu\u00e9 facultaire adjoint de l&#8217;\u00e9cole de sant\u00e9 publique de l&#8217;universit\u00e9 de Goma. Olivier\" \/>\n<meta property=\"og:url\" content=\"https:\/\/lesvolcansnews.net\/?p=71066\" \/>\n<meta property=\"og:site_name\" content=\"LES VOLCANS NEWS\" \/>\n<meta property=\"article:published_time\" content=\"2025-12-02T11:04:35+00:00\" \/>\n<meta property=\"og:image\" content=\"https:\/\/lesvolcansnews.net\/wp-content\/uploads\/2025\/12\/IMG-20251202-WA0067.jpg\" \/>\n\t<meta property=\"og:image:width\" content=\"1500\" \/>\n\t<meta property=\"og:image:height\" content=\"1000\" \/>\n\t<meta property=\"og:image:type\" content=\"image\/jpeg\" \/>\n<meta name=\"author\" content=\"R\u00e9daction - Les Volcans News\" \/>\n<meta name=\"twitter:card\" content=\"summary_large_image\" \/>\n<meta name=\"twitter:label1\" content=\"\u00c9crit par\" \/>\n\t<meta name=\"twitter:data1\" content=\"R\u00e9daction - Les Volcans News\" \/>\n\t<meta name=\"twitter:label2\" content=\"Dur\u00e9e de lecture estim\u00e9e\" \/>\n\t<meta name=\"twitter:data2\" content=\"1 minute\" \/>\n<script type=\"application\/ld+json\" class=\"yoast-schema-graph\">{\"@context\":\"https:\\\/\\\/schema.org\",\"@graph\":[{\"@type\":\"Article\",\"@id\":\"https:\\\/\\\/lesvolcansnews.net\\\/?p=71066#article\",\"isPartOf\":{\"@id\":\"https:\\\/\\\/lesvolcansnews.net\\\/?p=71066\"},\"author\":{\"name\":\"R\u00e9daction - Les Volcans News\",\"@id\":\"https:\\\/\\\/lesvolcansnews.net\\\/#\\\/schema\\\/person\\\/82c8bed2e77879ecf6cca63441f57354\"},\"headline\":\"Journ\u00e9e Mondiale contre le SIDA : il faut renforcer les sensibilisations (Olivier Mahirwe)\",\"datePublished\":\"2025-12-02T11:04:35+00:00\",\"mainEntityOfPage\":{\"@id\":\"https:\\\/\\\/lesvolcansnews.net\\\/?p=71066\"},\"wordCount\":322,\"commentCount\":0,\"image\":{\"@id\":\"https:\\\/\\\/lesvolcansnews.net\\\/?p=71066#primaryimage\"},\"thumbnailUrl\":\"https:\\\/\\\/lesvolcansnews.net\\\/wp-content\\\/uploads\\\/2025\\\/12\\\/IMG-20251202-WA0067.jpg\",\"articleSection\":[\"ACTUALIT\u00c9\",\"SANT\u00c9\"],\"inLanguage\":\"fr-FR\",\"potentialAction\":[{\"@type\":\"CommentAction\",\"name\":\"Comment\",\"target\":[\"https:\\\/\\\/lesvolcansnews.net\\\/?p=71066#respond\"]}]},{\"@type\":\"WebPage\",\"@id\":\"https:\\\/\\\/lesvolcansnews.net\\\/?p=71066\",\"url\":\"https:\\\/\\\/lesvolcansnews.net\\\/?p=71066\",\"name\":\"Journ\u00e9e Mondiale contre le SIDA : il faut renforcer les sensibilisations (Olivier Mahirwe) - LES VOLCANS NEWS\",\"isPartOf\":{\"@id\":\"https:\\\/\\\/lesvolcansnews.net\\\/#website\"},\"primaryImageOfPage\":{\"@id\":\"https:\\\/\\\/lesvolcansnews.net\\\/?p=71066#primaryimage\"},\"image\":{\"@id\":\"https:\\\/\\\/lesvolcansnews.net\\\/?p=71066#primaryimage\"},\"thumbnailUrl\":\"https:\\\/\\\/lesvolcansnews.net\\\/wp-content\\\/uploads\\\/2025\\\/12\\\/IMG-20251202-WA0067.jpg\",\"datePublished\":\"2025-12-02T11:04:35+00:00\",\"author\":{\"@id\":\"https:\\\/\\\/lesvolcansnews.net\\\/#\\\/schema\\\/person\\\/82c8bed2e77879ecf6cca63441f57354\"},\"breadcrumb\":{\"@id\":\"https:\\\/\\\/lesvolcansnews.net\\\/?p=71066#breadcrumb\"},\"inLanguage\":\"fr-FR\",\"potentialAction\":[{\"@type\":\"ReadAction\",\"target\":[\"https:\\\/\\\/lesvolcansnews.net\\\/?p=71066\"]}]},{\"@type\":\"ImageObject\",\"inLanguage\":\"fr-FR\",\"@id\":\"https:\\\/\\\/lesvolcansnews.net\\\/?p=71066#primaryimage\",\"url\":\"https:\\\/\\\/lesvolcansnews.net\\\/wp-content\\\/uploads\\\/2025\\\/12\\\/IMG-20251202-WA0067.jpg\",\"contentUrl\":\"https:\\\/\\\/lesvolcansnews.net\\\/wp-content\\\/uploads\\\/2025\\\/12\\\/IMG-20251202-WA0067.jpg\",\"width\":1500,\"height\":1000},{\"@type\":\"BreadcrumbList\",\"@id\":\"https:\\\/\\\/lesvolcansnews.net\\\/?p=71066#breadcrumb\",\"itemListElement\":[{\"@type\":\"ListItem\",\"position\":1,\"name\":\"Accueil\",\"item\":\"https:\\\/\\\/lesvolcansnews.net\\\/\"},{\"@type\":\"ListItem\",\"position\":2,\"name\":\"Journ\u00e9e Mondiale contre le SIDA : il faut renforcer les sensibilisations (Olivier Mahirwe)\"}]},{\"@type\":\"WebSite\",\"@id\":\"https:\\\/\\\/lesvolcansnews.net\\\/#website\",\"url\":\"https:\\\/\\\/lesvolcansnews.net\\\/\",\"name\":\"LES VOLCANS NEWS\",\"description\":\"L&#039;INFORMATION C&#039;EST NOUS\",\"potentialAction\":[{\"@type\":\"SearchAction\",\"target\":{\"@type\":\"EntryPoint\",\"urlTemplate\":\"https:\\\/\\\/lesvolcansnews.net\\\/?s={search_term_string}\"},\"query-input\":{\"@type\":\"PropertyValueSpecification\",\"valueRequired\":true,\"valueName\":\"search_term_string\"}}],\"inLanguage\":\"fr-FR\"},{\"@type\":\"Person\",\"@id\":\"https:\\\/\\\/lesvolcansnews.net\\\/#\\\/schema\\\/person\\\/82c8bed2e77879ecf6cca63441f57354\",\"name\":\"R\u00e9daction - Les Volcans News\",\"image\":{\"@type\":\"ImageObject\",\"inLanguage\":\"fr-FR\",\"@id\":\"https:\\\/\\\/secure.gravatar.com\\\/avatar\\\/8408942dd851e8a9c09f3d382a661bc05d2b3cd9002139bc1795b9528cdc6c80?s=96&d=mm&r=g\",\"url\":\"https:\\\/\\\/secure.gravatar.com\\\/avatar\\\/8408942dd851e8a9c09f3d382a661bc05d2b3cd9002139bc1795b9528cdc6c80?s=96&d=mm&r=g\",\"contentUrl\":\"https:\\\/\\\/secure.gravatar.com\\\/avatar\\\/8408942dd851e8a9c09f3d382a661bc05d2b3cd9002139bc1795b9528cdc6c80?s=96&d=mm&r=g\",\"caption\":\"R\u00e9daction - Les Volcans News\"},\"url\":\"https:\\\/\\\/lesvolcansnews.net\\\/?author=14\"}]}<\/script>\n<!-- \/ Yoast SEO plugin. -->","yoast_head_json":{"title":"Journ\u00e9e Mondiale contre le SIDA : il faut renforcer les sensibilisations (Olivier Mahirwe) - LES VOLCANS NEWS","robots":{"index":"index","follow":"follow","max-snippet":"max-snippet:-1","max-image-preview":"max-image-preview:large","max-video-preview":"max-video-preview:-1"},"canonical":"https:\/\/lesvolcansnews.net\/?p=71066","og_locale":"fr_FR","og_type":"article","og_title":"Journ\u00e9e Mondiale contre le SIDA : il faut renforcer les sensibilisations (Olivier Mahirwe) - LES VOLCANS NEWS","og_description":"Les sensibilisations doivent \u00eatre renforc\u00e9es afin de pr\u00e9venir la propagation de la maladie du VIH\/Sida, estime le d\u00e9l\u00e9gu\u00e9 facultaire adjoint de l&#8217;\u00e9cole de sant\u00e9 publique de l&#8217;universit\u00e9 de Goma. Olivier","og_url":"https:\/\/lesvolcansnews.net\/?p=71066","og_site_name":"LES VOLCANS NEWS","article_published_time":"2025-12-02T11:04:35+00:00","og_image":[{"width":1500,"height":1000,"url":"https:\/\/lesvolcansnews.net\/wp-content\/uploads\/2025\/12\/IMG-20251202-WA0067.jpg","type":"image\/jpeg"}],"author":"R\u00e9daction - Les Volcans News","twitter_card":"summary_large_image","twitter_misc":{"\u00c9crit par":"R\u00e9daction - Les Volcans News","Dur\u00e9e de lecture estim\u00e9e":"1 minute"},"schema":{"@context":"https:\/\/schema.org","@graph":[{"@type":"Article","@id":"https:\/\/lesvolcansnews.net\/?p=71066#article","isPartOf":{"@id":"https:\/\/lesvolcansnews.net\/?p=71066"},"author":{"name":"R\u00e9daction - Les Volcans News","@id":"https:\/\/lesvolcansnews.net\/#\/schema\/person\/82c8bed2e77879ecf6cca63441f57354"},"headline":"Journ\u00e9e Mondiale contre le SIDA : il faut renforcer les sensibilisations (Olivier Mahirwe)","datePublished":"2025-12-02T11:04:35+00:00","mainEntityOfPage":{"@id":"https:\/\/lesvolcansnews.net\/?p=71066"},"wordCount":322,"commentCount":0,"image":{"@id":"https:\/\/lesvolcansnews.net\/?p=71066#primaryimage"},"thumbnailUrl":"https:\/\/lesvolcansnews.net\/wp-content\/uploads\/2025\/12\/IMG-20251202-WA0067.jpg","articleSection":["ACTUALIT\u00c9","SANT\u00c9"],"inLanguage":"fr-FR","potentialAction":[{"@type":"CommentAction","name":"Comment","target":["https:\/\/lesvolcansnews.net\/?p=71066#respond"]}]},{"@type":"WebPage","@id":"https:\/\/lesvolcansnews.net\/?p=71066","url":"https:\/\/lesvolcansnews.net\/?p=71066","name":"Journ\u00e9e Mondiale contre le SIDA : il faut renforcer les sensibilisations (Olivier Mahirwe) - LES VOLCANS NEWS","isPartOf":{"@id":"https:\/\/lesvolcansnews.net\/#website"},"primaryImageOfPage":{"@id":"https:\/\/lesvolcansnews.net\/?p=71066#primaryimage"},"image":{"@id":"https:\/\/lesvolcansnews.net\/?p=71066#primaryimage"},"thumbnailUrl":"https:\/\/lesvolcansnews.net\/wp-content\/uploads\/2025\/12\/IMG-20251202-WA0067.jpg","datePublished":"2025-12-02T11:04:35+00:00","author":{"@id":"https:\/\/lesvolcansnews.net\/#\/schema\/person\/82c8bed2e77879ecf6cca63441f57354"},"breadcrumb":{"@id":"https:\/\/lesvolcansnews.net\/?p=71066#breadcrumb"},"inLanguage":"fr-FR","potentialAction":[{"@type":"ReadAction","target":["https:\/\/lesvolcansnews.net\/?p=71066"]}]},{"@type":"ImageObject","inLanguage":"fr-FR","@id":"https:\/\/lesvolcansnews.net\/?p=71066#primaryimage","url":"https:\/\/lesvolcansnews.net\/wp-content\/uploads\/2025\/12\/IMG-20251202-WA0067.jpg","contentUrl":"https:\/\/lesvolcansnews.net\/wp-content\/uploads\/2025\/12\/IMG-20251202-WA0067.jpg","width":1500,"height":1000},{"@type":"BreadcrumbList","@id":"https:\/\/lesvolcansnews.net\/?p=71066#breadcrumb","itemListElement":[{"@type":"ListItem","position":1,"name":"Accueil","item":"https:\/\/lesvolcansnews.net\/"},{"@type":"ListItem","position":2,"name":"Journ\u00e9e Mondiale contre le SIDA : il faut renforcer les sensibilisations (Olivier Mahirwe)"}]},{"@type":"WebSite","@id":"https:\/\/lesvolcansnews.net\/#website","url":"https:\/\/lesvolcansnews.net\/","name":"LES VOLCANS NEWS","description":"L&#039;INFORMATION C&#039;EST NOUS","potentialAction":[{"@type":"SearchAction","target":{"@type":"EntryPoint","urlTemplate":"https:\/\/lesvolcansnews.net\/?s={search_term_string}"},"query-input":{"@type":"PropertyValueSpecification","valueRequired":true,"valueName":"search_term_string"}}],"inLanguage":"fr-FR"},{"@type":"Person","@id":"https:\/\/lesvolcansnews.net\/#\/schema\/person\/82c8bed2e77879ecf6cca63441f57354","name":"R\u00e9daction - Les Volcans News","image":{"@type":"ImageObject","inLanguage":"fr-FR","@id":"https:\/\/secure.gravatar.com\/avatar\/8408942dd851e8a9c09f3d382a661bc05d2b3cd9002139bc1795b9528cdc6c80?s=96&d=mm&r=g","url":"https:\/\/secure.gravatar.com\/avatar\/8408942dd851e8a9c09f3d382a661bc05d2b3cd9002139bc1795b9528cdc6c80?s=96&d=mm&r=g","contentUrl":"https:\/\/secure.gravatar.com\/avatar\/8408942dd851e8a9c09f3d382a661bc05d2b3cd9002139bc1795b9528cdc6c80?s=96&d=mm&r=g","caption":"R\u00e9daction - Les Volcans News"},"url":"https:\/\/lesvolcansnews.net\/?author=14"}]}},"_links":{"self":[{"href":"https:\/\/lesvolcansnews.net\/index.php?rest_route=\/wp\/v2\/posts\/71066","targetHints":{"allow":["GET"]}}],"collection":[{"href":"https:\/\/lesvolcansnews.net\/index.php?rest_route=\/wp\/v2\/posts"}],"about":[{"href":"https:\/\/lesvolcansnews.net\/index.php?rest_route=\/wp\/v2\/types\/post"}],"author":[{"embeddable":true,"href":"https:\/\/lesvolcansnews.net\/index.php?rest_route=\/wp\/v2\/users\/14"}],"replies":[{"embeddable":true,"href":"https:\/\/lesvolcansnews.net\/index.php?rest_route=%2Fwp%2Fv2%2Fcomments&post=71066"}],"version-history":[{"count":2,"href":"https:\/\/lesvolcansnews.net\/index.php?rest_route=\/wp\/v2\/posts\/71066\/revisions"}],"predecessor-version":[{"id":71069,"href":"https:\/\/lesvolcansnews.net\/index.php?rest_route=\/wp\/v2\/posts\/71066\/revisions\/71069"}],"wp:featuredmedia":[{"embeddable":true,"href":"https:\/\/lesvolcansnews.net\/index.php?rest_route=\/wp\/v2\/media\/71068"}],"wp:attachment":[{"href":"https:\/\/lesvolcansnews.net\/index.php?rest_route=%2Fwp%2Fv2%2Fmedia&parent=71066"}],"wp:term":[{"taxonomy":"category","embeddable":true,"href":"https:\/\/lesvolcansnews.net\/index.php?rest_route=%2Fwp%2Fv2%2Fcategories&post=71066"},{"taxonomy":"post_tag","embeddable":true,"href":"https:\/\/lesvolcansnews.net\/index.php?rest_route=%2Fwp%2Fv2%2Ftags&post=71066"}],"curies":[{"name":"wp","href":"https:\/\/api.w.org\/{rel}","templated":true}]}}