{"id":71065,"date":"2025-12-02T10:41:04","date_gmt":"2025-12-02T08:41:04","guid":{"rendered":"https:\/\/lesvolcansnews.net\/2025\/12\/02\/sud-kivu-les-wazalendo-et-lafc-m23-saffrontent-a-2-jours-de-laccord-de-paix-rdc-rwanda\/"},"modified":"2025-12-02T10:41:04","modified_gmt":"2025-12-02T08:41:04","slug":"sud-kivu-les-wazalendo-et-lafc-m23-saffrontent-a-2-jours-de-laccord-de-paix-rdc-rwanda","status":"publish","type":"post","link":"https:\/\/lesvolcansnews.net\/?p=71065","title":{"rendered":"Sud-Kivu : les Wazalendo et l&#8217;AFC\/M23 s&#8217;affrontent \u00e0 2 jours de l&#8217;accord de paix RDC-Rwanda"},"content":{"rendered":"\n<p><\/p>\n\n\n\n<p><strong>Des affrontements intenses ont \u00e9t\u00e9 signal\u00e9s mardi matin dans plusieurs zones de l\u2019Est de la R\u00e9publique D\u00e9mocratique du Congo, \u00e0 quelques heures de la signature annonc\u00e9e d\u2019un accord de paix entre Kinshasa et Kigali \u00e0 Washington.<\/strong><\/p>\n\n\n\n<p>\u00c0 Kaziba, des habitants ont rapport\u00e9 avoir entendu \u00ab des tirs nourris d\u00e8s 06h30 \u00bb, d\u00e9crivant une situation \u00ab tr\u00e8s pr\u00e9occupante \u00bb.<\/p>\n\n\n\n<p>Selon des sources locales, des combats opposeraient des groupes d\u2019autod\u00e9fense Wazalendo aux combattants du mouvement M23-AFC, bien que ces informations n\u2019aient pas pu \u00eatre v\u00e9rifi\u00e9es de mani\u00e8re ind\u00e9pendante.<\/p>\n\n\n\n<p>Dans un communiqu\u00e9 diffus\u00e9 t\u00f4t mardi, le mouvement AFC\/M23 a affirm\u00e9 que les forces coalis\u00e9es du gouvernement congolais avaient lanc\u00e9 des \u00ab op\u00e9rations militaires d\u2019envergure \u00bb sur plusieurs axes.<\/p>\n\n\n\n<p>Le groupe accuse l\u2019arm\u00e9e congolaise de viser des zones \u00ab dens\u00e9ment peupl\u00e9es \u00bb, une affirmation que les autorit\u00e9s n\u2019ont pour l\u2019instant pas comment\u00e9e.<\/p>\n\n\n\n<p>Les zones les plus touch\u00e9es incluraient les axes Katogota\u2013Luvungi, Kaziba\u2013Haut Plateau, Tchivanga\u2013Hombo et Kasika\u2013Mwenga, o\u00f9 plusieurs sources locales \u00e9voquent une situation instable et susceptible de se d\u00e9t\u00e9riorer rapidement.<\/p>\n\n\n\n<p>Le gouvernement de la RDC n\u2019a pas r\u00e9agi publiquement aux accusations du M23-AFC. Les tensions surviennent alors que des repr\u00e9sentants congolais et rwandais doivent se r\u00e9unir \u00e0 Washington pour finaliser un accord cens\u00e9 conduire \u00e0 une d\u00e9sescalade dans la r\u00e9gion des Grands Lacs.<\/p>\n\n\n\n<p>La situation restait en \u00e9volution en fin de matin\u00e9e.<\/p>\n\n\n\n<p>La r\u00e9daction<\/p>\n","protected":false},"excerpt":{"rendered":"<p>Des affrontements intenses ont \u00e9t\u00e9 signal\u00e9s mardi matin dans plusieurs zones de l\u2019Est de la R\u00e9publique D\u00e9mocratique du Congo, \u00e0 quelques heures de la signature annonc\u00e9e d\u2019un accord de paix<\/p>\n","protected":false},"author":14,"featured_media":71064,"comment_status":"open","ping_status":"open","sticky":false,"template":"","format":"standard","meta":{"footnotes":""},"categories":[32],"tags":[],"class_list":["post-71065","post","type-post","status-publish","format-standard","has-post-thumbnail","hentry","category-securite"],"yoast_head":"<!-- This site is optimized with the Yoast SEO plugin v27.3 - https:\/\/yoast.com\/product\/yoast-seo-wordpress\/ -->\n<title>Sud-Kivu : les Wazalendo et l&#039;AFC\/M23 s&#039;affrontent \u00e0 2 jours de l&#039;accord de paix RDC-Rwanda - LES VOLCANS NEWS<\/title>\n<meta name=\"robots\" content=\"index, follow, max-snippet:-1, max-image-preview:large, max-video-preview:-1\" \/>\n<link rel=\"canonical\" href=\"https:\/\/lesvolcansnews.net\/?p=71065\" \/>\n<meta property=\"og:locale\" content=\"fr_FR\" \/>\n<meta property=\"og:type\" content=\"article\" \/>\n<meta property=\"og:title\" content=\"Sud-Kivu : les Wazalendo et l&#039;AFC\/M23 s&#039;affrontent \u00e0 2 jours de l&#039;accord de paix RDC-Rwanda - LES VOLCANS NEWS\" \/>\n<meta property=\"og:description\" content=\"Des affrontements intenses ont \u00e9t\u00e9 signal\u00e9s mardi matin dans plusieurs zones de l\u2019Est de la R\u00e9publique D\u00e9mocratique du Congo, \u00e0 quelques heures de la signature annonc\u00e9e d\u2019un accord de paix\" \/>\n<meta property=\"og:url\" content=\"https:\/\/lesvolcansnews.net\/?p=71065\" \/>\n<meta property=\"og:site_name\" content=\"LES VOLCANS NEWS\" \/>\n<meta property=\"article:published_time\" content=\"2025-12-02T08:41:04+00:00\" \/>\n<meta property=\"og:image\" content=\"https:\/\/lesvolcansnews.net\/wp-content\/uploads\/2025\/12\/wazalendo-820x394-1.jpeg\" \/>\n\t<meta property=\"og:image:width\" content=\"820\" \/>\n\t<meta property=\"og:image:height\" content=\"394\" \/>\n\t<meta property=\"og:image:type\" content=\"image\/jpeg\" \/>\n<meta name=\"author\" content=\"R\u00e9daction - Les Volcans News\" \/>\n<meta name=\"twitter:card\" content=\"summary_large_image\" \/>\n<meta name=\"twitter:label1\" content=\"\u00c9crit par\" \/>\n\t<meta name=\"twitter:data1\" content=\"R\u00e9daction - Les Volcans News\" \/>\n\t<meta name=\"twitter:label2\" content=\"Dur\u00e9e de lecture estim\u00e9e\" \/>\n\t<meta name=\"twitter:data2\" content=\"1 minute\" \/>\n<script type=\"application\/ld+json\" class=\"yoast-schema-graph\">{\"@context\":\"https:\\\/\\\/schema.org\",\"@graph\":[{\"@type\":\"Article\",\"@id\":\"https:\\\/\\\/lesvolcansnews.net\\\/?p=71065#article\",\"isPartOf\":{\"@id\":\"https:\\\/\\\/lesvolcansnews.net\\\/?p=71065\"},\"author\":{\"name\":\"R\u00e9daction - Les Volcans News\",\"@id\":\"https:\\\/\\\/lesvolcansnews.net\\\/#\\\/schema\\\/person\\\/82c8bed2e77879ecf6cca63441f57354\"},\"headline\":\"Sud-Kivu : les Wazalendo et l&#8217;AFC\\\/M23 s&#8217;affrontent \u00e0 2 jours de l&#8217;accord de paix RDC-Rwanda\",\"datePublished\":\"2025-12-02T08:41:04+00:00\",\"mainEntityOfPage\":{\"@id\":\"https:\\\/\\\/lesvolcansnews.net\\\/?p=71065\"},\"wordCount\":270,\"commentCount\":0,\"image\":{\"@id\":\"https:\\\/\\\/lesvolcansnews.net\\\/?p=71065#primaryimage\"},\"thumbnailUrl\":\"https:\\\/\\\/lesvolcansnews.net\\\/wp-content\\\/uploads\\\/2025\\\/12\\\/wazalendo-820x394-1.jpeg\",\"articleSection\":[\"S\u00c9CURIT\u00c9\"],\"inLanguage\":\"fr-FR\",\"potentialAction\":[{\"@type\":\"CommentAction\",\"name\":\"Comment\",\"target\":[\"https:\\\/\\\/lesvolcansnews.net\\\/?p=71065#respond\"]}]},{\"@type\":\"WebPage\",\"@id\":\"https:\\\/\\\/lesvolcansnews.net\\\/?p=71065\",\"url\":\"https:\\\/\\\/lesvolcansnews.net\\\/?p=71065\",\"name\":\"Sud-Kivu : les Wazalendo et l'AFC\\\/M23 s'affrontent \u00e0 2 jours de l'accord de paix RDC-Rwanda - LES VOLCANS NEWS\",\"isPartOf\":{\"@id\":\"https:\\\/\\\/lesvolcansnews.net\\\/#website\"},\"primaryImageOfPage\":{\"@id\":\"https:\\\/\\\/lesvolcansnews.net\\\/?p=71065#primaryimage\"},\"image\":{\"@id\":\"https:\\\/\\\/lesvolcansnews.net\\\/?p=71065#primaryimage\"},\"thumbnailUrl\":\"https:\\\/\\\/lesvolcansnews.net\\\/wp-content\\\/uploads\\\/2025\\\/12\\\/wazalendo-820x394-1.jpeg\",\"datePublished\":\"2025-12-02T08:41:04+00:00\",\"author\":{\"@id\":\"https:\\\/\\\/lesvolcansnews.net\\\/#\\\/schema\\\/person\\\/82c8bed2e77879ecf6cca63441f57354\"},\"breadcrumb\":{\"@id\":\"https:\\\/\\\/lesvolcansnews.net\\\/?p=71065#breadcrumb\"},\"inLanguage\":\"fr-FR\",\"potentialAction\":[{\"@type\":\"ReadAction\",\"target\":[\"https:\\\/\\\/lesvolcansnews.net\\\/?p=71065\"]}]},{\"@type\":\"ImageObject\",\"inLanguage\":\"fr-FR\",\"@id\":\"https:\\\/\\\/lesvolcansnews.net\\\/?p=71065#primaryimage\",\"url\":\"https:\\\/\\\/lesvolcansnews.net\\\/wp-content\\\/uploads\\\/2025\\\/12\\\/wazalendo-820x394-1.jpeg\",\"contentUrl\":\"https:\\\/\\\/lesvolcansnews.net\\\/wp-content\\\/uploads\\\/2025\\\/12\\\/wazalendo-820x394-1.jpeg\",\"width\":820,\"height\":394},{\"@type\":\"BreadcrumbList\",\"@id\":\"https:\\\/\\\/lesvolcansnews.net\\\/?p=71065#breadcrumb\",\"itemListElement\":[{\"@type\":\"ListItem\",\"position\":1,\"name\":\"Accueil\",\"item\":\"https:\\\/\\\/lesvolcansnews.net\\\/\"},{\"@type\":\"ListItem\",\"position\":2,\"name\":\"Sud-Kivu : les Wazalendo et l&#8217;AFC\\\/M23 s&#8217;affrontent \u00e0 2 jours de l&#8217;accord de paix RDC-Rwanda\"}]},{\"@type\":\"WebSite\",\"@id\":\"https:\\\/\\\/lesvolcansnews.net\\\/#website\",\"url\":\"https:\\\/\\\/lesvolcansnews.net\\\/\",\"name\":\"LES VOLCANS NEWS\",\"description\":\"L&#039;INFORMATION C&#039;EST NOUS\",\"potentialAction\":[{\"@type\":\"SearchAction\",\"target\":{\"@type\":\"EntryPoint\",\"urlTemplate\":\"https:\\\/\\\/lesvolcansnews.net\\\/?s={search_term_string}\"},\"query-input\":{\"@type\":\"PropertyValueSpecification\",\"valueRequired\":true,\"valueName\":\"search_term_string\"}}],\"inLanguage\":\"fr-FR\"},{\"@type\":\"Person\",\"@id\":\"https:\\\/\\\/lesvolcansnews.net\\\/#\\\/schema\\\/person\\\/82c8bed2e77879ecf6cca63441f57354\",\"name\":\"R\u00e9daction - Les Volcans News\",\"image\":{\"@type\":\"ImageObject\",\"inLanguage\":\"fr-FR\",\"@id\":\"https:\\\/\\\/secure.gravatar.com\\\/avatar\\\/8408942dd851e8a9c09f3d382a661bc05d2b3cd9002139bc1795b9528cdc6c80?s=96&d=mm&r=g\",\"url\":\"https:\\\/\\\/secure.gravatar.com\\\/avatar\\\/8408942dd851e8a9c09f3d382a661bc05d2b3cd9002139bc1795b9528cdc6c80?s=96&d=mm&r=g\",\"contentUrl\":\"https:\\\/\\\/secure.gravatar.com\\\/avatar\\\/8408942dd851e8a9c09f3d382a661bc05d2b3cd9002139bc1795b9528cdc6c80?s=96&d=mm&r=g\",\"caption\":\"R\u00e9daction - Les Volcans News\"},\"url\":\"https:\\\/\\\/lesvolcansnews.net\\\/?author=14\"}]}<\/script>\n<!-- \/ Yoast SEO plugin. -->","yoast_head_json":{"title":"Sud-Kivu : les Wazalendo et l'AFC\/M23 s'affrontent \u00e0 2 jours de l'accord de paix RDC-Rwanda - LES VOLCANS NEWS","robots":{"index":"index","follow":"follow","max-snippet":"max-snippet:-1","max-image-preview":"max-image-preview:large","max-video-preview":"max-video-preview:-1"},"canonical":"https:\/\/lesvolcansnews.net\/?p=71065","og_locale":"fr_FR","og_type":"article","og_title":"Sud-Kivu : les Wazalendo et l'AFC\/M23 s'affrontent \u00e0 2 jours de l'accord de paix RDC-Rwanda - LES VOLCANS NEWS","og_description":"Des affrontements intenses ont \u00e9t\u00e9 signal\u00e9s mardi matin dans plusieurs zones de l\u2019Est de la R\u00e9publique D\u00e9mocratique du Congo, \u00e0 quelques heures de la signature annonc\u00e9e d\u2019un accord de paix","og_url":"https:\/\/lesvolcansnews.net\/?p=71065","og_site_name":"LES VOLCANS NEWS","article_published_time":"2025-12-02T08:41:04+00:00","og_image":[{"width":820,"height":394,"url":"https:\/\/lesvolcansnews.net\/wp-content\/uploads\/2025\/12\/wazalendo-820x394-1.jpeg","type":"image\/jpeg"}],"author":"R\u00e9daction - Les Volcans News","twitter_card":"summary_large_image","twitter_misc":{"\u00c9crit par":"R\u00e9daction - Les Volcans News","Dur\u00e9e de lecture estim\u00e9e":"1 minute"},"schema":{"@context":"https:\/\/schema.org","@graph":[{"@type":"Article","@id":"https:\/\/lesvolcansnews.net\/?p=71065#article","isPartOf":{"@id":"https:\/\/lesvolcansnews.net\/?p=71065"},"author":{"name":"R\u00e9daction - Les Volcans News","@id":"https:\/\/lesvolcansnews.net\/#\/schema\/person\/82c8bed2e77879ecf6cca63441f57354"},"headline":"Sud-Kivu : les Wazalendo et l&#8217;AFC\/M23 s&#8217;affrontent \u00e0 2 jours de l&#8217;accord de paix RDC-Rwanda","datePublished":"2025-12-02T08:41:04+00:00","mainEntityOfPage":{"@id":"https:\/\/lesvolcansnews.net\/?p=71065"},"wordCount":270,"commentCount":0,"image":{"@id":"https:\/\/lesvolcansnews.net\/?p=71065#primaryimage"},"thumbnailUrl":"https:\/\/lesvolcansnews.net\/wp-content\/uploads\/2025\/12\/wazalendo-820x394-1.jpeg","articleSection":["S\u00c9CURIT\u00c9"],"inLanguage":"fr-FR","potentialAction":[{"@type":"CommentAction","name":"Comment","target":["https:\/\/lesvolcansnews.net\/?p=71065#respond"]}]},{"@type":"WebPage","@id":"https:\/\/lesvolcansnews.net\/?p=71065","url":"https:\/\/lesvolcansnews.net\/?p=71065","name":"Sud-Kivu : les Wazalendo et l'AFC\/M23 s'affrontent \u00e0 2 jours de l'accord de paix RDC-Rwanda - LES VOLCANS NEWS","isPartOf":{"@id":"https:\/\/lesvolcansnews.net\/#website"},"primaryImageOfPage":{"@id":"https:\/\/lesvolcansnews.net\/?p=71065#primaryimage"},"image":{"@id":"https:\/\/lesvolcansnews.net\/?p=71065#primaryimage"},"thumbnailUrl":"https:\/\/lesvolcansnews.net\/wp-content\/uploads\/2025\/12\/wazalendo-820x394-1.jpeg","datePublished":"2025-12-02T08:41:04+00:00","author":{"@id":"https:\/\/lesvolcansnews.net\/#\/schema\/person\/82c8bed2e77879ecf6cca63441f57354"},"breadcrumb":{"@id":"https:\/\/lesvolcansnews.net\/?p=71065#breadcrumb"},"inLanguage":"fr-FR","potentialAction":[{"@type":"ReadAction","target":["https:\/\/lesvolcansnews.net\/?p=71065"]}]},{"@type":"ImageObject","inLanguage":"fr-FR","@id":"https:\/\/lesvolcansnews.net\/?p=71065#primaryimage","url":"https:\/\/lesvolcansnews.net\/wp-content\/uploads\/2025\/12\/wazalendo-820x394-1.jpeg","contentUrl":"https:\/\/lesvolcansnews.net\/wp-content\/uploads\/2025\/12\/wazalendo-820x394-1.jpeg","width":820,"height":394},{"@type":"BreadcrumbList","@id":"https:\/\/lesvolcansnews.net\/?p=71065#breadcrumb","itemListElement":[{"@type":"ListItem","position":1,"name":"Accueil","item":"https:\/\/lesvolcansnews.net\/"},{"@type":"ListItem","position":2,"name":"Sud-Kivu : les Wazalendo et l&#8217;AFC\/M23 s&#8217;affrontent \u00e0 2 jours de l&#8217;accord de paix RDC-Rwanda"}]},{"@type":"WebSite","@id":"https:\/\/lesvolcansnews.net\/#website","url":"https:\/\/lesvolcansnews.net\/","name":"LES VOLCANS NEWS","description":"L&#039;INFORMATION C&#039;EST NOUS","potentialAction":[{"@type":"SearchAction","target":{"@type":"EntryPoint","urlTemplate":"https:\/\/lesvolcansnews.net\/?s={search_term_string}"},"query-input":{"@type":"PropertyValueSpecification","valueRequired":true,"valueName":"search_term_string"}}],"inLanguage":"fr-FR"},{"@type":"Person","@id":"https:\/\/lesvolcansnews.net\/#\/schema\/person\/82c8bed2e77879ecf6cca63441f57354","name":"R\u00e9daction - Les Volcans News","image":{"@type":"ImageObject","inLanguage":"fr-FR","@id":"https:\/\/secure.gravatar.com\/avatar\/8408942dd851e8a9c09f3d382a661bc05d2b3cd9002139bc1795b9528cdc6c80?s=96&d=mm&r=g","url":"https:\/\/secure.gravatar.com\/avatar\/8408942dd851e8a9c09f3d382a661bc05d2b3cd9002139bc1795b9528cdc6c80?s=96&d=mm&r=g","contentUrl":"https:\/\/secure.gravatar.com\/avatar\/8408942dd851e8a9c09f3d382a661bc05d2b3cd9002139bc1795b9528cdc6c80?s=96&d=mm&r=g","caption":"R\u00e9daction - Les Volcans News"},"url":"https:\/\/lesvolcansnews.net\/?author=14"}]}},"_links":{"self":[{"href":"https:\/\/lesvolcansnews.net\/index.php?rest_route=\/wp\/v2\/posts\/71065","targetHints":{"allow":["GET"]}}],"collection":[{"href":"https:\/\/lesvolcansnews.net\/index.php?rest_route=\/wp\/v2\/posts"}],"about":[{"href":"https:\/\/lesvolcansnews.net\/index.php?rest_route=\/wp\/v2\/types\/post"}],"author":[{"embeddable":true,"href":"https:\/\/lesvolcansnews.net\/index.php?rest_route=\/wp\/v2\/users\/14"}],"replies":[{"embeddable":true,"href":"https:\/\/lesvolcansnews.net\/index.php?rest_route=%2Fwp%2Fv2%2Fcomments&post=71065"}],"version-history":[{"count":0,"href":"https:\/\/lesvolcansnews.net\/index.php?rest_route=\/wp\/v2\/posts\/71065\/revisions"}],"wp:featuredmedia":[{"embeddable":true,"href":"https:\/\/lesvolcansnews.net\/index.php?rest_route=\/wp\/v2\/media\/71064"}],"wp:attachment":[{"href":"https:\/\/lesvolcansnews.net\/index.php?rest_route=%2Fwp%2Fv2%2Fmedia&parent=71065"}],"wp:term":[{"taxonomy":"category","embeddable":true,"href":"https:\/\/lesvolcansnews.net\/index.php?rest_route=%2Fwp%2Fv2%2Fcategories&post=71065"},{"taxonomy":"post_tag","embeddable":true,"href":"https:\/\/lesvolcansnews.net\/index.php?rest_route=%2Fwp%2Fv2%2Ftags&post=71065"}],"curies":[{"name":"wp","href":"https:\/\/api.w.org\/{rel}","templated":true}]}}