{"id":71047,"date":"2025-12-02T05:57:13","date_gmt":"2025-12-02T03:57:13","guid":{"rendered":"https:\/\/lesvolcansnews.net\/?p=71047"},"modified":"2025-12-02T09:42:25","modified_gmt":"2025-12-02T07:42:25","slug":"projet-star-est-en-ituri-le-gouverneur-luboya-compte-sur-lappropriation-des-chefs-coutumiers-et-leaders-communautaires-pour-sa-reussite","status":"publish","type":"post","link":"https:\/\/lesvolcansnews.net\/?p=71047","title":{"rendered":"Projet star-Est en Ituri : le gouverneur Luboya compte sur l&#8217;appropriation des chefs coutumiers et leaders communautaires pour sa r\u00e9ussite"},"content":{"rendered":"<p><strong>L&#8217;\u00e9valuation du projet star-Est en province de l&#8217;Ituri est au centre d&#8217;une session unique du comit\u00e9 consultatif provincial tenue ce lundi 01 d\u00e9cembre 2025. Pr\u00e9sid\u00e9e par le gouverneur Luboya, cette session avait pour but d&#8217;examiner les r\u00e9sultats 2024, \u00e9valuer les travaux en mi-parcours 2025 et projeter 2026.<\/strong><\/p>\n<p><iframe title=\"Sud-Kivu et Nord-Kivu effac\u00e9s du budget 2026 : Les d\u00e9put\u00e9s crient \u00e0 l\u2019oubli\" width=\"1200\" height=\"675\" src=\"https:\/\/www.youtube.com\/embed\/VTXSQUlScA0?feature=oembed\" frameborder=\"0\" allow=\"accelerometer; autoplay; clipboard-write; encrypted-media; gyroscope; picture-in-picture; web-share\" referrerpolicy=\"strict-origin-when-cross-origin\" allowfullscreen><\/iframe><\/p>\n<p>Le coordonnateur provincial du projet \u00ab Stabilisation et Rel\u00e8vement de l&#8217;Est \u00bb en Ituri pr\u00e9cise qu&#8217;au cours de cette assise, il \u00e9tait aussi question d&#8217;\u00e9tudier l&#8217;appropriation du projet par les communaut\u00e9s vivant dans les zones en conflits arm\u00e9s o\u00f9 la situation s\u00e9curitaire est en train de s&#8217;am\u00e9liorer.<\/p>\n<p>En terme chiffr\u00e9, Steven Sengida parle de 18 ouvrages dont des \u00e9coles et centres de sant\u00e9 sont d\u00e9j\u00e0 finis, 99 kms de route de desserte agricole sont en train d&#8217;\u00eatre r\u00e9habilit\u00e9s par des jeunes et femmes ex-combattants, une mani\u00e8re pour ce projet de les r\u00e9ins\u00e9rer dans la vie socio-professionnelle.<\/p>\n<p>N\u00e9anmoins, il annonce aussi pour ce 10 d\u00e9cembre 2025, le lancement des autres ouvrages dont 20 \u00e0 Mahagi et 30 en territoire de Mambasa.<\/p>\n<p>Le gouverneur Luboya qui a ouvert solennellement les travaux de cette session a, pour sa part, sollicit\u00e9 l&#8217;accompagnement des chefs coutumiers et des structures de la soci\u00e9t\u00e9 civile membre de ce comit\u00e9 consultatif de star-Est pour la r\u00e9ussite de ce projet, un vrai pilier pour la stabilisation de l&#8217;Ituri.<\/p>\n<p>STAR-EST signifie \u00ab Projet de Stabilisation et de Rel\u00e8vement de l&#8217;Est de la RDC \u00bb. C&#8217;est un projet soutenu par la Banque mondiale qui vise \u00e0 stabiliser les provinces du Nord-Kivu, du Sud-Kivu et de l&#8217;Ituri. Ses activit\u00e9s principales incluent la r\u00e9habilitation des infrastructures (comme les routes et les \u00e9coles), la r\u00e9insertion socio-\u00e9conomique des personnes associ\u00e9es aux groupes arm\u00e9s et le renforcement des administrations locales.<\/p>\n<p><strong>Nickson Manzekele, \u00e0 Bunia<\/strong><\/p>\n","protected":false},"excerpt":{"rendered":"<p>L&#8217;\u00e9valuation du projet star-Est en province de l&#8217;Ituri est au centre d&#8217;une session unique du comit\u00e9 consultatif provincial tenue ce lundi 01 d\u00e9cembre 2025. Pr\u00e9sid\u00e9e par le gouverneur Luboya, cette<\/p>\n","protected":false},"author":14,"featured_media":51474,"comment_status":"open","ping_status":"open","sticky":false,"template":"","format":"standard","meta":{"footnotes":""},"categories":[32],"tags":[],"class_list":["post-71047","post","type-post","status-publish","format-standard","has-post-thumbnail","hentry","category-securite"],"yoast_head":"<!-- This site is optimized with the Yoast SEO plugin v27.3 - https:\/\/yoast.com\/product\/yoast-seo-wordpress\/ -->\n<title>Projet star-Est en Ituri : le gouverneur Luboya compte sur l&#039;appropriation des chefs coutumiers et leaders communautaires pour sa r\u00e9ussite - LES VOLCANS NEWS<\/title>\n<meta name=\"robots\" content=\"index, follow, max-snippet:-1, max-image-preview:large, max-video-preview:-1\" \/>\n<link rel=\"canonical\" href=\"https:\/\/lesvolcansnews.net\/?p=71047\" \/>\n<meta property=\"og:locale\" content=\"fr_FR\" \/>\n<meta property=\"og:type\" content=\"article\" \/>\n<meta property=\"og:title\" content=\"Projet star-Est en Ituri : le gouverneur Luboya compte sur l&#039;appropriation des chefs coutumiers et leaders communautaires pour sa r\u00e9ussite - LES VOLCANS NEWS\" \/>\n<meta property=\"og:description\" content=\"L&#8217;\u00e9valuation du projet star-Est en province de l&#8217;Ituri est au centre d&#8217;une session unique du comit\u00e9 consultatif provincial tenue ce lundi 01 d\u00e9cembre 2025. Pr\u00e9sid\u00e9e par le gouverneur Luboya, cette\" \/>\n<meta property=\"og:url\" content=\"https:\/\/lesvolcansnews.net\/?p=71047\" \/>\n<meta property=\"og:site_name\" content=\"LES VOLCANS NEWS\" \/>\n<meta property=\"article:published_time\" content=\"2025-12-02T03:57:13+00:00\" \/>\n<meta property=\"article:modified_time\" content=\"2025-12-02T07:42:25+00:00\" \/>\n<meta property=\"og:image\" content=\"https:\/\/lesvolcansnews.net\/wp-content\/uploads\/2024\/02\/Le-Lt-General-Luboya-NKashama-Jonny-Gouverneur-militaire-de-lIturi.jpeg\" \/>\n\t<meta property=\"og:image:width\" content=\"1080\" \/>\n\t<meta property=\"og:image:height\" content=\"720\" \/>\n\t<meta property=\"og:image:type\" content=\"image\/jpeg\" \/>\n<meta name=\"author\" content=\"R\u00e9daction - Les Volcans News\" \/>\n<meta name=\"twitter:card\" content=\"summary_large_image\" \/>\n<meta name=\"twitter:label1\" content=\"\u00c9crit par\" \/>\n\t<meta name=\"twitter:data1\" content=\"R\u00e9daction - Les Volcans News\" \/>\n\t<meta name=\"twitter:label2\" content=\"Dur\u00e9e de lecture estim\u00e9e\" \/>\n\t<meta name=\"twitter:data2\" content=\"2 minutes\" \/>\n<script type=\"application\/ld+json\" class=\"yoast-schema-graph\">{\"@context\":\"https:\\\/\\\/schema.org\",\"@graph\":[{\"@type\":\"Article\",\"@id\":\"https:\\\/\\\/lesvolcansnews.net\\\/?p=71047#article\",\"isPartOf\":{\"@id\":\"https:\\\/\\\/lesvolcansnews.net\\\/?p=71047\"},\"author\":{\"name\":\"R\u00e9daction - Les Volcans News\",\"@id\":\"https:\\\/\\\/lesvolcansnews.net\\\/#\\\/schema\\\/person\\\/82c8bed2e77879ecf6cca63441f57354\"},\"headline\":\"Projet star-Est en Ituri : le gouverneur Luboya compte sur l&#8217;appropriation des chefs coutumiers et leaders communautaires pour sa r\u00e9ussite\",\"datePublished\":\"2025-12-02T03:57:13+00:00\",\"dateModified\":\"2025-12-02T07:42:25+00:00\",\"mainEntityOfPage\":{\"@id\":\"https:\\\/\\\/lesvolcansnews.net\\\/?p=71047\"},\"wordCount\":340,\"commentCount\":0,\"image\":{\"@id\":\"https:\\\/\\\/lesvolcansnews.net\\\/?p=71047#primaryimage\"},\"thumbnailUrl\":\"https:\\\/\\\/lesvolcansnews.net\\\/wp-content\\\/uploads\\\/2024\\\/02\\\/Le-Lt-General-Luboya-NKashama-Jonny-Gouverneur-militaire-de-lIturi.jpeg\",\"articleSection\":[\"S\u00c9CURIT\u00c9\"],\"inLanguage\":\"fr-FR\",\"potentialAction\":[{\"@type\":\"CommentAction\",\"name\":\"Comment\",\"target\":[\"https:\\\/\\\/lesvolcansnews.net\\\/?p=71047#respond\"]}]},{\"@type\":\"WebPage\",\"@id\":\"https:\\\/\\\/lesvolcansnews.net\\\/?p=71047\",\"url\":\"https:\\\/\\\/lesvolcansnews.net\\\/?p=71047\",\"name\":\"Projet star-Est en Ituri : le gouverneur Luboya compte sur l'appropriation des chefs coutumiers et leaders communautaires pour sa r\u00e9ussite - LES VOLCANS NEWS\",\"isPartOf\":{\"@id\":\"https:\\\/\\\/lesvolcansnews.net\\\/#website\"},\"primaryImageOfPage\":{\"@id\":\"https:\\\/\\\/lesvolcansnews.net\\\/?p=71047#primaryimage\"},\"image\":{\"@id\":\"https:\\\/\\\/lesvolcansnews.net\\\/?p=71047#primaryimage\"},\"thumbnailUrl\":\"https:\\\/\\\/lesvolcansnews.net\\\/wp-content\\\/uploads\\\/2024\\\/02\\\/Le-Lt-General-Luboya-NKashama-Jonny-Gouverneur-militaire-de-lIturi.jpeg\",\"datePublished\":\"2025-12-02T03:57:13+00:00\",\"dateModified\":\"2025-12-02T07:42:25+00:00\",\"author\":{\"@id\":\"https:\\\/\\\/lesvolcansnews.net\\\/#\\\/schema\\\/person\\\/82c8bed2e77879ecf6cca63441f57354\"},\"breadcrumb\":{\"@id\":\"https:\\\/\\\/lesvolcansnews.net\\\/?p=71047#breadcrumb\"},\"inLanguage\":\"fr-FR\",\"potentialAction\":[{\"@type\":\"ReadAction\",\"target\":[\"https:\\\/\\\/lesvolcansnews.net\\\/?p=71047\"]}]},{\"@type\":\"ImageObject\",\"inLanguage\":\"fr-FR\",\"@id\":\"https:\\\/\\\/lesvolcansnews.net\\\/?p=71047#primaryimage\",\"url\":\"https:\\\/\\\/lesvolcansnews.net\\\/wp-content\\\/uploads\\\/2024\\\/02\\\/Le-Lt-General-Luboya-NKashama-Jonny-Gouverneur-militaire-de-lIturi.jpeg\",\"contentUrl\":\"https:\\\/\\\/lesvolcansnews.net\\\/wp-content\\\/uploads\\\/2024\\\/02\\\/Le-Lt-General-Luboya-NKashama-Jonny-Gouverneur-militaire-de-lIturi.jpeg\",\"width\":1080,\"height\":720},{\"@type\":\"BreadcrumbList\",\"@id\":\"https:\\\/\\\/lesvolcansnews.net\\\/?p=71047#breadcrumb\",\"itemListElement\":[{\"@type\":\"ListItem\",\"position\":1,\"name\":\"Accueil\",\"item\":\"https:\\\/\\\/lesvolcansnews.net\\\/\"},{\"@type\":\"ListItem\",\"position\":2,\"name\":\"Projet star-Est en Ituri : le gouverneur Luboya compte sur l&#8217;appropriation des chefs coutumiers et leaders communautaires pour sa r\u00e9ussite\"}]},{\"@type\":\"WebSite\",\"@id\":\"https:\\\/\\\/lesvolcansnews.net\\\/#website\",\"url\":\"https:\\\/\\\/lesvolcansnews.net\\\/\",\"name\":\"LES VOLCANS NEWS\",\"description\":\"L&#039;INFORMATION C&#039;EST NOUS\",\"potentialAction\":[{\"@type\":\"SearchAction\",\"target\":{\"@type\":\"EntryPoint\",\"urlTemplate\":\"https:\\\/\\\/lesvolcansnews.net\\\/?s={search_term_string}\"},\"query-input\":{\"@type\":\"PropertyValueSpecification\",\"valueRequired\":true,\"valueName\":\"search_term_string\"}}],\"inLanguage\":\"fr-FR\"},{\"@type\":\"Person\",\"@id\":\"https:\\\/\\\/lesvolcansnews.net\\\/#\\\/schema\\\/person\\\/82c8bed2e77879ecf6cca63441f57354\",\"name\":\"R\u00e9daction - Les Volcans News\",\"image\":{\"@type\":\"ImageObject\",\"inLanguage\":\"fr-FR\",\"@id\":\"https:\\\/\\\/secure.gravatar.com\\\/avatar\\\/8408942dd851e8a9c09f3d382a661bc05d2b3cd9002139bc1795b9528cdc6c80?s=96&d=mm&r=g\",\"url\":\"https:\\\/\\\/secure.gravatar.com\\\/avatar\\\/8408942dd851e8a9c09f3d382a661bc05d2b3cd9002139bc1795b9528cdc6c80?s=96&d=mm&r=g\",\"contentUrl\":\"https:\\\/\\\/secure.gravatar.com\\\/avatar\\\/8408942dd851e8a9c09f3d382a661bc05d2b3cd9002139bc1795b9528cdc6c80?s=96&d=mm&r=g\",\"caption\":\"R\u00e9daction - Les Volcans News\"},\"url\":\"https:\\\/\\\/lesvolcansnews.net\\\/?author=14\"}]}<\/script>\n<!-- \/ Yoast SEO plugin. -->","yoast_head_json":{"title":"Projet star-Est en Ituri : le gouverneur Luboya compte sur l'appropriation des chefs coutumiers et leaders communautaires pour sa r\u00e9ussite - LES VOLCANS NEWS","robots":{"index":"index","follow":"follow","max-snippet":"max-snippet:-1","max-image-preview":"max-image-preview:large","max-video-preview":"max-video-preview:-1"},"canonical":"https:\/\/lesvolcansnews.net\/?p=71047","og_locale":"fr_FR","og_type":"article","og_title":"Projet star-Est en Ituri : le gouverneur Luboya compte sur l'appropriation des chefs coutumiers et leaders communautaires pour sa r\u00e9ussite - LES VOLCANS NEWS","og_description":"L&#8217;\u00e9valuation du projet star-Est en province de l&#8217;Ituri est au centre d&#8217;une session unique du comit\u00e9 consultatif provincial tenue ce lundi 01 d\u00e9cembre 2025. Pr\u00e9sid\u00e9e par le gouverneur Luboya, cette","og_url":"https:\/\/lesvolcansnews.net\/?p=71047","og_site_name":"LES VOLCANS NEWS","article_published_time":"2025-12-02T03:57:13+00:00","article_modified_time":"2025-12-02T07:42:25+00:00","og_image":[{"width":1080,"height":720,"url":"https:\/\/lesvolcansnews.net\/wp-content\/uploads\/2024\/02\/Le-Lt-General-Luboya-NKashama-Jonny-Gouverneur-militaire-de-lIturi.jpeg","type":"image\/jpeg"}],"author":"R\u00e9daction - Les Volcans News","twitter_card":"summary_large_image","twitter_misc":{"\u00c9crit par":"R\u00e9daction - Les Volcans News","Dur\u00e9e de lecture estim\u00e9e":"2 minutes"},"schema":{"@context":"https:\/\/schema.org","@graph":[{"@type":"Article","@id":"https:\/\/lesvolcansnews.net\/?p=71047#article","isPartOf":{"@id":"https:\/\/lesvolcansnews.net\/?p=71047"},"author":{"name":"R\u00e9daction - Les Volcans News","@id":"https:\/\/lesvolcansnews.net\/#\/schema\/person\/82c8bed2e77879ecf6cca63441f57354"},"headline":"Projet star-Est en Ituri : le gouverneur Luboya compte sur l&#8217;appropriation des chefs coutumiers et leaders communautaires pour sa r\u00e9ussite","datePublished":"2025-12-02T03:57:13+00:00","dateModified":"2025-12-02T07:42:25+00:00","mainEntityOfPage":{"@id":"https:\/\/lesvolcansnews.net\/?p=71047"},"wordCount":340,"commentCount":0,"image":{"@id":"https:\/\/lesvolcansnews.net\/?p=71047#primaryimage"},"thumbnailUrl":"https:\/\/lesvolcansnews.net\/wp-content\/uploads\/2024\/02\/Le-Lt-General-Luboya-NKashama-Jonny-Gouverneur-militaire-de-lIturi.jpeg","articleSection":["S\u00c9CURIT\u00c9"],"inLanguage":"fr-FR","potentialAction":[{"@type":"CommentAction","name":"Comment","target":["https:\/\/lesvolcansnews.net\/?p=71047#respond"]}]},{"@type":"WebPage","@id":"https:\/\/lesvolcansnews.net\/?p=71047","url":"https:\/\/lesvolcansnews.net\/?p=71047","name":"Projet star-Est en Ituri : le gouverneur Luboya compte sur l'appropriation des chefs coutumiers et leaders communautaires pour sa r\u00e9ussite - LES VOLCANS NEWS","isPartOf":{"@id":"https:\/\/lesvolcansnews.net\/#website"},"primaryImageOfPage":{"@id":"https:\/\/lesvolcansnews.net\/?p=71047#primaryimage"},"image":{"@id":"https:\/\/lesvolcansnews.net\/?p=71047#primaryimage"},"thumbnailUrl":"https:\/\/lesvolcansnews.net\/wp-content\/uploads\/2024\/02\/Le-Lt-General-Luboya-NKashama-Jonny-Gouverneur-militaire-de-lIturi.jpeg","datePublished":"2025-12-02T03:57:13+00:00","dateModified":"2025-12-02T07:42:25+00:00","author":{"@id":"https:\/\/lesvolcansnews.net\/#\/schema\/person\/82c8bed2e77879ecf6cca63441f57354"},"breadcrumb":{"@id":"https:\/\/lesvolcansnews.net\/?p=71047#breadcrumb"},"inLanguage":"fr-FR","potentialAction":[{"@type":"ReadAction","target":["https:\/\/lesvolcansnews.net\/?p=71047"]}]},{"@type":"ImageObject","inLanguage":"fr-FR","@id":"https:\/\/lesvolcansnews.net\/?p=71047#primaryimage","url":"https:\/\/lesvolcansnews.net\/wp-content\/uploads\/2024\/02\/Le-Lt-General-Luboya-NKashama-Jonny-Gouverneur-militaire-de-lIturi.jpeg","contentUrl":"https:\/\/lesvolcansnews.net\/wp-content\/uploads\/2024\/02\/Le-Lt-General-Luboya-NKashama-Jonny-Gouverneur-militaire-de-lIturi.jpeg","width":1080,"height":720},{"@type":"BreadcrumbList","@id":"https:\/\/lesvolcansnews.net\/?p=71047#breadcrumb","itemListElement":[{"@type":"ListItem","position":1,"name":"Accueil","item":"https:\/\/lesvolcansnews.net\/"},{"@type":"ListItem","position":2,"name":"Projet star-Est en Ituri : le gouverneur Luboya compte sur l&#8217;appropriation des chefs coutumiers et leaders communautaires pour sa r\u00e9ussite"}]},{"@type":"WebSite","@id":"https:\/\/lesvolcansnews.net\/#website","url":"https:\/\/lesvolcansnews.net\/","name":"LES VOLCANS NEWS","description":"L&#039;INFORMATION C&#039;EST NOUS","potentialAction":[{"@type":"SearchAction","target":{"@type":"EntryPoint","urlTemplate":"https:\/\/lesvolcansnews.net\/?s={search_term_string}"},"query-input":{"@type":"PropertyValueSpecification","valueRequired":true,"valueName":"search_term_string"}}],"inLanguage":"fr-FR"},{"@type":"Person","@id":"https:\/\/lesvolcansnews.net\/#\/schema\/person\/82c8bed2e77879ecf6cca63441f57354","name":"R\u00e9daction - Les Volcans News","image":{"@type":"ImageObject","inLanguage":"fr-FR","@id":"https:\/\/secure.gravatar.com\/avatar\/8408942dd851e8a9c09f3d382a661bc05d2b3cd9002139bc1795b9528cdc6c80?s=96&d=mm&r=g","url":"https:\/\/secure.gravatar.com\/avatar\/8408942dd851e8a9c09f3d382a661bc05d2b3cd9002139bc1795b9528cdc6c80?s=96&d=mm&r=g","contentUrl":"https:\/\/secure.gravatar.com\/avatar\/8408942dd851e8a9c09f3d382a661bc05d2b3cd9002139bc1795b9528cdc6c80?s=96&d=mm&r=g","caption":"R\u00e9daction - Les Volcans News"},"url":"https:\/\/lesvolcansnews.net\/?author=14"}]}},"_links":{"self":[{"href":"https:\/\/lesvolcansnews.net\/index.php?rest_route=\/wp\/v2\/posts\/71047","targetHints":{"allow":["GET"]}}],"collection":[{"href":"https:\/\/lesvolcansnews.net\/index.php?rest_route=\/wp\/v2\/posts"}],"about":[{"href":"https:\/\/lesvolcansnews.net\/index.php?rest_route=\/wp\/v2\/types\/post"}],"author":[{"embeddable":true,"href":"https:\/\/lesvolcansnews.net\/index.php?rest_route=\/wp\/v2\/users\/14"}],"replies":[{"embeddable":true,"href":"https:\/\/lesvolcansnews.net\/index.php?rest_route=%2Fwp%2Fv2%2Fcomments&post=71047"}],"version-history":[{"count":2,"href":"https:\/\/lesvolcansnews.net\/index.php?rest_route=\/wp\/v2\/posts\/71047\/revisions"}],"predecessor-version":[{"id":71063,"href":"https:\/\/lesvolcansnews.net\/index.php?rest_route=\/wp\/v2\/posts\/71047\/revisions\/71063"}],"wp:featuredmedia":[{"embeddable":true,"href":"https:\/\/lesvolcansnews.net\/index.php?rest_route=\/wp\/v2\/media\/51474"}],"wp:attachment":[{"href":"https:\/\/lesvolcansnews.net\/index.php?rest_route=%2Fwp%2Fv2%2Fmedia&parent=71047"}],"wp:term":[{"taxonomy":"category","embeddable":true,"href":"https:\/\/lesvolcansnews.net\/index.php?rest_route=%2Fwp%2Fv2%2Fcategories&post=71047"},{"taxonomy":"post_tag","embeddable":true,"href":"https:\/\/lesvolcansnews.net\/index.php?rest_route=%2Fwp%2Fv2%2Ftags&post=71047"}],"curies":[{"name":"wp","href":"https:\/\/api.w.org\/{rel}","templated":true}]}}