{"id":71030,"date":"2025-11-30T22:42:26","date_gmt":"2025-11-30T20:42:26","guid":{"rendered":"https:\/\/lesvolcansnews.net\/2025\/11\/30\/rdc-jean-paul-waitswalo-appelle-a-un-dialogue-regional-avec-le-rwanda-et-louganda-pour-une-paix-durable-au-kivu\/"},"modified":"2025-11-30T22:42:26","modified_gmt":"2025-11-30T20:42:26","slug":"rdc-jean-paul-waitswalo-appelle-a-un-dialogue-regional-avec-le-rwanda-et-louganda-pour-une-paix-durable-au-kivu","status":"publish","type":"post","link":"https:\/\/lesvolcansnews.net\/?p=71030","title":{"rendered":"RDC : Jean-Paul Waitswalo appelle \u00e0 un dialogue r\u00e9gional avec le Rwanda et l\u2019Ouganda pour une paix durable au Kivu"},"content":{"rendered":"\n<p><strong>Monsieur Jean-Paul Waitswalo, notable et philanthrope du Nord-Kivu, a salu\u00e9 dimanche 30 novembre l\u2019annonce d\u2019accords imminents entre la R\u00e9publique d\u00e9mocratique du Congo et le Rwanda, tout en appelant \u00e0 une approche r\u00e9gionale plus large pour mettre fin \u00e0 l\u2019ins\u00e9curit\u00e9 persistante dans l\u2019Est du pays.<\/strong><\/p>\n\n\n\n<p>\u00ab <em>La paix au Kivu ne peut plus attendre. Elle est aujourd\u2019hui une priorit\u00e9 absolue pour nos populations qui, depuis trop longtemps, portent le fardeau de l\u2019ins\u00e9curit\u00e9 et des violences \u00bb,<\/em> a d\u00e9clar\u00e9 Waitswalo dans un message consult\u00e9 par <em>lesvolcansnews.net<\/em>. <\/p>\n\n\n\n<p>Il a estim\u00e9 que l\u2019initiative du pr\u00e9sident congolais constituait \u00ab une \u00e9tape importante vers une paix durable \u00bb.<\/p>\n\n\n\n<p>Waitswalo a toutefois affirm\u00e9 que la stabilit\u00e9 ne pourra \u00eatre atteinte qu\u2019en traitant l\u2019ensemble des facteurs r\u00e9gionaux. <\/p>\n\n\n\n<p>\u00ab <em>De la m\u00eame mani\u00e8re que le gouvernement (\u2026) s\u2019est engag\u00e9 dans des pourparlers avec le M23, il est temps que la communaut\u00e9 internationale, en particulier les \u00c9tats-Unis, joue pleinement son r\u00f4le en facilitant des n\u00e9gociations directes entre le Rwanda et les FDLR, ainsi qu\u2019entre l\u2019Ouganda et les ADF \u00bb,<\/em> a-t-il d\u00e9clar\u00e9.<\/p>\n\n\n\n<p>Selon lui, les groupes arm\u00e9s \u00e9trangers op\u00e9rant dans l\u2019Est du Congo doivent \u00eatre \u00ab pris en charge par leurs \u00c9tats d\u2019origine \u00bb.<\/p>\n\n\n\n<p> \u00ab <em>Chaque pays doit assumer sa part de responsabilit\u00e9 et s\u2019engager \u00e0 dialoguer avec les acteurs qui se r\u00e9clament de lui. C\u2019est cela, le respect de la souverainet\u00e9. C\u2019est cela, la coop\u00e9ration r\u00e9gionale v\u00e9ritable \u00bb,<\/em> a-t-il ajout\u00e9.<\/p>\n\n\n\n<p>Le philanthrope a appel\u00e9 \u00e0 s\u2019attaquer \u00ab \u00e0 la racine du probl\u00e8me \u00bb en r\u00e9unissant tous les acteurs concern\u00e9s autour de la table.<\/p>\n\n\n\n<p> \u00ab<em> Ce n\u2019est qu\u2019ainsi que nous pourrons offrir \u00e0 la r\u00e9gion des Grands Lacs une paix durable, fond\u00e9e sur la v\u00e9rit\u00e9, la responsabilit\u00e9 partag\u00e9e et la volont\u00e9 commune de tourner la page des conflits \u00bb,<\/em> a-t-il indiqu\u00e9.<\/p>\n\n\n\n<p>La situation s\u00e9curitaire dans l\u2019Est de la RDC reste marqu\u00e9e par la pr\u00e9sence de nombreux groupes arm\u00e9s locaux et \u00e9trangers, alimentant une crise humanitaire persistante malgr\u00e9 les initiatives diplomatiques en cours.<\/p>\n\n\n\n<p>Une eni\u00e8me signature est pr\u00e9vue d&#8217;ici le 4 d\u00e9cembre aux Etats Unis si l&#8217;on s&#8217;en tient aux annonces des parties entre la RDC et le Rwanda mais cette signature est d\u00e9j\u00e0 pr\u00e9c\u00e9d\u00e9e par une guerre de mots entre les deux \u00e9tats. <\/p>\n\n\n\n<p>Armand Zamba <\/p>\n","protected":false},"excerpt":{"rendered":"<p>Monsieur Jean-Paul Waitswalo, notable et philanthrope du Nord-Kivu, a salu\u00e9 dimanche 30 novembre l\u2019annonce d\u2019accords imminents entre la R\u00e9publique d\u00e9mocratique du Congo et le Rwanda, tout en appelant \u00e0 une<\/p>\n","protected":false},"author":14,"featured_media":71029,"comment_status":"open","ping_status":"open","sticky":false,"template":"","format":"standard","meta":{"footnotes":""},"categories":[1],"tags":[],"class_list":["post-71030","post","type-post","status-publish","format-standard","has-post-thumbnail","hentry","category-actualite"],"yoast_head":"<!-- This site is optimized with the Yoast SEO plugin v27.3 - https:\/\/yoast.com\/product\/yoast-seo-wordpress\/ -->\n<title>RDC : Jean-Paul Waitswalo appelle \u00e0 un dialogue r\u00e9gional avec le Rwanda et l\u2019Ouganda pour une paix durable au Kivu - LES VOLCANS NEWS<\/title>\n<meta name=\"robots\" content=\"index, follow, max-snippet:-1, max-image-preview:large, max-video-preview:-1\" \/>\n<link rel=\"canonical\" href=\"https:\/\/lesvolcansnews.net\/?p=71030\" \/>\n<meta property=\"og:locale\" content=\"fr_FR\" \/>\n<meta property=\"og:type\" content=\"article\" \/>\n<meta property=\"og:title\" content=\"RDC : Jean-Paul Waitswalo appelle \u00e0 un dialogue r\u00e9gional avec le Rwanda et l\u2019Ouganda pour une paix durable au Kivu - LES VOLCANS NEWS\" \/>\n<meta property=\"og:description\" content=\"Monsieur Jean-Paul Waitswalo, notable et philanthrope du Nord-Kivu, a salu\u00e9 dimanche 30 novembre l\u2019annonce d\u2019accords imminents entre la R\u00e9publique d\u00e9mocratique du Congo et le Rwanda, tout en appelant \u00e0 une\" \/>\n<meta property=\"og:url\" content=\"https:\/\/lesvolcansnews.net\/?p=71030\" \/>\n<meta property=\"og:site_name\" content=\"LES VOLCANS NEWS\" \/>\n<meta property=\"article:published_time\" content=\"2025-11-30T20:42:26+00:00\" \/>\n<meta property=\"og:image\" content=\"https:\/\/lesvolcansnews.net\/wp-content\/uploads\/2025\/11\/Screenshot_20250606-121038-720x570-1.jpg\" \/>\n\t<meta property=\"og:image:width\" content=\"720\" \/>\n\t<meta property=\"og:image:height\" content=\"570\" \/>\n\t<meta property=\"og:image:type\" content=\"image\/jpeg\" \/>\n<meta name=\"author\" content=\"R\u00e9daction - Les Volcans News\" \/>\n<meta name=\"twitter:card\" content=\"summary_large_image\" \/>\n<meta name=\"twitter:label1\" content=\"\u00c9crit par\" \/>\n\t<meta name=\"twitter:data1\" content=\"R\u00e9daction - Les Volcans News\" \/>\n\t<meta name=\"twitter:label2\" content=\"Dur\u00e9e de lecture estim\u00e9e\" \/>\n\t<meta name=\"twitter:data2\" content=\"2 minutes\" \/>\n<script type=\"application\/ld+json\" class=\"yoast-schema-graph\">{\"@context\":\"https:\\\/\\\/schema.org\",\"@graph\":[{\"@type\":\"Article\",\"@id\":\"https:\\\/\\\/lesvolcansnews.net\\\/?p=71030#article\",\"isPartOf\":{\"@id\":\"https:\\\/\\\/lesvolcansnews.net\\\/?p=71030\"},\"author\":{\"name\":\"R\u00e9daction - Les Volcans News\",\"@id\":\"https:\\\/\\\/lesvolcansnews.net\\\/#\\\/schema\\\/person\\\/82c8bed2e77879ecf6cca63441f57354\"},\"headline\":\"RDC : Jean-Paul Waitswalo appelle \u00e0 un dialogue r\u00e9gional avec le Rwanda et l\u2019Ouganda pour une paix durable au Kivu\",\"datePublished\":\"2025-11-30T20:42:26+00:00\",\"mainEntityOfPage\":{\"@id\":\"https:\\\/\\\/lesvolcansnews.net\\\/?p=71030\"},\"wordCount\":423,\"commentCount\":0,\"image\":{\"@id\":\"https:\\\/\\\/lesvolcansnews.net\\\/?p=71030#primaryimage\"},\"thumbnailUrl\":\"https:\\\/\\\/lesvolcansnews.net\\\/wp-content\\\/uploads\\\/2025\\\/11\\\/Screenshot_20250606-121038-720x570-1.jpg\",\"articleSection\":[\"ACTUALIT\u00c9\"],\"inLanguage\":\"fr-FR\",\"potentialAction\":[{\"@type\":\"CommentAction\",\"name\":\"Comment\",\"target\":[\"https:\\\/\\\/lesvolcansnews.net\\\/?p=71030#respond\"]}]},{\"@type\":\"WebPage\",\"@id\":\"https:\\\/\\\/lesvolcansnews.net\\\/?p=71030\",\"url\":\"https:\\\/\\\/lesvolcansnews.net\\\/?p=71030\",\"name\":\"RDC : Jean-Paul Waitswalo appelle \u00e0 un dialogue r\u00e9gional avec le Rwanda et l\u2019Ouganda pour une paix durable au Kivu - LES VOLCANS NEWS\",\"isPartOf\":{\"@id\":\"https:\\\/\\\/lesvolcansnews.net\\\/#website\"},\"primaryImageOfPage\":{\"@id\":\"https:\\\/\\\/lesvolcansnews.net\\\/?p=71030#primaryimage\"},\"image\":{\"@id\":\"https:\\\/\\\/lesvolcansnews.net\\\/?p=71030#primaryimage\"},\"thumbnailUrl\":\"https:\\\/\\\/lesvolcansnews.net\\\/wp-content\\\/uploads\\\/2025\\\/11\\\/Screenshot_20250606-121038-720x570-1.jpg\",\"datePublished\":\"2025-11-30T20:42:26+00:00\",\"author\":{\"@id\":\"https:\\\/\\\/lesvolcansnews.net\\\/#\\\/schema\\\/person\\\/82c8bed2e77879ecf6cca63441f57354\"},\"breadcrumb\":{\"@id\":\"https:\\\/\\\/lesvolcansnews.net\\\/?p=71030#breadcrumb\"},\"inLanguage\":\"fr-FR\",\"potentialAction\":[{\"@type\":\"ReadAction\",\"target\":[\"https:\\\/\\\/lesvolcansnews.net\\\/?p=71030\"]}]},{\"@type\":\"ImageObject\",\"inLanguage\":\"fr-FR\",\"@id\":\"https:\\\/\\\/lesvolcansnews.net\\\/?p=71030#primaryimage\",\"url\":\"https:\\\/\\\/lesvolcansnews.net\\\/wp-content\\\/uploads\\\/2025\\\/11\\\/Screenshot_20250606-121038-720x570-1.jpg\",\"contentUrl\":\"https:\\\/\\\/lesvolcansnews.net\\\/wp-content\\\/uploads\\\/2025\\\/11\\\/Screenshot_20250606-121038-720x570-1.jpg\",\"width\":720,\"height\":570},{\"@type\":\"BreadcrumbList\",\"@id\":\"https:\\\/\\\/lesvolcansnews.net\\\/?p=71030#breadcrumb\",\"itemListElement\":[{\"@type\":\"ListItem\",\"position\":1,\"name\":\"Accueil\",\"item\":\"https:\\\/\\\/lesvolcansnews.net\\\/\"},{\"@type\":\"ListItem\",\"position\":2,\"name\":\"RDC : Jean-Paul Waitswalo appelle \u00e0 un dialogue r\u00e9gional avec le Rwanda et l\u2019Ouganda pour une paix durable au Kivu\"}]},{\"@type\":\"WebSite\",\"@id\":\"https:\\\/\\\/lesvolcansnews.net\\\/#website\",\"url\":\"https:\\\/\\\/lesvolcansnews.net\\\/\",\"name\":\"LES VOLCANS NEWS\",\"description\":\"L&#039;INFORMATION C&#039;EST NOUS\",\"potentialAction\":[{\"@type\":\"SearchAction\",\"target\":{\"@type\":\"EntryPoint\",\"urlTemplate\":\"https:\\\/\\\/lesvolcansnews.net\\\/?s={search_term_string}\"},\"query-input\":{\"@type\":\"PropertyValueSpecification\",\"valueRequired\":true,\"valueName\":\"search_term_string\"}}],\"inLanguage\":\"fr-FR\"},{\"@type\":\"Person\",\"@id\":\"https:\\\/\\\/lesvolcansnews.net\\\/#\\\/schema\\\/person\\\/82c8bed2e77879ecf6cca63441f57354\",\"name\":\"R\u00e9daction - Les Volcans News\",\"image\":{\"@type\":\"ImageObject\",\"inLanguage\":\"fr-FR\",\"@id\":\"https:\\\/\\\/secure.gravatar.com\\\/avatar\\\/8408942dd851e8a9c09f3d382a661bc05d2b3cd9002139bc1795b9528cdc6c80?s=96&d=mm&r=g\",\"url\":\"https:\\\/\\\/secure.gravatar.com\\\/avatar\\\/8408942dd851e8a9c09f3d382a661bc05d2b3cd9002139bc1795b9528cdc6c80?s=96&d=mm&r=g\",\"contentUrl\":\"https:\\\/\\\/secure.gravatar.com\\\/avatar\\\/8408942dd851e8a9c09f3d382a661bc05d2b3cd9002139bc1795b9528cdc6c80?s=96&d=mm&r=g\",\"caption\":\"R\u00e9daction - Les Volcans News\"},\"url\":\"https:\\\/\\\/lesvolcansnews.net\\\/?author=14\"}]}<\/script>\n<!-- \/ Yoast SEO plugin. -->","yoast_head_json":{"title":"RDC : Jean-Paul Waitswalo appelle \u00e0 un dialogue r\u00e9gional avec le Rwanda et l\u2019Ouganda pour une paix durable au Kivu - LES VOLCANS NEWS","robots":{"index":"index","follow":"follow","max-snippet":"max-snippet:-1","max-image-preview":"max-image-preview:large","max-video-preview":"max-video-preview:-1"},"canonical":"https:\/\/lesvolcansnews.net\/?p=71030","og_locale":"fr_FR","og_type":"article","og_title":"RDC : Jean-Paul Waitswalo appelle \u00e0 un dialogue r\u00e9gional avec le Rwanda et l\u2019Ouganda pour une paix durable au Kivu - LES VOLCANS NEWS","og_description":"Monsieur Jean-Paul Waitswalo, notable et philanthrope du Nord-Kivu, a salu\u00e9 dimanche 30 novembre l\u2019annonce d\u2019accords imminents entre la R\u00e9publique d\u00e9mocratique du Congo et le Rwanda, tout en appelant \u00e0 une","og_url":"https:\/\/lesvolcansnews.net\/?p=71030","og_site_name":"LES VOLCANS NEWS","article_published_time":"2025-11-30T20:42:26+00:00","og_image":[{"width":720,"height":570,"url":"https:\/\/lesvolcansnews.net\/wp-content\/uploads\/2025\/11\/Screenshot_20250606-121038-720x570-1.jpg","type":"image\/jpeg"}],"author":"R\u00e9daction - Les Volcans News","twitter_card":"summary_large_image","twitter_misc":{"\u00c9crit par":"R\u00e9daction - Les Volcans News","Dur\u00e9e de lecture estim\u00e9e":"2 minutes"},"schema":{"@context":"https:\/\/schema.org","@graph":[{"@type":"Article","@id":"https:\/\/lesvolcansnews.net\/?p=71030#article","isPartOf":{"@id":"https:\/\/lesvolcansnews.net\/?p=71030"},"author":{"name":"R\u00e9daction - Les Volcans News","@id":"https:\/\/lesvolcansnews.net\/#\/schema\/person\/82c8bed2e77879ecf6cca63441f57354"},"headline":"RDC : Jean-Paul Waitswalo appelle \u00e0 un dialogue r\u00e9gional avec le Rwanda et l\u2019Ouganda pour une paix durable au Kivu","datePublished":"2025-11-30T20:42:26+00:00","mainEntityOfPage":{"@id":"https:\/\/lesvolcansnews.net\/?p=71030"},"wordCount":423,"commentCount":0,"image":{"@id":"https:\/\/lesvolcansnews.net\/?p=71030#primaryimage"},"thumbnailUrl":"https:\/\/lesvolcansnews.net\/wp-content\/uploads\/2025\/11\/Screenshot_20250606-121038-720x570-1.jpg","articleSection":["ACTUALIT\u00c9"],"inLanguage":"fr-FR","potentialAction":[{"@type":"CommentAction","name":"Comment","target":["https:\/\/lesvolcansnews.net\/?p=71030#respond"]}]},{"@type":"WebPage","@id":"https:\/\/lesvolcansnews.net\/?p=71030","url":"https:\/\/lesvolcansnews.net\/?p=71030","name":"RDC : Jean-Paul Waitswalo appelle \u00e0 un dialogue r\u00e9gional avec le Rwanda et l\u2019Ouganda pour une paix durable au Kivu - LES VOLCANS NEWS","isPartOf":{"@id":"https:\/\/lesvolcansnews.net\/#website"},"primaryImageOfPage":{"@id":"https:\/\/lesvolcansnews.net\/?p=71030#primaryimage"},"image":{"@id":"https:\/\/lesvolcansnews.net\/?p=71030#primaryimage"},"thumbnailUrl":"https:\/\/lesvolcansnews.net\/wp-content\/uploads\/2025\/11\/Screenshot_20250606-121038-720x570-1.jpg","datePublished":"2025-11-30T20:42:26+00:00","author":{"@id":"https:\/\/lesvolcansnews.net\/#\/schema\/person\/82c8bed2e77879ecf6cca63441f57354"},"breadcrumb":{"@id":"https:\/\/lesvolcansnews.net\/?p=71030#breadcrumb"},"inLanguage":"fr-FR","potentialAction":[{"@type":"ReadAction","target":["https:\/\/lesvolcansnews.net\/?p=71030"]}]},{"@type":"ImageObject","inLanguage":"fr-FR","@id":"https:\/\/lesvolcansnews.net\/?p=71030#primaryimage","url":"https:\/\/lesvolcansnews.net\/wp-content\/uploads\/2025\/11\/Screenshot_20250606-121038-720x570-1.jpg","contentUrl":"https:\/\/lesvolcansnews.net\/wp-content\/uploads\/2025\/11\/Screenshot_20250606-121038-720x570-1.jpg","width":720,"height":570},{"@type":"BreadcrumbList","@id":"https:\/\/lesvolcansnews.net\/?p=71030#breadcrumb","itemListElement":[{"@type":"ListItem","position":1,"name":"Accueil","item":"https:\/\/lesvolcansnews.net\/"},{"@type":"ListItem","position":2,"name":"RDC : Jean-Paul Waitswalo appelle \u00e0 un dialogue r\u00e9gional avec le Rwanda et l\u2019Ouganda pour une paix durable au Kivu"}]},{"@type":"WebSite","@id":"https:\/\/lesvolcansnews.net\/#website","url":"https:\/\/lesvolcansnews.net\/","name":"LES VOLCANS NEWS","description":"L&#039;INFORMATION C&#039;EST NOUS","potentialAction":[{"@type":"SearchAction","target":{"@type":"EntryPoint","urlTemplate":"https:\/\/lesvolcansnews.net\/?s={search_term_string}"},"query-input":{"@type":"PropertyValueSpecification","valueRequired":true,"valueName":"search_term_string"}}],"inLanguage":"fr-FR"},{"@type":"Person","@id":"https:\/\/lesvolcansnews.net\/#\/schema\/person\/82c8bed2e77879ecf6cca63441f57354","name":"R\u00e9daction - Les Volcans News","image":{"@type":"ImageObject","inLanguage":"fr-FR","@id":"https:\/\/secure.gravatar.com\/avatar\/8408942dd851e8a9c09f3d382a661bc05d2b3cd9002139bc1795b9528cdc6c80?s=96&d=mm&r=g","url":"https:\/\/secure.gravatar.com\/avatar\/8408942dd851e8a9c09f3d382a661bc05d2b3cd9002139bc1795b9528cdc6c80?s=96&d=mm&r=g","contentUrl":"https:\/\/secure.gravatar.com\/avatar\/8408942dd851e8a9c09f3d382a661bc05d2b3cd9002139bc1795b9528cdc6c80?s=96&d=mm&r=g","caption":"R\u00e9daction - Les Volcans News"},"url":"https:\/\/lesvolcansnews.net\/?author=14"}]}},"_links":{"self":[{"href":"https:\/\/lesvolcansnews.net\/index.php?rest_route=\/wp\/v2\/posts\/71030","targetHints":{"allow":["GET"]}}],"collection":[{"href":"https:\/\/lesvolcansnews.net\/index.php?rest_route=\/wp\/v2\/posts"}],"about":[{"href":"https:\/\/lesvolcansnews.net\/index.php?rest_route=\/wp\/v2\/types\/post"}],"author":[{"embeddable":true,"href":"https:\/\/lesvolcansnews.net\/index.php?rest_route=\/wp\/v2\/users\/14"}],"replies":[{"embeddable":true,"href":"https:\/\/lesvolcansnews.net\/index.php?rest_route=%2Fwp%2Fv2%2Fcomments&post=71030"}],"version-history":[{"count":0,"href":"https:\/\/lesvolcansnews.net\/index.php?rest_route=\/wp\/v2\/posts\/71030\/revisions"}],"wp:featuredmedia":[{"embeddable":true,"href":"https:\/\/lesvolcansnews.net\/index.php?rest_route=\/wp\/v2\/media\/71029"}],"wp:attachment":[{"href":"https:\/\/lesvolcansnews.net\/index.php?rest_route=%2Fwp%2Fv2%2Fmedia&parent=71030"}],"wp:term":[{"taxonomy":"category","embeddable":true,"href":"https:\/\/lesvolcansnews.net\/index.php?rest_route=%2Fwp%2Fv2%2Fcategories&post=71030"},{"taxonomy":"post_tag","embeddable":true,"href":"https:\/\/lesvolcansnews.net\/index.php?rest_route=%2Fwp%2Fv2%2Ftags&post=71030"}],"curies":[{"name":"wp","href":"https:\/\/api.w.org\/{rel}","templated":true}]}}