{"id":71013,"date":"2025-11-30T00:15:45","date_gmt":"2025-11-29T22:15:45","guid":{"rendered":"https:\/\/lesvolcansnews.net\/2025\/11\/30\/goma-decouverte-dune-cache-darmes-linquietude-renait-parmi-les-habitants\/"},"modified":"2025-11-30T00:15:45","modified_gmt":"2025-11-29T22:15:45","slug":"goma-decouverte-dune-cache-darmes-linquietude-renait-parmi-les-habitants","status":"publish","type":"post","link":"https:\/\/lesvolcansnews.net\/?p=71013","title":{"rendered":"Goma : D\u00e9couverte d&#8217;une cache d&#8217;armes, l&#8217;inqui\u00e9tude rena\u00eet parmi les habitants"},"content":{"rendered":"\n<p><\/p>\n\n\n\n<p> <strong>Une cache d&#8217;armes a \u00e9t\u00e9 mise au jour dans la commune de Karisimbi \u00e0 Goma, chef-lieu de la province du Nord-Kivu, alimentant les pr\u00e9occupations s\u00e9curitaires. Les habitants du quartier Kasika ont d\u00e9couvert pr\u00e8s d\u2019une dizaine d&#8217;armes AK-47, deux grenades et trois chargeurs garnis enfouis sous le sol.<\/strong><\/p>\n\n\n\n<p>La d\u00e9couverte a eu lieu ce 29 novembre 2025, alors que les r\u00e9sidents \u00e9taient travail communautaire dit \u00ab salongo \u00bb, autour d&#8217;un bureau de quartier .<\/p>\n\n\n\n<p>Des images de la sc\u00e8ne ont rapidement circul\u00e9 sur les r\u00e9seaux sociaux, montrant les armes et munitions, dont les grenades non d\u00e9samorc\u00e9es, dans le terrain du bureau du quartier.<\/p>\n\n\n\n<p><em>\u00ab Nous \u00e9tions en plein salongo autour de notre bureau et nous avons vu ces engins, dont deux grenades d\u00e9goupill\u00e9es. Nous avons d\u00fb arr\u00eater notre activit\u00e9 car nous ne savions pas ce qui se trouvait sous le sol \u00bb,<\/em> a d\u00e9clar\u00e9 un responsable local dans une vid\u00e9o virale.<\/p>\n\n\n\n<p> Cependant, la d\u00e9couverte ravive des inqui\u00e9tudes concernant la s\u00e9curit\u00e9 dans la ville de Goma, o\u00f9 la situation reste volatile depuis plusieurs mois.<\/p>\n\n\n\n<p><\/p>\n\n\n\n<p>Les \u00e9l\u00e9ments M23, dans le cadre de ces op\u00e9rations, ont proc\u00e9d\u00e9 lors des couvre-feu, \u00e0 plusieurs arrestations, dont celles de jeunes habitants, qui, selon certaines sources locales, sont encore d\u00e9tenus dans des conditions floues. Ces arrestations ont cr\u00e9\u00e9 un climat de m\u00e9fiance et de frustration parmi les habitants, d&#8217;autant plus que les familles des d\u00e9tenus n&#8217;ont pas eu de r\u00e9ponse claire sur leur statut.<\/p>\n\n\n\n<p>Bien qu&#8217;il soit difficile de d\u00e9terminer qui pourrait \u00eatre responsable de cette cache d&#8217;armes, la situation \u00e0 Goma et dans le Nord-Kivu demeure complexe. Le contr\u00f4le de certaines zones de la ville et de ses environs a longtemps \u00e9t\u00e9 difficile.<\/p>\n\n\n\n<p><\/p>\n\n\n\n<p>Les experts en s\u00e9curit\u00e9 redoutent que cette d\u00e9couverte d&#8217;armement ne soit qu&#8217;un sympt\u00f4me de probl\u00e8mes plus profonds, li\u00e9s au manque de contr\u00f4le par le M23 dans certaines parties de la ville.<\/p>\n\n\n\n<p> La ville de Goma, situ\u00e9e dans une zone g\u00e9opolitique sensible \u00e0 la fronti\u00e8re avec le Rwanda, reste un point n\u00e9vralgique pour les questions de s\u00e9curit\u00e9 r\u00e9gionale. Les populations locales continuent d\u2019\u00eatre prises au pi\u00e8ge.<\/p>\n\n\n\n<p>La r\u00e9daction <\/p>\n","protected":false},"excerpt":{"rendered":"<p>Une cache d&#8217;armes a \u00e9t\u00e9 mise au jour dans la commune de Karisimbi \u00e0 Goma, chef-lieu de la province du Nord-Kivu, alimentant les pr\u00e9occupations s\u00e9curitaires. Les habitants du quartier Kasika<\/p>\n","protected":false},"author":14,"featured_media":71012,"comment_status":"open","ping_status":"open","sticky":false,"template":"","format":"standard","meta":{"footnotes":""},"categories":[1],"tags":[],"class_list":["post-71013","post","type-post","status-publish","format-standard","has-post-thumbnail","hentry","category-actualite"],"yoast_head":"<!-- This site is optimized with the Yoast SEO plugin v27.3 - https:\/\/yoast.com\/product\/yoast-seo-wordpress\/ -->\n<title>Goma : D\u00e9couverte d&#039;une cache d&#039;armes, l&#039;inqui\u00e9tude rena\u00eet parmi les habitants - LES VOLCANS NEWS<\/title>\n<meta name=\"robots\" content=\"index, follow, max-snippet:-1, max-image-preview:large, max-video-preview:-1\" \/>\n<link rel=\"canonical\" href=\"https:\/\/lesvolcansnews.net\/?p=71013\" \/>\n<meta property=\"og:locale\" content=\"fr_FR\" \/>\n<meta property=\"og:type\" content=\"article\" \/>\n<meta property=\"og:title\" content=\"Goma : D\u00e9couverte d&#039;une cache d&#039;armes, l&#039;inqui\u00e9tude rena\u00eet parmi les habitants - LES VOLCANS NEWS\" \/>\n<meta property=\"og:description\" content=\"Une cache d&#8217;armes a \u00e9t\u00e9 mise au jour dans la commune de Karisimbi \u00e0 Goma, chef-lieu de la province du Nord-Kivu, alimentant les pr\u00e9occupations s\u00e9curitaires. Les habitants du quartier Kasika\" \/>\n<meta property=\"og:url\" content=\"https:\/\/lesvolcansnews.net\/?p=71013\" \/>\n<meta property=\"og:site_name\" content=\"LES VOLCANS NEWS\" \/>\n<meta property=\"article:published_time\" content=\"2025-11-29T22:15:45+00:00\" \/>\n<meta property=\"og:image\" content=\"https:\/\/lesvolcansnews.net\/wp-content\/uploads\/2025\/11\/1960148.jpg\" \/>\n\t<meta property=\"og:image:width\" content=\"836\" \/>\n\t<meta property=\"og:image:height\" content=\"557\" \/>\n\t<meta property=\"og:image:type\" content=\"image\/jpeg\" \/>\n<meta name=\"author\" content=\"R\u00e9daction - Les Volcans News\" \/>\n<meta name=\"twitter:card\" content=\"summary_large_image\" \/>\n<meta name=\"twitter:label1\" content=\"\u00c9crit par\" \/>\n\t<meta name=\"twitter:data1\" content=\"R\u00e9daction - Les Volcans News\" \/>\n\t<meta name=\"twitter:label2\" content=\"Dur\u00e9e de lecture estim\u00e9e\" \/>\n\t<meta name=\"twitter:data2\" content=\"2 minutes\" \/>\n<script type=\"application\/ld+json\" class=\"yoast-schema-graph\">{\"@context\":\"https:\\\/\\\/schema.org\",\"@graph\":[{\"@type\":\"Article\",\"@id\":\"https:\\\/\\\/lesvolcansnews.net\\\/?p=71013#article\",\"isPartOf\":{\"@id\":\"https:\\\/\\\/lesvolcansnews.net\\\/?p=71013\"},\"author\":{\"name\":\"R\u00e9daction - Les Volcans News\",\"@id\":\"https:\\\/\\\/lesvolcansnews.net\\\/#\\\/schema\\\/person\\\/82c8bed2e77879ecf6cca63441f57354\"},\"headline\":\"Goma : D\u00e9couverte d&#8217;une cache d&#8217;armes, l&#8217;inqui\u00e9tude rena\u00eet parmi les habitants\",\"datePublished\":\"2025-11-29T22:15:45+00:00\",\"mainEntityOfPage\":{\"@id\":\"https:\\\/\\\/lesvolcansnews.net\\\/?p=71013\"},\"wordCount\":400,\"commentCount\":0,\"image\":{\"@id\":\"https:\\\/\\\/lesvolcansnews.net\\\/?p=71013#primaryimage\"},\"thumbnailUrl\":\"https:\\\/\\\/lesvolcansnews.net\\\/wp-content\\\/uploads\\\/2025\\\/11\\\/1960148.jpg\",\"articleSection\":[\"ACTUALIT\u00c9\"],\"inLanguage\":\"fr-FR\",\"potentialAction\":[{\"@type\":\"CommentAction\",\"name\":\"Comment\",\"target\":[\"https:\\\/\\\/lesvolcansnews.net\\\/?p=71013#respond\"]}]},{\"@type\":\"WebPage\",\"@id\":\"https:\\\/\\\/lesvolcansnews.net\\\/?p=71013\",\"url\":\"https:\\\/\\\/lesvolcansnews.net\\\/?p=71013\",\"name\":\"Goma : D\u00e9couverte d'une cache d'armes, l'inqui\u00e9tude rena\u00eet parmi les habitants - LES VOLCANS NEWS\",\"isPartOf\":{\"@id\":\"https:\\\/\\\/lesvolcansnews.net\\\/#website\"},\"primaryImageOfPage\":{\"@id\":\"https:\\\/\\\/lesvolcansnews.net\\\/?p=71013#primaryimage\"},\"image\":{\"@id\":\"https:\\\/\\\/lesvolcansnews.net\\\/?p=71013#primaryimage\"},\"thumbnailUrl\":\"https:\\\/\\\/lesvolcansnews.net\\\/wp-content\\\/uploads\\\/2025\\\/11\\\/1960148.jpg\",\"datePublished\":\"2025-11-29T22:15:45+00:00\",\"author\":{\"@id\":\"https:\\\/\\\/lesvolcansnews.net\\\/#\\\/schema\\\/person\\\/82c8bed2e77879ecf6cca63441f57354\"},\"breadcrumb\":{\"@id\":\"https:\\\/\\\/lesvolcansnews.net\\\/?p=71013#breadcrumb\"},\"inLanguage\":\"fr-FR\",\"potentialAction\":[{\"@type\":\"ReadAction\",\"target\":[\"https:\\\/\\\/lesvolcansnews.net\\\/?p=71013\"]}]},{\"@type\":\"ImageObject\",\"inLanguage\":\"fr-FR\",\"@id\":\"https:\\\/\\\/lesvolcansnews.net\\\/?p=71013#primaryimage\",\"url\":\"https:\\\/\\\/lesvolcansnews.net\\\/wp-content\\\/uploads\\\/2025\\\/11\\\/1960148.jpg\",\"contentUrl\":\"https:\\\/\\\/lesvolcansnews.net\\\/wp-content\\\/uploads\\\/2025\\\/11\\\/1960148.jpg\",\"width\":836,\"height\":557},{\"@type\":\"BreadcrumbList\",\"@id\":\"https:\\\/\\\/lesvolcansnews.net\\\/?p=71013#breadcrumb\",\"itemListElement\":[{\"@type\":\"ListItem\",\"position\":1,\"name\":\"Accueil\",\"item\":\"https:\\\/\\\/lesvolcansnews.net\\\/\"},{\"@type\":\"ListItem\",\"position\":2,\"name\":\"Goma : D\u00e9couverte d&#8217;une cache d&#8217;armes, l&#8217;inqui\u00e9tude rena\u00eet parmi les habitants\"}]},{\"@type\":\"WebSite\",\"@id\":\"https:\\\/\\\/lesvolcansnews.net\\\/#website\",\"url\":\"https:\\\/\\\/lesvolcansnews.net\\\/\",\"name\":\"LES VOLCANS NEWS\",\"description\":\"L&#039;INFORMATION C&#039;EST NOUS\",\"potentialAction\":[{\"@type\":\"SearchAction\",\"target\":{\"@type\":\"EntryPoint\",\"urlTemplate\":\"https:\\\/\\\/lesvolcansnews.net\\\/?s={search_term_string}\"},\"query-input\":{\"@type\":\"PropertyValueSpecification\",\"valueRequired\":true,\"valueName\":\"search_term_string\"}}],\"inLanguage\":\"fr-FR\"},{\"@type\":\"Person\",\"@id\":\"https:\\\/\\\/lesvolcansnews.net\\\/#\\\/schema\\\/person\\\/82c8bed2e77879ecf6cca63441f57354\",\"name\":\"R\u00e9daction - Les Volcans News\",\"image\":{\"@type\":\"ImageObject\",\"inLanguage\":\"fr-FR\",\"@id\":\"https:\\\/\\\/secure.gravatar.com\\\/avatar\\\/8408942dd851e8a9c09f3d382a661bc05d2b3cd9002139bc1795b9528cdc6c80?s=96&d=mm&r=g\",\"url\":\"https:\\\/\\\/secure.gravatar.com\\\/avatar\\\/8408942dd851e8a9c09f3d382a661bc05d2b3cd9002139bc1795b9528cdc6c80?s=96&d=mm&r=g\",\"contentUrl\":\"https:\\\/\\\/secure.gravatar.com\\\/avatar\\\/8408942dd851e8a9c09f3d382a661bc05d2b3cd9002139bc1795b9528cdc6c80?s=96&d=mm&r=g\",\"caption\":\"R\u00e9daction - Les Volcans News\"},\"url\":\"https:\\\/\\\/lesvolcansnews.net\\\/?author=14\"}]}<\/script>\n<!-- \/ Yoast SEO plugin. -->","yoast_head_json":{"title":"Goma : D\u00e9couverte d'une cache d'armes, l'inqui\u00e9tude rena\u00eet parmi les habitants - LES VOLCANS NEWS","robots":{"index":"index","follow":"follow","max-snippet":"max-snippet:-1","max-image-preview":"max-image-preview:large","max-video-preview":"max-video-preview:-1"},"canonical":"https:\/\/lesvolcansnews.net\/?p=71013","og_locale":"fr_FR","og_type":"article","og_title":"Goma : D\u00e9couverte d'une cache d'armes, l'inqui\u00e9tude rena\u00eet parmi les habitants - LES VOLCANS NEWS","og_description":"Une cache d&#8217;armes a \u00e9t\u00e9 mise au jour dans la commune de Karisimbi \u00e0 Goma, chef-lieu de la province du Nord-Kivu, alimentant les pr\u00e9occupations s\u00e9curitaires. Les habitants du quartier Kasika","og_url":"https:\/\/lesvolcansnews.net\/?p=71013","og_site_name":"LES VOLCANS NEWS","article_published_time":"2025-11-29T22:15:45+00:00","og_image":[{"width":836,"height":557,"url":"https:\/\/lesvolcansnews.net\/wp-content\/uploads\/2025\/11\/1960148.jpg","type":"image\/jpeg"}],"author":"R\u00e9daction - Les Volcans News","twitter_card":"summary_large_image","twitter_misc":{"\u00c9crit par":"R\u00e9daction - Les Volcans News","Dur\u00e9e de lecture estim\u00e9e":"2 minutes"},"schema":{"@context":"https:\/\/schema.org","@graph":[{"@type":"Article","@id":"https:\/\/lesvolcansnews.net\/?p=71013#article","isPartOf":{"@id":"https:\/\/lesvolcansnews.net\/?p=71013"},"author":{"name":"R\u00e9daction - Les Volcans News","@id":"https:\/\/lesvolcansnews.net\/#\/schema\/person\/82c8bed2e77879ecf6cca63441f57354"},"headline":"Goma : D\u00e9couverte d&#8217;une cache d&#8217;armes, l&#8217;inqui\u00e9tude rena\u00eet parmi les habitants","datePublished":"2025-11-29T22:15:45+00:00","mainEntityOfPage":{"@id":"https:\/\/lesvolcansnews.net\/?p=71013"},"wordCount":400,"commentCount":0,"image":{"@id":"https:\/\/lesvolcansnews.net\/?p=71013#primaryimage"},"thumbnailUrl":"https:\/\/lesvolcansnews.net\/wp-content\/uploads\/2025\/11\/1960148.jpg","articleSection":["ACTUALIT\u00c9"],"inLanguage":"fr-FR","potentialAction":[{"@type":"CommentAction","name":"Comment","target":["https:\/\/lesvolcansnews.net\/?p=71013#respond"]}]},{"@type":"WebPage","@id":"https:\/\/lesvolcansnews.net\/?p=71013","url":"https:\/\/lesvolcansnews.net\/?p=71013","name":"Goma : D\u00e9couverte d'une cache d'armes, l'inqui\u00e9tude rena\u00eet parmi les habitants - LES VOLCANS NEWS","isPartOf":{"@id":"https:\/\/lesvolcansnews.net\/#website"},"primaryImageOfPage":{"@id":"https:\/\/lesvolcansnews.net\/?p=71013#primaryimage"},"image":{"@id":"https:\/\/lesvolcansnews.net\/?p=71013#primaryimage"},"thumbnailUrl":"https:\/\/lesvolcansnews.net\/wp-content\/uploads\/2025\/11\/1960148.jpg","datePublished":"2025-11-29T22:15:45+00:00","author":{"@id":"https:\/\/lesvolcansnews.net\/#\/schema\/person\/82c8bed2e77879ecf6cca63441f57354"},"breadcrumb":{"@id":"https:\/\/lesvolcansnews.net\/?p=71013#breadcrumb"},"inLanguage":"fr-FR","potentialAction":[{"@type":"ReadAction","target":["https:\/\/lesvolcansnews.net\/?p=71013"]}]},{"@type":"ImageObject","inLanguage":"fr-FR","@id":"https:\/\/lesvolcansnews.net\/?p=71013#primaryimage","url":"https:\/\/lesvolcansnews.net\/wp-content\/uploads\/2025\/11\/1960148.jpg","contentUrl":"https:\/\/lesvolcansnews.net\/wp-content\/uploads\/2025\/11\/1960148.jpg","width":836,"height":557},{"@type":"BreadcrumbList","@id":"https:\/\/lesvolcansnews.net\/?p=71013#breadcrumb","itemListElement":[{"@type":"ListItem","position":1,"name":"Accueil","item":"https:\/\/lesvolcansnews.net\/"},{"@type":"ListItem","position":2,"name":"Goma : D\u00e9couverte d&#8217;une cache d&#8217;armes, l&#8217;inqui\u00e9tude rena\u00eet parmi les habitants"}]},{"@type":"WebSite","@id":"https:\/\/lesvolcansnews.net\/#website","url":"https:\/\/lesvolcansnews.net\/","name":"LES VOLCANS NEWS","description":"L&#039;INFORMATION C&#039;EST NOUS","potentialAction":[{"@type":"SearchAction","target":{"@type":"EntryPoint","urlTemplate":"https:\/\/lesvolcansnews.net\/?s={search_term_string}"},"query-input":{"@type":"PropertyValueSpecification","valueRequired":true,"valueName":"search_term_string"}}],"inLanguage":"fr-FR"},{"@type":"Person","@id":"https:\/\/lesvolcansnews.net\/#\/schema\/person\/82c8bed2e77879ecf6cca63441f57354","name":"R\u00e9daction - Les Volcans News","image":{"@type":"ImageObject","inLanguage":"fr-FR","@id":"https:\/\/secure.gravatar.com\/avatar\/8408942dd851e8a9c09f3d382a661bc05d2b3cd9002139bc1795b9528cdc6c80?s=96&d=mm&r=g","url":"https:\/\/secure.gravatar.com\/avatar\/8408942dd851e8a9c09f3d382a661bc05d2b3cd9002139bc1795b9528cdc6c80?s=96&d=mm&r=g","contentUrl":"https:\/\/secure.gravatar.com\/avatar\/8408942dd851e8a9c09f3d382a661bc05d2b3cd9002139bc1795b9528cdc6c80?s=96&d=mm&r=g","caption":"R\u00e9daction - Les Volcans News"},"url":"https:\/\/lesvolcansnews.net\/?author=14"}]}},"_links":{"self":[{"href":"https:\/\/lesvolcansnews.net\/index.php?rest_route=\/wp\/v2\/posts\/71013","targetHints":{"allow":["GET"]}}],"collection":[{"href":"https:\/\/lesvolcansnews.net\/index.php?rest_route=\/wp\/v2\/posts"}],"about":[{"href":"https:\/\/lesvolcansnews.net\/index.php?rest_route=\/wp\/v2\/types\/post"}],"author":[{"embeddable":true,"href":"https:\/\/lesvolcansnews.net\/index.php?rest_route=\/wp\/v2\/users\/14"}],"replies":[{"embeddable":true,"href":"https:\/\/lesvolcansnews.net\/index.php?rest_route=%2Fwp%2Fv2%2Fcomments&post=71013"}],"version-history":[{"count":0,"href":"https:\/\/lesvolcansnews.net\/index.php?rest_route=\/wp\/v2\/posts\/71013\/revisions"}],"wp:featuredmedia":[{"embeddable":true,"href":"https:\/\/lesvolcansnews.net\/index.php?rest_route=\/wp\/v2\/media\/71012"}],"wp:attachment":[{"href":"https:\/\/lesvolcansnews.net\/index.php?rest_route=%2Fwp%2Fv2%2Fmedia&parent=71013"}],"wp:term":[{"taxonomy":"category","embeddable":true,"href":"https:\/\/lesvolcansnews.net\/index.php?rest_route=%2Fwp%2Fv2%2Fcategories&post=71013"},{"taxonomy":"post_tag","embeddable":true,"href":"https:\/\/lesvolcansnews.net\/index.php?rest_route=%2Fwp%2Fv2%2Ftags&post=71013"}],"curies":[{"name":"wp","href":"https:\/\/api.w.org\/{rel}","templated":true}]}}