{"id":71006,"date":"2025-11-28T21:30:15","date_gmt":"2025-11-28T19:30:15","guid":{"rendered":"https:\/\/lesvolcansnews.net\/?p=71006"},"modified":"2025-11-28T21:31:05","modified_gmt":"2025-11-28T19:31:05","slug":"ituri-la-zone-miniere-coupee-au-trafic-sur-bunia-et-vice-versa-le-pont-nizi-effondre","status":"publish","type":"post","link":"https:\/\/lesvolcansnews.net\/?p=71006","title":{"rendered":"Ituri : la zone mini\u00e8re coup\u00e9e au trafic sur Bunia et vice-versa, le pont Nizi effondr\u00e9"},"content":{"rendered":"\n<p><\/p>\n\n\n\n<p><strong>Le trafic est coup\u00e9 entre Iga Barri\u00e8re et Nizi sur la route Mungbwalu dans la chefferie de Mambisa en territoire de Djugu, depuis l&#8217;apr\u00e8s-midi de ce vendredi 28 novembre 2025. Le pont jet\u00e9 sur la rivi\u00e8re Nizi reliant ces entit\u00e9s est effondr\u00e9 dans cette partie situ\u00e9e \u00e0 30 Kilom\u00e8tres au nord de Bunia.<\/strong><\/p>\n\n\n\n<p>\u00c0 la base, un v\u00e9hicule Actros avec un tonnage \u00e9lev\u00e9 est tomb\u00e9 dans la rivi\u00e8re Nizi cassant totalement ce pont d&#8217;utilit\u00e9 publique pour l&#8217;\u00e9conomie provinciale car reliant la zone mini\u00e8re avec les restes de la province. C&#8217;est le pr\u00e9sident de la soci\u00e9t\u00e9 civile de la chefferie de Baguru limitrophe avec Mambisa qui livre l&#8217;information \u00e0 la presse.<\/p>\n\n\n\n<p>\u00ab C&#8217;est un v\u00e9hicule Actros de la couleur Orange qui est pass\u00e9 sur ce pont avant un tonnage \u00e9lev\u00e9. Cons\u00e9quence, le pont jet\u00e9 sur la rivi\u00e8re Nizi est effondr\u00e9 avec tous les risques sur la population de Mungbwalu et ses environs \u00bb, previent la soci\u00e9t\u00e9 civile.<\/p>\n\n\n\n<p>D&#8217;apr\u00e8s G\u00e9d\u00e9on Dino, le chauffeur et ses deux aides chauffeurs ou convoyeurs sont sortis vivants mais le v\u00e9hicule reste toujours dans l&#8217;eau de cette rivi\u00e8re. Cet activiste de la soci\u00e9t\u00e9 civile estime qu&#8217;une intervention rapide du gouvernement provincial m\u00eame de l&#8217;Office des routes s&#8217;av\u00e8re n\u00e9cessaire pour am\u00e9nager ce pont dont l&#8217;effondrement peut avoir des retomb\u00e9es n\u00e9fastes sur le panier de la m\u00e9nag\u00e8re de Mungbwalu et ses environs.<\/p>\n\n\n\n<p>Nickson Manzekele<\/p>\n","protected":false},"excerpt":{"rendered":"<p>Le trafic est coup\u00e9 entre Iga Barri\u00e8re et Nizi sur la route Mungbwalu dans la chefferie de Mambisa en territoire de Djugu, depuis l&#8217;apr\u00e8s-midi de ce vendredi 28 novembre 2025.<\/p>\n","protected":false},"author":14,"featured_media":71005,"comment_status":"open","ping_status":"open","sticky":false,"template":"","format":"standard","meta":{"footnotes":""},"categories":[8],"tags":[],"class_list":["post-71006","post","type-post","status-publish","format-standard","has-post-thumbnail","hentry","category-economie"],"yoast_head":"<!-- This site is optimized with the Yoast SEO plugin v27.3 - https:\/\/yoast.com\/product\/yoast-seo-wordpress\/ -->\n<title>Ituri : la zone mini\u00e8re coup\u00e9e au trafic sur Bunia et vice-versa, le pont Nizi effondr\u00e9 - LES VOLCANS NEWS<\/title>\n<meta name=\"robots\" content=\"index, follow, max-snippet:-1, max-image-preview:large, max-video-preview:-1\" \/>\n<link rel=\"canonical\" href=\"https:\/\/lesvolcansnews.net\/?p=71006\" \/>\n<meta property=\"og:locale\" content=\"fr_FR\" \/>\n<meta property=\"og:type\" content=\"article\" \/>\n<meta property=\"og:title\" content=\"Ituri : la zone mini\u00e8re coup\u00e9e au trafic sur Bunia et vice-versa, le pont Nizi effondr\u00e9 - LES VOLCANS NEWS\" \/>\n<meta property=\"og:description\" content=\"Le trafic est coup\u00e9 entre Iga Barri\u00e8re et Nizi sur la route Mungbwalu dans la chefferie de Mambisa en territoire de Djugu, depuis l&#8217;apr\u00e8s-midi de ce vendredi 28 novembre 2025.\" \/>\n<meta property=\"og:url\" content=\"https:\/\/lesvolcansnews.net\/?p=71006\" \/>\n<meta property=\"og:site_name\" content=\"LES VOLCANS NEWS\" \/>\n<meta property=\"article:published_time\" content=\"2025-11-28T19:30:15+00:00\" \/>\n<meta property=\"article:modified_time\" content=\"2025-11-28T19:31:05+00:00\" \/>\n<meta property=\"og:image\" content=\"https:\/\/lesvolcansnews.net\/wp-content\/uploads\/2025\/11\/IMG-20251128-WA0312.jpg\" \/>\n\t<meta property=\"og:image:width\" content=\"750\" \/>\n\t<meta property=\"og:image:height\" content=\"579\" \/>\n\t<meta property=\"og:image:type\" content=\"image\/jpeg\" \/>\n<meta name=\"author\" content=\"R\u00e9daction - Les Volcans News\" \/>\n<meta name=\"twitter:card\" content=\"summary_large_image\" \/>\n<meta name=\"twitter:label1\" content=\"\u00c9crit par\" \/>\n\t<meta name=\"twitter:data1\" content=\"R\u00e9daction - Les Volcans News\" \/>\n\t<meta name=\"twitter:label2\" content=\"Dur\u00e9e de lecture estim\u00e9e\" \/>\n\t<meta name=\"twitter:data2\" content=\"1 minute\" \/>\n<script type=\"application\/ld+json\" class=\"yoast-schema-graph\">{\"@context\":\"https:\\\/\\\/schema.org\",\"@graph\":[{\"@type\":\"Article\",\"@id\":\"https:\\\/\\\/lesvolcansnews.net\\\/?p=71006#article\",\"isPartOf\":{\"@id\":\"https:\\\/\\\/lesvolcansnews.net\\\/?p=71006\"},\"author\":{\"name\":\"R\u00e9daction - Les Volcans News\",\"@id\":\"https:\\\/\\\/lesvolcansnews.net\\\/#\\\/schema\\\/person\\\/82c8bed2e77879ecf6cca63441f57354\"},\"headline\":\"Ituri : la zone mini\u00e8re coup\u00e9e au trafic sur Bunia et vice-versa, le pont Nizi effondr\u00e9\",\"datePublished\":\"2025-11-28T19:30:15+00:00\",\"dateModified\":\"2025-11-28T19:31:05+00:00\",\"mainEntityOfPage\":{\"@id\":\"https:\\\/\\\/lesvolcansnews.net\\\/?p=71006\"},\"wordCount\":275,\"commentCount\":0,\"image\":{\"@id\":\"https:\\\/\\\/lesvolcansnews.net\\\/?p=71006#primaryimage\"},\"thumbnailUrl\":\"https:\\\/\\\/lesvolcansnews.net\\\/wp-content\\\/uploads\\\/2025\\\/11\\\/IMG-20251128-WA0312.jpg\",\"articleSection\":[\"\u00c9CONOMIE\"],\"inLanguage\":\"fr-FR\",\"potentialAction\":[{\"@type\":\"CommentAction\",\"name\":\"Comment\",\"target\":[\"https:\\\/\\\/lesvolcansnews.net\\\/?p=71006#respond\"]}]},{\"@type\":\"WebPage\",\"@id\":\"https:\\\/\\\/lesvolcansnews.net\\\/?p=71006\",\"url\":\"https:\\\/\\\/lesvolcansnews.net\\\/?p=71006\",\"name\":\"Ituri : la zone mini\u00e8re coup\u00e9e au trafic sur Bunia et vice-versa, le pont Nizi effondr\u00e9 - LES VOLCANS NEWS\",\"isPartOf\":{\"@id\":\"https:\\\/\\\/lesvolcansnews.net\\\/#website\"},\"primaryImageOfPage\":{\"@id\":\"https:\\\/\\\/lesvolcansnews.net\\\/?p=71006#primaryimage\"},\"image\":{\"@id\":\"https:\\\/\\\/lesvolcansnews.net\\\/?p=71006#primaryimage\"},\"thumbnailUrl\":\"https:\\\/\\\/lesvolcansnews.net\\\/wp-content\\\/uploads\\\/2025\\\/11\\\/IMG-20251128-WA0312.jpg\",\"datePublished\":\"2025-11-28T19:30:15+00:00\",\"dateModified\":\"2025-11-28T19:31:05+00:00\",\"author\":{\"@id\":\"https:\\\/\\\/lesvolcansnews.net\\\/#\\\/schema\\\/person\\\/82c8bed2e77879ecf6cca63441f57354\"},\"breadcrumb\":{\"@id\":\"https:\\\/\\\/lesvolcansnews.net\\\/?p=71006#breadcrumb\"},\"inLanguage\":\"fr-FR\",\"potentialAction\":[{\"@type\":\"ReadAction\",\"target\":[\"https:\\\/\\\/lesvolcansnews.net\\\/?p=71006\"]}]},{\"@type\":\"ImageObject\",\"inLanguage\":\"fr-FR\",\"@id\":\"https:\\\/\\\/lesvolcansnews.net\\\/?p=71006#primaryimage\",\"url\":\"https:\\\/\\\/lesvolcansnews.net\\\/wp-content\\\/uploads\\\/2025\\\/11\\\/IMG-20251128-WA0312.jpg\",\"contentUrl\":\"https:\\\/\\\/lesvolcansnews.net\\\/wp-content\\\/uploads\\\/2025\\\/11\\\/IMG-20251128-WA0312.jpg\",\"width\":750,\"height\":579},{\"@type\":\"BreadcrumbList\",\"@id\":\"https:\\\/\\\/lesvolcansnews.net\\\/?p=71006#breadcrumb\",\"itemListElement\":[{\"@type\":\"ListItem\",\"position\":1,\"name\":\"Accueil\",\"item\":\"https:\\\/\\\/lesvolcansnews.net\\\/\"},{\"@type\":\"ListItem\",\"position\":2,\"name\":\"Ituri : la zone mini\u00e8re coup\u00e9e au trafic sur Bunia et vice-versa, le pont Nizi effondr\u00e9\"}]},{\"@type\":\"WebSite\",\"@id\":\"https:\\\/\\\/lesvolcansnews.net\\\/#website\",\"url\":\"https:\\\/\\\/lesvolcansnews.net\\\/\",\"name\":\"LES VOLCANS NEWS\",\"description\":\"L&#039;INFORMATION C&#039;EST NOUS\",\"potentialAction\":[{\"@type\":\"SearchAction\",\"target\":{\"@type\":\"EntryPoint\",\"urlTemplate\":\"https:\\\/\\\/lesvolcansnews.net\\\/?s={search_term_string}\"},\"query-input\":{\"@type\":\"PropertyValueSpecification\",\"valueRequired\":true,\"valueName\":\"search_term_string\"}}],\"inLanguage\":\"fr-FR\"},{\"@type\":\"Person\",\"@id\":\"https:\\\/\\\/lesvolcansnews.net\\\/#\\\/schema\\\/person\\\/82c8bed2e77879ecf6cca63441f57354\",\"name\":\"R\u00e9daction - Les Volcans News\",\"image\":{\"@type\":\"ImageObject\",\"inLanguage\":\"fr-FR\",\"@id\":\"https:\\\/\\\/secure.gravatar.com\\\/avatar\\\/8408942dd851e8a9c09f3d382a661bc05d2b3cd9002139bc1795b9528cdc6c80?s=96&d=mm&r=g\",\"url\":\"https:\\\/\\\/secure.gravatar.com\\\/avatar\\\/8408942dd851e8a9c09f3d382a661bc05d2b3cd9002139bc1795b9528cdc6c80?s=96&d=mm&r=g\",\"contentUrl\":\"https:\\\/\\\/secure.gravatar.com\\\/avatar\\\/8408942dd851e8a9c09f3d382a661bc05d2b3cd9002139bc1795b9528cdc6c80?s=96&d=mm&r=g\",\"caption\":\"R\u00e9daction - Les Volcans News\"},\"url\":\"https:\\\/\\\/lesvolcansnews.net\\\/?author=14\"}]}<\/script>\n<!-- \/ Yoast SEO plugin. -->","yoast_head_json":{"title":"Ituri : la zone mini\u00e8re coup\u00e9e au trafic sur Bunia et vice-versa, le pont Nizi effondr\u00e9 - LES VOLCANS NEWS","robots":{"index":"index","follow":"follow","max-snippet":"max-snippet:-1","max-image-preview":"max-image-preview:large","max-video-preview":"max-video-preview:-1"},"canonical":"https:\/\/lesvolcansnews.net\/?p=71006","og_locale":"fr_FR","og_type":"article","og_title":"Ituri : la zone mini\u00e8re coup\u00e9e au trafic sur Bunia et vice-versa, le pont Nizi effondr\u00e9 - LES VOLCANS NEWS","og_description":"Le trafic est coup\u00e9 entre Iga Barri\u00e8re et Nizi sur la route Mungbwalu dans la chefferie de Mambisa en territoire de Djugu, depuis l&#8217;apr\u00e8s-midi de ce vendredi 28 novembre 2025.","og_url":"https:\/\/lesvolcansnews.net\/?p=71006","og_site_name":"LES VOLCANS NEWS","article_published_time":"2025-11-28T19:30:15+00:00","article_modified_time":"2025-11-28T19:31:05+00:00","og_image":[{"width":750,"height":579,"url":"https:\/\/lesvolcansnews.net\/wp-content\/uploads\/2025\/11\/IMG-20251128-WA0312.jpg","type":"image\/jpeg"}],"author":"R\u00e9daction - Les Volcans News","twitter_card":"summary_large_image","twitter_misc":{"\u00c9crit par":"R\u00e9daction - Les Volcans News","Dur\u00e9e de lecture estim\u00e9e":"1 minute"},"schema":{"@context":"https:\/\/schema.org","@graph":[{"@type":"Article","@id":"https:\/\/lesvolcansnews.net\/?p=71006#article","isPartOf":{"@id":"https:\/\/lesvolcansnews.net\/?p=71006"},"author":{"name":"R\u00e9daction - Les Volcans News","@id":"https:\/\/lesvolcansnews.net\/#\/schema\/person\/82c8bed2e77879ecf6cca63441f57354"},"headline":"Ituri : la zone mini\u00e8re coup\u00e9e au trafic sur Bunia et vice-versa, le pont Nizi effondr\u00e9","datePublished":"2025-11-28T19:30:15+00:00","dateModified":"2025-11-28T19:31:05+00:00","mainEntityOfPage":{"@id":"https:\/\/lesvolcansnews.net\/?p=71006"},"wordCount":275,"commentCount":0,"image":{"@id":"https:\/\/lesvolcansnews.net\/?p=71006#primaryimage"},"thumbnailUrl":"https:\/\/lesvolcansnews.net\/wp-content\/uploads\/2025\/11\/IMG-20251128-WA0312.jpg","articleSection":["\u00c9CONOMIE"],"inLanguage":"fr-FR","potentialAction":[{"@type":"CommentAction","name":"Comment","target":["https:\/\/lesvolcansnews.net\/?p=71006#respond"]}]},{"@type":"WebPage","@id":"https:\/\/lesvolcansnews.net\/?p=71006","url":"https:\/\/lesvolcansnews.net\/?p=71006","name":"Ituri : la zone mini\u00e8re coup\u00e9e au trafic sur Bunia et vice-versa, le pont Nizi effondr\u00e9 - LES VOLCANS NEWS","isPartOf":{"@id":"https:\/\/lesvolcansnews.net\/#website"},"primaryImageOfPage":{"@id":"https:\/\/lesvolcansnews.net\/?p=71006#primaryimage"},"image":{"@id":"https:\/\/lesvolcansnews.net\/?p=71006#primaryimage"},"thumbnailUrl":"https:\/\/lesvolcansnews.net\/wp-content\/uploads\/2025\/11\/IMG-20251128-WA0312.jpg","datePublished":"2025-11-28T19:30:15+00:00","dateModified":"2025-11-28T19:31:05+00:00","author":{"@id":"https:\/\/lesvolcansnews.net\/#\/schema\/person\/82c8bed2e77879ecf6cca63441f57354"},"breadcrumb":{"@id":"https:\/\/lesvolcansnews.net\/?p=71006#breadcrumb"},"inLanguage":"fr-FR","potentialAction":[{"@type":"ReadAction","target":["https:\/\/lesvolcansnews.net\/?p=71006"]}]},{"@type":"ImageObject","inLanguage":"fr-FR","@id":"https:\/\/lesvolcansnews.net\/?p=71006#primaryimage","url":"https:\/\/lesvolcansnews.net\/wp-content\/uploads\/2025\/11\/IMG-20251128-WA0312.jpg","contentUrl":"https:\/\/lesvolcansnews.net\/wp-content\/uploads\/2025\/11\/IMG-20251128-WA0312.jpg","width":750,"height":579},{"@type":"BreadcrumbList","@id":"https:\/\/lesvolcansnews.net\/?p=71006#breadcrumb","itemListElement":[{"@type":"ListItem","position":1,"name":"Accueil","item":"https:\/\/lesvolcansnews.net\/"},{"@type":"ListItem","position":2,"name":"Ituri : la zone mini\u00e8re coup\u00e9e au trafic sur Bunia et vice-versa, le pont Nizi effondr\u00e9"}]},{"@type":"WebSite","@id":"https:\/\/lesvolcansnews.net\/#website","url":"https:\/\/lesvolcansnews.net\/","name":"LES VOLCANS NEWS","description":"L&#039;INFORMATION C&#039;EST NOUS","potentialAction":[{"@type":"SearchAction","target":{"@type":"EntryPoint","urlTemplate":"https:\/\/lesvolcansnews.net\/?s={search_term_string}"},"query-input":{"@type":"PropertyValueSpecification","valueRequired":true,"valueName":"search_term_string"}}],"inLanguage":"fr-FR"},{"@type":"Person","@id":"https:\/\/lesvolcansnews.net\/#\/schema\/person\/82c8bed2e77879ecf6cca63441f57354","name":"R\u00e9daction - Les Volcans News","image":{"@type":"ImageObject","inLanguage":"fr-FR","@id":"https:\/\/secure.gravatar.com\/avatar\/8408942dd851e8a9c09f3d382a661bc05d2b3cd9002139bc1795b9528cdc6c80?s=96&d=mm&r=g","url":"https:\/\/secure.gravatar.com\/avatar\/8408942dd851e8a9c09f3d382a661bc05d2b3cd9002139bc1795b9528cdc6c80?s=96&d=mm&r=g","contentUrl":"https:\/\/secure.gravatar.com\/avatar\/8408942dd851e8a9c09f3d382a661bc05d2b3cd9002139bc1795b9528cdc6c80?s=96&d=mm&r=g","caption":"R\u00e9daction - Les Volcans News"},"url":"https:\/\/lesvolcansnews.net\/?author=14"}]}},"_links":{"self":[{"href":"https:\/\/lesvolcansnews.net\/index.php?rest_route=\/wp\/v2\/posts\/71006","targetHints":{"allow":["GET"]}}],"collection":[{"href":"https:\/\/lesvolcansnews.net\/index.php?rest_route=\/wp\/v2\/posts"}],"about":[{"href":"https:\/\/lesvolcansnews.net\/index.php?rest_route=\/wp\/v2\/types\/post"}],"author":[{"embeddable":true,"href":"https:\/\/lesvolcansnews.net\/index.php?rest_route=\/wp\/v2\/users\/14"}],"replies":[{"embeddable":true,"href":"https:\/\/lesvolcansnews.net\/index.php?rest_route=%2Fwp%2Fv2%2Fcomments&post=71006"}],"version-history":[{"count":1,"href":"https:\/\/lesvolcansnews.net\/index.php?rest_route=\/wp\/v2\/posts\/71006\/revisions"}],"predecessor-version":[{"id":71007,"href":"https:\/\/lesvolcansnews.net\/index.php?rest_route=\/wp\/v2\/posts\/71006\/revisions\/71007"}],"wp:featuredmedia":[{"embeddable":true,"href":"https:\/\/lesvolcansnews.net\/index.php?rest_route=\/wp\/v2\/media\/71005"}],"wp:attachment":[{"href":"https:\/\/lesvolcansnews.net\/index.php?rest_route=%2Fwp%2Fv2%2Fmedia&parent=71006"}],"wp:term":[{"taxonomy":"category","embeddable":true,"href":"https:\/\/lesvolcansnews.net\/index.php?rest_route=%2Fwp%2Fv2%2Fcategories&post=71006"},{"taxonomy":"post_tag","embeddable":true,"href":"https:\/\/lesvolcansnews.net\/index.php?rest_route=%2Fwp%2Fv2%2Ftags&post=71006"}],"curies":[{"name":"wp","href":"https:\/\/api.w.org\/{rel}","templated":true}]}}