{"id":71002,"date":"2025-11-28T18:33:37","date_gmt":"2025-11-28T16:33:37","guid":{"rendered":"https:\/\/lesvolcansnews.net\/2025\/11\/28\/goma-un-jeune-traumatise-tombe-evanoui-apres-un-accident-avec-un-vehicule-du-m23\/"},"modified":"2025-11-28T18:33:37","modified_gmt":"2025-11-28T16:33:37","slug":"goma-un-jeune-traumatise-tombe-evanoui-apres-un-accident-avec-un-vehicule-du-m23","status":"publish","type":"post","link":"https:\/\/lesvolcansnews.net\/?p=71002","title":{"rendered":"Goma : un jeune traumatis\u00e9, tomb\u00e9 \u00e9vanoui apr\u00e8s un accident avec un v\u00e9hicule du M23"},"content":{"rendered":"\n<p><\/p>\n\n\n\n<p><strong>Le niveau de traumatisme psychologique dans la ville de Goma, situ\u00e9e en province du Nord-Kivu, est en forte augmentation. Les habitants, \u00e0 l&#8217;image de ceux d&#8217;autres r\u00e9gions affect\u00e9es par le conflit en cours, souffrent de troubles \u00e9motionnels de plus en plus visibles<\/strong>.<\/p>\n\n\n\n<p>Cette situation est exacerb\u00e9e par les \u00e9v\u00e9nements violents auxquels la population est confront\u00e9e quotidiennement.<\/p>\n\n\n\n<p>Un incident de jeudi impliquant un v\u00e9hicule militaire des \u00e9l\u00e9ments M23, a encore mis en lumi\u00e8re la fragilit\u00e9 mentale des civils, en particulier des jeunes.<\/p>\n\n\n\n<p>Jeudi 27 novembre soir, un accident a eu lieu entre un taxi de transport public et un pick-up de l&#8217;arm\u00e9e du M23. Bien que l&#8217;incident n&#8217;ait pas caus\u00e9 de bless\u00e9s graves, un jeune homme, t\u00e9moin direct de la sc\u00e8ne, a succomb\u00e9 \u00e0 une crise de stress intense.<\/p>\n\n\n\n<p>Apr\u00e8s l&#8217;accident, ce dernier est tomb\u00e9 soudainement dans un \u00e9vanouissement au milieu de la route, soulignant l&#8217;ampleur du traumatisme psychologique qui touche la population locale.<\/p>\n\n\n\n<p>Le jeune homme, qui rentrait de son travail, se trouvait dans le taxi en compagnie d&#8217;autres passagers lorsqu&#8217;une collision mineure a eu lieu avec un v\u00e9hicule militaire sur le tron\u00e7on carmel-marche maman Olive Lembe.<\/p>\n\n\n\n<p>Bien que les dommages mat\u00e9riels fussent minimes, l&#8217;impact psychologique sur les t\u00e9moins, et en particulier sur le jeune homme, a \u00e9t\u00e9 imm\u00e9diat.<\/p>\n\n\n\n<p>Le jeune a \u00e9t\u00e9 pris de convulsions avant de perdre connaissance, un \u00e9tat de choc confirm\u00e9 par les personnes qui se trouvaient sur les lieux.<\/p>\n\n\n\n<p><em>Un traumatisme omnipr\u00e9sent<\/em><\/p>\n\n\n\n<p>Le ph\u00e9nom\u00e8ne du traumatisme psychologique \u00e0 Goma, comme dans d&#8217;autres zones de guerre en R\u00e9publique D\u00e9mocratique du Congo, a des racines profondes.<\/p>\n\n\n\n<p>La guerre qui d\u00e9chire le pays depuis des ann\u00e9es laisse des cicatrices invisibles, mais bien r\u00e9elles, sur les individus.<\/p>\n\n\n\n<p>Beaucoup d&#8217;habitants de Goma ont \u00e9t\u00e9 expos\u00e9s \u00e0 des violences directes ou indirectes, et les signes de d\u00e9tresse mentale sont d\u00e9sormais omnipr\u00e9sents.<\/p>\n\n\n\n<p>Les experts en sant\u00e9 mentale soulignent que 20% des personnes ayant v\u00e9cu un \u00e9v\u00e9nement stressant peuvent d\u00e9velopper des troubles post-traumatiques, qu&#8217;il s&#8217;agisse d&#8217;un traumatisme direct, vicariant ou induit par les m\u00e9dias.<\/p>\n\n\n\n<p>L&#8217;\u00e9v\u00e9nement de jeudi dernier n&#8217;est qu&#8217;un exemple parmi tant d&#8217;autres de l&#8217;impact psychologique des conflits arm\u00e9s sur la population civile.<\/p>\n\n\n\n<p>Un psychiatre consult\u00e9 sur cette question a pr\u00e9cis\u00e9 que les traumatismes peuvent se manifester bien apr\u00e8s l&#8217;\u00e9v\u00e9nement initial, parfois jusqu&#8217;\u00e0 12 semaines plus tard.<\/p>\n\n\n\n<p>Les sympt\u00f4mes sont divers : cauchemars r\u00e9currents, r\u00e9veils fr\u00e9quents en pleine nuit, peur irrationnelle, et dans certains cas, des r\u00e9actions physiques comme des tremblements ou des \u00e9vanouissements.<\/p>\n\n\n\n<p>D&#8217;autres signes incluent la tendance \u00e0 ne pas \u00e9teindre les lumi\u00e8res la nuit ou une hypersensibilit\u00e9 aux odeurs.<\/p>\n\n\n\n<p><em>L&#8217;impact sur les jeunes g\u00e9n\u00e9rations<\/em><\/p>\n\n\n\n<p>Les enfants et adolescents sont particuli\u00e8rement vuln\u00e9rables aux traumatismes de guerre. Un \u00e9ducateur local a r\u00e9v\u00e9l\u00e9 que de nombreux \u00e9l\u00e8ves dans les \u00e9coles de Goma souffrent de niveaux \u00e9lev\u00e9s de stress, ce qui affecte leur concentration et leur bien-\u00eatre g\u00e9n\u00e9ral.<\/p>\n\n\n\n<p>Les cons\u00e9quences de ces traumatismes peuvent se faire sentir plusieurs ann\u00e9es apr\u00e8s les \u00e9v\u00e9nements. Les jeunes, qui sont encore en pleine phase de d\u00e9veloppement psychologique, sont souvent plus susceptibles de souffrir de troubles durables tels que l&#8217;anxi\u00e9t\u00e9 et la d\u00e9pression.<\/p>\n\n\n\n<p>Face \u00e0 cette situation pr\u00e9occupante, les experts recommandent une prise en charge r\u00e9guli\u00e8re de la sant\u00e9 mentale des habitants de Goma.<\/p>\n\n\n\n<p>Un suivi psychologique annuel est conseill\u00e9 pour les personnes ayant v\u00e9cu des \u00e9v\u00e9nements stressants. Il est \u00e9galement primordial de promouvoir une &#8220;hygi\u00e8ne mentale&#8221;, qui inclut des pratiques telles que la gestion du stress, la relaxation et l&#8217;exercice physique.<\/p>\n\n\n\n<p>La communaut\u00e9 m\u00e9dicale insiste sur l&#8217;importance de la pr\u00e9vention pour \u00e9viter que ces traumatismes ne s&#8217;aggravent avec le temps. Les autorit\u00e9s locales et les organisations humanitaires sont appel\u00e9es \u00e0 renforcer les services de soutien psychologique, notamment pour les jeunes, et \u00e0 encourager les programmes d&#8217;aide communautaire pour r\u00e9duire les effets n\u00e9gatifs de l&#8217;anxi\u00e9t\u00e9 collective.<\/p>\n\n\n\n<p>Le cas du jeune homme tomb\u00e9 \u00e9vanoui apr\u00e8s l&#8217;accident est un triste rappel des traumatismes invisibles mais puissants laiss\u00e9s par des ann\u00e9es de violence dans la r\u00e9gion. La situation \u00e0 Goma, comme ailleurs en R\u00e9publique D\u00e9mocratique du Congo, reste extr\u00eamement fragile et n\u00e9cessite une attention imm\u00e9diate pour pr\u00e9venir de futures souffrances psychologiques.<\/p>\n\n\n\n<p>La r\u00e9daction<\/p>\n","protected":false},"excerpt":{"rendered":"<p>Le niveau de traumatisme psychologique dans la ville de Goma, situ\u00e9e en province du Nord-Kivu, est en forte augmentation. Les habitants, \u00e0 l&#8217;image de ceux d&#8217;autres r\u00e9gions affect\u00e9es par le<\/p>\n","protected":false},"author":14,"featured_media":71001,"comment_status":"open","ping_status":"open","sticky":false,"template":"","format":"standard","meta":{"footnotes":""},"categories":[1],"tags":[],"class_list":["post-71002","post","type-post","status-publish","format-standard","has-post-thumbnail","hentry","category-actualite"],"yoast_head":"<!-- This site is optimized with the Yoast SEO plugin v27.3 - https:\/\/yoast.com\/product\/yoast-seo-wordpress\/ -->\n<title>Goma : un jeune traumatis\u00e9, tomb\u00e9 \u00e9vanoui apr\u00e8s un accident avec un v\u00e9hicule du M23 - LES VOLCANS NEWS<\/title>\n<meta name=\"robots\" content=\"index, follow, max-snippet:-1, max-image-preview:large, max-video-preview:-1\" \/>\n<link rel=\"canonical\" href=\"https:\/\/lesvolcansnews.net\/?p=71002\" \/>\n<meta property=\"og:locale\" content=\"fr_FR\" \/>\n<meta property=\"og:type\" content=\"article\" \/>\n<meta property=\"og:title\" content=\"Goma : un jeune traumatis\u00e9, tomb\u00e9 \u00e9vanoui apr\u00e8s un accident avec un v\u00e9hicule du M23 - LES VOLCANS NEWS\" \/>\n<meta property=\"og:description\" content=\"Le niveau de traumatisme psychologique dans la ville de Goma, situ\u00e9e en province du Nord-Kivu, est en forte augmentation. Les habitants, \u00e0 l&#8217;image de ceux d&#8217;autres r\u00e9gions affect\u00e9es par le\" \/>\n<meta property=\"og:url\" content=\"https:\/\/lesvolcansnews.net\/?p=71002\" \/>\n<meta property=\"og:site_name\" content=\"LES VOLCANS NEWS\" \/>\n<meta property=\"article:published_time\" content=\"2025-11-28T16:33:37+00:00\" \/>\n<meta property=\"og:image\" content=\"https:\/\/lesvolcansnews.net\/wp-content\/uploads\/2025\/11\/Screenshot_20251128-172752.png\" \/>\n\t<meta property=\"og:image:width\" content=\"803\" \/>\n\t<meta property=\"og:image:height\" content=\"461\" \/>\n\t<meta property=\"og:image:type\" content=\"image\/png\" \/>\n<meta name=\"author\" content=\"R\u00e9daction - Les Volcans News\" \/>\n<meta name=\"twitter:card\" content=\"summary_large_image\" \/>\n<meta name=\"twitter:label1\" content=\"\u00c9crit par\" \/>\n\t<meta name=\"twitter:data1\" content=\"R\u00e9daction - Les Volcans News\" \/>\n\t<meta name=\"twitter:label2\" content=\"Dur\u00e9e de lecture estim\u00e9e\" \/>\n\t<meta name=\"twitter:data2\" content=\"4 minutes\" \/>\n<script type=\"application\/ld+json\" class=\"yoast-schema-graph\">{\"@context\":\"https:\\\/\\\/schema.org\",\"@graph\":[{\"@type\":\"Article\",\"@id\":\"https:\\\/\\\/lesvolcansnews.net\\\/?p=71002#article\",\"isPartOf\":{\"@id\":\"https:\\\/\\\/lesvolcansnews.net\\\/?p=71002\"},\"author\":{\"name\":\"R\u00e9daction - Les Volcans News\",\"@id\":\"https:\\\/\\\/lesvolcansnews.net\\\/#\\\/schema\\\/person\\\/82c8bed2e77879ecf6cca63441f57354\"},\"headline\":\"Goma : un jeune traumatis\u00e9, tomb\u00e9 \u00e9vanoui apr\u00e8s un accident avec un v\u00e9hicule du M23\",\"datePublished\":\"2025-11-28T16:33:37+00:00\",\"mainEntityOfPage\":{\"@id\":\"https:\\\/\\\/lesvolcansnews.net\\\/?p=71002\"},\"wordCount\":793,\"commentCount\":0,\"image\":{\"@id\":\"https:\\\/\\\/lesvolcansnews.net\\\/?p=71002#primaryimage\"},\"thumbnailUrl\":\"https:\\\/\\\/lesvolcansnews.net\\\/wp-content\\\/uploads\\\/2025\\\/11\\\/Screenshot_20251128-172752.png\",\"articleSection\":[\"ACTUALIT\u00c9\"],\"inLanguage\":\"fr-FR\",\"potentialAction\":[{\"@type\":\"CommentAction\",\"name\":\"Comment\",\"target\":[\"https:\\\/\\\/lesvolcansnews.net\\\/?p=71002#respond\"]}]},{\"@type\":\"WebPage\",\"@id\":\"https:\\\/\\\/lesvolcansnews.net\\\/?p=71002\",\"url\":\"https:\\\/\\\/lesvolcansnews.net\\\/?p=71002\",\"name\":\"Goma : un jeune traumatis\u00e9, tomb\u00e9 \u00e9vanoui apr\u00e8s un accident avec un v\u00e9hicule du M23 - LES VOLCANS NEWS\",\"isPartOf\":{\"@id\":\"https:\\\/\\\/lesvolcansnews.net\\\/#website\"},\"primaryImageOfPage\":{\"@id\":\"https:\\\/\\\/lesvolcansnews.net\\\/?p=71002#primaryimage\"},\"image\":{\"@id\":\"https:\\\/\\\/lesvolcansnews.net\\\/?p=71002#primaryimage\"},\"thumbnailUrl\":\"https:\\\/\\\/lesvolcansnews.net\\\/wp-content\\\/uploads\\\/2025\\\/11\\\/Screenshot_20251128-172752.png\",\"datePublished\":\"2025-11-28T16:33:37+00:00\",\"author\":{\"@id\":\"https:\\\/\\\/lesvolcansnews.net\\\/#\\\/schema\\\/person\\\/82c8bed2e77879ecf6cca63441f57354\"},\"breadcrumb\":{\"@id\":\"https:\\\/\\\/lesvolcansnews.net\\\/?p=71002#breadcrumb\"},\"inLanguage\":\"fr-FR\",\"potentialAction\":[{\"@type\":\"ReadAction\",\"target\":[\"https:\\\/\\\/lesvolcansnews.net\\\/?p=71002\"]}]},{\"@type\":\"ImageObject\",\"inLanguage\":\"fr-FR\",\"@id\":\"https:\\\/\\\/lesvolcansnews.net\\\/?p=71002#primaryimage\",\"url\":\"https:\\\/\\\/lesvolcansnews.net\\\/wp-content\\\/uploads\\\/2025\\\/11\\\/Screenshot_20251128-172752.png\",\"contentUrl\":\"https:\\\/\\\/lesvolcansnews.net\\\/wp-content\\\/uploads\\\/2025\\\/11\\\/Screenshot_20251128-172752.png\",\"width\":803,\"height\":461},{\"@type\":\"BreadcrumbList\",\"@id\":\"https:\\\/\\\/lesvolcansnews.net\\\/?p=71002#breadcrumb\",\"itemListElement\":[{\"@type\":\"ListItem\",\"position\":1,\"name\":\"Accueil\",\"item\":\"https:\\\/\\\/lesvolcansnews.net\\\/\"},{\"@type\":\"ListItem\",\"position\":2,\"name\":\"Goma : un jeune traumatis\u00e9, tomb\u00e9 \u00e9vanoui apr\u00e8s un accident avec un v\u00e9hicule du M23\"}]},{\"@type\":\"WebSite\",\"@id\":\"https:\\\/\\\/lesvolcansnews.net\\\/#website\",\"url\":\"https:\\\/\\\/lesvolcansnews.net\\\/\",\"name\":\"LES VOLCANS NEWS\",\"description\":\"L&#039;INFORMATION C&#039;EST NOUS\",\"potentialAction\":[{\"@type\":\"SearchAction\",\"target\":{\"@type\":\"EntryPoint\",\"urlTemplate\":\"https:\\\/\\\/lesvolcansnews.net\\\/?s={search_term_string}\"},\"query-input\":{\"@type\":\"PropertyValueSpecification\",\"valueRequired\":true,\"valueName\":\"search_term_string\"}}],\"inLanguage\":\"fr-FR\"},{\"@type\":\"Person\",\"@id\":\"https:\\\/\\\/lesvolcansnews.net\\\/#\\\/schema\\\/person\\\/82c8bed2e77879ecf6cca63441f57354\",\"name\":\"R\u00e9daction - Les Volcans News\",\"image\":{\"@type\":\"ImageObject\",\"inLanguage\":\"fr-FR\",\"@id\":\"https:\\\/\\\/secure.gravatar.com\\\/avatar\\\/8408942dd851e8a9c09f3d382a661bc05d2b3cd9002139bc1795b9528cdc6c80?s=96&d=mm&r=g\",\"url\":\"https:\\\/\\\/secure.gravatar.com\\\/avatar\\\/8408942dd851e8a9c09f3d382a661bc05d2b3cd9002139bc1795b9528cdc6c80?s=96&d=mm&r=g\",\"contentUrl\":\"https:\\\/\\\/secure.gravatar.com\\\/avatar\\\/8408942dd851e8a9c09f3d382a661bc05d2b3cd9002139bc1795b9528cdc6c80?s=96&d=mm&r=g\",\"caption\":\"R\u00e9daction - Les Volcans News\"},\"url\":\"https:\\\/\\\/lesvolcansnews.net\\\/?author=14\"}]}<\/script>\n<!-- \/ Yoast SEO plugin. -->","yoast_head_json":{"title":"Goma : un jeune traumatis\u00e9, tomb\u00e9 \u00e9vanoui apr\u00e8s un accident avec un v\u00e9hicule du M23 - LES VOLCANS NEWS","robots":{"index":"index","follow":"follow","max-snippet":"max-snippet:-1","max-image-preview":"max-image-preview:large","max-video-preview":"max-video-preview:-1"},"canonical":"https:\/\/lesvolcansnews.net\/?p=71002","og_locale":"fr_FR","og_type":"article","og_title":"Goma : un jeune traumatis\u00e9, tomb\u00e9 \u00e9vanoui apr\u00e8s un accident avec un v\u00e9hicule du M23 - LES VOLCANS NEWS","og_description":"Le niveau de traumatisme psychologique dans la ville de Goma, situ\u00e9e en province du Nord-Kivu, est en forte augmentation. Les habitants, \u00e0 l&#8217;image de ceux d&#8217;autres r\u00e9gions affect\u00e9es par le","og_url":"https:\/\/lesvolcansnews.net\/?p=71002","og_site_name":"LES VOLCANS NEWS","article_published_time":"2025-11-28T16:33:37+00:00","og_image":[{"width":803,"height":461,"url":"https:\/\/lesvolcansnews.net\/wp-content\/uploads\/2025\/11\/Screenshot_20251128-172752.png","type":"image\/png"}],"author":"R\u00e9daction - Les Volcans News","twitter_card":"summary_large_image","twitter_misc":{"\u00c9crit par":"R\u00e9daction - Les Volcans News","Dur\u00e9e de lecture estim\u00e9e":"4 minutes"},"schema":{"@context":"https:\/\/schema.org","@graph":[{"@type":"Article","@id":"https:\/\/lesvolcansnews.net\/?p=71002#article","isPartOf":{"@id":"https:\/\/lesvolcansnews.net\/?p=71002"},"author":{"name":"R\u00e9daction - Les Volcans News","@id":"https:\/\/lesvolcansnews.net\/#\/schema\/person\/82c8bed2e77879ecf6cca63441f57354"},"headline":"Goma : un jeune traumatis\u00e9, tomb\u00e9 \u00e9vanoui apr\u00e8s un accident avec un v\u00e9hicule du M23","datePublished":"2025-11-28T16:33:37+00:00","mainEntityOfPage":{"@id":"https:\/\/lesvolcansnews.net\/?p=71002"},"wordCount":793,"commentCount":0,"image":{"@id":"https:\/\/lesvolcansnews.net\/?p=71002#primaryimage"},"thumbnailUrl":"https:\/\/lesvolcansnews.net\/wp-content\/uploads\/2025\/11\/Screenshot_20251128-172752.png","articleSection":["ACTUALIT\u00c9"],"inLanguage":"fr-FR","potentialAction":[{"@type":"CommentAction","name":"Comment","target":["https:\/\/lesvolcansnews.net\/?p=71002#respond"]}]},{"@type":"WebPage","@id":"https:\/\/lesvolcansnews.net\/?p=71002","url":"https:\/\/lesvolcansnews.net\/?p=71002","name":"Goma : un jeune traumatis\u00e9, tomb\u00e9 \u00e9vanoui apr\u00e8s un accident avec un v\u00e9hicule du M23 - LES VOLCANS NEWS","isPartOf":{"@id":"https:\/\/lesvolcansnews.net\/#website"},"primaryImageOfPage":{"@id":"https:\/\/lesvolcansnews.net\/?p=71002#primaryimage"},"image":{"@id":"https:\/\/lesvolcansnews.net\/?p=71002#primaryimage"},"thumbnailUrl":"https:\/\/lesvolcansnews.net\/wp-content\/uploads\/2025\/11\/Screenshot_20251128-172752.png","datePublished":"2025-11-28T16:33:37+00:00","author":{"@id":"https:\/\/lesvolcansnews.net\/#\/schema\/person\/82c8bed2e77879ecf6cca63441f57354"},"breadcrumb":{"@id":"https:\/\/lesvolcansnews.net\/?p=71002#breadcrumb"},"inLanguage":"fr-FR","potentialAction":[{"@type":"ReadAction","target":["https:\/\/lesvolcansnews.net\/?p=71002"]}]},{"@type":"ImageObject","inLanguage":"fr-FR","@id":"https:\/\/lesvolcansnews.net\/?p=71002#primaryimage","url":"https:\/\/lesvolcansnews.net\/wp-content\/uploads\/2025\/11\/Screenshot_20251128-172752.png","contentUrl":"https:\/\/lesvolcansnews.net\/wp-content\/uploads\/2025\/11\/Screenshot_20251128-172752.png","width":803,"height":461},{"@type":"BreadcrumbList","@id":"https:\/\/lesvolcansnews.net\/?p=71002#breadcrumb","itemListElement":[{"@type":"ListItem","position":1,"name":"Accueil","item":"https:\/\/lesvolcansnews.net\/"},{"@type":"ListItem","position":2,"name":"Goma : un jeune traumatis\u00e9, tomb\u00e9 \u00e9vanoui apr\u00e8s un accident avec un v\u00e9hicule du M23"}]},{"@type":"WebSite","@id":"https:\/\/lesvolcansnews.net\/#website","url":"https:\/\/lesvolcansnews.net\/","name":"LES VOLCANS NEWS","description":"L&#039;INFORMATION C&#039;EST NOUS","potentialAction":[{"@type":"SearchAction","target":{"@type":"EntryPoint","urlTemplate":"https:\/\/lesvolcansnews.net\/?s={search_term_string}"},"query-input":{"@type":"PropertyValueSpecification","valueRequired":true,"valueName":"search_term_string"}}],"inLanguage":"fr-FR"},{"@type":"Person","@id":"https:\/\/lesvolcansnews.net\/#\/schema\/person\/82c8bed2e77879ecf6cca63441f57354","name":"R\u00e9daction - Les Volcans News","image":{"@type":"ImageObject","inLanguage":"fr-FR","@id":"https:\/\/secure.gravatar.com\/avatar\/8408942dd851e8a9c09f3d382a661bc05d2b3cd9002139bc1795b9528cdc6c80?s=96&d=mm&r=g","url":"https:\/\/secure.gravatar.com\/avatar\/8408942dd851e8a9c09f3d382a661bc05d2b3cd9002139bc1795b9528cdc6c80?s=96&d=mm&r=g","contentUrl":"https:\/\/secure.gravatar.com\/avatar\/8408942dd851e8a9c09f3d382a661bc05d2b3cd9002139bc1795b9528cdc6c80?s=96&d=mm&r=g","caption":"R\u00e9daction - Les Volcans News"},"url":"https:\/\/lesvolcansnews.net\/?author=14"}]}},"_links":{"self":[{"href":"https:\/\/lesvolcansnews.net\/index.php?rest_route=\/wp\/v2\/posts\/71002","targetHints":{"allow":["GET"]}}],"collection":[{"href":"https:\/\/lesvolcansnews.net\/index.php?rest_route=\/wp\/v2\/posts"}],"about":[{"href":"https:\/\/lesvolcansnews.net\/index.php?rest_route=\/wp\/v2\/types\/post"}],"author":[{"embeddable":true,"href":"https:\/\/lesvolcansnews.net\/index.php?rest_route=\/wp\/v2\/users\/14"}],"replies":[{"embeddable":true,"href":"https:\/\/lesvolcansnews.net\/index.php?rest_route=%2Fwp%2Fv2%2Fcomments&post=71002"}],"version-history":[{"count":0,"href":"https:\/\/lesvolcansnews.net\/index.php?rest_route=\/wp\/v2\/posts\/71002\/revisions"}],"wp:featuredmedia":[{"embeddable":true,"href":"https:\/\/lesvolcansnews.net\/index.php?rest_route=\/wp\/v2\/media\/71001"}],"wp:attachment":[{"href":"https:\/\/lesvolcansnews.net\/index.php?rest_route=%2Fwp%2Fv2%2Fmedia&parent=71002"}],"wp:term":[{"taxonomy":"category","embeddable":true,"href":"https:\/\/lesvolcansnews.net\/index.php?rest_route=%2Fwp%2Fv2%2Fcategories&post=71002"},{"taxonomy":"post_tag","embeddable":true,"href":"https:\/\/lesvolcansnews.net\/index.php?rest_route=%2Fwp%2Fv2%2Ftags&post=71002"}],"curies":[{"name":"wp","href":"https:\/\/api.w.org\/{rel}","templated":true}]}}